{"id":210736,"date":"2026-02-13T08:39:09","date_gmt":"2026-02-13T11:39:09","guid":{"rendered":"https:\/\/portaltela.pt\/noticias\/2026\/02\/13\/neto-de-cavaco-silva-nao-herda-politica-apaixona-se-pelo-futebol\/"},"modified":"2026-02-13T08:39:09","modified_gmt":"2026-02-13T11:39:09","slug":"neto-de-cavaco-silva-nao-herda-politica-apaixona-se-pelo-futebol","status":"publish","type":"post","link":"https:\/\/portaltela.pt\/desporto\/futebol\/2026\/02\/13\/neto-de-cavaco-silva-nao-herda-politica-apaixona-se-pelo-futebol\/","title":{"rendered":"Neto de Cavaco Silva n\u00e3o herda pol\u00edtica, apaixona-se pelo futebol"},"content":{"rendered":"<p>Ant\u00f3nio Montez, neto do ex-presidente Cavaco Silva, n\u00e3o seguiu o caminho da pol\u00edtica e tem vindo a construir uma carreira no futebol. Filho da filha Patr\u00edcia Cavaco Silva, Ant\u00f3nio tem na fam\u00edlia uma refer\u00eancia p\u00fablica diferente, mas o farol tem sido a pr\u00e1tica desportiva.<\/p>\n<p>A ideia de que o principal talento da fam\u00edlia seria pol\u00edtico \u00e9 quebrada pela paix\u00e3o de Ant\u00f3nio pelo futebol. Durante uma brincadeira entre colegas da Acad\u00e9mica, o plantel perguntou quem era o contacto mais conhecido no telem\u00f3vel e Ant\u00f3nio respondeu, entre risos, que se tratava do av\u00f4. Os colegas brincaram com o apelido de Cavaco Silva que costuma associar ao seu neto.<\/p>\n<h3>Trajet\u00f3ria no futebol<\/h3>\n<p>Ant\u00f3nio Montez iniciou a carreira nas camadas jovens do CIF, no Restelo, em Lisboa, antes de seguir para a B SAD, onde atuou nos sub-19, sub-23 e na equipa B. Debutou pela equipa principal da B SAD na temporada 2021\/22, num jogo contra o Benfica, marcado pela vit\u00f3ria encarnada por 7-0, num encontro com recorda\u00e7\u00f5es de forte baixa de jogadores por covid-19.<\/p>\n<p>Mais tarde, refor\u00e7ou o Vit\u00f3ria de Set\u00fabal, contribuindo para a subida de divis\u00e3o para o Campeonato de Portugal, movimento que n\u00e3o se materializou por quest\u00f5es administrativas no clube. Atualmente, encontra-se na segunda \u00e9poca ao servi\u00e7o da Acad\u00e9mica de Coimbra, na luta pelo acesso \u00e0 2.\u00aa Liga. A equipa iniciou o percurso de apuramento com uma vit\u00f3ria por 1-0 frente ao Vit\u00f3ria de Guimar\u00e3es B.<\/p>\n","protected":false},"excerpt":{"rendered":"<ul>\n<li>Ant\u00f3nio Montez, neto do ex-presidente An\u00edbal Cavaco Silva, \u00e9 jogador da Acad\u00e9mica de Coimbra, no terceiro escal\u00e3o do futebol portugu\u00eas, a atuar como m\u00e9dio ofensivo.<\/li>\n<li>Ao contr\u00e1rio do av\u00f4, n\u00e3o segue a pol\u00edtica; dedica-se ao futebol e j\u00e1 integra a equipa principal da Acad\u00e9mica nesta segunda \u00e9poca.<\/li>\n<li>A pol\u00e9mica divertida surgiu numa pergunta da Briosa sobre o contacto mais conhecido da equipa, e Ant\u00f3nio disse: \u201c\u00e9 o meu av\u00f4.\u201d<\/li>\n<li>Iniciou a forma\u00e7\u00e3o no CIF, Restelo, depois passou pela B SAD (sub-19, sub-23 e equipa B) e estreou na equipa principal em 2021\/22, frente ao Benfica.<\/li>\n<li>J\u00e1 passou pelo Vit\u00f3ria de Set\u00fabal, ajudando na tentativa de subida ao Campeonato de Portugal, e disputa agora a subida \u00e0 Segunda Liga com a Acad\u00e9mica, ap\u00f3s vit\u00f3ria recente por 1-0 contra o Vit\u00f3ria de Guimar\u00e3es B.<\/li>\n<\/ul>\n","protected":false},"author":2,"featured_media":210742,"comment_status":"closed","ping_status":"closed","sticky":false,"template":"","format":"standard","meta":{"footnotes":""},"categories":[21,24],"tags":[4175,3736,32,1145,981,1737],"class_list":["post-210736","post","type-post","status-publish","format-standard","has-post-thumbnail","hentry","category-desporto","category-futebol","tag-2-a-liga","tag-academica-de-coimbra","tag-futebol","tag-guimaraes","tag-lisboa","tag-vitoria-de-setubal"],"yoast_head":"<!-- This site is optimized with the Yoast SEO plugin v27.2 - https:\/\/yoast.com\/product\/yoast-seo-wordpress\/ -->\n<title>Neto de Cavaco Silva n\u00e3o herda pol\u00edtica, apaixona-se pelo futebol - Portal Tela Portugal<\/title>\n<meta name=\"robots\" content=\"index, follow, max-snippet:-1, max-image-preview:large, max-video-preview:-1\" \/>\n<meta property=\"og:locale\" content=\"pt_PT\" \/>\n<meta property=\"og:type\" content=\"article\" \/>\n<meta property=\"og:title\" content=\"Neto de Cavaco Silva n\u00e3o herda pol\u00edtica, apaixona-se pelo futebol - Portal Tela Portugal\" \/>\n<meta property=\"og:description\" content=\"Ant\u00f3nio Montez, neto do ex-presidente An\u00edbal Cavaco Silva, \u00e9 jogador da Acad\u00e9mica de Coimbra, no terceiro escal\u00e3o do futebol portugu\u00eas, a atuar como m\u00e9dio ofensivo. Ao contr\u00e1rio do av\u00f4, n\u00e3o segue a pol\u00edtica; dedica-se ao futebol e j\u00e1 integra a equipa principal da Acad\u00e9mica nesta segunda \u00e9poca. A pol\u00e9mica divertida surgiu numa pergunta da Briosa sobre o contacto mais conhecido da equipa, e Ant\u00f3nio disse: \u201c\u00e9 o meu av\u00f4.\u201d Iniciou a forma\u00e7\u00e3o no CIF, Restelo, depois passou pela B SAD (sub-19, sub-23 e equipa B) e estreou na equipa principal em 2021\/22, frente ao Benfica. J\u00e1 passou pelo Vit\u00f3ria de Set\u00fabal, ajudando na tentativa de subida ao Campeonato de Portugal, e disputa agora a subida \u00e0 Segunda Liga com a Acad\u00e9mica, ap\u00f3s vit\u00f3ria recente por 1-0 contra o Vit\u00f3ria de Guimar\u00e3es B.\" \/>\n<meta property=\"og:url\" content=\"https:\/\/portaltela.pt\/noticias\/2026\/02\/13\/neto-de-cavaco-silva-nao-herda-politica-apaixona-se-pelo-futebol\/\" \/>\n<meta property=\"og:site_name\" content=\"Portal Tela Portugal\" \/>\n<meta property=\"article:published_time\" content=\"2026-02-13T11:39:09+00:00\" \/>\n<meta name=\"author\" content=\"Telinha\" \/>\n<meta name=\"twitter:card\" content=\"summary_large_image\" \/>\n<meta name=\"twitter:label1\" content=\"Escrito por\" \/>\n\t<meta name=\"twitter:data1\" content=\"Telinha\" \/>\n\t<meta name=\"twitter:label2\" content=\"Tempo estimado de leitura\" \/>\n\t<meta name=\"twitter:data2\" content=\"1 minuto\" \/>\n<script type=\"application\/ld+json\" class=\"yoast-schema-graph\">{\"@context\":\"https:\/\/schema.org\",\"@graph\":[{\"@type\":\"Article\",\"@id\":\"https:\/\/portaltela.pt\/noticias\/2026\/02\/13\/neto-de-cavaco-silva-nao-herda-politica-apaixona-se-pelo-futebol\/#article\",\"isPartOf\":{\"@id\":\"https:\/\/portaltela.pt\/noticias\/2026\/02\/13\/neto-de-cavaco-silva-nao-herda-politica-apaixona-se-pelo-futebol\/\"},\"author\":{\"name\":\"Telinha\",\"@id\":\"https:\/\/portaltela.pt\/#\/schema\/person\/c4278d4a6028830caff9ee44b42d32ed\"},\"headline\":\"Neto de Cavaco Silva n\u00e3o herda pol\u00edtica, apaixona-se pelo futebol\",\"datePublished\":\"2026-02-13T11:39:09+00:00\",\"mainEntityOfPage\":{\"@id\":\"https:\/\/portaltela.pt\/noticias\/2026\/02\/13\/neto-de-cavaco-silva-nao-herda-politica-apaixona-se-pelo-futebol\/\"},\"wordCount\":274,\"image\":{\"@id\":\"https:\/\/portaltela.pt\/noticias\/2026\/02\/13\/neto-de-cavaco-silva-nao-herda-politica-apaixona-se-pelo-futebol\/#primaryimage\"},\"thumbnailUrl\":\"https:\/\/portaltela.pt\/s.01k8rhncp4jt1\/2026\/02\/img_1280x718uu2026-02-13-10-54-21-2266651-im-639065768894691352.jpg\",\"keywords\":[\"2.\u00aa Liga\",\"Acad\u00e9mica de Coimbra\",\"futebol\",\"Guimar\u00e3es\",\"Lisboa\",\"Vit\u00f3ria de Set\u00fabal\"],\"articleSection\":[\"Desporto\",\"Futebol\"],\"inLanguage\":\"pt-PT\"},{\"@type\":\"WebPage\",\"@id\":\"https:\/\/portaltela.pt\/noticias\/2026\/02\/13\/neto-de-cavaco-silva-nao-herda-politica-apaixona-se-pelo-futebol\/\",\"url\":\"https:\/\/portaltela.pt\/noticias\/2026\/02\/13\/neto-de-cavaco-silva-nao-herda-politica-apaixona-se-pelo-futebol\/\",\"name\":\"Neto de Cavaco Silva n\u00e3o herda pol\u00edtica, apaixona-se pelo futebol - Portal Tela Portugal\",\"isPartOf\":{\"@id\":\"https:\/\/portaltela.pt\/#website\"},\"primaryImageOfPage\":{\"@id\":\"https:\/\/portaltela.pt\/noticias\/2026\/02\/13\/neto-de-cavaco-silva-nao-herda-politica-apaixona-se-pelo-futebol\/#primaryimage\"},\"image\":{\"@id\":\"https:\/\/portaltela.pt\/noticias\/2026\/02\/13\/neto-de-cavaco-silva-nao-herda-politica-apaixona-se-pelo-futebol\/#primaryimage\"},\"thumbnailUrl\":\"https:\/\/portaltela.pt\/s.01k8rhncp4jt1\/2026\/02\/img_1280x718uu2026-02-13-10-54-21-2266651-im-639065768894691352.jpg\",\"datePublished\":\"2026-02-13T11:39:09+00:00\",\"author\":{\"@id\":\"https:\/\/portaltela.pt\/#\/schema\/person\/c4278d4a6028830caff9ee44b42d32ed\"},\"breadcrumb\":{\"@id\":\"https:\/\/portaltela.pt\/noticias\/2026\/02\/13\/neto-de-cavaco-silva-nao-herda-politica-apaixona-se-pelo-futebol\/#breadcrumb\"},\"inLanguage\":\"pt-PT\",\"potentialAction\":[{\"@type\":\"ReadAction\",\"target\":[\"https:\/\/portaltela.pt\/noticias\/2026\/02\/13\/neto-de-cavaco-silva-nao-herda-politica-apaixona-se-pelo-futebol\/\"]}]},{\"@type\":\"ImageObject\",\"inLanguage\":\"pt-PT\",\"@id\":\"https:\/\/portaltela.pt\/noticias\/2026\/02\/13\/neto-de-cavaco-silva-nao-herda-politica-apaixona-se-pelo-futebol\/#primaryimage\",\"url\":\"https:\/\/portaltela.pt\/s.01k8rhncp4jt1\/2026\/02\/img_1280x718uu2026-02-13-10-54-21-2266651-im-639065768894691352.jpg\",\"contentUrl\":\"https:\/\/portaltela.pt\/s.01k8rhncp4jt1\/2026\/02\/img_1280x718uu2026-02-13-10-54-21-2266651-im-639065768894691352.jpg\",\"width\":796,\"height\":448,\"caption\":\"Neto de Cavaco Silva, Ant\u00f3nio Montez\"},{\"@type\":\"BreadcrumbList\",\"@id\":\"https:\/\/portaltela.pt\/noticias\/2026\/02\/13\/neto-de-cavaco-silva-nao-herda-politica-apaixona-se-pelo-futebol\/#breadcrumb\",\"itemListElement\":[{\"@type\":\"ListItem\",\"position\":1,\"name\":\"In\u00edcio\",\"item\":\"https:\/\/portaltela.pt\/\"},{\"@type\":\"ListItem\",\"position\":2,\"name\":\"Neto de Cavaco Silva n\u00e3o herda pol\u00edtica, apaixona-se pelo futebol\"}]},{\"@type\":\"WebSite\",\"@id\":\"https:\/\/portaltela.pt\/#website\",\"url\":\"https:\/\/portaltela.pt\/\",\"name\":\"Portal Tela Portugal\",\"description\":\"\",\"potentialAction\":[{\"@type\":\"SearchAction\",\"target\":{\"@type\":\"EntryPoint\",\"urlTemplate\":\"https:\/\/portaltela.pt\/?s={search_term_string}\"},\"query-input\":{\"@type\":\"PropertyValueSpecification\",\"valueRequired\":true,\"valueName\":\"search_term_string\"}}],\"inLanguage\":\"pt-PT\"},{\"@type\":\"Person\",\"@id\":\"https:\/\/portaltela.pt\/#\/schema\/person\/c4278d4a6028830caff9ee44b42d32ed\",\"name\":\"Telinha\",\"image\":{\"@type\":\"ImageObject\",\"inLanguage\":\"pt-PT\",\"@id\":\"https:\/\/portaltela.pt\/s.01k8rhncp4jt1\/2025\/11\/talking-bot-125x125.png\",\"url\":\"https:\/\/portaltela.pt\/s.01k8rhncp4jt1\/2025\/11\/talking-bot-125x125.png\",\"contentUrl\":\"https:\/\/portaltela.pt\/s.01k8rhncp4jt1\/2025\/11\/talking-bot-125x125.png\",\"caption\":\"Telinha\"},\"sameAs\":[\"https:\/\/portaltela.pt\/\"],\"url\":\"https:\/\/portaltela.pt\/por\/367410592786\/\"}]}<\/script>\n<!-- \/ Yoast SEO plugin. -->","yoast_head_json":{"title":"Neto de Cavaco Silva n\u00e3o herda pol\u00edtica, apaixona-se pelo futebol - Portal Tela Portugal","robots":{"index":"index","follow":"follow","max-snippet":"max-snippet:-1","max-image-preview":"max-image-preview:large","max-video-preview":"max-video-preview:-1"},"og_locale":"pt_PT","og_type":"article","og_title":"Neto de Cavaco Silva n\u00e3o herda pol\u00edtica, apaixona-se pelo futebol - Portal Tela Portugal","og_description":"Ant\u00f3nio Montez, neto do ex-presidente An\u00edbal Cavaco Silva, \u00e9 jogador da Acad\u00e9mica de Coimbra, no terceiro escal\u00e3o do futebol portugu\u00eas, a atuar como m\u00e9dio ofensivo. Ao contr\u00e1rio do av\u00f4, n\u00e3o segue a pol\u00edtica; dedica-se ao futebol e j\u00e1 integra a equipa principal da Acad\u00e9mica nesta segunda \u00e9poca. A pol\u00e9mica divertida surgiu numa pergunta da Briosa sobre o contacto mais conhecido da equipa, e Ant\u00f3nio disse: \u201c\u00e9 o meu av\u00f4.\u201d Iniciou a forma\u00e7\u00e3o no CIF, Restelo, depois passou pela B SAD (sub-19, sub-23 e equipa B) e estreou na equipa principal em 2021\/22, frente ao Benfica. J\u00e1 passou pelo Vit\u00f3ria de Set\u00fabal, ajudando na tentativa de subida ao Campeonato de Portugal, e disputa agora a subida \u00e0 Segunda Liga com a Acad\u00e9mica, ap\u00f3s vit\u00f3ria recente por 1-0 contra o Vit\u00f3ria de Guimar\u00e3es B.","og_url":"https:\/\/portaltela.pt\/noticias\/2026\/02\/13\/neto-de-cavaco-silva-nao-herda-politica-apaixona-se-pelo-futebol\/","og_site_name":"Portal Tela Portugal","article_published_time":"2026-02-13T11:39:09+00:00","author":"Telinha","twitter_card":"summary_large_image","twitter_misc":{"Escrito por":"Telinha","Tempo estimado de leitura":"1 minuto"},"schema":{"@context":"https:\/\/schema.org","@graph":[{"@type":"Article","@id":"https:\/\/portaltela.pt\/noticias\/2026\/02\/13\/neto-de-cavaco-silva-nao-herda-politica-apaixona-se-pelo-futebol\/#article","isPartOf":{"@id":"https:\/\/portaltela.pt\/noticias\/2026\/02\/13\/neto-de-cavaco-silva-nao-herda-politica-apaixona-se-pelo-futebol\/"},"author":{"name":"Telinha","@id":"https:\/\/portaltela.pt\/#\/schema\/person\/c4278d4a6028830caff9ee44b42d32ed"},"headline":"Neto de Cavaco Silva n\u00e3o herda pol\u00edtica, apaixona-se pelo futebol","datePublished":"2026-02-13T11:39:09+00:00","mainEntityOfPage":{"@id":"https:\/\/portaltela.pt\/noticias\/2026\/02\/13\/neto-de-cavaco-silva-nao-herda-politica-apaixona-se-pelo-futebol\/"},"wordCount":274,"image":{"@id":"https:\/\/portaltela.pt\/noticias\/2026\/02\/13\/neto-de-cavaco-silva-nao-herda-politica-apaixona-se-pelo-futebol\/#primaryimage"},"thumbnailUrl":"https:\/\/portaltela.pt\/s.01k8rhncp4jt1\/2026\/02\/img_1280x718uu2026-02-13-10-54-21-2266651-im-639065768894691352.jpg","keywords":["2.\u00aa Liga","Acad\u00e9mica de Coimbra","futebol","Guimar\u00e3es","Lisboa","Vit\u00f3ria de Set\u00fabal"],"articleSection":["Desporto","Futebol"],"inLanguage":"pt-PT"},{"@type":"WebPage","@id":"https:\/\/portaltela.pt\/noticias\/2026\/02\/13\/neto-de-cavaco-silva-nao-herda-politica-apaixona-se-pelo-futebol\/","url":"https:\/\/portaltela.pt\/noticias\/2026\/02\/13\/neto-de-cavaco-silva-nao-herda-politica-apaixona-se-pelo-futebol\/","name":"Neto de Cavaco Silva n\u00e3o herda pol\u00edtica, apaixona-se pelo futebol - Portal Tela Portugal","isPartOf":{"@id":"https:\/\/portaltela.pt\/#website"},"primaryImageOfPage":{"@id":"https:\/\/portaltela.pt\/noticias\/2026\/02\/13\/neto-de-cavaco-silva-nao-herda-politica-apaixona-se-pelo-futebol\/#primaryimage"},"image":{"@id":"https:\/\/portaltela.pt\/noticias\/2026\/02\/13\/neto-de-cavaco-silva-nao-herda-politica-apaixona-se-pelo-futebol\/#primaryimage"},"thumbnailUrl":"https:\/\/portaltela.pt\/s.01k8rhncp4jt1\/2026\/02\/img_1280x718uu2026-02-13-10-54-21-2266651-im-639065768894691352.jpg","datePublished":"2026-02-13T11:39:09+00:00","author":{"@id":"https:\/\/portaltela.pt\/#\/schema\/person\/c4278d4a6028830caff9ee44b42d32ed"},"breadcrumb":{"@id":"https:\/\/portaltela.pt\/noticias\/2026\/02\/13\/neto-de-cavaco-silva-nao-herda-politica-apaixona-se-pelo-futebol\/#breadcrumb"},"inLanguage":"pt-PT","potentialAction":[{"@type":"ReadAction","target":["https:\/\/portaltela.pt\/noticias\/2026\/02\/13\/neto-de-cavaco-silva-nao-herda-politica-apaixona-se-pelo-futebol\/"]}]},{"@type":"ImageObject","inLanguage":"pt-PT","@id":"https:\/\/portaltela.pt\/noticias\/2026\/02\/13\/neto-de-cavaco-silva-nao-herda-politica-apaixona-se-pelo-futebol\/#primaryimage","url":"https:\/\/portaltela.pt\/s.01k8rhncp4jt1\/2026\/02\/img_1280x718uu2026-02-13-10-54-21-2266651-im-639065768894691352.jpg","contentUrl":"https:\/\/portaltela.pt\/s.01k8rhncp4jt1\/2026\/02\/img_1280x718uu2026-02-13-10-54-21-2266651-im-639065768894691352.jpg","width":796,"height":448,"caption":"Neto de Cavaco Silva, Ant\u00f3nio Montez"},{"@type":"BreadcrumbList","@id":"https:\/\/portaltela.pt\/noticias\/2026\/02\/13\/neto-de-cavaco-silva-nao-herda-politica-apaixona-se-pelo-futebol\/#breadcrumb","itemListElement":[{"@type":"ListItem","position":1,"name":"In\u00edcio","item":"https:\/\/portaltela.pt\/"},{"@type":"ListItem","position":2,"name":"Neto de Cavaco Silva n\u00e3o herda pol\u00edtica, apaixona-se pelo futebol"}]},{"@type":"WebSite","@id":"https:\/\/portaltela.pt\/#website","url":"https:\/\/portaltela.pt\/","name":"Portal Tela Portugal","description":"","potentialAction":[{"@type":"SearchAction","target":{"@type":"EntryPoint","urlTemplate":"https:\/\/portaltela.pt\/?s={search_term_string}"},"query-input":{"@type":"PropertyValueSpecification","valueRequired":true,"valueName":"search_term_string"}}],"inLanguage":"pt-PT"},{"@type":"Person","@id":"https:\/\/portaltela.pt\/#\/schema\/person\/c4278d4a6028830caff9ee44b42d32ed","name":"Telinha","image":{"@type":"ImageObject","inLanguage":"pt-PT","@id":"https:\/\/portaltela.pt\/s.01k8rhncp4jt1\/2025\/11\/talking-bot-125x125.png","url":"https:\/\/portaltela.pt\/s.01k8rhncp4jt1\/2025\/11\/talking-bot-125x125.png","contentUrl":"https:\/\/portaltela.pt\/s.01k8rhncp4jt1\/2025\/11\/talking-bot-125x125.png","caption":"Telinha"},"sameAs":["https:\/\/portaltela.pt\/"],"url":"https:\/\/portaltela.pt\/por\/367410592786\/"}]}},"_links":{"self":[{"href":"https:\/\/portaltela.pt\/api\/wp\/v2\/posts\/210736","targetHints":{"allow":["GET"]}}],"collection":[{"href":"https:\/\/portaltela.pt\/api\/wp\/v2\/posts"}],"about":[{"href":"https:\/\/portaltela.pt\/api\/wp\/v2\/types\/post"}],"author":[{"embeddable":true,"href":"https:\/\/portaltela.pt\/api\/wp\/v2\/users\/2"}],"replies":[{"embeddable":true,"href":"https:\/\/portaltela.pt\/api\/wp\/v2\/comments?post=210736"}],"version-history":[{"count":0,"href":"https:\/\/portaltela.pt\/api\/wp\/v2\/posts\/210736\/revisions"}],"wp:featuredmedia":[{"embeddable":true,"href":"https:\/\/portaltela.pt\/api\/wp\/v2\/media\/210742"}],"wp:attachment":[{"href":"https:\/\/portaltela.pt\/api\/wp\/v2\/media?parent=210736"}],"wp:term":[{"taxonomy":"category","embeddable":true,"href":"https:\/\/portaltela.pt\/api\/wp\/v2\/categories?post=210736"},{"taxonomy":"post_tag","embeddable":true,"href":"https:\/\/portaltela.pt\/api\/wp\/v2\/tags?post=210736"}],"curies":[{"name":"wp","href":"https:\/\/api.w.org\/{rel}","templated":true}]}}