{"id":210707,"date":"2026-02-13T08:16:48","date_gmt":"2026-02-13T11:16:48","guid":{"rendered":"https:\/\/portaltela.pt\/noticias\/2026\/02\/13\/vinhos-sem-alcool-ganham-destaque-na-feira-internacional-de-paris\/"},"modified":"2026-02-13T08:16:48","modified_gmt":"2026-02-13T11:16:48","slug":"vinhos-sem-alcool-ganham-destaque-na-feira-internacional-de-paris","status":"publish","type":"post","link":"https:\/\/portaltela.pt\/noticias\/2026\/02\/13\/vinhos-sem-alcool-ganham-destaque-na-feira-internacional-de-paris\/","title":{"rendered":"Vinhos sem \u00e1lcool ganham destaque na feira internacional de Paris"},"content":{"rendered":"<p>O evento Wine Paris 2026 decorreu no centro de exposi\u00e7\u00f5es Porte de Versailles, em Paris, durante a semana, com destaque para vinhos sem \u00e1lcool. A mostra reuniu dezenas de garrafas de tintos, brancos, ros\u00e9s e espumantes sem \u00e1lcool, expostas a p\u00fablico e distribu\u00eddas por v\u00e1rias etiquetas.<\/p>\n<p>A tend\u00eancia tem ganho for\u00e7a conforme consumidores procuram alternativas ao \u00e1lcool. O setor, antes marginal, tem visto produtores europeus e de outras regi\u00f5es apresentar novas propostas sem \u00e1lcool, com v\u00e1rias faixas de pre\u00e7o e estilos dispon\u00edveis.<\/p>\n<p>Entre os respons\u00e1veis pela aposta no segmento, destaca-se a startup austr\u00edaca Zeronimo, representada pela diretora executiva Katja Bernegger. Ela afirma que a oferta sem \u00e1lcool deve acompanhar o estilo de vida moderno, especialmente para quem n\u00e3o consome \u00e1lcool por quest\u00f5es de sa\u00fade ou prefer\u00eancias pessoais, evitando bebidas doces n\u00e3o compat\u00edveis com a refei\u00e7\u00e3o.<\/p>\n<p>Apesar do crescimento, persistem d\u00favidas sobre o sabor. Alguns comerciantes perguntam se o \u00e1lcool \u00e9 essencial para transmitir a identidade do vinho, argumentando que a remo\u00e7\u00e3o pode reduzir sabor, aroma e a estrutura do produto.<\/p>\n<p>Ainda assim, varejistas apontam oportunidades de socializa\u00e7\u00e3o sem bebida alco\u00f3lica. Vendedores de com\u00e9rcio local dizem que o p\u00fablico pode divertir-se sem \u00e1lcool, fortalecendo a inclus\u00e3o e oferecendo op\u00e7\u00f5es para quem n\u00e3o bebe.<\/p>\n<p>A comunica\u00e7\u00e3o da feira usa o lema Sem \u00c1lcool, Sem Arrependimentos, enfatizando que o vinho sem \u00e1lcool est\u00e1 a tornar-se uma escolha comum, e n\u00e3o apenas uma curiosidade de nicho.<\/p>\n","protected":false},"excerpt":{"rendered":"<ul>\n<li>A Wine Paris 2026 em Paris destaca vinhos sem \u00e1lcool, com dezenas de garrafas dispon\u00edveis no centro de exposi\u00e7\u00f5es Porte de Versailles.<\/li>\n<li>Slogans como &#8220;Sem \u00c1lcool, Sem Arrependimentos&#8221; indicam que o vinho sem \u00e1lcool saiu da esfera de nicho para uma escolha comum.<\/li>\n<li>A procura por bebidas sem \u00e1lcool cresce, com consumidores atentos \u00e0 sa\u00fade e aos efeitos do \u00e1lcool.<\/li>\n<li>Produtores de toda a Europa apresentam v\u00e1rias op\u00e7\u00f5es de tintos, brancos, ros\u00e9s e espumantes sem \u00e1lcool, em oferta variada.<\/li>\n<li>Alguns comerciantes idle surgem preocupa\u00e7\u00f5es sobre o sabor, mas os retalhistas veem oportunidades de socializa\u00e7\u00e3o e inclus\u00e3o para quem n\u00e3o consome \u00e1lcool.<\/li>\n<\/ul>\n","protected":false},"author":2,"featured_media":210713,"comment_status":"closed","ping_status":"closed","sticky":false,"template":"","format":"standard","meta":{"footnotes":""},"categories":[1],"tags":[4387,1856,219,3163,5586,779],"class_list":["post-210707","post","type-post","status-publish","format-standard","has-post-thumbnail","hentry","category-noticias","tag-feiras-internacionais","tag-franca","tag-gastronomia","tag-paris","tag-vinho","tag-vinhos"],"yoast_head":"<!-- This site is optimized with the Yoast SEO plugin v27.2 - https:\/\/yoast.com\/product\/yoast-seo-wordpress\/ -->\n<title>Vinhos sem \u00e1lcool ganham destaque na feira internacional de Paris - Portal Tela Portugal<\/title>\n<meta name=\"robots\" content=\"index, follow, max-snippet:-1, max-image-preview:large, max-video-preview:-1\" \/>\n<meta property=\"og:locale\" content=\"pt_PT\" \/>\n<meta property=\"og:type\" content=\"article\" \/>\n<meta property=\"og:title\" content=\"Vinhos sem \u00e1lcool ganham destaque na feira internacional de Paris - Portal Tela Portugal\" \/>\n<meta property=\"og:description\" content=\"A Wine Paris 2026 em Paris destaca vinhos sem \u00e1lcool, com dezenas de garrafas dispon\u00edveis no centro de exposi\u00e7\u00f5es Porte de Versailles. Slogans como &quot;Sem \u00c1lcool, Sem Arrependimentos&quot; indicam que o vinho sem \u00e1lcool saiu da esfera de nicho para uma escolha comum. A procura por bebidas sem \u00e1lcool cresce, com consumidores atentos \u00e0 sa\u00fade e aos efeitos do \u00e1lcool. Produtores de toda a Europa apresentam v\u00e1rias op\u00e7\u00f5es de tintos, brancos, ros\u00e9s e espumantes sem \u00e1lcool, em oferta variada. Alguns comerciantes idle surgem preocupa\u00e7\u00f5es sobre o sabor, mas os retalhistas veem oportunidades de socializa\u00e7\u00e3o e inclus\u00e3o para quem n\u00e3o consome \u00e1lcool.\" \/>\n<meta property=\"og:url\" content=\"https:\/\/portaltela.pt\/noticias\/2026\/02\/13\/vinhos-sem-alcool-ganham-destaque-na-feira-internacional-de-paris\/\" \/>\n<meta property=\"og:site_name\" content=\"Portal Tela Portugal\" \/>\n<meta property=\"article:published_time\" content=\"2026-02-13T11:16:48+00:00\" \/>\n<meta name=\"author\" content=\"Telinha\" \/>\n<meta name=\"twitter:card\" content=\"summary_large_image\" \/>\n<meta name=\"twitter:label1\" content=\"Escrito por\" \/>\n\t<meta name=\"twitter:data1\" content=\"Telinha\" \/>\n\t<meta name=\"twitter:label2\" content=\"Tempo estimado de leitura\" \/>\n\t<meta name=\"twitter:data2\" content=\"1 minuto\" \/>\n<script type=\"application\/ld+json\" class=\"yoast-schema-graph\">{\"@context\":\"https:\/\/schema.org\",\"@graph\":[{\"@type\":\"Article\",\"@id\":\"https:\/\/portaltela.pt\/noticias\/2026\/02\/13\/vinhos-sem-alcool-ganham-destaque-na-feira-internacional-de-paris\/#article\",\"isPartOf\":{\"@id\":\"https:\/\/portaltela.pt\/noticias\/2026\/02\/13\/vinhos-sem-alcool-ganham-destaque-na-feira-internacional-de-paris\/\"},\"author\":{\"name\":\"Telinha\",\"@id\":\"https:\/\/portaltela.pt\/#\/schema\/person\/c4278d4a6028830caff9ee44b42d32ed\"},\"headline\":\"Vinhos sem \u00e1lcool ganham destaque na feira internacional de Paris\",\"datePublished\":\"2026-02-13T11:16:48+00:00\",\"mainEntityOfPage\":{\"@id\":\"https:\/\/portaltela.pt\/noticias\/2026\/02\/13\/vinhos-sem-alcool-ganham-destaque-na-feira-internacional-de-paris\/\"},\"wordCount\":271,\"image\":{\"@id\":\"https:\/\/portaltela.pt\/noticias\/2026\/02\/13\/vinhos-sem-alcool-ganham-destaque-na-feira-internacional-de-paris\/#primaryimage\"},\"thumbnailUrl\":\"https:\/\/portaltela.pt\/s.01k8rhncp4jt1\/2026\/02\/1536x864_cmsv2_ac116916-a51c-5924-8b92-38e7fec20465-9648585.jpg\",\"keywords\":[\"feiras internacionais\",\"Fran\u00e7a\",\"gastronomia\",\"Paris\",\"vinho\",\"vinhos\"],\"articleSection\":[\"Not\u00edcias\"],\"inLanguage\":\"pt-PT\"},{\"@type\":\"WebPage\",\"@id\":\"https:\/\/portaltela.pt\/noticias\/2026\/02\/13\/vinhos-sem-alcool-ganham-destaque-na-feira-internacional-de-paris\/\",\"url\":\"https:\/\/portaltela.pt\/noticias\/2026\/02\/13\/vinhos-sem-alcool-ganham-destaque-na-feira-internacional-de-paris\/\",\"name\":\"Vinhos sem \u00e1lcool ganham destaque na feira internacional de Paris - Portal Tela Portugal\",\"isPartOf\":{\"@id\":\"https:\/\/portaltela.pt\/#website\"},\"primaryImageOfPage\":{\"@id\":\"https:\/\/portaltela.pt\/noticias\/2026\/02\/13\/vinhos-sem-alcool-ganham-destaque-na-feira-internacional-de-paris\/#primaryimage\"},\"image\":{\"@id\":\"https:\/\/portaltela.pt\/noticias\/2026\/02\/13\/vinhos-sem-alcool-ganham-destaque-na-feira-internacional-de-paris\/#primaryimage\"},\"thumbnailUrl\":\"https:\/\/portaltela.pt\/s.01k8rhncp4jt1\/2026\/02\/1536x864_cmsv2_ac116916-a51c-5924-8b92-38e7fec20465-9648585.jpg\",\"datePublished\":\"2026-02-13T11:16:48+00:00\",\"author\":{\"@id\":\"https:\/\/portaltela.pt\/#\/schema\/person\/c4278d4a6028830caff9ee44b42d32ed\"},\"breadcrumb\":{\"@id\":\"https:\/\/portaltela.pt\/noticias\/2026\/02\/13\/vinhos-sem-alcool-ganham-destaque-na-feira-internacional-de-paris\/#breadcrumb\"},\"inLanguage\":\"pt-PT\",\"potentialAction\":[{\"@type\":\"ReadAction\",\"target\":[\"https:\/\/portaltela.pt\/noticias\/2026\/02\/13\/vinhos-sem-alcool-ganham-destaque-na-feira-internacional-de-paris\/\"]}]},{\"@type\":\"ImageObject\",\"inLanguage\":\"pt-PT\",\"@id\":\"https:\/\/portaltela.pt\/noticias\/2026\/02\/13\/vinhos-sem-alcool-ganham-destaque-na-feira-internacional-de-paris\/#primaryimage\",\"url\":\"https:\/\/portaltela.pt\/s.01k8rhncp4jt1\/2026\/02\/1536x864_cmsv2_ac116916-a51c-5924-8b92-38e7fec20465-9648585.jpg\",\"contentUrl\":\"https:\/\/portaltela.pt\/s.01k8rhncp4jt1\/2026\/02\/1536x864_cmsv2_ac116916-a51c-5924-8b92-38e7fec20465-9648585.jpg\",\"width\":796,\"height\":448,\"caption\":\"Um visitante prova vinho sem \u00e1lcool na feira Wine Paris 2026, no centro de exposi\u00e7\u00f5es Porte de Versailles em Paris, Fran\u00e7a, ter\u00e7a-feira, 10 de fevereiro de 2026\"},{\"@type\":\"BreadcrumbList\",\"@id\":\"https:\/\/portaltela.pt\/noticias\/2026\/02\/13\/vinhos-sem-alcool-ganham-destaque-na-feira-internacional-de-paris\/#breadcrumb\",\"itemListElement\":[{\"@type\":\"ListItem\",\"position\":1,\"name\":\"In\u00edcio\",\"item\":\"https:\/\/portaltela.pt\/\"},{\"@type\":\"ListItem\",\"position\":2,\"name\":\"Vinhos sem \u00e1lcool ganham destaque na feira internacional de Paris\"}]},{\"@type\":\"WebSite\",\"@id\":\"https:\/\/portaltela.pt\/#website\",\"url\":\"https:\/\/portaltela.pt\/\",\"name\":\"Portal Tela Portugal\",\"description\":\"\",\"potentialAction\":[{\"@type\":\"SearchAction\",\"target\":{\"@type\":\"EntryPoint\",\"urlTemplate\":\"https:\/\/portaltela.pt\/?s={search_term_string}\"},\"query-input\":{\"@type\":\"PropertyValueSpecification\",\"valueRequired\":true,\"valueName\":\"search_term_string\"}}],\"inLanguage\":\"pt-PT\"},{\"@type\":\"Person\",\"@id\":\"https:\/\/portaltela.pt\/#\/schema\/person\/c4278d4a6028830caff9ee44b42d32ed\",\"name\":\"Telinha\",\"image\":{\"@type\":\"ImageObject\",\"inLanguage\":\"pt-PT\",\"@id\":\"https:\/\/portaltela.pt\/s.01k8rhncp4jt1\/2025\/11\/talking-bot-125x125.png\",\"url\":\"https:\/\/portaltela.pt\/s.01k8rhncp4jt1\/2025\/11\/talking-bot-125x125.png\",\"contentUrl\":\"https:\/\/portaltela.pt\/s.01k8rhncp4jt1\/2025\/11\/talking-bot-125x125.png\",\"caption\":\"Telinha\"},\"sameAs\":[\"https:\/\/portaltela.pt\/\"],\"url\":\"https:\/\/portaltela.pt\/por\/367410592786\/\"}]}<\/script>\n<!-- \/ Yoast SEO plugin. -->","yoast_head_json":{"title":"Vinhos sem \u00e1lcool ganham destaque na feira internacional de Paris - Portal Tela Portugal","robots":{"index":"index","follow":"follow","max-snippet":"max-snippet:-1","max-image-preview":"max-image-preview:large","max-video-preview":"max-video-preview:-1"},"og_locale":"pt_PT","og_type":"article","og_title":"Vinhos sem \u00e1lcool ganham destaque na feira internacional de Paris - Portal Tela Portugal","og_description":"A Wine Paris 2026 em Paris destaca vinhos sem \u00e1lcool, com dezenas de garrafas dispon\u00edveis no centro de exposi\u00e7\u00f5es Porte de Versailles. Slogans como \"Sem \u00c1lcool, Sem Arrependimentos\" indicam que o vinho sem \u00e1lcool saiu da esfera de nicho para uma escolha comum. A procura por bebidas sem \u00e1lcool cresce, com consumidores atentos \u00e0 sa\u00fade e aos efeitos do \u00e1lcool. Produtores de toda a Europa apresentam v\u00e1rias op\u00e7\u00f5es de tintos, brancos, ros\u00e9s e espumantes sem \u00e1lcool, em oferta variada. Alguns comerciantes idle surgem preocupa\u00e7\u00f5es sobre o sabor, mas os retalhistas veem oportunidades de socializa\u00e7\u00e3o e inclus\u00e3o para quem n\u00e3o consome \u00e1lcool.","og_url":"https:\/\/portaltela.pt\/noticias\/2026\/02\/13\/vinhos-sem-alcool-ganham-destaque-na-feira-internacional-de-paris\/","og_site_name":"Portal Tela Portugal","article_published_time":"2026-02-13T11:16:48+00:00","author":"Telinha","twitter_card":"summary_large_image","twitter_misc":{"Escrito por":"Telinha","Tempo estimado de leitura":"1 minuto"},"schema":{"@context":"https:\/\/schema.org","@graph":[{"@type":"Article","@id":"https:\/\/portaltela.pt\/noticias\/2026\/02\/13\/vinhos-sem-alcool-ganham-destaque-na-feira-internacional-de-paris\/#article","isPartOf":{"@id":"https:\/\/portaltela.pt\/noticias\/2026\/02\/13\/vinhos-sem-alcool-ganham-destaque-na-feira-internacional-de-paris\/"},"author":{"name":"Telinha","@id":"https:\/\/portaltela.pt\/#\/schema\/person\/c4278d4a6028830caff9ee44b42d32ed"},"headline":"Vinhos sem \u00e1lcool ganham destaque na feira internacional de Paris","datePublished":"2026-02-13T11:16:48+00:00","mainEntityOfPage":{"@id":"https:\/\/portaltela.pt\/noticias\/2026\/02\/13\/vinhos-sem-alcool-ganham-destaque-na-feira-internacional-de-paris\/"},"wordCount":271,"image":{"@id":"https:\/\/portaltela.pt\/noticias\/2026\/02\/13\/vinhos-sem-alcool-ganham-destaque-na-feira-internacional-de-paris\/#primaryimage"},"thumbnailUrl":"https:\/\/portaltela.pt\/s.01k8rhncp4jt1\/2026\/02\/1536x864_cmsv2_ac116916-a51c-5924-8b92-38e7fec20465-9648585.jpg","keywords":["feiras internacionais","Fran\u00e7a","gastronomia","Paris","vinho","vinhos"],"articleSection":["Not\u00edcias"],"inLanguage":"pt-PT"},{"@type":"WebPage","@id":"https:\/\/portaltela.pt\/noticias\/2026\/02\/13\/vinhos-sem-alcool-ganham-destaque-na-feira-internacional-de-paris\/","url":"https:\/\/portaltela.pt\/noticias\/2026\/02\/13\/vinhos-sem-alcool-ganham-destaque-na-feira-internacional-de-paris\/","name":"Vinhos sem \u00e1lcool ganham destaque na feira internacional de Paris - Portal Tela Portugal","isPartOf":{"@id":"https:\/\/portaltela.pt\/#website"},"primaryImageOfPage":{"@id":"https:\/\/portaltela.pt\/noticias\/2026\/02\/13\/vinhos-sem-alcool-ganham-destaque-na-feira-internacional-de-paris\/#primaryimage"},"image":{"@id":"https:\/\/portaltela.pt\/noticias\/2026\/02\/13\/vinhos-sem-alcool-ganham-destaque-na-feira-internacional-de-paris\/#primaryimage"},"thumbnailUrl":"https:\/\/portaltela.pt\/s.01k8rhncp4jt1\/2026\/02\/1536x864_cmsv2_ac116916-a51c-5924-8b92-38e7fec20465-9648585.jpg","datePublished":"2026-02-13T11:16:48+00:00","author":{"@id":"https:\/\/portaltela.pt\/#\/schema\/person\/c4278d4a6028830caff9ee44b42d32ed"},"breadcrumb":{"@id":"https:\/\/portaltela.pt\/noticias\/2026\/02\/13\/vinhos-sem-alcool-ganham-destaque-na-feira-internacional-de-paris\/#breadcrumb"},"inLanguage":"pt-PT","potentialAction":[{"@type":"ReadAction","target":["https:\/\/portaltela.pt\/noticias\/2026\/02\/13\/vinhos-sem-alcool-ganham-destaque-na-feira-internacional-de-paris\/"]}]},{"@type":"ImageObject","inLanguage":"pt-PT","@id":"https:\/\/portaltela.pt\/noticias\/2026\/02\/13\/vinhos-sem-alcool-ganham-destaque-na-feira-internacional-de-paris\/#primaryimage","url":"https:\/\/portaltela.pt\/s.01k8rhncp4jt1\/2026\/02\/1536x864_cmsv2_ac116916-a51c-5924-8b92-38e7fec20465-9648585.jpg","contentUrl":"https:\/\/portaltela.pt\/s.01k8rhncp4jt1\/2026\/02\/1536x864_cmsv2_ac116916-a51c-5924-8b92-38e7fec20465-9648585.jpg","width":796,"height":448,"caption":"Um visitante prova vinho sem \u00e1lcool na feira Wine Paris 2026, no centro de exposi\u00e7\u00f5es Porte de Versailles em Paris, Fran\u00e7a, ter\u00e7a-feira, 10 de fevereiro de 2026"},{"@type":"BreadcrumbList","@id":"https:\/\/portaltela.pt\/noticias\/2026\/02\/13\/vinhos-sem-alcool-ganham-destaque-na-feira-internacional-de-paris\/#breadcrumb","itemListElement":[{"@type":"ListItem","position":1,"name":"In\u00edcio","item":"https:\/\/portaltela.pt\/"},{"@type":"ListItem","position":2,"name":"Vinhos sem \u00e1lcool ganham destaque na feira internacional de Paris"}]},{"@type":"WebSite","@id":"https:\/\/portaltela.pt\/#website","url":"https:\/\/portaltela.pt\/","name":"Portal Tela Portugal","description":"","potentialAction":[{"@type":"SearchAction","target":{"@type":"EntryPoint","urlTemplate":"https:\/\/portaltela.pt\/?s={search_term_string}"},"query-input":{"@type":"PropertyValueSpecification","valueRequired":true,"valueName":"search_term_string"}}],"inLanguage":"pt-PT"},{"@type":"Person","@id":"https:\/\/portaltela.pt\/#\/schema\/person\/c4278d4a6028830caff9ee44b42d32ed","name":"Telinha","image":{"@type":"ImageObject","inLanguage":"pt-PT","@id":"https:\/\/portaltela.pt\/s.01k8rhncp4jt1\/2025\/11\/talking-bot-125x125.png","url":"https:\/\/portaltela.pt\/s.01k8rhncp4jt1\/2025\/11\/talking-bot-125x125.png","contentUrl":"https:\/\/portaltela.pt\/s.01k8rhncp4jt1\/2025\/11\/talking-bot-125x125.png","caption":"Telinha"},"sameAs":["https:\/\/portaltela.pt\/"],"url":"https:\/\/portaltela.pt\/por\/367410592786\/"}]}},"_links":{"self":[{"href":"https:\/\/portaltela.pt\/api\/wp\/v2\/posts\/210707","targetHints":{"allow":["GET"]}}],"collection":[{"href":"https:\/\/portaltela.pt\/api\/wp\/v2\/posts"}],"about":[{"href":"https:\/\/portaltela.pt\/api\/wp\/v2\/types\/post"}],"author":[{"embeddable":true,"href":"https:\/\/portaltela.pt\/api\/wp\/v2\/users\/2"}],"replies":[{"embeddable":true,"href":"https:\/\/portaltela.pt\/api\/wp\/v2\/comments?post=210707"}],"version-history":[{"count":0,"href":"https:\/\/portaltela.pt\/api\/wp\/v2\/posts\/210707\/revisions"}],"wp:featuredmedia":[{"embeddable":true,"href":"https:\/\/portaltela.pt\/api\/wp\/v2\/media\/210713"}],"wp:attachment":[{"href":"https:\/\/portaltela.pt\/api\/wp\/v2\/media?parent=210707"}],"wp:term":[{"taxonomy":"category","embeddable":true,"href":"https:\/\/portaltela.pt\/api\/wp\/v2\/categories?post=210707"},{"taxonomy":"post_tag","embeddable":true,"href":"https:\/\/portaltela.pt\/api\/wp\/v2\/tags?post=210707"}],"curies":[{"name":"wp","href":"https:\/\/api.w.org\/{rel}","templated":true}]}}