{"id":210704,"date":"2026-02-13T08:16:44","date_gmt":"2026-02-13T11:16:44","guid":{"rendered":"https:\/\/portaltela.pt\/noticias\/2026\/02\/13\/uzbequistao-reforca-capacidade-interna-em-cirurgia-pediatrica-complexa\/"},"modified":"2026-02-13T08:16:44","modified_gmt":"2026-02-13T11:16:44","slug":"uzbequistao-reforca-capacidade-interna-em-cirurgia-pediatrica-complexa","status":"publish","type":"post","link":"https:\/\/portaltela.pt\/noticias\/2026\/02\/13\/uzbequistao-reforca-capacidade-interna-em-cirurgia-pediatrica-complexa\/","title":{"rendered":"Uzbequist\u00e3o refor\u00e7a capacidade interna em cirurgia pedi\u00e1trica complexa"},"content":{"rendered":"<p>Uzbequist\u00e3o refor\u00e7ou a capacidade interna em cirurgia pedi\u00e1trica complexa em 2025, expandindo o uso de tecnologias avan\u00e7adas em todo o sistema de sa\u00fade. A implementa\u00e7\u00e3o incluiu IA em 43 procedimentos, com 179 novos m\u00e9todos diagn\u00f3sticos e 199 t\u00e9cnicas terap\u00eauticas em centros especializados. A medida visa reduzir desloca\u00e7\u00f5es de crian\u00e7as ao estrangeiro e aliviar press\u00f5es sobre os servi\u00e7os.<\/p>\n<p>As autoridades destacam que a rede ampliou a oferta de cirurgias raras e complexas, com 379 tipos de interven\u00e7\u00f5es dispon\u00edveis regionalmente. O Centro Nacional de Medicina Infantil foi criado para concentrar servi\u00e7os avan\u00e7ados, envolvendo equipas multidisciplinares e tecnologia de ponta, com forma\u00e7\u00e3o internacional conclu\u00edda previamente.<\/p>\n<p>O novo leque de intervenientes j\u00e1 levou a avan\u00e7os como transplantes de f\u00edgado em beb\u00e9s, transplante de medula \u00f3ssea e transplantes renais laparosc\u00f3picos, realizados no pa\u00eds. A direc\u00e7\u00e3o ressalva que estes procedimentos s\u00e3o financiados por fundos p\u00fablicos para crian\u00e7as at\u00e9 aos 18 anos.<\/p>\n<h3>Transplantes e cuidados oncol\u00f3gicos<\/h3>\n<p>O primeiro transplante hep\u00e1tico pedi\u00e1trico com dador vivo realizou-se num beb\u00e9 de sete meses, usando dois segmentos do f\u00edgado da m\u00e3e. A recupera\u00e7\u00e3o de dadora e recetor foi est\u00e1vel, reduzindo necessidade de tratamento no estrangeiro, com custos at\u00e9 aqui muito superiores.<\/p>\n<p>O transplante de medula \u00f3ssea passou a ser op\u00e7\u00e3o terap\u00eautica para doen\u00e7as hematol\u00f3gicas e oncol\u00f3gicas, com cerca de 40 procedimentos j\u00e1 conclu\u00eddos no Centro Nacional de Medicina Infantil. Quando dadores aparentados n\u00e3o eram compat\u00edveis, recorreram-se a haploid\u00eantico com dadores n\u00e3o aparentados.<\/p>\n<p>A pol\u00edtica nacional de sa\u00fade assegura que servi\u00e7os m\u00e9dicos para crian\u00e7as, incluindo cirurgias de alta tecnologia, s\u00e3o financiados a partir de fundos p\u00fablicos, segundo autoridades.<\/p>\n<h3>Neurocirurgia e cuidados neonatais<\/h3>\n<p>No Centro Republicano de Neurocirurgia, passaram a operar com rob\u00f3tica e navega\u00e7\u00e3o assistida em casos selecionados de tumores cerebrais profundos e epilepsia farmacorresistente. Um beb\u00e9 de seis meses beneficiou de interven\u00e7\u00e3o rob\u00f3tica que cessou as crises.<\/p>\n<p>Outro caso de divulga\u00e7\u00e3o envolveu g\u00e9meos siameses nascidos entre a 33.\u00aa e a 34.\u00aa semanas, separados numa opera\u00e7\u00e3o de urg\u00eancia em Chirchik. A cirurgia ocorreu cerca de nove horas ap\u00f3s o nascimento, exigindo elevada precis\u00e3o devido aos \u00f3rg\u00e3os partilhados.<\/p>\n<p>Segundo Bakhtiyor Ergashev, diretor do Centro de Cirurgia Neonatal, a interven\u00e7\u00e3o exigiu gest\u00e3o cuidadosa ap\u00f3s a rutura de tecido conjuntivo e fuga de l\u00edquido abdominal. Opera\u00e7\u00f5es semelhantes j\u00e1 tinham ocorrido no Uzbequist\u00e3o, com participa\u00e7\u00e3o de equipas estrangeiras ou pacientes internacionais.<\/p>\n","protected":false},"excerpt":{"rendered":"<ul>\n<li>Em 2025, o Uzbequist\u00e3o expandiu o uso de tecnologias m\u00e9dicas avan\u00e7adas em todo o sistema de sa\u00fade, incluindo IA em 43 tipos de procedimentos.<\/li>\n<li>Foram introduzidos 179 novos m\u00e9todos de diagn\u00f3stico e 199 t\u00e9cnicas de tratamento em centros m\u00e9dicos especializados, aumentando a capacidade de cirurgia pedi\u00e1trica complexa.<\/li>\n<li>O pa\u00eds realizou 379 tipos de cirurgias raras e complexas a n\u00edvel regional, com o objetivo de tratar internamente doen\u00e7as pedi\u00e1tricas complexas.<\/li>\n<li>O Centro Nacional de Medicina Infantil, criado para concentrar servi\u00e7os pedi\u00e1tricos avan\u00e7ados, obteve acredita\u00e7\u00e3o internacional e j\u00e1 realizou transplantes de medula \u00f3ssea, f\u00edgado e rins, entre outros.<\/li>\n<li>Al\u00e9m de reduzir o envio de crian\u00e7as ao estrangeiro para tratamento, o sistema p\u00fablico passou a financiar servi\u00e7os m\u00e9dicos para menores de dezoito anos, incluindo cirurgias de alta tecnologia. Tamb\u00e9m houve avan\u00e7os em neurocirurgia com cirurgia assistida por robot e casos de separa\u00e7\u00e3o de g\u00e9meos siameses.<\/li>\n<\/ul>\n","protected":false},"author":2,"featured_media":210709,"comment_status":"closed","ping_status":"closed","sticky":false,"template":"","format":"standard","meta":{"footnotes":""},"categories":[1],"tags":[2594,2199,3994,1403,172,5128],"class_list":["post-210704","post","type-post","status-publish","format-standard","has-post-thumbnail","hentry","category-noticias","tag-cirurgia","tag-neonatologia","tag-oncologia","tag-pediatria","tag-saude","tag-transplantes"],"yoast_head":"<!-- This site is optimized with the Yoast SEO plugin v27.2 - https:\/\/yoast.com\/product\/yoast-seo-wordpress\/ -->\n<title>Uzbequist\u00e3o refor\u00e7a capacidade interna em cirurgia pedi\u00e1trica complexa - Portal Tela Portugal<\/title>\n<meta name=\"robots\" content=\"index, follow, max-snippet:-1, max-image-preview:large, max-video-preview:-1\" \/>\n<meta property=\"og:locale\" content=\"pt_PT\" \/>\n<meta property=\"og:type\" content=\"article\" \/>\n<meta property=\"og:title\" content=\"Uzbequist\u00e3o refor\u00e7a capacidade interna em cirurgia pedi\u00e1trica complexa - Portal Tela Portugal\" \/>\n<meta property=\"og:description\" content=\"Em 2025, o Uzbequist\u00e3o expandiu o uso de tecnologias m\u00e9dicas avan\u00e7adas em todo o sistema de sa\u00fade, incluindo IA em 43 tipos de procedimentos. Foram introduzidos 179 novos m\u00e9todos de diagn\u00f3stico e 199 t\u00e9cnicas de tratamento em centros m\u00e9dicos especializados, aumentando a capacidade de cirurgia pedi\u00e1trica complexa. O pa\u00eds realizou 379 tipos de cirurgias raras e complexas a n\u00edvel regional, com o objetivo de tratar internamente doen\u00e7as pedi\u00e1tricas complexas. O Centro Nacional de Medicina Infantil, criado para concentrar servi\u00e7os pedi\u00e1tricos avan\u00e7ados, obteve acredita\u00e7\u00e3o internacional e j\u00e1 realizou transplantes de medula \u00f3ssea, f\u00edgado e rins, entre outros. Al\u00e9m de reduzir o envio de crian\u00e7as ao estrangeiro para tratamento, o sistema p\u00fablico passou a financiar servi\u00e7os m\u00e9dicos para menores de dezoito anos, incluindo cirurgias de alta tecnologia. Tamb\u00e9m houve avan\u00e7os em neurocirurgia com cirurgia assistida por robot e casos de separa\u00e7\u00e3o de g\u00e9meos siameses.\" \/>\n<meta property=\"og:url\" content=\"https:\/\/portaltela.pt\/noticias\/2026\/02\/13\/uzbequistao-reforca-capacidade-interna-em-cirurgia-pediatrica-complexa\/\" \/>\n<meta property=\"og:site_name\" content=\"Portal Tela Portugal\" \/>\n<meta property=\"article:published_time\" content=\"2026-02-13T11:16:44+00:00\" \/>\n<meta name=\"author\" content=\"Telinha\" \/>\n<meta name=\"twitter:card\" content=\"summary_large_image\" \/>\n<meta name=\"twitter:label1\" content=\"Escrito por\" \/>\n\t<meta name=\"twitter:data1\" content=\"Telinha\" \/>\n\t<meta name=\"twitter:label2\" content=\"Tempo estimado de leitura\" \/>\n\t<meta name=\"twitter:data2\" content=\"2 minutos\" \/>\n<script type=\"application\/ld+json\" class=\"yoast-schema-graph\">{\"@context\":\"https:\/\/schema.org\",\"@graph\":[{\"@type\":\"Article\",\"@id\":\"https:\/\/portaltela.pt\/noticias\/2026\/02\/13\/uzbequistao-reforca-capacidade-interna-em-cirurgia-pediatrica-complexa\/#article\",\"isPartOf\":{\"@id\":\"https:\/\/portaltela.pt\/noticias\/2026\/02\/13\/uzbequistao-reforca-capacidade-interna-em-cirurgia-pediatrica-complexa\/\"},\"author\":{\"name\":\"Telinha\",\"@id\":\"https:\/\/portaltela.pt\/#\/schema\/person\/c4278d4a6028830caff9ee44b42d32ed\"},\"headline\":\"Uzbequist\u00e3o refor\u00e7a capacidade interna em cirurgia pedi\u00e1trica complexa\",\"datePublished\":\"2026-02-13T11:16:44+00:00\",\"mainEntityOfPage\":{\"@id\":\"https:\/\/portaltela.pt\/noticias\/2026\/02\/13\/uzbequistao-reforca-capacidade-interna-em-cirurgia-pediatrica-complexa\/\"},\"wordCount\":448,\"image\":{\"@id\":\"https:\/\/portaltela.pt\/noticias\/2026\/02\/13\/uzbequistao-reforca-capacidade-interna-em-cirurgia-pediatrica-complexa\/#primaryimage\"},\"thumbnailUrl\":\"https:\/\/portaltela.pt\/s.01k8rhncp4jt1\/2026\/02\/1536x864_cmsv2_dd6966aa-3e91-57ef-83df-5ce1c1835c5d-9642106.jpg\",\"keywords\":[\"cirurgia\",\"Neonatologia\",\"Oncologia\",\"Pediatria\",\"sa\u00fade\",\"transplantes\"],\"articleSection\":[\"Not\u00edcias\"],\"inLanguage\":\"pt-PT\"},{\"@type\":\"WebPage\",\"@id\":\"https:\/\/portaltela.pt\/noticias\/2026\/02\/13\/uzbequistao-reforca-capacidade-interna-em-cirurgia-pediatrica-complexa\/\",\"url\":\"https:\/\/portaltela.pt\/noticias\/2026\/02\/13\/uzbequistao-reforca-capacidade-interna-em-cirurgia-pediatrica-complexa\/\",\"name\":\"Uzbequist\u00e3o refor\u00e7a capacidade interna em cirurgia pedi\u00e1trica complexa - Portal Tela Portugal\",\"isPartOf\":{\"@id\":\"https:\/\/portaltela.pt\/#website\"},\"primaryImageOfPage\":{\"@id\":\"https:\/\/portaltela.pt\/noticias\/2026\/02\/13\/uzbequistao-reforca-capacidade-interna-em-cirurgia-pediatrica-complexa\/#primaryimage\"},\"image\":{\"@id\":\"https:\/\/portaltela.pt\/noticias\/2026\/02\/13\/uzbequistao-reforca-capacidade-interna-em-cirurgia-pediatrica-complexa\/#primaryimage\"},\"thumbnailUrl\":\"https:\/\/portaltela.pt\/s.01k8rhncp4jt1\/2026\/02\/1536x864_cmsv2_dd6966aa-3e91-57ef-83df-5ce1c1835c5d-9642106.jpg\",\"datePublished\":\"2026-02-13T11:16:44+00:00\",\"author\":{\"@id\":\"https:\/\/portaltela.pt\/#\/schema\/person\/c4278d4a6028830caff9ee44b42d32ed\"},\"breadcrumb\":{\"@id\":\"https:\/\/portaltela.pt\/noticias\/2026\/02\/13\/uzbequistao-reforca-capacidade-interna-em-cirurgia-pediatrica-complexa\/#breadcrumb\"},\"inLanguage\":\"pt-PT\",\"potentialAction\":[{\"@type\":\"ReadAction\",\"target\":[\"https:\/\/portaltela.pt\/noticias\/2026\/02\/13\/uzbequistao-reforca-capacidade-interna-em-cirurgia-pediatrica-complexa\/\"]}]},{\"@type\":\"ImageObject\",\"inLanguage\":\"pt-PT\",\"@id\":\"https:\/\/portaltela.pt\/noticias\/2026\/02\/13\/uzbequistao-reforca-capacidade-interna-em-cirurgia-pediatrica-complexa\/#primaryimage\",\"url\":\"https:\/\/portaltela.pt\/s.01k8rhncp4jt1\/2026\/02\/1536x864_cmsv2_dd6966aa-3e91-57ef-83df-5ce1c1835c5d-9642106.jpg\",\"contentUrl\":\"https:\/\/portaltela.pt\/s.01k8rhncp4jt1\/2026\/02\/1536x864_cmsv2_dd6966aa-3e91-57ef-83df-5ce1c1835c5d-9642106.jpg\",\"width\":796,\"height\":448,\"caption\":\"Uso de tecnologias avan\u00e7adas na cirurgia\"},{\"@type\":\"BreadcrumbList\",\"@id\":\"https:\/\/portaltela.pt\/noticias\/2026\/02\/13\/uzbequistao-reforca-capacidade-interna-em-cirurgia-pediatrica-complexa\/#breadcrumb\",\"itemListElement\":[{\"@type\":\"ListItem\",\"position\":1,\"name\":\"In\u00edcio\",\"item\":\"https:\/\/portaltela.pt\/\"},{\"@type\":\"ListItem\",\"position\":2,\"name\":\"Uzbequist\u00e3o refor\u00e7a capacidade interna em cirurgia pedi\u00e1trica complexa\"}]},{\"@type\":\"WebSite\",\"@id\":\"https:\/\/portaltela.pt\/#website\",\"url\":\"https:\/\/portaltela.pt\/\",\"name\":\"Portal Tela Portugal\",\"description\":\"\",\"potentialAction\":[{\"@type\":\"SearchAction\",\"target\":{\"@type\":\"EntryPoint\",\"urlTemplate\":\"https:\/\/portaltela.pt\/?s={search_term_string}\"},\"query-input\":{\"@type\":\"PropertyValueSpecification\",\"valueRequired\":true,\"valueName\":\"search_term_string\"}}],\"inLanguage\":\"pt-PT\"},{\"@type\":\"Person\",\"@id\":\"https:\/\/portaltela.pt\/#\/schema\/person\/c4278d4a6028830caff9ee44b42d32ed\",\"name\":\"Telinha\",\"image\":{\"@type\":\"ImageObject\",\"inLanguage\":\"pt-PT\",\"@id\":\"https:\/\/portaltela.pt\/s.01k8rhncp4jt1\/2025\/11\/talking-bot-125x125.png\",\"url\":\"https:\/\/portaltela.pt\/s.01k8rhncp4jt1\/2025\/11\/talking-bot-125x125.png\",\"contentUrl\":\"https:\/\/portaltela.pt\/s.01k8rhncp4jt1\/2025\/11\/talking-bot-125x125.png\",\"caption\":\"Telinha\"},\"sameAs\":[\"https:\/\/portaltela.pt\/\"],\"url\":\"https:\/\/portaltela.pt\/por\/367410592786\/\"}]}<\/script>\n<!-- \/ Yoast SEO plugin. -->","yoast_head_json":{"title":"Uzbequist\u00e3o refor\u00e7a capacidade interna em cirurgia pedi\u00e1trica complexa - Portal Tela Portugal","robots":{"index":"index","follow":"follow","max-snippet":"max-snippet:-1","max-image-preview":"max-image-preview:large","max-video-preview":"max-video-preview:-1"},"og_locale":"pt_PT","og_type":"article","og_title":"Uzbequist\u00e3o refor\u00e7a capacidade interna em cirurgia pedi\u00e1trica complexa - Portal Tela Portugal","og_description":"Em 2025, o Uzbequist\u00e3o expandiu o uso de tecnologias m\u00e9dicas avan\u00e7adas em todo o sistema de sa\u00fade, incluindo IA em 43 tipos de procedimentos. Foram introduzidos 179 novos m\u00e9todos de diagn\u00f3stico e 199 t\u00e9cnicas de tratamento em centros m\u00e9dicos especializados, aumentando a capacidade de cirurgia pedi\u00e1trica complexa. O pa\u00eds realizou 379 tipos de cirurgias raras e complexas a n\u00edvel regional, com o objetivo de tratar internamente doen\u00e7as pedi\u00e1tricas complexas. O Centro Nacional de Medicina Infantil, criado para concentrar servi\u00e7os pedi\u00e1tricos avan\u00e7ados, obteve acredita\u00e7\u00e3o internacional e j\u00e1 realizou transplantes de medula \u00f3ssea, f\u00edgado e rins, entre outros. Al\u00e9m de reduzir o envio de crian\u00e7as ao estrangeiro para tratamento, o sistema p\u00fablico passou a financiar servi\u00e7os m\u00e9dicos para menores de dezoito anos, incluindo cirurgias de alta tecnologia. Tamb\u00e9m houve avan\u00e7os em neurocirurgia com cirurgia assistida por robot e casos de separa\u00e7\u00e3o de g\u00e9meos siameses.","og_url":"https:\/\/portaltela.pt\/noticias\/2026\/02\/13\/uzbequistao-reforca-capacidade-interna-em-cirurgia-pediatrica-complexa\/","og_site_name":"Portal Tela Portugal","article_published_time":"2026-02-13T11:16:44+00:00","author":"Telinha","twitter_card":"summary_large_image","twitter_misc":{"Escrito por":"Telinha","Tempo estimado de leitura":"2 minutos"},"schema":{"@context":"https:\/\/schema.org","@graph":[{"@type":"Article","@id":"https:\/\/portaltela.pt\/noticias\/2026\/02\/13\/uzbequistao-reforca-capacidade-interna-em-cirurgia-pediatrica-complexa\/#article","isPartOf":{"@id":"https:\/\/portaltela.pt\/noticias\/2026\/02\/13\/uzbequistao-reforca-capacidade-interna-em-cirurgia-pediatrica-complexa\/"},"author":{"name":"Telinha","@id":"https:\/\/portaltela.pt\/#\/schema\/person\/c4278d4a6028830caff9ee44b42d32ed"},"headline":"Uzbequist\u00e3o refor\u00e7a capacidade interna em cirurgia pedi\u00e1trica complexa","datePublished":"2026-02-13T11:16:44+00:00","mainEntityOfPage":{"@id":"https:\/\/portaltela.pt\/noticias\/2026\/02\/13\/uzbequistao-reforca-capacidade-interna-em-cirurgia-pediatrica-complexa\/"},"wordCount":448,"image":{"@id":"https:\/\/portaltela.pt\/noticias\/2026\/02\/13\/uzbequistao-reforca-capacidade-interna-em-cirurgia-pediatrica-complexa\/#primaryimage"},"thumbnailUrl":"https:\/\/portaltela.pt\/s.01k8rhncp4jt1\/2026\/02\/1536x864_cmsv2_dd6966aa-3e91-57ef-83df-5ce1c1835c5d-9642106.jpg","keywords":["cirurgia","Neonatologia","Oncologia","Pediatria","sa\u00fade","transplantes"],"articleSection":["Not\u00edcias"],"inLanguage":"pt-PT"},{"@type":"WebPage","@id":"https:\/\/portaltela.pt\/noticias\/2026\/02\/13\/uzbequistao-reforca-capacidade-interna-em-cirurgia-pediatrica-complexa\/","url":"https:\/\/portaltela.pt\/noticias\/2026\/02\/13\/uzbequistao-reforca-capacidade-interna-em-cirurgia-pediatrica-complexa\/","name":"Uzbequist\u00e3o refor\u00e7a capacidade interna em cirurgia pedi\u00e1trica complexa - Portal Tela Portugal","isPartOf":{"@id":"https:\/\/portaltela.pt\/#website"},"primaryImageOfPage":{"@id":"https:\/\/portaltela.pt\/noticias\/2026\/02\/13\/uzbequistao-reforca-capacidade-interna-em-cirurgia-pediatrica-complexa\/#primaryimage"},"image":{"@id":"https:\/\/portaltela.pt\/noticias\/2026\/02\/13\/uzbequistao-reforca-capacidade-interna-em-cirurgia-pediatrica-complexa\/#primaryimage"},"thumbnailUrl":"https:\/\/portaltela.pt\/s.01k8rhncp4jt1\/2026\/02\/1536x864_cmsv2_dd6966aa-3e91-57ef-83df-5ce1c1835c5d-9642106.jpg","datePublished":"2026-02-13T11:16:44+00:00","author":{"@id":"https:\/\/portaltela.pt\/#\/schema\/person\/c4278d4a6028830caff9ee44b42d32ed"},"breadcrumb":{"@id":"https:\/\/portaltela.pt\/noticias\/2026\/02\/13\/uzbequistao-reforca-capacidade-interna-em-cirurgia-pediatrica-complexa\/#breadcrumb"},"inLanguage":"pt-PT","potentialAction":[{"@type":"ReadAction","target":["https:\/\/portaltela.pt\/noticias\/2026\/02\/13\/uzbequistao-reforca-capacidade-interna-em-cirurgia-pediatrica-complexa\/"]}]},{"@type":"ImageObject","inLanguage":"pt-PT","@id":"https:\/\/portaltela.pt\/noticias\/2026\/02\/13\/uzbequistao-reforca-capacidade-interna-em-cirurgia-pediatrica-complexa\/#primaryimage","url":"https:\/\/portaltela.pt\/s.01k8rhncp4jt1\/2026\/02\/1536x864_cmsv2_dd6966aa-3e91-57ef-83df-5ce1c1835c5d-9642106.jpg","contentUrl":"https:\/\/portaltela.pt\/s.01k8rhncp4jt1\/2026\/02\/1536x864_cmsv2_dd6966aa-3e91-57ef-83df-5ce1c1835c5d-9642106.jpg","width":796,"height":448,"caption":"Uso de tecnologias avan\u00e7adas na cirurgia"},{"@type":"BreadcrumbList","@id":"https:\/\/portaltela.pt\/noticias\/2026\/02\/13\/uzbequistao-reforca-capacidade-interna-em-cirurgia-pediatrica-complexa\/#breadcrumb","itemListElement":[{"@type":"ListItem","position":1,"name":"In\u00edcio","item":"https:\/\/portaltela.pt\/"},{"@type":"ListItem","position":2,"name":"Uzbequist\u00e3o refor\u00e7a capacidade interna em cirurgia pedi\u00e1trica complexa"}]},{"@type":"WebSite","@id":"https:\/\/portaltela.pt\/#website","url":"https:\/\/portaltela.pt\/","name":"Portal Tela Portugal","description":"","potentialAction":[{"@type":"SearchAction","target":{"@type":"EntryPoint","urlTemplate":"https:\/\/portaltela.pt\/?s={search_term_string}"},"query-input":{"@type":"PropertyValueSpecification","valueRequired":true,"valueName":"search_term_string"}}],"inLanguage":"pt-PT"},{"@type":"Person","@id":"https:\/\/portaltela.pt\/#\/schema\/person\/c4278d4a6028830caff9ee44b42d32ed","name":"Telinha","image":{"@type":"ImageObject","inLanguage":"pt-PT","@id":"https:\/\/portaltela.pt\/s.01k8rhncp4jt1\/2025\/11\/talking-bot-125x125.png","url":"https:\/\/portaltela.pt\/s.01k8rhncp4jt1\/2025\/11\/talking-bot-125x125.png","contentUrl":"https:\/\/portaltela.pt\/s.01k8rhncp4jt1\/2025\/11\/talking-bot-125x125.png","caption":"Telinha"},"sameAs":["https:\/\/portaltela.pt\/"],"url":"https:\/\/portaltela.pt\/por\/367410592786\/"}]}},"_links":{"self":[{"href":"https:\/\/portaltela.pt\/api\/wp\/v2\/posts\/210704","targetHints":{"allow":["GET"]}}],"collection":[{"href":"https:\/\/portaltela.pt\/api\/wp\/v2\/posts"}],"about":[{"href":"https:\/\/portaltela.pt\/api\/wp\/v2\/types\/post"}],"author":[{"embeddable":true,"href":"https:\/\/portaltela.pt\/api\/wp\/v2\/users\/2"}],"replies":[{"embeddable":true,"href":"https:\/\/portaltela.pt\/api\/wp\/v2\/comments?post=210704"}],"version-history":[{"count":0,"href":"https:\/\/portaltela.pt\/api\/wp\/v2\/posts\/210704\/revisions"}],"wp:featuredmedia":[{"embeddable":true,"href":"https:\/\/portaltela.pt\/api\/wp\/v2\/media\/210709"}],"wp:attachment":[{"href":"https:\/\/portaltela.pt\/api\/wp\/v2\/media?parent=210704"}],"wp:term":[{"taxonomy":"category","embeddable":true,"href":"https:\/\/portaltela.pt\/api\/wp\/v2\/categories?post=210704"},{"taxonomy":"post_tag","embeddable":true,"href":"https:\/\/portaltela.pt\/api\/wp\/v2\/tags?post=210704"}],"curies":[{"name":"wp","href":"https:\/\/api.w.org\/{rel}","templated":true}]}}