{"id":210678,"date":"2026-02-13T07:55:43","date_gmt":"2026-02-13T10:55:43","guid":{"rendered":"https:\/\/portaltela.pt\/noticias\/2026\/02\/13\/barco-e-engolido-por-onda-na-california-2\/"},"modified":"2026-02-13T07:55:43","modified_gmt":"2026-02-13T10:55:43","slug":"barco-e-engolido-por-onda-na-california-2","status":"publish","type":"post","link":"https:\/\/portaltela.pt\/noticias\/2026\/02\/13\/barco-e-engolido-por-onda-na-california-2\/","title":{"rendered":"Barco \u00e9 engolido por onda na Calif\u00f3rnia"},"content":{"rendered":"<p>Um barco que entrava a grande velocidade numa zona de mar onde h\u00e1 pr\u00e1tica de surf foi alvo de uma onda gigante e acabou por virar junto \u00e0 costa de Santa Cruz, Calif\u00f3rnia. N\u00e3o h\u00e1 confirma\u00e7\u00e3o de feridos, apenas o registo da capotagem.<\/p>\n<p>Segundo emissoras locais, as seis pessoas que seguiam a bordo foram resgatadas pelos servi\u00e7os de emerg\u00eancia. As autoridades n\u00e3o divulgaram detalhes sobre o estado de sa\u00fade dos ocupantes ou as circunst\u00e2ncias exactas do incidente.<\/p>\n<p>As equipas de salvamento responderam rapidamente \u00e0 ocorr\u00eancia, assegurando o afastamento seguro dos ocupantes para terra firme. O incidente est\u00e1 a ser analisado pelas autoridades competentes para determinar as causas e eventuais responsabilidades.<\/p>\n","protected":false},"excerpt":{"rendered":"<ul>\n<li>Um barco que entrava a alta velocidade numa zona de surfe ficou apanhado por uma onda e virou junto \u00e0 costa de Santa Cruz, Calif\u00f3rnia.<\/li>\n<li>O incidente ocorreu quando o barco foi levado pela onda e afastou-se do normal curso.<\/li>\n<li>Doze pessoas n\u00e3o estavam a bordo; as seis pessoas que se encontravam a bordo foram resgatadas.<\/li>\n<li>As esta\u00e7\u00f5es televisivas locais informaram que os ocupantes foram retirados com seguran\u00e7a.<\/li>\n<li>Ainda n\u00e3o foram divulgadas informa\u00e7\u00f5es detalhadas sobre as causas ou o estado de sa\u00fade dos tripulantes.<\/li>\n<\/ul>\n","protected":false},"author":2,"featured_media":210681,"comment_status":"closed","ping_status":"closed","sticky":false,"template":"","format":"standard","meta":{"footnotes":""},"categories":[1],"tags":[4423,971,1713,40,1007,4304],"class_list":["post-210678","post","type-post","status-publish","format-standard","has-post-thumbnail","hentry","category-noticias","tag-acidentes-maritimos","tag-bombeiros","tag-mar","tag-pessoas","tag-resgate-maritimo","tag-salvamento"],"yoast_head":"<!-- This site is optimized with the Yoast SEO plugin v27.2 - https:\/\/yoast.com\/product\/yoast-seo-wordpress\/ -->\n<title>Barco \u00e9 engolido por onda na Calif\u00f3rnia - Portal Tela Portugal<\/title>\n<meta name=\"robots\" content=\"index, follow, max-snippet:-1, max-image-preview:large, max-video-preview:-1\" \/>\n<meta property=\"og:locale\" content=\"pt_PT\" \/>\n<meta property=\"og:type\" content=\"article\" \/>\n<meta property=\"og:title\" content=\"Barco \u00e9 engolido por onda na Calif\u00f3rnia - Portal Tela Portugal\" \/>\n<meta property=\"og:description\" content=\"Um barco que entrava a alta velocidade numa zona de surfe ficou apanhado por uma onda e virou junto \u00e0 costa de Santa Cruz, Calif\u00f3rnia. O incidente ocorreu quando o barco foi levado pela onda e afastou-se do normal curso. Doze pessoas n\u00e3o estavam a bordo; as seis pessoas que se encontravam a bordo foram resgatadas. As esta\u00e7\u00f5es televisivas locais informaram que os ocupantes foram retirados com seguran\u00e7a. Ainda n\u00e3o foram divulgadas informa\u00e7\u00f5es detalhadas sobre as causas ou o estado de sa\u00fade dos tripulantes.\" \/>\n<meta property=\"og:url\" content=\"https:\/\/portaltela.pt\/noticias\/2026\/02\/13\/barco-e-engolido-por-onda-na-california-2\/\" \/>\n<meta property=\"og:site_name\" content=\"Portal Tela Portugal\" \/>\n<meta property=\"article:published_time\" content=\"2026-02-13T10:55:43+00:00\" \/>\n<meta name=\"author\" content=\"Telinha\" \/>\n<meta name=\"twitter:card\" content=\"summary_large_image\" \/>\n<meta name=\"twitter:label1\" content=\"Escrito por\" \/>\n\t<meta name=\"twitter:data1\" content=\"Telinha\" \/>\n\t<meta name=\"twitter:label2\" content=\"Tempo estimado de leitura\" \/>\n\t<meta name=\"twitter:data2\" content=\"1 minuto\" \/>\n<script type=\"application\/ld+json\" class=\"yoast-schema-graph\">{\"@context\":\"https:\/\/schema.org\",\"@graph\":[{\"@type\":\"Article\",\"@id\":\"https:\/\/portaltela.pt\/noticias\/2026\/02\/13\/barco-e-engolido-por-onda-na-california-2\/#article\",\"isPartOf\":{\"@id\":\"https:\/\/portaltela.pt\/noticias\/2026\/02\/13\/barco-e-engolido-por-onda-na-california-2\/\"},\"author\":{\"name\":\"Telinha\",\"@id\":\"https:\/\/portaltela.pt\/#\/schema\/person\/c4278d4a6028830caff9ee44b42d32ed\"},\"headline\":\"Barco \u00e9 engolido por onda na Calif\u00f3rnia\",\"datePublished\":\"2026-02-13T10:55:43+00:00\",\"mainEntityOfPage\":{\"@id\":\"https:\/\/portaltela.pt\/noticias\/2026\/02\/13\/barco-e-engolido-por-onda-na-california-2\/\"},\"wordCount\":125,\"image\":{\"@id\":\"https:\/\/portaltela.pt\/noticias\/2026\/02\/13\/barco-e-engolido-por-onda-na-california-2\/#primaryimage\"},\"thumbnailUrl\":\"https:\/\/portaltela.pt\/s.01k8rhncp4jt1\/2026\/02\/img_1280x722uu2026-02-13-10-54-17-2266647.jpg\",\"keywords\":[\"acidentes mar\u00edtimos\",\"bombeiros\",\"mar\",\"pessoas\",\"Resgate Mar\u00edtimo\",\"salvamento\"],\"articleSection\":[\"Not\u00edcias\"],\"inLanguage\":\"pt-PT\"},{\"@type\":\"WebPage\",\"@id\":\"https:\/\/portaltela.pt\/noticias\/2026\/02\/13\/barco-e-engolido-por-onda-na-california-2\/\",\"url\":\"https:\/\/portaltela.pt\/noticias\/2026\/02\/13\/barco-e-engolido-por-onda-na-california-2\/\",\"name\":\"Barco \u00e9 engolido por onda na Calif\u00f3rnia - Portal Tela Portugal\",\"isPartOf\":{\"@id\":\"https:\/\/portaltela.pt\/#website\"},\"primaryImageOfPage\":{\"@id\":\"https:\/\/portaltela.pt\/noticias\/2026\/02\/13\/barco-e-engolido-por-onda-na-california-2\/#primaryimage\"},\"image\":{\"@id\":\"https:\/\/portaltela.pt\/noticias\/2026\/02\/13\/barco-e-engolido-por-onda-na-california-2\/#primaryimage\"},\"thumbnailUrl\":\"https:\/\/portaltela.pt\/s.01k8rhncp4jt1\/2026\/02\/img_1280x722uu2026-02-13-10-54-17-2266647.jpg\",\"datePublished\":\"2026-02-13T10:55:43+00:00\",\"author\":{\"@id\":\"https:\/\/portaltela.pt\/#\/schema\/person\/c4278d4a6028830caff9ee44b42d32ed\"},\"breadcrumb\":{\"@id\":\"https:\/\/portaltela.pt\/noticias\/2026\/02\/13\/barco-e-engolido-por-onda-na-california-2\/#breadcrumb\"},\"inLanguage\":\"pt-PT\",\"potentialAction\":[{\"@type\":\"ReadAction\",\"target\":[\"https:\/\/portaltela.pt\/noticias\/2026\/02\/13\/barco-e-engolido-por-onda-na-california-2\/\"]}]},{\"@type\":\"ImageObject\",\"inLanguage\":\"pt-PT\",\"@id\":\"https:\/\/portaltela.pt\/noticias\/2026\/02\/13\/barco-e-engolido-por-onda-na-california-2\/#primaryimage\",\"url\":\"https:\/\/portaltela.pt\/s.01k8rhncp4jt1\/2026\/02\/img_1280x722uu2026-02-13-10-54-17-2266647.jpg\",\"contentUrl\":\"https:\/\/portaltela.pt\/s.01k8rhncp4jt1\/2026\/02\/img_1280x722uu2026-02-13-10-54-17-2266647.jpg\",\"width\":796,\"height\":448,\"caption\":\"Imagem do incidente na costa de Santa Cruz, Calif\u00f3rnia.\"},{\"@type\":\"BreadcrumbList\",\"@id\":\"https:\/\/portaltela.pt\/noticias\/2026\/02\/13\/barco-e-engolido-por-onda-na-california-2\/#breadcrumb\",\"itemListElement\":[{\"@type\":\"ListItem\",\"position\":1,\"name\":\"In\u00edcio\",\"item\":\"https:\/\/portaltela.pt\/\"},{\"@type\":\"ListItem\",\"position\":2,\"name\":\"Barco \u00e9 engolido por onda na Calif\u00f3rnia\"}]},{\"@type\":\"WebSite\",\"@id\":\"https:\/\/portaltela.pt\/#website\",\"url\":\"https:\/\/portaltela.pt\/\",\"name\":\"Portal Tela Portugal\",\"description\":\"\",\"potentialAction\":[{\"@type\":\"SearchAction\",\"target\":{\"@type\":\"EntryPoint\",\"urlTemplate\":\"https:\/\/portaltela.pt\/?s={search_term_string}\"},\"query-input\":{\"@type\":\"PropertyValueSpecification\",\"valueRequired\":true,\"valueName\":\"search_term_string\"}}],\"inLanguage\":\"pt-PT\"},{\"@type\":\"Person\",\"@id\":\"https:\/\/portaltela.pt\/#\/schema\/person\/c4278d4a6028830caff9ee44b42d32ed\",\"name\":\"Telinha\",\"image\":{\"@type\":\"ImageObject\",\"inLanguage\":\"pt-PT\",\"@id\":\"https:\/\/portaltela.pt\/s.01k8rhncp4jt1\/2025\/11\/talking-bot-125x125.png\",\"url\":\"https:\/\/portaltela.pt\/s.01k8rhncp4jt1\/2025\/11\/talking-bot-125x125.png\",\"contentUrl\":\"https:\/\/portaltela.pt\/s.01k8rhncp4jt1\/2025\/11\/talking-bot-125x125.png\",\"caption\":\"Telinha\"},\"sameAs\":[\"https:\/\/portaltela.pt\/\"],\"url\":\"https:\/\/portaltela.pt\/por\/367410592786\/\"}]}<\/script>\n<!-- \/ Yoast SEO plugin. -->","yoast_head_json":{"title":"Barco \u00e9 engolido por onda na Calif\u00f3rnia - Portal Tela Portugal","robots":{"index":"index","follow":"follow","max-snippet":"max-snippet:-1","max-image-preview":"max-image-preview:large","max-video-preview":"max-video-preview:-1"},"og_locale":"pt_PT","og_type":"article","og_title":"Barco \u00e9 engolido por onda na Calif\u00f3rnia - Portal Tela Portugal","og_description":"Um barco que entrava a alta velocidade numa zona de surfe ficou apanhado por uma onda e virou junto \u00e0 costa de Santa Cruz, Calif\u00f3rnia. O incidente ocorreu quando o barco foi levado pela onda e afastou-se do normal curso. Doze pessoas n\u00e3o estavam a bordo; as seis pessoas que se encontravam a bordo foram resgatadas. As esta\u00e7\u00f5es televisivas locais informaram que os ocupantes foram retirados com seguran\u00e7a. Ainda n\u00e3o foram divulgadas informa\u00e7\u00f5es detalhadas sobre as causas ou o estado de sa\u00fade dos tripulantes.","og_url":"https:\/\/portaltela.pt\/noticias\/2026\/02\/13\/barco-e-engolido-por-onda-na-california-2\/","og_site_name":"Portal Tela Portugal","article_published_time":"2026-02-13T10:55:43+00:00","author":"Telinha","twitter_card":"summary_large_image","twitter_misc":{"Escrito por":"Telinha","Tempo estimado de leitura":"1 minuto"},"schema":{"@context":"https:\/\/schema.org","@graph":[{"@type":"Article","@id":"https:\/\/portaltela.pt\/noticias\/2026\/02\/13\/barco-e-engolido-por-onda-na-california-2\/#article","isPartOf":{"@id":"https:\/\/portaltela.pt\/noticias\/2026\/02\/13\/barco-e-engolido-por-onda-na-california-2\/"},"author":{"name":"Telinha","@id":"https:\/\/portaltela.pt\/#\/schema\/person\/c4278d4a6028830caff9ee44b42d32ed"},"headline":"Barco \u00e9 engolido por onda na Calif\u00f3rnia","datePublished":"2026-02-13T10:55:43+00:00","mainEntityOfPage":{"@id":"https:\/\/portaltela.pt\/noticias\/2026\/02\/13\/barco-e-engolido-por-onda-na-california-2\/"},"wordCount":125,"image":{"@id":"https:\/\/portaltela.pt\/noticias\/2026\/02\/13\/barco-e-engolido-por-onda-na-california-2\/#primaryimage"},"thumbnailUrl":"https:\/\/portaltela.pt\/s.01k8rhncp4jt1\/2026\/02\/img_1280x722uu2026-02-13-10-54-17-2266647.jpg","keywords":["acidentes mar\u00edtimos","bombeiros","mar","pessoas","Resgate Mar\u00edtimo","salvamento"],"articleSection":["Not\u00edcias"],"inLanguage":"pt-PT"},{"@type":"WebPage","@id":"https:\/\/portaltela.pt\/noticias\/2026\/02\/13\/barco-e-engolido-por-onda-na-california-2\/","url":"https:\/\/portaltela.pt\/noticias\/2026\/02\/13\/barco-e-engolido-por-onda-na-california-2\/","name":"Barco \u00e9 engolido por onda na Calif\u00f3rnia - Portal Tela Portugal","isPartOf":{"@id":"https:\/\/portaltela.pt\/#website"},"primaryImageOfPage":{"@id":"https:\/\/portaltela.pt\/noticias\/2026\/02\/13\/barco-e-engolido-por-onda-na-california-2\/#primaryimage"},"image":{"@id":"https:\/\/portaltela.pt\/noticias\/2026\/02\/13\/barco-e-engolido-por-onda-na-california-2\/#primaryimage"},"thumbnailUrl":"https:\/\/portaltela.pt\/s.01k8rhncp4jt1\/2026\/02\/img_1280x722uu2026-02-13-10-54-17-2266647.jpg","datePublished":"2026-02-13T10:55:43+00:00","author":{"@id":"https:\/\/portaltela.pt\/#\/schema\/person\/c4278d4a6028830caff9ee44b42d32ed"},"breadcrumb":{"@id":"https:\/\/portaltela.pt\/noticias\/2026\/02\/13\/barco-e-engolido-por-onda-na-california-2\/#breadcrumb"},"inLanguage":"pt-PT","potentialAction":[{"@type":"ReadAction","target":["https:\/\/portaltela.pt\/noticias\/2026\/02\/13\/barco-e-engolido-por-onda-na-california-2\/"]}]},{"@type":"ImageObject","inLanguage":"pt-PT","@id":"https:\/\/portaltela.pt\/noticias\/2026\/02\/13\/barco-e-engolido-por-onda-na-california-2\/#primaryimage","url":"https:\/\/portaltela.pt\/s.01k8rhncp4jt1\/2026\/02\/img_1280x722uu2026-02-13-10-54-17-2266647.jpg","contentUrl":"https:\/\/portaltela.pt\/s.01k8rhncp4jt1\/2026\/02\/img_1280x722uu2026-02-13-10-54-17-2266647.jpg","width":796,"height":448,"caption":"Imagem do incidente na costa de Santa Cruz, Calif\u00f3rnia."},{"@type":"BreadcrumbList","@id":"https:\/\/portaltela.pt\/noticias\/2026\/02\/13\/barco-e-engolido-por-onda-na-california-2\/#breadcrumb","itemListElement":[{"@type":"ListItem","position":1,"name":"In\u00edcio","item":"https:\/\/portaltela.pt\/"},{"@type":"ListItem","position":2,"name":"Barco \u00e9 engolido por onda na Calif\u00f3rnia"}]},{"@type":"WebSite","@id":"https:\/\/portaltela.pt\/#website","url":"https:\/\/portaltela.pt\/","name":"Portal Tela Portugal","description":"","potentialAction":[{"@type":"SearchAction","target":{"@type":"EntryPoint","urlTemplate":"https:\/\/portaltela.pt\/?s={search_term_string}"},"query-input":{"@type":"PropertyValueSpecification","valueRequired":true,"valueName":"search_term_string"}}],"inLanguage":"pt-PT"},{"@type":"Person","@id":"https:\/\/portaltela.pt\/#\/schema\/person\/c4278d4a6028830caff9ee44b42d32ed","name":"Telinha","image":{"@type":"ImageObject","inLanguage":"pt-PT","@id":"https:\/\/portaltela.pt\/s.01k8rhncp4jt1\/2025\/11\/talking-bot-125x125.png","url":"https:\/\/portaltela.pt\/s.01k8rhncp4jt1\/2025\/11\/talking-bot-125x125.png","contentUrl":"https:\/\/portaltela.pt\/s.01k8rhncp4jt1\/2025\/11\/talking-bot-125x125.png","caption":"Telinha"},"sameAs":["https:\/\/portaltela.pt\/"],"url":"https:\/\/portaltela.pt\/por\/367410592786\/"}]}},"_links":{"self":[{"href":"https:\/\/portaltela.pt\/api\/wp\/v2\/posts\/210678","targetHints":{"allow":["GET"]}}],"collection":[{"href":"https:\/\/portaltela.pt\/api\/wp\/v2\/posts"}],"about":[{"href":"https:\/\/portaltela.pt\/api\/wp\/v2\/types\/post"}],"author":[{"embeddable":true,"href":"https:\/\/portaltela.pt\/api\/wp\/v2\/users\/2"}],"replies":[{"embeddable":true,"href":"https:\/\/portaltela.pt\/api\/wp\/v2\/comments?post=210678"}],"version-history":[{"count":0,"href":"https:\/\/portaltela.pt\/api\/wp\/v2\/posts\/210678\/revisions"}],"wp:featuredmedia":[{"embeddable":true,"href":"https:\/\/portaltela.pt\/api\/wp\/v2\/media\/210681"}],"wp:attachment":[{"href":"https:\/\/portaltela.pt\/api\/wp\/v2\/media?parent=210678"}],"wp:term":[{"taxonomy":"category","embeddable":true,"href":"https:\/\/portaltela.pt\/api\/wp\/v2\/categories?post=210678"},{"taxonomy":"post_tag","embeddable":true,"href":"https:\/\/portaltela.pt\/api\/wp\/v2\/tags?post=210678"}],"curies":[{"name":"wp","href":"https:\/\/api.w.org\/{rel}","templated":true}]}}