{"id":210671,"date":"2026-02-13T07:55:40","date_gmt":"2026-02-13T10:55:40","guid":{"rendered":"https:\/\/portaltela.pt\/noticias\/2026\/02\/13\/michael-kors-celebra-45-o-aniversario-com-desfile-na-semana-de-moda-de-nova-iorque\/"},"modified":"2026-02-13T07:55:40","modified_gmt":"2026-02-13T10:55:40","slug":"michael-kors-celebra-45-o-aniversario-com-desfile-na-semana-de-moda-de-nova-iorque","status":"publish","type":"post","link":"https:\/\/portaltela.pt\/noticias\/2026\/02\/13\/michael-kors-celebra-45-o-aniversario-com-desfile-na-semana-de-moda-de-nova-iorque\/","title":{"rendered":"Michael Kors celebra 45.\u00ba anivers\u00e1rio com desfile na Semana de Moda de Nova Iorque"},"content":{"rendered":"<p>Michael Kors celebrou o 45.\u00ba anivers\u00e1rio da marca com um desfile na Semana da Moda de Nova Iorque, na noite desta quinta-feira. A apresenta\u00e7\u00e3o realizou-se no Metropolitan Opera House, em Nova Iorque, como parte do calend\u00e1rio da edi\u00e7\u00e3o Outono\/Inverno 2026.<\/p>\n<p>Tradicionalmente, Kors escolhe locais ic\u00f3nicos da cidade para os seus desfiles, e desta vez repetiu a f\u00f3rmula ao levar a cole\u00e7\u00e3o para um cen\u00e1rio de refer\u00eancia cultural e arquitet\u00f3nico. O foco esteve na celebra\u00e7\u00e3o de quatro d\u00e9cadas e meia de atividades da marca.<\/p>\n<p>A apresenta\u00e7\u00e3o ocorreu na data de 13 de fevereiro de 2026, conforme o comunicado da imprensa. O desfile integrou-se no conjunto de eventos da Semana da Moda de Nova Iorque e pretende marcar o marco hist\u00f3rico da marca no panorama da moda internacional.<\/p>\n","protected":false},"excerpt":{"rendered":"<ul>\n<li>O designer Michael Kors celebrou o 45.\u00ba anivers\u00e1rio da marca com um desfile durante a Semana da Moda de Nova Iorque.<\/li>\n<li>O evento ocorreu na quinta-feira, 13 de fevereiro de 2026, \u00e0s 10:55.<\/li>\n<li>A apresenta\u00e7\u00e3o revelou a cole\u00e7\u00e3o Outono\/Inverno 2026 da marca.<\/li>\n<li>O desfile teve lugar no Metropolitan Opera House, em Nova Iorque, conhecido por marcar eventos ic\u00f3nicos da grife.<\/li>\n<\/ul>\n","protected":false},"author":2,"featured_media":210672,"comment_status":"closed","ping_status":"closed","sticky":false,"template":"","format":"standard","meta":{"footnotes":""},"categories":[1],"tags":[142,145,3500,3731,135,5632],"class_list":["post-210671","post","type-post","status-publish","format-standard","has-post-thumbnail","hentry","category-noticias","tag-arquitetura","tag-cultura","tag-desfiles-internacionais","tag-eventos","tag-moda","tag-nova-iorque"],"yoast_head":"<!-- This site is optimized with the Yoast SEO plugin v27.2 - https:\/\/yoast.com\/product\/yoast-seo-wordpress\/ -->\n<title>Michael Kors celebra 45.\u00ba anivers\u00e1rio com desfile na Semana de Moda de Nova Iorque - Portal Tela Portugal<\/title>\n<meta name=\"robots\" content=\"index, follow, max-snippet:-1, max-image-preview:large, max-video-preview:-1\" \/>\n<meta property=\"og:locale\" content=\"pt_PT\" \/>\n<meta property=\"og:type\" content=\"article\" \/>\n<meta property=\"og:title\" content=\"Michael Kors celebra 45.\u00ba anivers\u00e1rio com desfile na Semana de Moda de Nova Iorque - Portal Tela Portugal\" \/>\n<meta property=\"og:description\" content=\"O designer Michael Kors celebrou o 45.\u00ba anivers\u00e1rio da marca com um desfile durante a Semana da Moda de Nova Iorque. O evento ocorreu na quinta-feira, 13 de fevereiro de 2026, \u00e0s 10:55. A apresenta\u00e7\u00e3o revelou a cole\u00e7\u00e3o Outono\/Inverno 2026 da marca. O desfile teve lugar no Metropolitan Opera House, em Nova Iorque, conhecido por marcar eventos ic\u00f3nicos da grife.\" \/>\n<meta property=\"og:url\" content=\"https:\/\/portaltela.pt\/noticias\/2026\/02\/13\/michael-kors-celebra-45-o-aniversario-com-desfile-na-semana-de-moda-de-nova-iorque\/\" \/>\n<meta property=\"og:site_name\" content=\"Portal Tela Portugal\" \/>\n<meta property=\"article:published_time\" content=\"2026-02-13T10:55:40+00:00\" \/>\n<meta name=\"author\" content=\"Telinha\" \/>\n<meta name=\"twitter:card\" content=\"summary_large_image\" \/>\n<meta name=\"twitter:label1\" content=\"Escrito por\" \/>\n\t<meta name=\"twitter:data1\" content=\"Telinha\" \/>\n\t<meta name=\"twitter:label2\" content=\"Tempo estimado de leitura\" \/>\n\t<meta name=\"twitter:data2\" content=\"1 minuto\" \/>\n<script type=\"application\/ld+json\" class=\"yoast-schema-graph\">{\"@context\":\"https:\/\/schema.org\",\"@graph\":[{\"@type\":\"Article\",\"@id\":\"https:\/\/portaltela.pt\/noticias\/2026\/02\/13\/michael-kors-celebra-45-o-aniversario-com-desfile-na-semana-de-moda-de-nova-iorque\/#article\",\"isPartOf\":{\"@id\":\"https:\/\/portaltela.pt\/noticias\/2026\/02\/13\/michael-kors-celebra-45-o-aniversario-com-desfile-na-semana-de-moda-de-nova-iorque\/\"},\"author\":{\"name\":\"Telinha\",\"@id\":\"https:\/\/portaltela.pt\/#\/schema\/person\/c4278d4a6028830caff9ee44b42d32ed\"},\"headline\":\"Michael Kors celebra 45.\u00ba anivers\u00e1rio com desfile na Semana de Moda de Nova Iorque\",\"datePublished\":\"2026-02-13T10:55:40+00:00\",\"mainEntityOfPage\":{\"@id\":\"https:\/\/portaltela.pt\/noticias\/2026\/02\/13\/michael-kors-celebra-45-o-aniversario-com-desfile-na-semana-de-moda-de-nova-iorque\/\"},\"wordCount\":151,\"image\":{\"@id\":\"https:\/\/portaltela.pt\/noticias\/2026\/02\/13\/michael-kors-celebra-45-o-aniversario-com-desfile-na-semana-de-moda-de-nova-iorque\/#primaryimage\"},\"thumbnailUrl\":\"https:\/\/portaltela.pt\/s.01k8rhncp4jt1\/2026\/02\/img_1280x722uu2026-02-13-10-54-30-2266650.jpg\",\"keywords\":[\"arquitetura\",\"cultura\",\"desfiles internacionais\",\"eventos\",\"moda\",\"Nova Iorque\"],\"articleSection\":[\"Not\u00edcias\"],\"inLanguage\":\"pt-PT\"},{\"@type\":\"WebPage\",\"@id\":\"https:\/\/portaltela.pt\/noticias\/2026\/02\/13\/michael-kors-celebra-45-o-aniversario-com-desfile-na-semana-de-moda-de-nova-iorque\/\",\"url\":\"https:\/\/portaltela.pt\/noticias\/2026\/02\/13\/michael-kors-celebra-45-o-aniversario-com-desfile-na-semana-de-moda-de-nova-iorque\/\",\"name\":\"Michael Kors celebra 45.\u00ba anivers\u00e1rio com desfile na Semana de Moda de Nova Iorque - Portal Tela Portugal\",\"isPartOf\":{\"@id\":\"https:\/\/portaltela.pt\/#website\"},\"primaryImageOfPage\":{\"@id\":\"https:\/\/portaltela.pt\/noticias\/2026\/02\/13\/michael-kors-celebra-45-o-aniversario-com-desfile-na-semana-de-moda-de-nova-iorque\/#primaryimage\"},\"image\":{\"@id\":\"https:\/\/portaltela.pt\/noticias\/2026\/02\/13\/michael-kors-celebra-45-o-aniversario-com-desfile-na-semana-de-moda-de-nova-iorque\/#primaryimage\"},\"thumbnailUrl\":\"https:\/\/portaltela.pt\/s.01k8rhncp4jt1\/2026\/02\/img_1280x722uu2026-02-13-10-54-30-2266650.jpg\",\"datePublished\":\"2026-02-13T10:55:40+00:00\",\"author\":{\"@id\":\"https:\/\/portaltela.pt\/#\/schema\/person\/c4278d4a6028830caff9ee44b42d32ed\"},\"breadcrumb\":{\"@id\":\"https:\/\/portaltela.pt\/noticias\/2026\/02\/13\/michael-kors-celebra-45-o-aniversario-com-desfile-na-semana-de-moda-de-nova-iorque\/#breadcrumb\"},\"inLanguage\":\"pt-PT\",\"potentialAction\":[{\"@type\":\"ReadAction\",\"target\":[\"https:\/\/portaltela.pt\/noticias\/2026\/02\/13\/michael-kors-celebra-45-o-aniversario-com-desfile-na-semana-de-moda-de-nova-iorque\/\"]}]},{\"@type\":\"ImageObject\",\"inLanguage\":\"pt-PT\",\"@id\":\"https:\/\/portaltela.pt\/noticias\/2026\/02\/13\/michael-kors-celebra-45-o-aniversario-com-desfile-na-semana-de-moda-de-nova-iorque\/#primaryimage\",\"url\":\"https:\/\/portaltela.pt\/s.01k8rhncp4jt1\/2026\/02\/img_1280x722uu2026-02-13-10-54-30-2266650.jpg\",\"contentUrl\":\"https:\/\/portaltela.pt\/s.01k8rhncp4jt1\/2026\/02\/img_1280x722uu2026-02-13-10-54-30-2266650.jpg\",\"width\":796,\"height\":448,\"caption\":\"Michael Kors celebra o 45.\u00ba anivers\u00e1rio da marca com desfile na Semana da Moda de Nova Iorque\"},{\"@type\":\"BreadcrumbList\",\"@id\":\"https:\/\/portaltela.pt\/noticias\/2026\/02\/13\/michael-kors-celebra-45-o-aniversario-com-desfile-na-semana-de-moda-de-nova-iorque\/#breadcrumb\",\"itemListElement\":[{\"@type\":\"ListItem\",\"position\":1,\"name\":\"In\u00edcio\",\"item\":\"https:\/\/portaltela.pt\/\"},{\"@type\":\"ListItem\",\"position\":2,\"name\":\"Michael Kors celebra 45.\u00ba anivers\u00e1rio com desfile na Semana de Moda de Nova Iorque\"}]},{\"@type\":\"WebSite\",\"@id\":\"https:\/\/portaltela.pt\/#website\",\"url\":\"https:\/\/portaltela.pt\/\",\"name\":\"Portal Tela Portugal\",\"description\":\"\",\"potentialAction\":[{\"@type\":\"SearchAction\",\"target\":{\"@type\":\"EntryPoint\",\"urlTemplate\":\"https:\/\/portaltela.pt\/?s={search_term_string}\"},\"query-input\":{\"@type\":\"PropertyValueSpecification\",\"valueRequired\":true,\"valueName\":\"search_term_string\"}}],\"inLanguage\":\"pt-PT\"},{\"@type\":\"Person\",\"@id\":\"https:\/\/portaltela.pt\/#\/schema\/person\/c4278d4a6028830caff9ee44b42d32ed\",\"name\":\"Telinha\",\"image\":{\"@type\":\"ImageObject\",\"inLanguage\":\"pt-PT\",\"@id\":\"https:\/\/portaltela.pt\/s.01k8rhncp4jt1\/2025\/11\/talking-bot-125x125.png\",\"url\":\"https:\/\/portaltela.pt\/s.01k8rhncp4jt1\/2025\/11\/talking-bot-125x125.png\",\"contentUrl\":\"https:\/\/portaltela.pt\/s.01k8rhncp4jt1\/2025\/11\/talking-bot-125x125.png\",\"caption\":\"Telinha\"},\"sameAs\":[\"https:\/\/portaltela.pt\/\"],\"url\":\"https:\/\/portaltela.pt\/por\/367410592786\/\"}]}<\/script>\n<!-- \/ Yoast SEO plugin. -->","yoast_head_json":{"title":"Michael Kors celebra 45.\u00ba anivers\u00e1rio com desfile na Semana de Moda de Nova Iorque - Portal Tela Portugal","robots":{"index":"index","follow":"follow","max-snippet":"max-snippet:-1","max-image-preview":"max-image-preview:large","max-video-preview":"max-video-preview:-1"},"og_locale":"pt_PT","og_type":"article","og_title":"Michael Kors celebra 45.\u00ba anivers\u00e1rio com desfile na Semana de Moda de Nova Iorque - Portal Tela Portugal","og_description":"O designer Michael Kors celebrou o 45.\u00ba anivers\u00e1rio da marca com um desfile durante a Semana da Moda de Nova Iorque. O evento ocorreu na quinta-feira, 13 de fevereiro de 2026, \u00e0s 10:55. A apresenta\u00e7\u00e3o revelou a cole\u00e7\u00e3o Outono\/Inverno 2026 da marca. O desfile teve lugar no Metropolitan Opera House, em Nova Iorque, conhecido por marcar eventos ic\u00f3nicos da grife.","og_url":"https:\/\/portaltela.pt\/noticias\/2026\/02\/13\/michael-kors-celebra-45-o-aniversario-com-desfile-na-semana-de-moda-de-nova-iorque\/","og_site_name":"Portal Tela Portugal","article_published_time":"2026-02-13T10:55:40+00:00","author":"Telinha","twitter_card":"summary_large_image","twitter_misc":{"Escrito por":"Telinha","Tempo estimado de leitura":"1 minuto"},"schema":{"@context":"https:\/\/schema.org","@graph":[{"@type":"Article","@id":"https:\/\/portaltela.pt\/noticias\/2026\/02\/13\/michael-kors-celebra-45-o-aniversario-com-desfile-na-semana-de-moda-de-nova-iorque\/#article","isPartOf":{"@id":"https:\/\/portaltela.pt\/noticias\/2026\/02\/13\/michael-kors-celebra-45-o-aniversario-com-desfile-na-semana-de-moda-de-nova-iorque\/"},"author":{"name":"Telinha","@id":"https:\/\/portaltela.pt\/#\/schema\/person\/c4278d4a6028830caff9ee44b42d32ed"},"headline":"Michael Kors celebra 45.\u00ba anivers\u00e1rio com desfile na Semana de Moda de Nova Iorque","datePublished":"2026-02-13T10:55:40+00:00","mainEntityOfPage":{"@id":"https:\/\/portaltela.pt\/noticias\/2026\/02\/13\/michael-kors-celebra-45-o-aniversario-com-desfile-na-semana-de-moda-de-nova-iorque\/"},"wordCount":151,"image":{"@id":"https:\/\/portaltela.pt\/noticias\/2026\/02\/13\/michael-kors-celebra-45-o-aniversario-com-desfile-na-semana-de-moda-de-nova-iorque\/#primaryimage"},"thumbnailUrl":"https:\/\/portaltela.pt\/s.01k8rhncp4jt1\/2026\/02\/img_1280x722uu2026-02-13-10-54-30-2266650.jpg","keywords":["arquitetura","cultura","desfiles internacionais","eventos","moda","Nova Iorque"],"articleSection":["Not\u00edcias"],"inLanguage":"pt-PT"},{"@type":"WebPage","@id":"https:\/\/portaltela.pt\/noticias\/2026\/02\/13\/michael-kors-celebra-45-o-aniversario-com-desfile-na-semana-de-moda-de-nova-iorque\/","url":"https:\/\/portaltela.pt\/noticias\/2026\/02\/13\/michael-kors-celebra-45-o-aniversario-com-desfile-na-semana-de-moda-de-nova-iorque\/","name":"Michael Kors celebra 45.\u00ba anivers\u00e1rio com desfile na Semana de Moda de Nova Iorque - Portal Tela Portugal","isPartOf":{"@id":"https:\/\/portaltela.pt\/#website"},"primaryImageOfPage":{"@id":"https:\/\/portaltela.pt\/noticias\/2026\/02\/13\/michael-kors-celebra-45-o-aniversario-com-desfile-na-semana-de-moda-de-nova-iorque\/#primaryimage"},"image":{"@id":"https:\/\/portaltela.pt\/noticias\/2026\/02\/13\/michael-kors-celebra-45-o-aniversario-com-desfile-na-semana-de-moda-de-nova-iorque\/#primaryimage"},"thumbnailUrl":"https:\/\/portaltela.pt\/s.01k8rhncp4jt1\/2026\/02\/img_1280x722uu2026-02-13-10-54-30-2266650.jpg","datePublished":"2026-02-13T10:55:40+00:00","author":{"@id":"https:\/\/portaltela.pt\/#\/schema\/person\/c4278d4a6028830caff9ee44b42d32ed"},"breadcrumb":{"@id":"https:\/\/portaltela.pt\/noticias\/2026\/02\/13\/michael-kors-celebra-45-o-aniversario-com-desfile-na-semana-de-moda-de-nova-iorque\/#breadcrumb"},"inLanguage":"pt-PT","potentialAction":[{"@type":"ReadAction","target":["https:\/\/portaltela.pt\/noticias\/2026\/02\/13\/michael-kors-celebra-45-o-aniversario-com-desfile-na-semana-de-moda-de-nova-iorque\/"]}]},{"@type":"ImageObject","inLanguage":"pt-PT","@id":"https:\/\/portaltela.pt\/noticias\/2026\/02\/13\/michael-kors-celebra-45-o-aniversario-com-desfile-na-semana-de-moda-de-nova-iorque\/#primaryimage","url":"https:\/\/portaltela.pt\/s.01k8rhncp4jt1\/2026\/02\/img_1280x722uu2026-02-13-10-54-30-2266650.jpg","contentUrl":"https:\/\/portaltela.pt\/s.01k8rhncp4jt1\/2026\/02\/img_1280x722uu2026-02-13-10-54-30-2266650.jpg","width":796,"height":448,"caption":"Michael Kors celebra o 45.\u00ba anivers\u00e1rio da marca com desfile na Semana da Moda de Nova Iorque"},{"@type":"BreadcrumbList","@id":"https:\/\/portaltela.pt\/noticias\/2026\/02\/13\/michael-kors-celebra-45-o-aniversario-com-desfile-na-semana-de-moda-de-nova-iorque\/#breadcrumb","itemListElement":[{"@type":"ListItem","position":1,"name":"In\u00edcio","item":"https:\/\/portaltela.pt\/"},{"@type":"ListItem","position":2,"name":"Michael Kors celebra 45.\u00ba anivers\u00e1rio com desfile na Semana de Moda de Nova Iorque"}]},{"@type":"WebSite","@id":"https:\/\/portaltela.pt\/#website","url":"https:\/\/portaltela.pt\/","name":"Portal Tela Portugal","description":"","potentialAction":[{"@type":"SearchAction","target":{"@type":"EntryPoint","urlTemplate":"https:\/\/portaltela.pt\/?s={search_term_string}"},"query-input":{"@type":"PropertyValueSpecification","valueRequired":true,"valueName":"search_term_string"}}],"inLanguage":"pt-PT"},{"@type":"Person","@id":"https:\/\/portaltela.pt\/#\/schema\/person\/c4278d4a6028830caff9ee44b42d32ed","name":"Telinha","image":{"@type":"ImageObject","inLanguage":"pt-PT","@id":"https:\/\/portaltela.pt\/s.01k8rhncp4jt1\/2025\/11\/talking-bot-125x125.png","url":"https:\/\/portaltela.pt\/s.01k8rhncp4jt1\/2025\/11\/talking-bot-125x125.png","contentUrl":"https:\/\/portaltela.pt\/s.01k8rhncp4jt1\/2025\/11\/talking-bot-125x125.png","caption":"Telinha"},"sameAs":["https:\/\/portaltela.pt\/"],"url":"https:\/\/portaltela.pt\/por\/367410592786\/"}]}},"_links":{"self":[{"href":"https:\/\/portaltela.pt\/api\/wp\/v2\/posts\/210671","targetHints":{"allow":["GET"]}}],"collection":[{"href":"https:\/\/portaltela.pt\/api\/wp\/v2\/posts"}],"about":[{"href":"https:\/\/portaltela.pt\/api\/wp\/v2\/types\/post"}],"author":[{"embeddable":true,"href":"https:\/\/portaltela.pt\/api\/wp\/v2\/users\/2"}],"replies":[{"embeddable":true,"href":"https:\/\/portaltela.pt\/api\/wp\/v2\/comments?post=210671"}],"version-history":[{"count":0,"href":"https:\/\/portaltela.pt\/api\/wp\/v2\/posts\/210671\/revisions"}],"wp:featuredmedia":[{"embeddable":true,"href":"https:\/\/portaltela.pt\/api\/wp\/v2\/media\/210672"}],"wp:attachment":[{"href":"https:\/\/portaltela.pt\/api\/wp\/v2\/media?parent=210671"}],"wp:term":[{"taxonomy":"category","embeddable":true,"href":"https:\/\/portaltela.pt\/api\/wp\/v2\/categories?post=210671"},{"taxonomy":"post_tag","embeddable":true,"href":"https:\/\/portaltela.pt\/api\/wp\/v2\/tags?post=210671"}],"curies":[{"name":"wp","href":"https:\/\/api.w.org\/{rel}","templated":true}]}}