{"id":210655,"date":"2026-02-13T07:41:46","date_gmt":"2026-02-13T10:41:46","guid":{"rendered":"https:\/\/portaltela.pt\/noticias\/2026\/02\/13\/luis-enrique-rende-se-a-nuno-mendes-nao-sei-se-o-jogador-perfeito-existe\/"},"modified":"2026-02-13T07:41:46","modified_gmt":"2026-02-13T10:41:46","slug":"luis-enrique-rende-se-a-nuno-mendes-nao-sei-se-o-jogador-perfeito-existe","status":"publish","type":"post","link":"https:\/\/portaltela.pt\/desporto\/futebol\/2026\/02\/13\/luis-enrique-rende-se-a-nuno-mendes-nao-sei-se-o-jogador-perfeito-existe\/","title":{"rendered":"Luis Enrique rende-se a Nuno Mendes: n\u00e3o sei se o jogador perfeito existe"},"content":{"rendered":"<p>O PSG desloca-se a Rennes nesta sexta-feira para abrir a 22\u00aa jornada da Ligue 1, num embate que anteceda a primeira m\u00e3o do playoff da Champions frente ao Monaco, na ter\u00e7a-feira.<\/p>\n<p>O t\u00e9cnico Luis Enrique n\u00e3o pode contar com Fabi\u00e1n Ruiz e Mayulu para o jogo em solo franc\u00eas, embora o elenco lusitano esteja completo para a desloca\u00e7\u00e3o. Nuno Mendes volta a merecer elogios do lote de jogadores, valorizado pela equipa t\u00e9cnica.<\/p>\n<p>O Paris Saint-Germain lidera o campeonato, com dois pontos de vantagem sobre o Lens, antes do confronto com o Rennes. A equipa busca manter a lideran\u00e7a na prova dom\u00e9stica enquanto prepara o desafio europeu.<\/p>\n<p>Luis Enrique real\u00e7ou que Nuno Mendes re\u00fane um conjunto de qualidades f\u00edsicas, t\u00e9cnicas e de personalidade que o aproximam do que seria o jogador ideal, refor\u00e7ando o impacto do defesa-esquerdo no desempenho da equipa.<\/p>\n","protected":false},"excerpt":{"rendered":"<ul>\n<li>O Paris Saint\u2011Germain desloca-se a Rennes na abertura da 22\u00aa jornada da Ligue 1, antes da 1\u00aa m\u00e3o do playoff da Champions contra o Monaco, na ter\u00e7a-feira.<\/li>\n<li>Luis Enrique afirma que este \u00e9 o melhor momento da temporada para o PSG.<\/li>\n<li>O treinador n\u00e3o pode contar com Fabi\u00e1n Ruiz e Mayulu, mas tem o quarteto luso dispon\u00edvel.<\/li>\n<li>O t\u00e9cnico elogia Nuno Mendes, dizendo que n\u00e3o existe jogador perfeito, mas Mendes est\u00e1 perto disso pelas suas qualidades f\u00edsicas, t\u00e9cnicas e de personalidade.<\/li>\n<li>O PSG mant\u00e9m uma vantagem de dois pontos sobre o Lens na Ligue 1.<\/li>\n<\/ul>\n","protected":false},"author":2,"featured_media":210658,"comment_status":"closed","ping_status":"closed","sticky":false,"template":"","format":"standard","meta":{"footnotes":""},"categories":[21,24],"tags":[3577,152,32,3338,2346,2753],"class_list":["post-210655","post","type-post","status-publish","format-standard","has-post-thumbnail","hentry","category-desporto","category-futebol","tag-champions-league","tag-desporto","tag-futebol","tag-futebol-internacional","tag-ligue","tag-nuno-mendes"],"yoast_head":"<!-- This site is optimized with the Yoast SEO plugin v27.2 - https:\/\/yoast.com\/product\/yoast-seo-wordpress\/ -->\n<title>Luis Enrique rende-se a Nuno Mendes: n\u00e3o sei se o jogador perfeito existe - Portal Tela Portugal<\/title>\n<meta name=\"robots\" content=\"index, follow, max-snippet:-1, max-image-preview:large, max-video-preview:-1\" \/>\n<meta property=\"og:locale\" content=\"pt_PT\" \/>\n<meta property=\"og:type\" content=\"article\" \/>\n<meta property=\"og:title\" content=\"Luis Enrique rende-se a Nuno Mendes: n\u00e3o sei se o jogador perfeito existe - Portal Tela Portugal\" \/>\n<meta property=\"og:description\" content=\"O Paris Saint\u2011Germain desloca-se a Rennes na abertura da 22\u00aa jornada da Ligue 1, antes da 1\u00aa m\u00e3o do playoff da Champions contra o Monaco, na ter\u00e7a-feira. Luis Enrique afirma que este \u00e9 o melhor momento da temporada para o PSG. O treinador n\u00e3o pode contar com Fabi\u00e1n Ruiz e Mayulu, mas tem o quarteto luso dispon\u00edvel. O t\u00e9cnico elogia Nuno Mendes, dizendo que n\u00e3o existe jogador perfeito, mas Mendes est\u00e1 perto disso pelas suas qualidades f\u00edsicas, t\u00e9cnicas e de personalidade. O PSG mant\u00e9m uma vantagem de dois pontos sobre o Lens na Ligue 1.\" \/>\n<meta property=\"og:url\" content=\"https:\/\/portaltela.pt\/noticias\/2026\/02\/13\/luis-enrique-rende-se-a-nuno-mendes-nao-sei-se-o-jogador-perfeito-existe\/\" \/>\n<meta property=\"og:site_name\" content=\"Portal Tela Portugal\" \/>\n<meta property=\"article:published_time\" content=\"2026-02-13T10:41:46+00:00\" \/>\n<meta name=\"author\" content=\"Telinha\" \/>\n<meta name=\"twitter:card\" content=\"summary_large_image\" \/>\n<meta name=\"twitter:label1\" content=\"Escrito por\" \/>\n\t<meta name=\"twitter:data1\" content=\"Telinha\" \/>\n\t<meta name=\"twitter:label2\" content=\"Tempo estimado de leitura\" \/>\n\t<meta name=\"twitter:data2\" content=\"1 minuto\" \/>\n<script type=\"application\/ld+json\" class=\"yoast-schema-graph\">{\"@context\":\"https:\/\/schema.org\",\"@graph\":[{\"@type\":\"Article\",\"@id\":\"https:\/\/portaltela.pt\/noticias\/2026\/02\/13\/luis-enrique-rende-se-a-nuno-mendes-nao-sei-se-o-jogador-perfeito-existe\/#article\",\"isPartOf\":{\"@id\":\"https:\/\/portaltela.pt\/noticias\/2026\/02\/13\/luis-enrique-rende-se-a-nuno-mendes-nao-sei-se-o-jogador-perfeito-existe\/\"},\"author\":{\"name\":\"Telinha\",\"@id\":\"https:\/\/portaltela.pt\/#\/schema\/person\/c4278d4a6028830caff9ee44b42d32ed\"},\"headline\":\"Luis Enrique rende-se a Nuno Mendes: n\u00e3o sei se o jogador perfeito existe\",\"datePublished\":\"2026-02-13T10:41:46+00:00\",\"mainEntityOfPage\":{\"@id\":\"https:\/\/portaltela.pt\/noticias\/2026\/02\/13\/luis-enrique-rende-se-a-nuno-mendes-nao-sei-se-o-jogador-perfeito-existe\/\"},\"wordCount\":167,\"image\":{\"@id\":\"https:\/\/portaltela.pt\/noticias\/2026\/02\/13\/luis-enrique-rende-se-a-nuno-mendes-nao-sei-se-o-jogador-perfeito-existe\/#primaryimage\"},\"thumbnailUrl\":\"https:\/\/portaltela.pt\/s.01k8rhncp4jt1\/2026\/02\/img_920x518uu2026-01-19-16-45-08-2415770-im-639065759636181324.jpg\",\"keywords\":[\"Champions League\",\"desporto\",\"futebol\",\"futebol internacional\",\"Ligue\",\"Nuno Mendes\"],\"articleSection\":[\"Desporto\",\"Futebol\"],\"inLanguage\":\"pt-PT\"},{\"@type\":\"WebPage\",\"@id\":\"https:\/\/portaltela.pt\/noticias\/2026\/02\/13\/luis-enrique-rende-se-a-nuno-mendes-nao-sei-se-o-jogador-perfeito-existe\/\",\"url\":\"https:\/\/portaltela.pt\/noticias\/2026\/02\/13\/luis-enrique-rende-se-a-nuno-mendes-nao-sei-se-o-jogador-perfeito-existe\/\",\"name\":\"Luis Enrique rende-se a Nuno Mendes: n\u00e3o sei se o jogador perfeito existe - Portal Tela Portugal\",\"isPartOf\":{\"@id\":\"https:\/\/portaltela.pt\/#website\"},\"primaryImageOfPage\":{\"@id\":\"https:\/\/portaltela.pt\/noticias\/2026\/02\/13\/luis-enrique-rende-se-a-nuno-mendes-nao-sei-se-o-jogador-perfeito-existe\/#primaryimage\"},\"image\":{\"@id\":\"https:\/\/portaltela.pt\/noticias\/2026\/02\/13\/luis-enrique-rende-se-a-nuno-mendes-nao-sei-se-o-jogador-perfeito-existe\/#primaryimage\"},\"thumbnailUrl\":\"https:\/\/portaltela.pt\/s.01k8rhncp4jt1\/2026\/02\/img_920x518uu2026-01-19-16-45-08-2415770-im-639065759636181324.jpg\",\"datePublished\":\"2026-02-13T10:41:46+00:00\",\"author\":{\"@id\":\"https:\/\/portaltela.pt\/#\/schema\/person\/c4278d4a6028830caff9ee44b42d32ed\"},\"breadcrumb\":{\"@id\":\"https:\/\/portaltela.pt\/noticias\/2026\/02\/13\/luis-enrique-rende-se-a-nuno-mendes-nao-sei-se-o-jogador-perfeito-existe\/#breadcrumb\"},\"inLanguage\":\"pt-PT\",\"potentialAction\":[{\"@type\":\"ReadAction\",\"target\":[\"https:\/\/portaltela.pt\/noticias\/2026\/02\/13\/luis-enrique-rende-se-a-nuno-mendes-nao-sei-se-o-jogador-perfeito-existe\/\"]}]},{\"@type\":\"ImageObject\",\"inLanguage\":\"pt-PT\",\"@id\":\"https:\/\/portaltela.pt\/noticias\/2026\/02\/13\/luis-enrique-rende-se-a-nuno-mendes-nao-sei-se-o-jogador-perfeito-existe\/#primaryimage\",\"url\":\"https:\/\/portaltela.pt\/s.01k8rhncp4jt1\/2026\/02\/img_920x518uu2026-01-19-16-45-08-2415770-im-639065759636181324.jpg\",\"contentUrl\":\"https:\/\/portaltela.pt\/s.01k8rhncp4jt1\/2026\/02\/img_920x518uu2026-01-19-16-45-08-2415770-im-639065759636181324.jpg\",\"width\":796,\"height\":448,\"caption\":\"Nuno Mendes vai na quinta \u00e9poca ao servi\u00e7o do PSG\"},{\"@type\":\"BreadcrumbList\",\"@id\":\"https:\/\/portaltela.pt\/noticias\/2026\/02\/13\/luis-enrique-rende-se-a-nuno-mendes-nao-sei-se-o-jogador-perfeito-existe\/#breadcrumb\",\"itemListElement\":[{\"@type\":\"ListItem\",\"position\":1,\"name\":\"In\u00edcio\",\"item\":\"https:\/\/portaltela.pt\/\"},{\"@type\":\"ListItem\",\"position\":2,\"name\":\"Luis Enrique rende-se a Nuno Mendes: n\u00e3o sei se o jogador perfeito existe\"}]},{\"@type\":\"WebSite\",\"@id\":\"https:\/\/portaltela.pt\/#website\",\"url\":\"https:\/\/portaltela.pt\/\",\"name\":\"Portal Tela Portugal\",\"description\":\"\",\"potentialAction\":[{\"@type\":\"SearchAction\",\"target\":{\"@type\":\"EntryPoint\",\"urlTemplate\":\"https:\/\/portaltela.pt\/?s={search_term_string}\"},\"query-input\":{\"@type\":\"PropertyValueSpecification\",\"valueRequired\":true,\"valueName\":\"search_term_string\"}}],\"inLanguage\":\"pt-PT\"},{\"@type\":\"Person\",\"@id\":\"https:\/\/portaltela.pt\/#\/schema\/person\/c4278d4a6028830caff9ee44b42d32ed\",\"name\":\"Telinha\",\"image\":{\"@type\":\"ImageObject\",\"inLanguage\":\"pt-PT\",\"@id\":\"https:\/\/portaltela.pt\/s.01k8rhncp4jt1\/2025\/11\/talking-bot-125x125.png\",\"url\":\"https:\/\/portaltela.pt\/s.01k8rhncp4jt1\/2025\/11\/talking-bot-125x125.png\",\"contentUrl\":\"https:\/\/portaltela.pt\/s.01k8rhncp4jt1\/2025\/11\/talking-bot-125x125.png\",\"caption\":\"Telinha\"},\"sameAs\":[\"https:\/\/portaltela.pt\/\"],\"url\":\"https:\/\/portaltela.pt\/por\/367410592786\/\"}]}<\/script>\n<!-- \/ Yoast SEO plugin. -->","yoast_head_json":{"title":"Luis Enrique rende-se a Nuno Mendes: n\u00e3o sei se o jogador perfeito existe - Portal Tela Portugal","robots":{"index":"index","follow":"follow","max-snippet":"max-snippet:-1","max-image-preview":"max-image-preview:large","max-video-preview":"max-video-preview:-1"},"og_locale":"pt_PT","og_type":"article","og_title":"Luis Enrique rende-se a Nuno Mendes: n\u00e3o sei se o jogador perfeito existe - Portal Tela Portugal","og_description":"O Paris Saint\u2011Germain desloca-se a Rennes na abertura da 22\u00aa jornada da Ligue 1, antes da 1\u00aa m\u00e3o do playoff da Champions contra o Monaco, na ter\u00e7a-feira. Luis Enrique afirma que este \u00e9 o melhor momento da temporada para o PSG. O treinador n\u00e3o pode contar com Fabi\u00e1n Ruiz e Mayulu, mas tem o quarteto luso dispon\u00edvel. O t\u00e9cnico elogia Nuno Mendes, dizendo que n\u00e3o existe jogador perfeito, mas Mendes est\u00e1 perto disso pelas suas qualidades f\u00edsicas, t\u00e9cnicas e de personalidade. O PSG mant\u00e9m uma vantagem de dois pontos sobre o Lens na Ligue 1.","og_url":"https:\/\/portaltela.pt\/noticias\/2026\/02\/13\/luis-enrique-rende-se-a-nuno-mendes-nao-sei-se-o-jogador-perfeito-existe\/","og_site_name":"Portal Tela Portugal","article_published_time":"2026-02-13T10:41:46+00:00","author":"Telinha","twitter_card":"summary_large_image","twitter_misc":{"Escrito por":"Telinha","Tempo estimado de leitura":"1 minuto"},"schema":{"@context":"https:\/\/schema.org","@graph":[{"@type":"Article","@id":"https:\/\/portaltela.pt\/noticias\/2026\/02\/13\/luis-enrique-rende-se-a-nuno-mendes-nao-sei-se-o-jogador-perfeito-existe\/#article","isPartOf":{"@id":"https:\/\/portaltela.pt\/noticias\/2026\/02\/13\/luis-enrique-rende-se-a-nuno-mendes-nao-sei-se-o-jogador-perfeito-existe\/"},"author":{"name":"Telinha","@id":"https:\/\/portaltela.pt\/#\/schema\/person\/c4278d4a6028830caff9ee44b42d32ed"},"headline":"Luis Enrique rende-se a Nuno Mendes: n\u00e3o sei se o jogador perfeito existe","datePublished":"2026-02-13T10:41:46+00:00","mainEntityOfPage":{"@id":"https:\/\/portaltela.pt\/noticias\/2026\/02\/13\/luis-enrique-rende-se-a-nuno-mendes-nao-sei-se-o-jogador-perfeito-existe\/"},"wordCount":167,"image":{"@id":"https:\/\/portaltela.pt\/noticias\/2026\/02\/13\/luis-enrique-rende-se-a-nuno-mendes-nao-sei-se-o-jogador-perfeito-existe\/#primaryimage"},"thumbnailUrl":"https:\/\/portaltela.pt\/s.01k8rhncp4jt1\/2026\/02\/img_920x518uu2026-01-19-16-45-08-2415770-im-639065759636181324.jpg","keywords":["Champions League","desporto","futebol","futebol internacional","Ligue","Nuno Mendes"],"articleSection":["Desporto","Futebol"],"inLanguage":"pt-PT"},{"@type":"WebPage","@id":"https:\/\/portaltela.pt\/noticias\/2026\/02\/13\/luis-enrique-rende-se-a-nuno-mendes-nao-sei-se-o-jogador-perfeito-existe\/","url":"https:\/\/portaltela.pt\/noticias\/2026\/02\/13\/luis-enrique-rende-se-a-nuno-mendes-nao-sei-se-o-jogador-perfeito-existe\/","name":"Luis Enrique rende-se a Nuno Mendes: n\u00e3o sei se o jogador perfeito existe - Portal Tela Portugal","isPartOf":{"@id":"https:\/\/portaltela.pt\/#website"},"primaryImageOfPage":{"@id":"https:\/\/portaltela.pt\/noticias\/2026\/02\/13\/luis-enrique-rende-se-a-nuno-mendes-nao-sei-se-o-jogador-perfeito-existe\/#primaryimage"},"image":{"@id":"https:\/\/portaltela.pt\/noticias\/2026\/02\/13\/luis-enrique-rende-se-a-nuno-mendes-nao-sei-se-o-jogador-perfeito-existe\/#primaryimage"},"thumbnailUrl":"https:\/\/portaltela.pt\/s.01k8rhncp4jt1\/2026\/02\/img_920x518uu2026-01-19-16-45-08-2415770-im-639065759636181324.jpg","datePublished":"2026-02-13T10:41:46+00:00","author":{"@id":"https:\/\/portaltela.pt\/#\/schema\/person\/c4278d4a6028830caff9ee44b42d32ed"},"breadcrumb":{"@id":"https:\/\/portaltela.pt\/noticias\/2026\/02\/13\/luis-enrique-rende-se-a-nuno-mendes-nao-sei-se-o-jogador-perfeito-existe\/#breadcrumb"},"inLanguage":"pt-PT","potentialAction":[{"@type":"ReadAction","target":["https:\/\/portaltela.pt\/noticias\/2026\/02\/13\/luis-enrique-rende-se-a-nuno-mendes-nao-sei-se-o-jogador-perfeito-existe\/"]}]},{"@type":"ImageObject","inLanguage":"pt-PT","@id":"https:\/\/portaltela.pt\/noticias\/2026\/02\/13\/luis-enrique-rende-se-a-nuno-mendes-nao-sei-se-o-jogador-perfeito-existe\/#primaryimage","url":"https:\/\/portaltela.pt\/s.01k8rhncp4jt1\/2026\/02\/img_920x518uu2026-01-19-16-45-08-2415770-im-639065759636181324.jpg","contentUrl":"https:\/\/portaltela.pt\/s.01k8rhncp4jt1\/2026\/02\/img_920x518uu2026-01-19-16-45-08-2415770-im-639065759636181324.jpg","width":796,"height":448,"caption":"Nuno Mendes vai na quinta \u00e9poca ao servi\u00e7o do PSG"},{"@type":"BreadcrumbList","@id":"https:\/\/portaltela.pt\/noticias\/2026\/02\/13\/luis-enrique-rende-se-a-nuno-mendes-nao-sei-se-o-jogador-perfeito-existe\/#breadcrumb","itemListElement":[{"@type":"ListItem","position":1,"name":"In\u00edcio","item":"https:\/\/portaltela.pt\/"},{"@type":"ListItem","position":2,"name":"Luis Enrique rende-se a Nuno Mendes: n\u00e3o sei se o jogador perfeito existe"}]},{"@type":"WebSite","@id":"https:\/\/portaltela.pt\/#website","url":"https:\/\/portaltela.pt\/","name":"Portal Tela Portugal","description":"","potentialAction":[{"@type":"SearchAction","target":{"@type":"EntryPoint","urlTemplate":"https:\/\/portaltela.pt\/?s={search_term_string}"},"query-input":{"@type":"PropertyValueSpecification","valueRequired":true,"valueName":"search_term_string"}}],"inLanguage":"pt-PT"},{"@type":"Person","@id":"https:\/\/portaltela.pt\/#\/schema\/person\/c4278d4a6028830caff9ee44b42d32ed","name":"Telinha","image":{"@type":"ImageObject","inLanguage":"pt-PT","@id":"https:\/\/portaltela.pt\/s.01k8rhncp4jt1\/2025\/11\/talking-bot-125x125.png","url":"https:\/\/portaltela.pt\/s.01k8rhncp4jt1\/2025\/11\/talking-bot-125x125.png","contentUrl":"https:\/\/portaltela.pt\/s.01k8rhncp4jt1\/2025\/11\/talking-bot-125x125.png","caption":"Telinha"},"sameAs":["https:\/\/portaltela.pt\/"],"url":"https:\/\/portaltela.pt\/por\/367410592786\/"}]}},"_links":{"self":[{"href":"https:\/\/portaltela.pt\/api\/wp\/v2\/posts\/210655","targetHints":{"allow":["GET"]}}],"collection":[{"href":"https:\/\/portaltela.pt\/api\/wp\/v2\/posts"}],"about":[{"href":"https:\/\/portaltela.pt\/api\/wp\/v2\/types\/post"}],"author":[{"embeddable":true,"href":"https:\/\/portaltela.pt\/api\/wp\/v2\/users\/2"}],"replies":[{"embeddable":true,"href":"https:\/\/portaltela.pt\/api\/wp\/v2\/comments?post=210655"}],"version-history":[{"count":0,"href":"https:\/\/portaltela.pt\/api\/wp\/v2\/posts\/210655\/revisions"}],"wp:featuredmedia":[{"embeddable":true,"href":"https:\/\/portaltela.pt\/api\/wp\/v2\/media\/210658"}],"wp:attachment":[{"href":"https:\/\/portaltela.pt\/api\/wp\/v2\/media?parent=210655"}],"wp:term":[{"taxonomy":"category","embeddable":true,"href":"https:\/\/portaltela.pt\/api\/wp\/v2\/categories?post=210655"},{"taxonomy":"post_tag","embeddable":true,"href":"https:\/\/portaltela.pt\/api\/wp\/v2\/tags?post=210655"}],"curies":[{"name":"wp","href":"https:\/\/api.w.org\/{rel}","templated":true}]}}