{"id":210589,"date":"2026-02-13T06:53:00","date_gmt":"2026-02-13T09:53:00","guid":{"rendered":"https:\/\/portaltela.pt\/noticias\/2026\/02\/13\/espanhois-rendidos-a-versao-2-0-de-drogba-com-anisio-cabral-em-foco\/"},"modified":"2026-02-13T06:53:00","modified_gmt":"2026-02-13T09:53:00","slug":"espanhois-rendidos-a-versao-2-0-de-drogba-com-anisio-cabral-em-foco","status":"publish","type":"post","link":"https:\/\/portaltela.pt\/desporto\/futebol\/2026\/02\/13\/espanhois-rendidos-a-versao-2-0-de-drogba-com-anisio-cabral-em-foco\/","title":{"rendered":"Espanh\u00f3is rendidos \u00e0 vers\u00e3o 2.0 de Drogba, com An\u00edsio Cabral em foco"},"content":{"rendered":"<p>An\u00edsio Cabral, jovem ponta do Benfica, est\u00e1 novamente em foco nos jornais espanh\u00f3is. A imprensa escolheu o perfil do avan\u00e7ado de 17 anos para falar da sua evolu\u00e7\u00e3o assumida desde o Europeu de Sub-17 at\u00e9 ao Mundial da categoria.<\/p>\n<p>A an\u00e1lise surge \u00e0 boleia do pr\u00f3ximo encontro entre Benfica e Real Madrid, em jogo de playoff da Liga dos Campe\u00f5es. O artigo da Marca coloca o jogador entre as refer\u00eancias da forma\u00e7\u00e3o encarnada neste momento da \u00e9poca.<\/p>\n<p>A publica\u00e7\u00e3o salienta que, ainda com pouca idade, An\u00edsio j\u00e1 mostrou capacidades t\u00e9cnicas e de remate que impressionam. O nosso jogador tem perto de 1,90 metros e revela.cegos de olfacto goleador, com tr\u00eas remates para os seus primeiros tentos pelo clube.<\/p>\n<h3>Perfil e compara\u00e7\u00e3o com Drogba<\/h3>\n<p>A Marca descreve An\u00edsio como uma vers\u00e3o 2.0 do avan\u00e7ado marfinense Drogba, destacando a forma como se posiciona de costas para a baliza e a combina\u00e7\u00e3o de escola de ponta com presen\u00e7a f\u00edsica. O texto reconhece que Drogba acumulou gols com maior regularidade ao longo de muitos anos, o que funciona como refer\u00eancia para medir o ainda curto percurso do jovem.<\/p>\n<p>O artigo sublinha ainda que o Real Madrid, advers\u00e1rio na pr\u00f3xima eliminat\u00f3ria, ter\u00e1 pela frente um jogador com potencial para evoluir. A fasquia \u00e9 elevada pela trajet\u00f3ria de Drogba, recordando conquistas e premia\u00e7\u00f5es passadas, conforme a mat\u00e9ria analisa com cautela.<\/p>\n","protected":false},"excerpt":{"rendered":"<ul>\n<li>A Marca destaca An\u00edsio Cabral, jovem avan\u00e7ado do Benfica, a poucos dias do jogo com o Real Madrid na Liga dos Campe\u00f5es.<\/li>\n<li>Mourinho disse que o jogador lembra Drogba, sobretudo de costas para a baliza, mas com melhores condi\u00e7\u00f5es t\u00e9cnicas e quase 1,90 m de altura.<\/li>\n<li>Aos 17 anos, An\u00edsio j\u00e1 marcou os seus primeiros golos pelo Benfica ap\u00f3s apenas tr\u00eas remates em menos de 20 minutos.<\/li>\n<li>A imprensa espanhola refere-o como a \u201cvers\u00e3o 2.0\u201d de Drogba, pela combina\u00e7\u00e3o de altura, poder de remate e sentido de golo.<\/li>\n<li>A an\u00e1lise cont\u00e9m uma fasquia alta, lembrando as virtudes de Drogba, e questiona se An\u00edsio poder\u00e1 dar um desgosto ao Real Madrid.<\/li>\n<\/ul>\n","protected":false},"author":2,"featured_media":210592,"comment_status":"closed","ping_status":"closed","sticky":false,"template":"","format":"standard","meta":{"footnotes":""},"categories":[21,24],"tags":[4256,1946,3577,1290,32,2714],"class_list":["post-210589","post","type-post","status-publish","format-standard","has-post-thumbnail","hentry","category-desporto","category-futebol","tag-anisio-cabral","tag-benfica","tag-champions-league","tag-formacao","tag-futebol","tag-real-madrid"],"yoast_head":"<!-- This site is optimized with the Yoast SEO plugin v27.2 - https:\/\/yoast.com\/product\/yoast-seo-wordpress\/ -->\n<title>Espanh\u00f3is rendidos \u00e0 vers\u00e3o 2.0 de Drogba, com An\u00edsio Cabral em foco - Portal Tela Portugal<\/title>\n<meta name=\"robots\" content=\"index, follow, max-snippet:-1, max-image-preview:large, max-video-preview:-1\" \/>\n<meta property=\"og:locale\" content=\"pt_PT\" \/>\n<meta property=\"og:type\" content=\"article\" \/>\n<meta property=\"og:title\" content=\"Espanh\u00f3is rendidos \u00e0 vers\u00e3o 2.0 de Drogba, com An\u00edsio Cabral em foco - Portal Tela Portugal\" \/>\n<meta property=\"og:description\" content=\"A Marca destaca An\u00edsio Cabral, jovem avan\u00e7ado do Benfica, a poucos dias do jogo com o Real Madrid na Liga dos Campe\u00f5es. Mourinho disse que o jogador lembra Drogba, sobretudo de costas para a baliza, mas com melhores condi\u00e7\u00f5es t\u00e9cnicas e quase 1,90 m de altura. Aos 17 anos, An\u00edsio j\u00e1 marcou os seus primeiros golos pelo Benfica ap\u00f3s apenas tr\u00eas remates em menos de 20 minutos. A imprensa espanhola refere-o como a \u201cvers\u00e3o 2.0\u201d de Drogba, pela combina\u00e7\u00e3o de altura, poder de remate e sentido de golo. A an\u00e1lise cont\u00e9m uma fasquia alta, lembrando as virtudes de Drogba, e questiona se An\u00edsio poder\u00e1 dar um desgosto ao Real Madrid.\" \/>\n<meta property=\"og:url\" content=\"https:\/\/portaltela.pt\/noticias\/2026\/02\/13\/espanhois-rendidos-a-versao-2-0-de-drogba-com-anisio-cabral-em-foco\/\" \/>\n<meta property=\"og:site_name\" content=\"Portal Tela Portugal\" \/>\n<meta property=\"article:published_time\" content=\"2026-02-13T09:53:00+00:00\" \/>\n<meta name=\"author\" content=\"Telinha\" \/>\n<meta name=\"twitter:card\" content=\"summary_large_image\" \/>\n<meta name=\"twitter:label1\" content=\"Escrito por\" \/>\n\t<meta name=\"twitter:data1\" content=\"Telinha\" \/>\n\t<meta name=\"twitter:label2\" content=\"Tempo estimado de leitura\" \/>\n\t<meta name=\"twitter:data2\" content=\"1 minuto\" \/>\n<script type=\"application\/ld+json\" class=\"yoast-schema-graph\">{\"@context\":\"https:\/\/schema.org\",\"@graph\":[{\"@type\":\"Article\",\"@id\":\"https:\/\/portaltela.pt\/noticias\/2026\/02\/13\/espanhois-rendidos-a-versao-2-0-de-drogba-com-anisio-cabral-em-foco\/#article\",\"isPartOf\":{\"@id\":\"https:\/\/portaltela.pt\/noticias\/2026\/02\/13\/espanhois-rendidos-a-versao-2-0-de-drogba-com-anisio-cabral-em-foco\/\"},\"author\":{\"name\":\"Telinha\",\"@id\":\"https:\/\/portaltela.pt\/#\/schema\/person\/c4278d4a6028830caff9ee44b42d32ed\"},\"headline\":\"Espanh\u00f3is rendidos \u00e0 vers\u00e3o 2.0 de Drogba, com An\u00edsio Cabral em foco\",\"datePublished\":\"2026-02-13T09:53:00+00:00\",\"mainEntityOfPage\":{\"@id\":\"https:\/\/portaltela.pt\/noticias\/2026\/02\/13\/espanhois-rendidos-a-versao-2-0-de-drogba-com-anisio-cabral-em-foco\/\"},\"wordCount\":260,\"image\":{\"@id\":\"https:\/\/portaltela.pt\/noticias\/2026\/02\/13\/espanhois-rendidos-a-versao-2-0-de-drogba-com-anisio-cabral-em-foco\/#primaryimage\"},\"thumbnailUrl\":\"https:\/\/portaltela.pt\/s.01k8rhncp4jt1\/2026\/02\/img_1200x721uu2026-02-09-00-05-11-2420449.jpg\",\"keywords\":[\"An\u00edsio Cabral\",\"Benfica\",\"Champions League\",\"forma\u00e7\u00e3o\",\"futebol\",\"Real Madrid\"],\"articleSection\":[\"Desporto\",\"Futebol\"],\"inLanguage\":\"pt-PT\"},{\"@type\":\"WebPage\",\"@id\":\"https:\/\/portaltela.pt\/noticias\/2026\/02\/13\/espanhois-rendidos-a-versao-2-0-de-drogba-com-anisio-cabral-em-foco\/\",\"url\":\"https:\/\/portaltela.pt\/noticias\/2026\/02\/13\/espanhois-rendidos-a-versao-2-0-de-drogba-com-anisio-cabral-em-foco\/\",\"name\":\"Espanh\u00f3is rendidos \u00e0 vers\u00e3o 2.0 de Drogba, com An\u00edsio Cabral em foco - Portal Tela Portugal\",\"isPartOf\":{\"@id\":\"https:\/\/portaltela.pt\/#website\"},\"primaryImageOfPage\":{\"@id\":\"https:\/\/portaltela.pt\/noticias\/2026\/02\/13\/espanhois-rendidos-a-versao-2-0-de-drogba-com-anisio-cabral-em-foco\/#primaryimage\"},\"image\":{\"@id\":\"https:\/\/portaltela.pt\/noticias\/2026\/02\/13\/espanhois-rendidos-a-versao-2-0-de-drogba-com-anisio-cabral-em-foco\/#primaryimage\"},\"thumbnailUrl\":\"https:\/\/portaltela.pt\/s.01k8rhncp4jt1\/2026\/02\/img_1200x721uu2026-02-09-00-05-11-2420449.jpg\",\"datePublished\":\"2026-02-13T09:53:00+00:00\",\"author\":{\"@id\":\"https:\/\/portaltela.pt\/#\/schema\/person\/c4278d4a6028830caff9ee44b42d32ed\"},\"breadcrumb\":{\"@id\":\"https:\/\/portaltela.pt\/noticias\/2026\/02\/13\/espanhois-rendidos-a-versao-2-0-de-drogba-com-anisio-cabral-em-foco\/#breadcrumb\"},\"inLanguage\":\"pt-PT\",\"potentialAction\":[{\"@type\":\"ReadAction\",\"target\":[\"https:\/\/portaltela.pt\/noticias\/2026\/02\/13\/espanhois-rendidos-a-versao-2-0-de-drogba-com-anisio-cabral-em-foco\/\"]}]},{\"@type\":\"ImageObject\",\"inLanguage\":\"pt-PT\",\"@id\":\"https:\/\/portaltela.pt\/noticias\/2026\/02\/13\/espanhois-rendidos-a-versao-2-0-de-drogba-com-anisio-cabral-em-foco\/#primaryimage\",\"url\":\"https:\/\/portaltela.pt\/s.01k8rhncp4jt1\/2026\/02\/img_1200x721uu2026-02-09-00-05-11-2420449.jpg\",\"contentUrl\":\"https:\/\/portaltela.pt\/s.01k8rhncp4jt1\/2026\/02\/img_1200x721uu2026-02-09-00-05-11-2420449.jpg\",\"width\":796,\"height\":448,\"caption\":\"Photo\"},{\"@type\":\"BreadcrumbList\",\"@id\":\"https:\/\/portaltela.pt\/noticias\/2026\/02\/13\/espanhois-rendidos-a-versao-2-0-de-drogba-com-anisio-cabral-em-foco\/#breadcrumb\",\"itemListElement\":[{\"@type\":\"ListItem\",\"position\":1,\"name\":\"In\u00edcio\",\"item\":\"https:\/\/portaltela.pt\/\"},{\"@type\":\"ListItem\",\"position\":2,\"name\":\"Espanh\u00f3is rendidos \u00e0 vers\u00e3o 2.0 de Drogba, com An\u00edsio Cabral em foco\"}]},{\"@type\":\"WebSite\",\"@id\":\"https:\/\/portaltela.pt\/#website\",\"url\":\"https:\/\/portaltela.pt\/\",\"name\":\"Portal Tela Portugal\",\"description\":\"\",\"potentialAction\":[{\"@type\":\"SearchAction\",\"target\":{\"@type\":\"EntryPoint\",\"urlTemplate\":\"https:\/\/portaltela.pt\/?s={search_term_string}\"},\"query-input\":{\"@type\":\"PropertyValueSpecification\",\"valueRequired\":true,\"valueName\":\"search_term_string\"}}],\"inLanguage\":\"pt-PT\"},{\"@type\":\"Person\",\"@id\":\"https:\/\/portaltela.pt\/#\/schema\/person\/c4278d4a6028830caff9ee44b42d32ed\",\"name\":\"Telinha\",\"image\":{\"@type\":\"ImageObject\",\"inLanguage\":\"pt-PT\",\"@id\":\"https:\/\/portaltela.pt\/s.01k8rhncp4jt1\/2025\/11\/talking-bot-125x125.png\",\"url\":\"https:\/\/portaltela.pt\/s.01k8rhncp4jt1\/2025\/11\/talking-bot-125x125.png\",\"contentUrl\":\"https:\/\/portaltela.pt\/s.01k8rhncp4jt1\/2025\/11\/talking-bot-125x125.png\",\"caption\":\"Telinha\"},\"sameAs\":[\"https:\/\/portaltela.pt\/\"],\"url\":\"https:\/\/portaltela.pt\/por\/367410592786\/\"}]}<\/script>\n<!-- \/ Yoast SEO plugin. -->","yoast_head_json":{"title":"Espanh\u00f3is rendidos \u00e0 vers\u00e3o 2.0 de Drogba, com An\u00edsio Cabral em foco - Portal Tela Portugal","robots":{"index":"index","follow":"follow","max-snippet":"max-snippet:-1","max-image-preview":"max-image-preview:large","max-video-preview":"max-video-preview:-1"},"og_locale":"pt_PT","og_type":"article","og_title":"Espanh\u00f3is rendidos \u00e0 vers\u00e3o 2.0 de Drogba, com An\u00edsio Cabral em foco - Portal Tela Portugal","og_description":"A Marca destaca An\u00edsio Cabral, jovem avan\u00e7ado do Benfica, a poucos dias do jogo com o Real Madrid na Liga dos Campe\u00f5es. Mourinho disse que o jogador lembra Drogba, sobretudo de costas para a baliza, mas com melhores condi\u00e7\u00f5es t\u00e9cnicas e quase 1,90 m de altura. Aos 17 anos, An\u00edsio j\u00e1 marcou os seus primeiros golos pelo Benfica ap\u00f3s apenas tr\u00eas remates em menos de 20 minutos. A imprensa espanhola refere-o como a \u201cvers\u00e3o 2.0\u201d de Drogba, pela combina\u00e7\u00e3o de altura, poder de remate e sentido de golo. A an\u00e1lise cont\u00e9m uma fasquia alta, lembrando as virtudes de Drogba, e questiona se An\u00edsio poder\u00e1 dar um desgosto ao Real Madrid.","og_url":"https:\/\/portaltela.pt\/noticias\/2026\/02\/13\/espanhois-rendidos-a-versao-2-0-de-drogba-com-anisio-cabral-em-foco\/","og_site_name":"Portal Tela Portugal","article_published_time":"2026-02-13T09:53:00+00:00","author":"Telinha","twitter_card":"summary_large_image","twitter_misc":{"Escrito por":"Telinha","Tempo estimado de leitura":"1 minuto"},"schema":{"@context":"https:\/\/schema.org","@graph":[{"@type":"Article","@id":"https:\/\/portaltela.pt\/noticias\/2026\/02\/13\/espanhois-rendidos-a-versao-2-0-de-drogba-com-anisio-cabral-em-foco\/#article","isPartOf":{"@id":"https:\/\/portaltela.pt\/noticias\/2026\/02\/13\/espanhois-rendidos-a-versao-2-0-de-drogba-com-anisio-cabral-em-foco\/"},"author":{"name":"Telinha","@id":"https:\/\/portaltela.pt\/#\/schema\/person\/c4278d4a6028830caff9ee44b42d32ed"},"headline":"Espanh\u00f3is rendidos \u00e0 vers\u00e3o 2.0 de Drogba, com An\u00edsio Cabral em foco","datePublished":"2026-02-13T09:53:00+00:00","mainEntityOfPage":{"@id":"https:\/\/portaltela.pt\/noticias\/2026\/02\/13\/espanhois-rendidos-a-versao-2-0-de-drogba-com-anisio-cabral-em-foco\/"},"wordCount":260,"image":{"@id":"https:\/\/portaltela.pt\/noticias\/2026\/02\/13\/espanhois-rendidos-a-versao-2-0-de-drogba-com-anisio-cabral-em-foco\/#primaryimage"},"thumbnailUrl":"https:\/\/portaltela.pt\/s.01k8rhncp4jt1\/2026\/02\/img_1200x721uu2026-02-09-00-05-11-2420449.jpg","keywords":["An\u00edsio Cabral","Benfica","Champions League","forma\u00e7\u00e3o","futebol","Real Madrid"],"articleSection":["Desporto","Futebol"],"inLanguage":"pt-PT"},{"@type":"WebPage","@id":"https:\/\/portaltela.pt\/noticias\/2026\/02\/13\/espanhois-rendidos-a-versao-2-0-de-drogba-com-anisio-cabral-em-foco\/","url":"https:\/\/portaltela.pt\/noticias\/2026\/02\/13\/espanhois-rendidos-a-versao-2-0-de-drogba-com-anisio-cabral-em-foco\/","name":"Espanh\u00f3is rendidos \u00e0 vers\u00e3o 2.0 de Drogba, com An\u00edsio Cabral em foco - Portal Tela Portugal","isPartOf":{"@id":"https:\/\/portaltela.pt\/#website"},"primaryImageOfPage":{"@id":"https:\/\/portaltela.pt\/noticias\/2026\/02\/13\/espanhois-rendidos-a-versao-2-0-de-drogba-com-anisio-cabral-em-foco\/#primaryimage"},"image":{"@id":"https:\/\/portaltela.pt\/noticias\/2026\/02\/13\/espanhois-rendidos-a-versao-2-0-de-drogba-com-anisio-cabral-em-foco\/#primaryimage"},"thumbnailUrl":"https:\/\/portaltela.pt\/s.01k8rhncp4jt1\/2026\/02\/img_1200x721uu2026-02-09-00-05-11-2420449.jpg","datePublished":"2026-02-13T09:53:00+00:00","author":{"@id":"https:\/\/portaltela.pt\/#\/schema\/person\/c4278d4a6028830caff9ee44b42d32ed"},"breadcrumb":{"@id":"https:\/\/portaltela.pt\/noticias\/2026\/02\/13\/espanhois-rendidos-a-versao-2-0-de-drogba-com-anisio-cabral-em-foco\/#breadcrumb"},"inLanguage":"pt-PT","potentialAction":[{"@type":"ReadAction","target":["https:\/\/portaltela.pt\/noticias\/2026\/02\/13\/espanhois-rendidos-a-versao-2-0-de-drogba-com-anisio-cabral-em-foco\/"]}]},{"@type":"ImageObject","inLanguage":"pt-PT","@id":"https:\/\/portaltela.pt\/noticias\/2026\/02\/13\/espanhois-rendidos-a-versao-2-0-de-drogba-com-anisio-cabral-em-foco\/#primaryimage","url":"https:\/\/portaltela.pt\/s.01k8rhncp4jt1\/2026\/02\/img_1200x721uu2026-02-09-00-05-11-2420449.jpg","contentUrl":"https:\/\/portaltela.pt\/s.01k8rhncp4jt1\/2026\/02\/img_1200x721uu2026-02-09-00-05-11-2420449.jpg","width":796,"height":448,"caption":"Photo"},{"@type":"BreadcrumbList","@id":"https:\/\/portaltela.pt\/noticias\/2026\/02\/13\/espanhois-rendidos-a-versao-2-0-de-drogba-com-anisio-cabral-em-foco\/#breadcrumb","itemListElement":[{"@type":"ListItem","position":1,"name":"In\u00edcio","item":"https:\/\/portaltela.pt\/"},{"@type":"ListItem","position":2,"name":"Espanh\u00f3is rendidos \u00e0 vers\u00e3o 2.0 de Drogba, com An\u00edsio Cabral em foco"}]},{"@type":"WebSite","@id":"https:\/\/portaltela.pt\/#website","url":"https:\/\/portaltela.pt\/","name":"Portal Tela Portugal","description":"","potentialAction":[{"@type":"SearchAction","target":{"@type":"EntryPoint","urlTemplate":"https:\/\/portaltela.pt\/?s={search_term_string}"},"query-input":{"@type":"PropertyValueSpecification","valueRequired":true,"valueName":"search_term_string"}}],"inLanguage":"pt-PT"},{"@type":"Person","@id":"https:\/\/portaltela.pt\/#\/schema\/person\/c4278d4a6028830caff9ee44b42d32ed","name":"Telinha","image":{"@type":"ImageObject","inLanguage":"pt-PT","@id":"https:\/\/portaltela.pt\/s.01k8rhncp4jt1\/2025\/11\/talking-bot-125x125.png","url":"https:\/\/portaltela.pt\/s.01k8rhncp4jt1\/2025\/11\/talking-bot-125x125.png","contentUrl":"https:\/\/portaltela.pt\/s.01k8rhncp4jt1\/2025\/11\/talking-bot-125x125.png","caption":"Telinha"},"sameAs":["https:\/\/portaltela.pt\/"],"url":"https:\/\/portaltela.pt\/por\/367410592786\/"}]}},"_links":{"self":[{"href":"https:\/\/portaltela.pt\/api\/wp\/v2\/posts\/210589","targetHints":{"allow":["GET"]}}],"collection":[{"href":"https:\/\/portaltela.pt\/api\/wp\/v2\/posts"}],"about":[{"href":"https:\/\/portaltela.pt\/api\/wp\/v2\/types\/post"}],"author":[{"embeddable":true,"href":"https:\/\/portaltela.pt\/api\/wp\/v2\/users\/2"}],"replies":[{"embeddable":true,"href":"https:\/\/portaltela.pt\/api\/wp\/v2\/comments?post=210589"}],"version-history":[{"count":0,"href":"https:\/\/portaltela.pt\/api\/wp\/v2\/posts\/210589\/revisions"}],"wp:featuredmedia":[{"embeddable":true,"href":"https:\/\/portaltela.pt\/api\/wp\/v2\/media\/210592"}],"wp:attachment":[{"href":"https:\/\/portaltela.pt\/api\/wp\/v2\/media?parent=210589"}],"wp:term":[{"taxonomy":"category","embeddable":true,"href":"https:\/\/portaltela.pt\/api\/wp\/v2\/categories?post=210589"},{"taxonomy":"post_tag","embeddable":true,"href":"https:\/\/portaltela.pt\/api\/wp\/v2\/tags?post=210589"}],"curies":[{"name":"wp","href":"https:\/\/api.w.org\/{rel}","templated":true}]}}