{"id":210585,"date":"2026-02-13T06:57:13","date_gmt":"2026-02-13T09:57:13","guid":{"rendered":"https:\/\/portaltela.pt\/noticias\/2026\/02\/13\/cadela-nala-e-cinco-javalis-tornam-se-estrelas-no-instagram\/"},"modified":"2026-02-13T06:57:13","modified_gmt":"2026-02-13T09:57:13","slug":"cadela-nala-e-cinco-javalis-tornam-se-estrelas-no-instagram","status":"publish","type":"post","link":"https:\/\/portaltela.pt\/noticias\/2026\/02\/13\/cadela-nala-e-cinco-javalis-tornam-se-estrelas-no-instagram\/","title":{"rendered":"Cadela Nala e cinco javalis tornam-se estrelas no Instagram"},"content":{"rendered":"<p>Uma cadela Dachshund est\u00e1 a comover o mundo ao adotar cinco javalis beb\u00e9s \u00f3rf\u00e3os. Nala vive com a fam\u00edlia de veterin\u00e1rios Kalden, em Wanfried, na Hesse, Alemanha. Os filhotes foram encontrados na floresta por um ca\u00e7ador e entregues \u00e0 fam\u00edlia no final de novembro. Ao chegarem, traziam o cord\u00e3o umbilical e encontravam-se debilitados, com ind\u00edcios de dias sem leite.<\/p>\n<p>A ado\u00e7\u00e3o ocorreu de forma espont\u00e2nea, com Nala a assumir o papel de m\u00e3e dos javalis. A situa\u00e7\u00e3o chamou a aten\u00e7\u00e3o de quem acompanha o caso, destacando-se pela liga\u00e7\u00e3o entre esp\u00e9cies e o cuidado proporcionado pela fam\u00edlia veterin\u00e1ria.<\/p>\n<h3>Ado\u00e7\u00e3o improv\u00e1vel e estado de sa\u00fade<\/h3>\n<p>Os cinco javalis recebiam cuidados especializados desde a chegada \u00e0 casa. A fam\u00edlia est\u00e1 a monitorizar o estado de sa\u00fade, alimenta\u00e7\u00e3o e integra\u00e7\u00e3o dos animais, que dependem de prote\u00e7\u00e3o e alimenta\u00e7\u00e3o constantes.<\/p>\n<p>A hist\u00f3ria tem estado a ganhar notoriedade nas redes, com relatos sobre a liga\u00e7\u00e3o entre a cadela e os filhotes. A mat\u00e9ria \u00e9 partilhada pela publica\u00e7\u00e3o Pets and Company, que descreve o caso sem indicar interven\u00e7\u00e3o externa espec\u00edfica.<\/p>\n<p>Observador: fonte citada \u00e9 a publica\u00e7\u00e3o Pets and Company, que relatou os pormenores da ado\u00e7\u00e3o e do estado dos animais.<\/p>\n","protected":false},"excerpt":{"rendered":"<ul>\n<li>Cinco javalis \u00f3rf\u00e3os foram entregues a uma fam\u00edlia de veterin\u00e1rios em Wanfried, Hesse, Alemanha, no final de novembro.<\/li>\n<li>A cadela dachshund chamada Nala adotou espontaneamente os filhotes, tornando-se m\u00e3e.<\/li>\n<li>Os javalis foram encontrados sozinhos na floresta por um ca\u00e7ador antes de serem entregues \u00e0 fam\u00edlia.<\/li>\n<li>Ao chegarem, tinham cord\u00e3o umbilical e apresentavam debilidade, possivelmente por v\u00e1rios dias sem leite.<\/li>\n<li>A hist\u00f3ria ganhou destaque nas redes sociais, com Nala e os cinco filhotes a ganhar notoriedade.<\/li>\n<\/ul>\n","protected":false},"author":2,"featured_media":210588,"comment_status":"closed","ping_status":"closed","sticky":false,"template":"","format":"standard","meta":{"footnotes":""},"categories":[1],"tags":[2865,1603,3091,4577,64,3476],"class_list":["post-210585","post","type-post","status-publish","format-standard","has-post-thumbnail","hentry","category-noticias","tag-adocao","tag-alemanha","tag-animais","tag-animais-de-companhia","tag-familia","tag-vida-selvagem"],"yoast_head":"<!-- This site is optimized with the Yoast SEO plugin v27.2 - https:\/\/yoast.com\/product\/yoast-seo-wordpress\/ -->\n<title>Cadela Nala e cinco javalis tornam-se estrelas no Instagram - Portal Tela Portugal<\/title>\n<meta name=\"robots\" content=\"index, follow, max-snippet:-1, max-image-preview:large, max-video-preview:-1\" \/>\n<meta property=\"og:locale\" content=\"pt_PT\" \/>\n<meta property=\"og:type\" content=\"article\" \/>\n<meta property=\"og:title\" content=\"Cadela Nala e cinco javalis tornam-se estrelas no Instagram - Portal Tela Portugal\" \/>\n<meta property=\"og:description\" content=\"Cinco javalis \u00f3rf\u00e3os foram entregues a uma fam\u00edlia de veterin\u00e1rios em Wanfried, Hesse, Alemanha, no final de novembro. A cadela dachshund chamada Nala adotou espontaneamente os filhotes, tornando-se m\u00e3e. Os javalis foram encontrados sozinhos na floresta por um ca\u00e7ador antes de serem entregues \u00e0 fam\u00edlia. Ao chegarem, tinham cord\u00e3o umbilical e apresentavam debilidade, possivelmente por v\u00e1rios dias sem leite. A hist\u00f3ria ganhou destaque nas redes sociais, com Nala e os cinco filhotes a ganhar notoriedade.\" \/>\n<meta property=\"og:url\" content=\"https:\/\/portaltela.pt\/noticias\/2026\/02\/13\/cadela-nala-e-cinco-javalis-tornam-se-estrelas-no-instagram\/\" \/>\n<meta property=\"og:site_name\" content=\"Portal Tela Portugal\" \/>\n<meta property=\"article:published_time\" content=\"2026-02-13T09:57:13+00:00\" \/>\n<meta name=\"author\" content=\"Telinha\" \/>\n<meta name=\"twitter:card\" content=\"summary_large_image\" \/>\n<meta name=\"twitter:label1\" content=\"Escrito por\" \/>\n\t<meta name=\"twitter:data1\" content=\"Telinha\" \/>\n\t<meta name=\"twitter:label2\" content=\"Tempo estimado de leitura\" \/>\n\t<meta name=\"twitter:data2\" content=\"1 minuto\" \/>\n<script type=\"application\/ld+json\" class=\"yoast-schema-graph\">{\"@context\":\"https:\/\/schema.org\",\"@graph\":[{\"@type\":\"Article\",\"@id\":\"https:\/\/portaltela.pt\/noticias\/2026\/02\/13\/cadela-nala-e-cinco-javalis-tornam-se-estrelas-no-instagram\/#article\",\"isPartOf\":{\"@id\":\"https:\/\/portaltela.pt\/noticias\/2026\/02\/13\/cadela-nala-e-cinco-javalis-tornam-se-estrelas-no-instagram\/\"},\"author\":{\"name\":\"Telinha\",\"@id\":\"https:\/\/portaltela.pt\/#\/schema\/person\/c4278d4a6028830caff9ee44b42d32ed\"},\"headline\":\"Cadela Nala e cinco javalis tornam-se estrelas no Instagram\",\"datePublished\":\"2026-02-13T09:57:13+00:00\",\"mainEntityOfPage\":{\"@id\":\"https:\/\/portaltela.pt\/noticias\/2026\/02\/13\/cadela-nala-e-cinco-javalis-tornam-se-estrelas-no-instagram\/\"},\"wordCount\":232,\"image\":{\"@id\":\"https:\/\/portaltela.pt\/noticias\/2026\/02\/13\/cadela-nala-e-cinco-javalis-tornam-se-estrelas-no-instagram\/#primaryimage\"},\"thumbnailUrl\":\"https:\/\/portaltela.pt\/s.01k8rhncp4jt1\/2026\/02\/img_920x518uu2026-02-13-09-54-41-2421297.jpg\",\"keywords\":[\"ado\u00e7\u00e3o\",\"Alemanha\",\"animais\",\"animais de companhia\",\"fam\u00edlia\",\"vida selvagem\"],\"articleSection\":[\"Not\u00edcias\"],\"inLanguage\":\"pt-PT\"},{\"@type\":\"WebPage\",\"@id\":\"https:\/\/portaltela.pt\/noticias\/2026\/02\/13\/cadela-nala-e-cinco-javalis-tornam-se-estrelas-no-instagram\/\",\"url\":\"https:\/\/portaltela.pt\/noticias\/2026\/02\/13\/cadela-nala-e-cinco-javalis-tornam-se-estrelas-no-instagram\/\",\"name\":\"Cadela Nala e cinco javalis tornam-se estrelas no Instagram - Portal Tela Portugal\",\"isPartOf\":{\"@id\":\"https:\/\/portaltela.pt\/#website\"},\"primaryImageOfPage\":{\"@id\":\"https:\/\/portaltela.pt\/noticias\/2026\/02\/13\/cadela-nala-e-cinco-javalis-tornam-se-estrelas-no-instagram\/#primaryimage\"},\"image\":{\"@id\":\"https:\/\/portaltela.pt\/noticias\/2026\/02\/13\/cadela-nala-e-cinco-javalis-tornam-se-estrelas-no-instagram\/#primaryimage\"},\"thumbnailUrl\":\"https:\/\/portaltela.pt\/s.01k8rhncp4jt1\/2026\/02\/img_920x518uu2026-02-13-09-54-41-2421297.jpg\",\"datePublished\":\"2026-02-13T09:57:13+00:00\",\"author\":{\"@id\":\"https:\/\/portaltela.pt\/#\/schema\/person\/c4278d4a6028830caff9ee44b42d32ed\"},\"breadcrumb\":{\"@id\":\"https:\/\/portaltela.pt\/noticias\/2026\/02\/13\/cadela-nala-e-cinco-javalis-tornam-se-estrelas-no-instagram\/#breadcrumb\"},\"inLanguage\":\"pt-PT\",\"potentialAction\":[{\"@type\":\"ReadAction\",\"target\":[\"https:\/\/portaltela.pt\/noticias\/2026\/02\/13\/cadela-nala-e-cinco-javalis-tornam-se-estrelas-no-instagram\/\"]}]},{\"@type\":\"ImageObject\",\"inLanguage\":\"pt-PT\",\"@id\":\"https:\/\/portaltela.pt\/noticias\/2026\/02\/13\/cadela-nala-e-cinco-javalis-tornam-se-estrelas-no-instagram\/#primaryimage\",\"url\":\"https:\/\/portaltela.pt\/s.01k8rhncp4jt1\/2026\/02\/img_920x518uu2026-02-13-09-54-41-2421297.jpg\",\"contentUrl\":\"https:\/\/portaltela.pt\/s.01k8rhncp4jt1\/2026\/02\/img_920x518uu2026-02-13-09-54-41-2421297.jpg\",\"width\":796,\"height\":448,\"caption\":\"De \u00f3rf\u00e3os na floresta a estrelas do Instagram. Conhe\u00e7a a cadela Nala e os seus cinco javalis\"},{\"@type\":\"BreadcrumbList\",\"@id\":\"https:\/\/portaltela.pt\/noticias\/2026\/02\/13\/cadela-nala-e-cinco-javalis-tornam-se-estrelas-no-instagram\/#breadcrumb\",\"itemListElement\":[{\"@type\":\"ListItem\",\"position\":1,\"name\":\"In\u00edcio\",\"item\":\"https:\/\/portaltela.pt\/\"},{\"@type\":\"ListItem\",\"position\":2,\"name\":\"Cadela Nala e cinco javalis tornam-se estrelas no Instagram\"}]},{\"@type\":\"WebSite\",\"@id\":\"https:\/\/portaltela.pt\/#website\",\"url\":\"https:\/\/portaltela.pt\/\",\"name\":\"Portal Tela Portugal\",\"description\":\"\",\"potentialAction\":[{\"@type\":\"SearchAction\",\"target\":{\"@type\":\"EntryPoint\",\"urlTemplate\":\"https:\/\/portaltela.pt\/?s={search_term_string}\"},\"query-input\":{\"@type\":\"PropertyValueSpecification\",\"valueRequired\":true,\"valueName\":\"search_term_string\"}}],\"inLanguage\":\"pt-PT\"},{\"@type\":\"Person\",\"@id\":\"https:\/\/portaltela.pt\/#\/schema\/person\/c4278d4a6028830caff9ee44b42d32ed\",\"name\":\"Telinha\",\"image\":{\"@type\":\"ImageObject\",\"inLanguage\":\"pt-PT\",\"@id\":\"https:\/\/portaltela.pt\/s.01k8rhncp4jt1\/2025\/11\/talking-bot-125x125.png\",\"url\":\"https:\/\/portaltela.pt\/s.01k8rhncp4jt1\/2025\/11\/talking-bot-125x125.png\",\"contentUrl\":\"https:\/\/portaltela.pt\/s.01k8rhncp4jt1\/2025\/11\/talking-bot-125x125.png\",\"caption\":\"Telinha\"},\"sameAs\":[\"https:\/\/portaltela.pt\/\"],\"url\":\"https:\/\/portaltela.pt\/por\/367410592786\/\"}]}<\/script>\n<!-- \/ Yoast SEO plugin. -->","yoast_head_json":{"title":"Cadela Nala e cinco javalis tornam-se estrelas no Instagram - Portal Tela Portugal","robots":{"index":"index","follow":"follow","max-snippet":"max-snippet:-1","max-image-preview":"max-image-preview:large","max-video-preview":"max-video-preview:-1"},"og_locale":"pt_PT","og_type":"article","og_title":"Cadela Nala e cinco javalis tornam-se estrelas no Instagram - Portal Tela Portugal","og_description":"Cinco javalis \u00f3rf\u00e3os foram entregues a uma fam\u00edlia de veterin\u00e1rios em Wanfried, Hesse, Alemanha, no final de novembro. A cadela dachshund chamada Nala adotou espontaneamente os filhotes, tornando-se m\u00e3e. Os javalis foram encontrados sozinhos na floresta por um ca\u00e7ador antes de serem entregues \u00e0 fam\u00edlia. Ao chegarem, tinham cord\u00e3o umbilical e apresentavam debilidade, possivelmente por v\u00e1rios dias sem leite. A hist\u00f3ria ganhou destaque nas redes sociais, com Nala e os cinco filhotes a ganhar notoriedade.","og_url":"https:\/\/portaltela.pt\/noticias\/2026\/02\/13\/cadela-nala-e-cinco-javalis-tornam-se-estrelas-no-instagram\/","og_site_name":"Portal Tela Portugal","article_published_time":"2026-02-13T09:57:13+00:00","author":"Telinha","twitter_card":"summary_large_image","twitter_misc":{"Escrito por":"Telinha","Tempo estimado de leitura":"1 minuto"},"schema":{"@context":"https:\/\/schema.org","@graph":[{"@type":"Article","@id":"https:\/\/portaltela.pt\/noticias\/2026\/02\/13\/cadela-nala-e-cinco-javalis-tornam-se-estrelas-no-instagram\/#article","isPartOf":{"@id":"https:\/\/portaltela.pt\/noticias\/2026\/02\/13\/cadela-nala-e-cinco-javalis-tornam-se-estrelas-no-instagram\/"},"author":{"name":"Telinha","@id":"https:\/\/portaltela.pt\/#\/schema\/person\/c4278d4a6028830caff9ee44b42d32ed"},"headline":"Cadela Nala e cinco javalis tornam-se estrelas no Instagram","datePublished":"2026-02-13T09:57:13+00:00","mainEntityOfPage":{"@id":"https:\/\/portaltela.pt\/noticias\/2026\/02\/13\/cadela-nala-e-cinco-javalis-tornam-se-estrelas-no-instagram\/"},"wordCount":232,"image":{"@id":"https:\/\/portaltela.pt\/noticias\/2026\/02\/13\/cadela-nala-e-cinco-javalis-tornam-se-estrelas-no-instagram\/#primaryimage"},"thumbnailUrl":"https:\/\/portaltela.pt\/s.01k8rhncp4jt1\/2026\/02\/img_920x518uu2026-02-13-09-54-41-2421297.jpg","keywords":["ado\u00e7\u00e3o","Alemanha","animais","animais de companhia","fam\u00edlia","vida selvagem"],"articleSection":["Not\u00edcias"],"inLanguage":"pt-PT"},{"@type":"WebPage","@id":"https:\/\/portaltela.pt\/noticias\/2026\/02\/13\/cadela-nala-e-cinco-javalis-tornam-se-estrelas-no-instagram\/","url":"https:\/\/portaltela.pt\/noticias\/2026\/02\/13\/cadela-nala-e-cinco-javalis-tornam-se-estrelas-no-instagram\/","name":"Cadela Nala e cinco javalis tornam-se estrelas no Instagram - Portal Tela Portugal","isPartOf":{"@id":"https:\/\/portaltela.pt\/#website"},"primaryImageOfPage":{"@id":"https:\/\/portaltela.pt\/noticias\/2026\/02\/13\/cadela-nala-e-cinco-javalis-tornam-se-estrelas-no-instagram\/#primaryimage"},"image":{"@id":"https:\/\/portaltela.pt\/noticias\/2026\/02\/13\/cadela-nala-e-cinco-javalis-tornam-se-estrelas-no-instagram\/#primaryimage"},"thumbnailUrl":"https:\/\/portaltela.pt\/s.01k8rhncp4jt1\/2026\/02\/img_920x518uu2026-02-13-09-54-41-2421297.jpg","datePublished":"2026-02-13T09:57:13+00:00","author":{"@id":"https:\/\/portaltela.pt\/#\/schema\/person\/c4278d4a6028830caff9ee44b42d32ed"},"breadcrumb":{"@id":"https:\/\/portaltela.pt\/noticias\/2026\/02\/13\/cadela-nala-e-cinco-javalis-tornam-se-estrelas-no-instagram\/#breadcrumb"},"inLanguage":"pt-PT","potentialAction":[{"@type":"ReadAction","target":["https:\/\/portaltela.pt\/noticias\/2026\/02\/13\/cadela-nala-e-cinco-javalis-tornam-se-estrelas-no-instagram\/"]}]},{"@type":"ImageObject","inLanguage":"pt-PT","@id":"https:\/\/portaltela.pt\/noticias\/2026\/02\/13\/cadela-nala-e-cinco-javalis-tornam-se-estrelas-no-instagram\/#primaryimage","url":"https:\/\/portaltela.pt\/s.01k8rhncp4jt1\/2026\/02\/img_920x518uu2026-02-13-09-54-41-2421297.jpg","contentUrl":"https:\/\/portaltela.pt\/s.01k8rhncp4jt1\/2026\/02\/img_920x518uu2026-02-13-09-54-41-2421297.jpg","width":796,"height":448,"caption":"De \u00f3rf\u00e3os na floresta a estrelas do Instagram. Conhe\u00e7a a cadela Nala e os seus cinco javalis"},{"@type":"BreadcrumbList","@id":"https:\/\/portaltela.pt\/noticias\/2026\/02\/13\/cadela-nala-e-cinco-javalis-tornam-se-estrelas-no-instagram\/#breadcrumb","itemListElement":[{"@type":"ListItem","position":1,"name":"In\u00edcio","item":"https:\/\/portaltela.pt\/"},{"@type":"ListItem","position":2,"name":"Cadela Nala e cinco javalis tornam-se estrelas no Instagram"}]},{"@type":"WebSite","@id":"https:\/\/portaltela.pt\/#website","url":"https:\/\/portaltela.pt\/","name":"Portal Tela Portugal","description":"","potentialAction":[{"@type":"SearchAction","target":{"@type":"EntryPoint","urlTemplate":"https:\/\/portaltela.pt\/?s={search_term_string}"},"query-input":{"@type":"PropertyValueSpecification","valueRequired":true,"valueName":"search_term_string"}}],"inLanguage":"pt-PT"},{"@type":"Person","@id":"https:\/\/portaltela.pt\/#\/schema\/person\/c4278d4a6028830caff9ee44b42d32ed","name":"Telinha","image":{"@type":"ImageObject","inLanguage":"pt-PT","@id":"https:\/\/portaltela.pt\/s.01k8rhncp4jt1\/2025\/11\/talking-bot-125x125.png","url":"https:\/\/portaltela.pt\/s.01k8rhncp4jt1\/2025\/11\/talking-bot-125x125.png","contentUrl":"https:\/\/portaltela.pt\/s.01k8rhncp4jt1\/2025\/11\/talking-bot-125x125.png","caption":"Telinha"},"sameAs":["https:\/\/portaltela.pt\/"],"url":"https:\/\/portaltela.pt\/por\/367410592786\/"}]}},"_links":{"self":[{"href":"https:\/\/portaltela.pt\/api\/wp\/v2\/posts\/210585","targetHints":{"allow":["GET"]}}],"collection":[{"href":"https:\/\/portaltela.pt\/api\/wp\/v2\/posts"}],"about":[{"href":"https:\/\/portaltela.pt\/api\/wp\/v2\/types\/post"}],"author":[{"embeddable":true,"href":"https:\/\/portaltela.pt\/api\/wp\/v2\/users\/2"}],"replies":[{"embeddable":true,"href":"https:\/\/portaltela.pt\/api\/wp\/v2\/comments?post=210585"}],"version-history":[{"count":0,"href":"https:\/\/portaltela.pt\/api\/wp\/v2\/posts\/210585\/revisions"}],"wp:featuredmedia":[{"embeddable":true,"href":"https:\/\/portaltela.pt\/api\/wp\/v2\/media\/210588"}],"wp:attachment":[{"href":"https:\/\/portaltela.pt\/api\/wp\/v2\/media?parent=210585"}],"wp:term":[{"taxonomy":"category","embeddable":true,"href":"https:\/\/portaltela.pt\/api\/wp\/v2\/categories?post=210585"},{"taxonomy":"post_tag","embeddable":true,"href":"https:\/\/portaltela.pt\/api\/wp\/v2\/tags?post=210585"}],"curies":[{"name":"wp","href":"https:\/\/api.w.org\/{rel}","templated":true}]}}