{"id":210561,"date":"2026-02-13T06:40:00","date_gmt":"2026-02-13T09:40:00","guid":{"rendered":"https:\/\/portaltela.pt\/noticias\/2026\/02\/13\/blanca-martin-calero-acoriana-com-sotaque-espanhol-coloca-as-ilhas-nos-livros\/"},"modified":"2026-02-13T06:40:00","modified_gmt":"2026-02-13T09:40:00","slug":"blanca-martin-calero-acoriana-com-sotaque-espanhol-coloca-as-ilhas-nos-livros","status":"publish","type":"post","link":"https:\/\/portaltela.pt\/noticias\/2026\/02\/13\/blanca-martin-calero-acoriana-com-sotaque-espanhol-coloca-as-ilhas-nos-livros\/","title":{"rendered":"Blanca Mart\u00edn-Calero, a\u00e7oriana com sotaque espanhol, coloca as ilhas nos livros"},"content":{"rendered":"<p>Blanca Mart\u00edn-Calero, a a\u00e7oriana com sotaque espanhol, tornou-se tema de reportagem ao longo da sua vida entre as ilhas e o continente. A narrativa come\u00e7a com uma hist\u00f3ria de amor que a conduziu a S\u00e3o Miguel, onde hoje se dedica a atividades ligadas \u00e0 cultura e \u00e0 edi\u00e7\u00e3o.<\/p>\n<p>A viagem de Blanca at\u00e9 as ilhas come\u00e7ou numa d\u00e9cada marcada por encontros universit\u00e1rios, que deram origem a uma liga\u00e7\u00e3o profunda com o arquip\u00e9lago. Ao longo do tempo, outras hist\u00f3rias de amor contribu\u00edram para a sua perman\u00eancia na regi\u00e3o, moldando o percurso pessoal e profissional.<\/p>\n<h3>A editora Arauc\u00e1ria<\/h3>\n<p>Blanca fundou uma editora com o nome de uma \u00e1rvore, a Arauc\u00e1ria, que se tornou s\u00edmbolo da sua vis\u00e3o sobre as ilhas. O projeto editorial traduz uma perspectiva que olha para o Atl\u00e2ntico com novos contornos, enfatizando a produ\u00e7\u00e3o local e a circula\u00e7\u00e3o de obras. Em S\u00e3o Vicente Ferreira, parte da ilha de S\u00e3o Miguel, ela mostra uma arauc\u00e1ria no jardim da casa, imagem que acompanha a sua trajet\u00f3ria.<\/p>\n","protected":false},"excerpt":{"rendered":"<ul>\n<li>Blanca Mart\u00edn-Calero, a\u00e7oriana com sotaque espanhol, mudou-se para S\u00e3o Miguel devido a uma hist\u00f3ria de amor entre dois universit\u00e1rios.<\/li>\n<li>Riotou o projeto de vida envolvendo a ilha e acabou por ficar, com outras hist\u00f3rias de amor a consolidar-se ao longo do tempo.<\/li>\n<li>Fundou uma editora chamada Arauc\u00e1ria, que \u201colha para as ilhas com outros olhos\u201d.<\/li>\n<li>No Jardim de casa, em S\u00e3o Vicente Ferreira, na ilha de S\u00e3o Miguel, Blanca tem uma arauc\u00e1ria que parece tocar o c\u00e9u.<\/li>\n<li>A narrativa inicial do texto come\u00e7a por essa hist\u00f3ria de amor, servindo de guia para o estilo da publica\u00e7\u00e3o.<\/li>\n<\/ul>\n","protected":false},"author":2,"featured_media":210562,"comment_status":"closed","ping_status":"closed","sticky":false,"template":"","format":"standard","meta":{"footnotes":""},"categories":[1],"tags":[822,145,2404,106,3181,5130],"class_list":["post-210561","post","type-post","status-publish","format-standard","has-post-thumbnail","hentry","category-noticias","tag-acores","tag-cultura","tag-edicao","tag-literatura","tag-publicacoes","tag-sao-miguel-e-santa-maria"],"yoast_head":"<!-- This site is optimized with the Yoast SEO plugin v27.2 - https:\/\/yoast.com\/product\/yoast-seo-wordpress\/ -->\n<title>Blanca Mart\u00edn-Calero, a\u00e7oriana com sotaque espanhol, coloca as ilhas nos livros - Portal Tela Portugal<\/title>\n<meta name=\"robots\" content=\"index, follow, max-snippet:-1, max-image-preview:large, max-video-preview:-1\" \/>\n<meta property=\"og:locale\" content=\"pt_PT\" \/>\n<meta property=\"og:type\" content=\"article\" \/>\n<meta property=\"og:title\" content=\"Blanca Mart\u00edn-Calero, a\u00e7oriana com sotaque espanhol, coloca as ilhas nos livros - Portal Tela Portugal\" \/>\n<meta property=\"og:description\" content=\"Blanca Mart\u00edn-Calero, a\u00e7oriana com sotaque espanhol, mudou-se para S\u00e3o Miguel devido a uma hist\u00f3ria de amor entre dois universit\u00e1rios. Riotou o projeto de vida envolvendo a ilha e acabou por ficar, com outras hist\u00f3rias de amor a consolidar-se ao longo do tempo. Fundou uma editora chamada Arauc\u00e1ria, que \u201colha para as ilhas com outros olhos\u201d. No Jardim de casa, em S\u00e3o Vicente Ferreira, na ilha de S\u00e3o Miguel, Blanca tem uma arauc\u00e1ria que parece tocar o c\u00e9u. A narrativa inicial do texto come\u00e7a por essa hist\u00f3ria de amor, servindo de guia para o estilo da publica\u00e7\u00e3o.\" \/>\n<meta property=\"og:url\" content=\"https:\/\/portaltela.pt\/noticias\/2026\/02\/13\/blanca-martin-calero-acoriana-com-sotaque-espanhol-coloca-as-ilhas-nos-livros\/\" \/>\n<meta property=\"og:site_name\" content=\"Portal Tela Portugal\" \/>\n<meta property=\"article:published_time\" content=\"2026-02-13T09:40:00+00:00\" \/>\n<meta name=\"author\" content=\"Telinha\" \/>\n<meta name=\"twitter:card\" content=\"summary_large_image\" \/>\n<meta name=\"twitter:label1\" content=\"Escrito por\" \/>\n\t<meta name=\"twitter:data1\" content=\"Telinha\" \/>\n\t<meta name=\"twitter:label2\" content=\"Tempo estimado de leitura\" \/>\n\t<meta name=\"twitter:data2\" content=\"1 minuto\" \/>\n<script type=\"application\/ld+json\" class=\"yoast-schema-graph\">{\"@context\":\"https:\/\/schema.org\",\"@graph\":[{\"@type\":\"Article\",\"@id\":\"https:\/\/portaltela.pt\/noticias\/2026\/02\/13\/blanca-martin-calero-acoriana-com-sotaque-espanhol-coloca-as-ilhas-nos-livros\/#article\",\"isPartOf\":{\"@id\":\"https:\/\/portaltela.pt\/noticias\/2026\/02\/13\/blanca-martin-calero-acoriana-com-sotaque-espanhol-coloca-as-ilhas-nos-livros\/\"},\"author\":{\"name\":\"Telinha\",\"@id\":\"https:\/\/portaltela.pt\/#\/schema\/person\/c4278d4a6028830caff9ee44b42d32ed\"},\"headline\":\"Blanca Mart\u00edn-Calero, a\u00e7oriana com sotaque espanhol, coloca as ilhas nos livros\",\"datePublished\":\"2026-02-13T09:40:00+00:00\",\"mainEntityOfPage\":{\"@id\":\"https:\/\/portaltela.pt\/noticias\/2026\/02\/13\/blanca-martin-calero-acoriana-com-sotaque-espanhol-coloca-as-ilhas-nos-livros\/\"},\"wordCount\":202,\"image\":{\"@id\":\"https:\/\/portaltela.pt\/noticias\/2026\/02\/13\/blanca-martin-calero-acoriana-com-sotaque-espanhol-coloca-as-ilhas-nos-livros\/#primaryimage\"},\"thumbnailUrl\":\"https:\/\/portaltela.pt\/s.01k8rhncp4jt1\/2026\/02\/2066137.jpg\",\"keywords\":[\"A\u00e7ores\",\"cultura\",\"Edi\u00e7\u00e3o\",\"literatura\",\"publica\u00e7\u00f5es\",\"S\u00e3o Miguel e Santa Maria\"],\"articleSection\":[\"Not\u00edcias\"],\"inLanguage\":\"pt-PT\"},{\"@type\":\"WebPage\",\"@id\":\"https:\/\/portaltela.pt\/noticias\/2026\/02\/13\/blanca-martin-calero-acoriana-com-sotaque-espanhol-coloca-as-ilhas-nos-livros\/\",\"url\":\"https:\/\/portaltela.pt\/noticias\/2026\/02\/13\/blanca-martin-calero-acoriana-com-sotaque-espanhol-coloca-as-ilhas-nos-livros\/\",\"name\":\"Blanca Mart\u00edn-Calero, a\u00e7oriana com sotaque espanhol, coloca as ilhas nos livros - Portal Tela Portugal\",\"isPartOf\":{\"@id\":\"https:\/\/portaltela.pt\/#website\"},\"primaryImageOfPage\":{\"@id\":\"https:\/\/portaltela.pt\/noticias\/2026\/02\/13\/blanca-martin-calero-acoriana-com-sotaque-espanhol-coloca-as-ilhas-nos-livros\/#primaryimage\"},\"image\":{\"@id\":\"https:\/\/portaltela.pt\/noticias\/2026\/02\/13\/blanca-martin-calero-acoriana-com-sotaque-espanhol-coloca-as-ilhas-nos-livros\/#primaryimage\"},\"thumbnailUrl\":\"https:\/\/portaltela.pt\/s.01k8rhncp4jt1\/2026\/02\/2066137.jpg\",\"datePublished\":\"2026-02-13T09:40:00+00:00\",\"author\":{\"@id\":\"https:\/\/portaltela.pt\/#\/schema\/person\/c4278d4a6028830caff9ee44b42d32ed\"},\"breadcrumb\":{\"@id\":\"https:\/\/portaltela.pt\/noticias\/2026\/02\/13\/blanca-martin-calero-acoriana-com-sotaque-espanhol-coloca-as-ilhas-nos-livros\/#breadcrumb\"},\"inLanguage\":\"pt-PT\",\"potentialAction\":[{\"@type\":\"ReadAction\",\"target\":[\"https:\/\/portaltela.pt\/noticias\/2026\/02\/13\/blanca-martin-calero-acoriana-com-sotaque-espanhol-coloca-as-ilhas-nos-livros\/\"]}]},{\"@type\":\"ImageObject\",\"inLanguage\":\"pt-PT\",\"@id\":\"https:\/\/portaltela.pt\/noticias\/2026\/02\/13\/blanca-martin-calero-acoriana-com-sotaque-espanhol-coloca-as-ilhas-nos-livros\/#primaryimage\",\"url\":\"https:\/\/portaltela.pt\/s.01k8rhncp4jt1\/2026\/02\/2066137.jpg\",\"contentUrl\":\"https:\/\/portaltela.pt\/s.01k8rhncp4jt1\/2026\/02\/2066137.jpg\",\"width\":796,\"height\":448,\"caption\":\"Blanca Mart\u00edn-Calero \u00e9 natural de Valhadolid e vive em S\u00e3o Miguel h\u00e1 23 anos\"},{\"@type\":\"BreadcrumbList\",\"@id\":\"https:\/\/portaltela.pt\/noticias\/2026\/02\/13\/blanca-martin-calero-acoriana-com-sotaque-espanhol-coloca-as-ilhas-nos-livros\/#breadcrumb\",\"itemListElement\":[{\"@type\":\"ListItem\",\"position\":1,\"name\":\"In\u00edcio\",\"item\":\"https:\/\/portaltela.pt\/\"},{\"@type\":\"ListItem\",\"position\":2,\"name\":\"Blanca Mart\u00edn-Calero, a\u00e7oriana com sotaque espanhol, coloca as ilhas nos livros\"}]},{\"@type\":\"WebSite\",\"@id\":\"https:\/\/portaltela.pt\/#website\",\"url\":\"https:\/\/portaltela.pt\/\",\"name\":\"Portal Tela Portugal\",\"description\":\"\",\"potentialAction\":[{\"@type\":\"SearchAction\",\"target\":{\"@type\":\"EntryPoint\",\"urlTemplate\":\"https:\/\/portaltela.pt\/?s={search_term_string}\"},\"query-input\":{\"@type\":\"PropertyValueSpecification\",\"valueRequired\":true,\"valueName\":\"search_term_string\"}}],\"inLanguage\":\"pt-PT\"},{\"@type\":\"Person\",\"@id\":\"https:\/\/portaltela.pt\/#\/schema\/person\/c4278d4a6028830caff9ee44b42d32ed\",\"name\":\"Telinha\",\"image\":{\"@type\":\"ImageObject\",\"inLanguage\":\"pt-PT\",\"@id\":\"https:\/\/portaltela.pt\/s.01k8rhncp4jt1\/2025\/11\/talking-bot-125x125.png\",\"url\":\"https:\/\/portaltela.pt\/s.01k8rhncp4jt1\/2025\/11\/talking-bot-125x125.png\",\"contentUrl\":\"https:\/\/portaltela.pt\/s.01k8rhncp4jt1\/2025\/11\/talking-bot-125x125.png\",\"caption\":\"Telinha\"},\"sameAs\":[\"https:\/\/portaltela.pt\/\"],\"url\":\"https:\/\/portaltela.pt\/por\/367410592786\/\"}]}<\/script>\n<!-- \/ Yoast SEO plugin. -->","yoast_head_json":{"title":"Blanca Mart\u00edn-Calero, a\u00e7oriana com sotaque espanhol, coloca as ilhas nos livros - Portal Tela Portugal","robots":{"index":"index","follow":"follow","max-snippet":"max-snippet:-1","max-image-preview":"max-image-preview:large","max-video-preview":"max-video-preview:-1"},"og_locale":"pt_PT","og_type":"article","og_title":"Blanca Mart\u00edn-Calero, a\u00e7oriana com sotaque espanhol, coloca as ilhas nos livros - Portal Tela Portugal","og_description":"Blanca Mart\u00edn-Calero, a\u00e7oriana com sotaque espanhol, mudou-se para S\u00e3o Miguel devido a uma hist\u00f3ria de amor entre dois universit\u00e1rios. Riotou o projeto de vida envolvendo a ilha e acabou por ficar, com outras hist\u00f3rias de amor a consolidar-se ao longo do tempo. Fundou uma editora chamada Arauc\u00e1ria, que \u201colha para as ilhas com outros olhos\u201d. No Jardim de casa, em S\u00e3o Vicente Ferreira, na ilha de S\u00e3o Miguel, Blanca tem uma arauc\u00e1ria que parece tocar o c\u00e9u. A narrativa inicial do texto come\u00e7a por essa hist\u00f3ria de amor, servindo de guia para o estilo da publica\u00e7\u00e3o.","og_url":"https:\/\/portaltela.pt\/noticias\/2026\/02\/13\/blanca-martin-calero-acoriana-com-sotaque-espanhol-coloca-as-ilhas-nos-livros\/","og_site_name":"Portal Tela Portugal","article_published_time":"2026-02-13T09:40:00+00:00","author":"Telinha","twitter_card":"summary_large_image","twitter_misc":{"Escrito por":"Telinha","Tempo estimado de leitura":"1 minuto"},"schema":{"@context":"https:\/\/schema.org","@graph":[{"@type":"Article","@id":"https:\/\/portaltela.pt\/noticias\/2026\/02\/13\/blanca-martin-calero-acoriana-com-sotaque-espanhol-coloca-as-ilhas-nos-livros\/#article","isPartOf":{"@id":"https:\/\/portaltela.pt\/noticias\/2026\/02\/13\/blanca-martin-calero-acoriana-com-sotaque-espanhol-coloca-as-ilhas-nos-livros\/"},"author":{"name":"Telinha","@id":"https:\/\/portaltela.pt\/#\/schema\/person\/c4278d4a6028830caff9ee44b42d32ed"},"headline":"Blanca Mart\u00edn-Calero, a\u00e7oriana com sotaque espanhol, coloca as ilhas nos livros","datePublished":"2026-02-13T09:40:00+00:00","mainEntityOfPage":{"@id":"https:\/\/portaltela.pt\/noticias\/2026\/02\/13\/blanca-martin-calero-acoriana-com-sotaque-espanhol-coloca-as-ilhas-nos-livros\/"},"wordCount":202,"image":{"@id":"https:\/\/portaltela.pt\/noticias\/2026\/02\/13\/blanca-martin-calero-acoriana-com-sotaque-espanhol-coloca-as-ilhas-nos-livros\/#primaryimage"},"thumbnailUrl":"https:\/\/portaltela.pt\/s.01k8rhncp4jt1\/2026\/02\/2066137.jpg","keywords":["A\u00e7ores","cultura","Edi\u00e7\u00e3o","literatura","publica\u00e7\u00f5es","S\u00e3o Miguel e Santa Maria"],"articleSection":["Not\u00edcias"],"inLanguage":"pt-PT"},{"@type":"WebPage","@id":"https:\/\/portaltela.pt\/noticias\/2026\/02\/13\/blanca-martin-calero-acoriana-com-sotaque-espanhol-coloca-as-ilhas-nos-livros\/","url":"https:\/\/portaltela.pt\/noticias\/2026\/02\/13\/blanca-martin-calero-acoriana-com-sotaque-espanhol-coloca-as-ilhas-nos-livros\/","name":"Blanca Mart\u00edn-Calero, a\u00e7oriana com sotaque espanhol, coloca as ilhas nos livros - Portal Tela Portugal","isPartOf":{"@id":"https:\/\/portaltela.pt\/#website"},"primaryImageOfPage":{"@id":"https:\/\/portaltela.pt\/noticias\/2026\/02\/13\/blanca-martin-calero-acoriana-com-sotaque-espanhol-coloca-as-ilhas-nos-livros\/#primaryimage"},"image":{"@id":"https:\/\/portaltela.pt\/noticias\/2026\/02\/13\/blanca-martin-calero-acoriana-com-sotaque-espanhol-coloca-as-ilhas-nos-livros\/#primaryimage"},"thumbnailUrl":"https:\/\/portaltela.pt\/s.01k8rhncp4jt1\/2026\/02\/2066137.jpg","datePublished":"2026-02-13T09:40:00+00:00","author":{"@id":"https:\/\/portaltela.pt\/#\/schema\/person\/c4278d4a6028830caff9ee44b42d32ed"},"breadcrumb":{"@id":"https:\/\/portaltela.pt\/noticias\/2026\/02\/13\/blanca-martin-calero-acoriana-com-sotaque-espanhol-coloca-as-ilhas-nos-livros\/#breadcrumb"},"inLanguage":"pt-PT","potentialAction":[{"@type":"ReadAction","target":["https:\/\/portaltela.pt\/noticias\/2026\/02\/13\/blanca-martin-calero-acoriana-com-sotaque-espanhol-coloca-as-ilhas-nos-livros\/"]}]},{"@type":"ImageObject","inLanguage":"pt-PT","@id":"https:\/\/portaltela.pt\/noticias\/2026\/02\/13\/blanca-martin-calero-acoriana-com-sotaque-espanhol-coloca-as-ilhas-nos-livros\/#primaryimage","url":"https:\/\/portaltela.pt\/s.01k8rhncp4jt1\/2026\/02\/2066137.jpg","contentUrl":"https:\/\/portaltela.pt\/s.01k8rhncp4jt1\/2026\/02\/2066137.jpg","width":796,"height":448,"caption":"Blanca Mart\u00edn-Calero \u00e9 natural de Valhadolid e vive em S\u00e3o Miguel h\u00e1 23 anos"},{"@type":"BreadcrumbList","@id":"https:\/\/portaltela.pt\/noticias\/2026\/02\/13\/blanca-martin-calero-acoriana-com-sotaque-espanhol-coloca-as-ilhas-nos-livros\/#breadcrumb","itemListElement":[{"@type":"ListItem","position":1,"name":"In\u00edcio","item":"https:\/\/portaltela.pt\/"},{"@type":"ListItem","position":2,"name":"Blanca Mart\u00edn-Calero, a\u00e7oriana com sotaque espanhol, coloca as ilhas nos livros"}]},{"@type":"WebSite","@id":"https:\/\/portaltela.pt\/#website","url":"https:\/\/portaltela.pt\/","name":"Portal Tela Portugal","description":"","potentialAction":[{"@type":"SearchAction","target":{"@type":"EntryPoint","urlTemplate":"https:\/\/portaltela.pt\/?s={search_term_string}"},"query-input":{"@type":"PropertyValueSpecification","valueRequired":true,"valueName":"search_term_string"}}],"inLanguage":"pt-PT"},{"@type":"Person","@id":"https:\/\/portaltela.pt\/#\/schema\/person\/c4278d4a6028830caff9ee44b42d32ed","name":"Telinha","image":{"@type":"ImageObject","inLanguage":"pt-PT","@id":"https:\/\/portaltela.pt\/s.01k8rhncp4jt1\/2025\/11\/talking-bot-125x125.png","url":"https:\/\/portaltela.pt\/s.01k8rhncp4jt1\/2025\/11\/talking-bot-125x125.png","contentUrl":"https:\/\/portaltela.pt\/s.01k8rhncp4jt1\/2025\/11\/talking-bot-125x125.png","caption":"Telinha"},"sameAs":["https:\/\/portaltela.pt\/"],"url":"https:\/\/portaltela.pt\/por\/367410592786\/"}]}},"_links":{"self":[{"href":"https:\/\/portaltela.pt\/api\/wp\/v2\/posts\/210561","targetHints":{"allow":["GET"]}}],"collection":[{"href":"https:\/\/portaltela.pt\/api\/wp\/v2\/posts"}],"about":[{"href":"https:\/\/portaltela.pt\/api\/wp\/v2\/types\/post"}],"author":[{"embeddable":true,"href":"https:\/\/portaltela.pt\/api\/wp\/v2\/users\/2"}],"replies":[{"embeddable":true,"href":"https:\/\/portaltela.pt\/api\/wp\/v2\/comments?post=210561"}],"version-history":[{"count":0,"href":"https:\/\/portaltela.pt\/api\/wp\/v2\/posts\/210561\/revisions"}],"wp:featuredmedia":[{"embeddable":true,"href":"https:\/\/portaltela.pt\/api\/wp\/v2\/media\/210562"}],"wp:attachment":[{"href":"https:\/\/portaltela.pt\/api\/wp\/v2\/media?parent=210561"}],"wp:term":[{"taxonomy":"category","embeddable":true,"href":"https:\/\/portaltela.pt\/api\/wp\/v2\/categories?post=210561"},{"taxonomy":"post_tag","embeddable":true,"href":"https:\/\/portaltela.pt\/api\/wp\/v2\/tags?post=210561"}],"curies":[{"name":"wp","href":"https:\/\/api.w.org\/{rel}","templated":true}]}}