{"id":210555,"date":"2026-02-13T06:24:00","date_gmt":"2026-02-13T09:24:00","guid":{"rendered":"https:\/\/portaltela.pt\/noticias\/2026\/02\/13\/estarreja-celebra-os-dias-mais-intensos-do-carnaval\/"},"modified":"2026-02-13T06:24:00","modified_gmt":"2026-02-13T09:24:00","slug":"estarreja-celebra-os-dias-mais-intensos-do-carnaval","status":"publish","type":"post","link":"https:\/\/portaltela.pt\/noticias\/2026\/02\/13\/estarreja-celebra-os-dias-mais-intensos-do-carnaval\/","title":{"rendered":"Estarreja celebra os dias mais intensos do Carnaval"},"content":{"rendered":"<p>O Carnaval de Estarreja arranca o fim de semana maior com\u00edcio de cor, m\u00fasica e desfiles. O evento, com raiz em 1897, decorre at\u00e9 ter\u00e7a-feira, 17 de fevereiro, reunindo milhares de foli\u00f5es na cidade. A agenda foi ajustada devido ao tempo, mantendo os grandes corsos no plano principal.<\/p>\n<p>Ao longo do fim de semana, destacam-se dois desfiles no s\u00e1bado: infantil e o Desfile Noturno das Escolas de Samba, com hor\u00e1rios de 14h30 e 21h30, respetivamente. O recinto de S\u00edtio do Carnaval recebe 13 grupos infantis e quatro escolas de samba em competi\u00e7\u00e3o.<\/p>\n<p>No Espa\u00e7o Folia, a partir de hoje, a entrada \u00e9 gratuita e o p\u00fablico marca presen\u00e7a no Carnafest, que promete energia com batidas luso-brasileiras, bailarinos e muitos sucessos conhecidos.<\/p>\n<h3>S\u00e1bado: dois desfiles, tarde e noite<\/h3>\n<p>O Carnaval Infantil no S\u00edtio do Carnaval envolve cerca de 1.600 figurantes, entre grupos de escolas, associa\u00e7\u00f5es de pais e IPSS. \u00c0 noite, as quatro escolas de samba apresentam os seus enredos, coreografias e carros aleg\u00f3ricos, num espet\u00e1culo iluminado pela ilumina\u00e7\u00e3o de palco.<\/p>\n<p>No Espa\u00e7o Folia, o ser\u00e3o fica a cargo dos N\u00e9manus e de um DJ convidado, mantendo a anima\u00e7\u00e3o no espa\u00e7o p\u00fablico da Pra\u00e7a Francisco Barbosa.<\/p>\n<h3>Domingo: Grande Corso em destaque<\/h3>\n<p>O Grande Corso do Domingo come\u00e7a \u00e0s 14h30, com 13 grupos a desfilar, incluindo quatro escolas de samba, oito grupos de folia e um grupo de passerelle. Participam cerca de 1.500 figurantes, acompanhando 17 carros aleg\u00f3ricos.<\/p>\n<p>A apertura fica a cargo da Orquestra Improv\u00e1vel, um projeto comunit\u00e1rio que re\u00fane 50 m\u00fasicos de v\u00e1rias idades. O evento encerra com o concerto de Nuno Bastos no Espa\u00e7o Folia.<\/p>\n<h3>Segunda-feira e Noite da Fantasia<\/h3>\n<p>Na segunda-feira, o Espa\u00e7o Folia volta a receber grandes atua\u00e7\u00f5es, com Quim Barreiros \u00e0s 23h e o DJ set de Jos\u00e9 Pinhal Posterior Experience a seguir. A programa\u00e7\u00e3o inclui tamb\u00e9m Ax\u00e9 Brasil e DJs convidados.<\/p>\n<h3>Ter\u00e7a-feira: repeti\u00e7\u00e3o do Grande Corso<\/h3>\n<p>O Carnaval encerra na ter\u00e7a-feira, com a repeti\u00e7\u00e3o do Grande Corso \u00e0s 14h30, repetindo um dos momentos mais marcantes da festa de Estarreja.<\/p>\n<h3>Como chegar e log\u00edstica<\/h3>\n<p>O munic\u00edpio oferece bilhete de comboio promocional, com validade nos dias 15 e 17, e noite de Carnaval, com desconto de 3 euros ida e volta. A esta\u00e7\u00e3o fica a cerca de 10 minutos a p\u00e9 do recinto.<\/p>\n<p>Para quem vem de carro, as liga\u00e7\u00f5es A1 e A29 ligam-se a Estarreja Norte ou Sul. O estacionamento \u00e9 complementado por transfers gratuitos a partir das 13h nos dias dos Grandes Corsos.<\/p>\n<h3>Dicas e convite \u00e0 participa\u00e7\u00e3o respons\u00e1vel<\/h3>\n<p>O munic\u00edpio recomenda vivenciar o Carnaval com alegria e responsabilidade, acompanhando a informa\u00e7\u00e3o oficial. Al\u00e9m dos desfiles, a regi\u00e3o oferece patrim\u00f3nio natural e cultural para explorar, como trilhos, museus e arte urbana.<\/p>\n","protected":false},"excerpt":{"rendered":"<ul>\n<li>O Carnaval de Estarreja inicia o fim de semana grande na sexta-feira, 13 de fevereiro, com o Espa\u00e7o Folia e o espet\u00e1culo Carnafest, entradas gratuitas.<\/li>\n<li>No s\u00e1bado, 14 de fevereiro, h\u00e1 Carnaval Infantil \u00e0s 14h30 (13 grupos, 1.600 figurantes) e Desfile Noturno das Escolas de Samba \u00e0s 21h30.<\/li>\n<li>No domingo, 15 de fevereiro, realiza-se o Grande Corso \u00e0s 14h30, com 13 grupos, 17 carros aleg\u00f3ricos e cerca de 1.500 figurantes; a abertura fica a cargo da Orquestra Improv\u00e1vel e h\u00e1 concerto de Nuno Bastos no Espa\u00e7o Folia.<\/li>\n<li>Segunda-feira, 16 de fevereiro, \u00e9 a Noite da Fantasia no Espa\u00e7o Folia, com atua\u00e7\u00f5es de Quim Barreiros, Jos\u00e9 Pinhal Post-Mortem Experience e Ax\u00e9 Brasil\/DJs.<\/li>\n<li>A ter\u00e7a-feira, 17 de fevereiro, repete o Grande Corso \u00e0s 14h30, com a cidade mobilizada e convite \u00e0 participa\u00e7\u00e3o respons\u00e1vel; informa\u00e7\u00f5es oficiais dispon\u00edveis nos canais do evento.<\/li>\n<\/ul>\n","protected":false},"author":2,"featured_media":210558,"comment_status":"closed","ping_status":"closed","sticky":false,"template":"","format":"standard","meta":{"footnotes":""},"categories":[12,1],"tags":[145,3576,3731,5468,4919,122],"class_list":["post-210555","post","type-post","status-publish","format-standard","has-post-thumbnail","hentry","category-entretenimento","category-noticias","tag-cultura","tag-estarreja","tag-eventos","tag-festa","tag-festas","tag-musica"],"yoast_head":"<!-- This site is optimized with the Yoast SEO plugin v27.2 - https:\/\/yoast.com\/product\/yoast-seo-wordpress\/ -->\n<title>Estarreja celebra os dias mais intensos do Carnaval - Portal Tela Portugal<\/title>\n<meta name=\"robots\" content=\"index, follow, max-snippet:-1, max-image-preview:large, max-video-preview:-1\" \/>\n<meta property=\"og:locale\" content=\"pt_PT\" \/>\n<meta property=\"og:type\" content=\"article\" \/>\n<meta property=\"og:title\" content=\"Estarreja celebra os dias mais intensos do Carnaval - Portal Tela Portugal\" \/>\n<meta property=\"og:description\" content=\"O Carnaval de Estarreja inicia o fim de semana grande na sexta-feira, 13 de fevereiro, com o Espa\u00e7o Folia e o espet\u00e1culo Carnafest, entradas gratuitas. No s\u00e1bado, 14 de fevereiro, h\u00e1 Carnaval Infantil \u00e0s 14h30 (13 grupos, 1.600 figurantes) e Desfile Noturno das Escolas de Samba \u00e0s 21h30. No domingo, 15 de fevereiro, realiza-se o Grande Corso \u00e0s 14h30, com 13 grupos, 17 carros aleg\u00f3ricos e cerca de 1.500 figurantes; a abertura fica a cargo da Orquestra Improv\u00e1vel e h\u00e1 concerto de Nuno Bastos no Espa\u00e7o Folia. Segunda-feira, 16 de fevereiro, \u00e9 a Noite da Fantasia no Espa\u00e7o Folia, com atua\u00e7\u00f5es de Quim Barreiros, Jos\u00e9 Pinhal Post-Mortem Experience e Ax\u00e9 Brasil\/DJs. A ter\u00e7a-feira, 17 de fevereiro, repete o Grande Corso \u00e0s 14h30, com a cidade mobilizada e convite \u00e0 participa\u00e7\u00e3o respons\u00e1vel; informa\u00e7\u00f5es oficiais dispon\u00edveis nos canais do evento.\" \/>\n<meta property=\"og:url\" content=\"https:\/\/portaltela.pt\/noticias\/2026\/02\/13\/estarreja-celebra-os-dias-mais-intensos-do-carnaval\/\" \/>\n<meta property=\"og:site_name\" content=\"Portal Tela Portugal\" \/>\n<meta property=\"article:published_time\" content=\"2026-02-13T09:24:00+00:00\" \/>\n<meta name=\"author\" content=\"Telinha\" \/>\n<meta name=\"twitter:card\" content=\"summary_large_image\" \/>\n<meta name=\"twitter:label1\" content=\"Escrito por\" \/>\n\t<meta name=\"twitter:data1\" content=\"Telinha\" \/>\n\t<meta name=\"twitter:label2\" content=\"Tempo estimado de leitura\" \/>\n\t<meta name=\"twitter:data2\" content=\"2 minutos\" \/>\n<script type=\"application\/ld+json\" class=\"yoast-schema-graph\">{\"@context\":\"https:\/\/schema.org\",\"@graph\":[{\"@type\":\"Article\",\"@id\":\"https:\/\/portaltela.pt\/noticias\/2026\/02\/13\/estarreja-celebra-os-dias-mais-intensos-do-carnaval\/#article\",\"isPartOf\":{\"@id\":\"https:\/\/portaltela.pt\/noticias\/2026\/02\/13\/estarreja-celebra-os-dias-mais-intensos-do-carnaval\/\"},\"author\":{\"name\":\"Telinha\",\"@id\":\"https:\/\/portaltela.pt\/#\/schema\/person\/c4278d4a6028830caff9ee44b42d32ed\"},\"headline\":\"Estarreja celebra os dias mais intensos do Carnaval\",\"datePublished\":\"2026-02-13T09:24:00+00:00\",\"mainEntityOfPage\":{\"@id\":\"https:\/\/portaltela.pt\/noticias\/2026\/02\/13\/estarreja-celebra-os-dias-mais-intensos-do-carnaval\/\"},\"wordCount\":489,\"image\":{\"@id\":\"https:\/\/portaltela.pt\/noticias\/2026\/02\/13\/estarreja-celebra-os-dias-mais-intensos-do-carnaval\/#primaryimage\"},\"thumbnailUrl\":\"https:\/\/portaltela.pt\/s.01k8rhncp4jt1\/2026\/02\/ede6c362-9e4f-4baa-a7fc-9a1b3eb7e9a9_1200x675.jpg\",\"keywords\":[\"cultura\",\"Estarreja\",\"eventos\",\"festa\",\"festas\",\"m\u00fasica\"],\"articleSection\":[\"Entretenimento\",\"Not\u00edcias\"],\"inLanguage\":\"pt-PT\"},{\"@type\":\"WebPage\",\"@id\":\"https:\/\/portaltela.pt\/noticias\/2026\/02\/13\/estarreja-celebra-os-dias-mais-intensos-do-carnaval\/\",\"url\":\"https:\/\/portaltela.pt\/noticias\/2026\/02\/13\/estarreja-celebra-os-dias-mais-intensos-do-carnaval\/\",\"name\":\"Estarreja celebra os dias mais intensos do Carnaval - Portal Tela Portugal\",\"isPartOf\":{\"@id\":\"https:\/\/portaltela.pt\/#website\"},\"primaryImageOfPage\":{\"@id\":\"https:\/\/portaltela.pt\/noticias\/2026\/02\/13\/estarreja-celebra-os-dias-mais-intensos-do-carnaval\/#primaryimage\"},\"image\":{\"@id\":\"https:\/\/portaltela.pt\/noticias\/2026\/02\/13\/estarreja-celebra-os-dias-mais-intensos-do-carnaval\/#primaryimage\"},\"thumbnailUrl\":\"https:\/\/portaltela.pt\/s.01k8rhncp4jt1\/2026\/02\/ede6c362-9e4f-4baa-a7fc-9a1b3eb7e9a9_1200x675.jpg\",\"datePublished\":\"2026-02-13T09:24:00+00:00\",\"author\":{\"@id\":\"https:\/\/portaltela.pt\/#\/schema\/person\/c4278d4a6028830caff9ee44b42d32ed\"},\"breadcrumb\":{\"@id\":\"https:\/\/portaltela.pt\/noticias\/2026\/02\/13\/estarreja-celebra-os-dias-mais-intensos-do-carnaval\/#breadcrumb\"},\"inLanguage\":\"pt-PT\",\"potentialAction\":[{\"@type\":\"ReadAction\",\"target\":[\"https:\/\/portaltela.pt\/noticias\/2026\/02\/13\/estarreja-celebra-os-dias-mais-intensos-do-carnaval\/\"]}]},{\"@type\":\"ImageObject\",\"inLanguage\":\"pt-PT\",\"@id\":\"https:\/\/portaltela.pt\/noticias\/2026\/02\/13\/estarreja-celebra-os-dias-mais-intensos-do-carnaval\/#primaryimage\",\"url\":\"https:\/\/portaltela.pt\/s.01k8rhncp4jt1\/2026\/02\/ede6c362-9e4f-4baa-a7fc-9a1b3eb7e9a9_1200x675.jpg\",\"contentUrl\":\"https:\/\/portaltela.pt\/s.01k8rhncp4jt1\/2026\/02\/ede6c362-9e4f-4baa-a7fc-9a1b3eb7e9a9_1200x675.jpg\",\"width\":796,\"height\":448,\"caption\":\"Imagem de contexto do artigo Estarreja vive os dias maiores do Carnaval\"},{\"@type\":\"BreadcrumbList\",\"@id\":\"https:\/\/portaltela.pt\/noticias\/2026\/02\/13\/estarreja-celebra-os-dias-mais-intensos-do-carnaval\/#breadcrumb\",\"itemListElement\":[{\"@type\":\"ListItem\",\"position\":1,\"name\":\"In\u00edcio\",\"item\":\"https:\/\/portaltela.pt\/\"},{\"@type\":\"ListItem\",\"position\":2,\"name\":\"Estarreja celebra os dias mais intensos do Carnaval\"}]},{\"@type\":\"WebSite\",\"@id\":\"https:\/\/portaltela.pt\/#website\",\"url\":\"https:\/\/portaltela.pt\/\",\"name\":\"Portal Tela Portugal\",\"description\":\"\",\"potentialAction\":[{\"@type\":\"SearchAction\",\"target\":{\"@type\":\"EntryPoint\",\"urlTemplate\":\"https:\/\/portaltela.pt\/?s={search_term_string}\"},\"query-input\":{\"@type\":\"PropertyValueSpecification\",\"valueRequired\":true,\"valueName\":\"search_term_string\"}}],\"inLanguage\":\"pt-PT\"},{\"@type\":\"Person\",\"@id\":\"https:\/\/portaltela.pt\/#\/schema\/person\/c4278d4a6028830caff9ee44b42d32ed\",\"name\":\"Telinha\",\"image\":{\"@type\":\"ImageObject\",\"inLanguage\":\"pt-PT\",\"@id\":\"https:\/\/portaltela.pt\/s.01k8rhncp4jt1\/2025\/11\/talking-bot-125x125.png\",\"url\":\"https:\/\/portaltela.pt\/s.01k8rhncp4jt1\/2025\/11\/talking-bot-125x125.png\",\"contentUrl\":\"https:\/\/portaltela.pt\/s.01k8rhncp4jt1\/2025\/11\/talking-bot-125x125.png\",\"caption\":\"Telinha\"},\"sameAs\":[\"https:\/\/portaltela.pt\/\"],\"url\":\"https:\/\/portaltela.pt\/por\/367410592786\/\"}]}<\/script>\n<!-- \/ Yoast SEO plugin. -->","yoast_head_json":{"title":"Estarreja celebra os dias mais intensos do Carnaval - Portal Tela Portugal","robots":{"index":"index","follow":"follow","max-snippet":"max-snippet:-1","max-image-preview":"max-image-preview:large","max-video-preview":"max-video-preview:-1"},"og_locale":"pt_PT","og_type":"article","og_title":"Estarreja celebra os dias mais intensos do Carnaval - Portal Tela Portugal","og_description":"O Carnaval de Estarreja inicia o fim de semana grande na sexta-feira, 13 de fevereiro, com o Espa\u00e7o Folia e o espet\u00e1culo Carnafest, entradas gratuitas. No s\u00e1bado, 14 de fevereiro, h\u00e1 Carnaval Infantil \u00e0s 14h30 (13 grupos, 1.600 figurantes) e Desfile Noturno das Escolas de Samba \u00e0s 21h30. No domingo, 15 de fevereiro, realiza-se o Grande Corso \u00e0s 14h30, com 13 grupos, 17 carros aleg\u00f3ricos e cerca de 1.500 figurantes; a abertura fica a cargo da Orquestra Improv\u00e1vel e h\u00e1 concerto de Nuno Bastos no Espa\u00e7o Folia. Segunda-feira, 16 de fevereiro, \u00e9 a Noite da Fantasia no Espa\u00e7o Folia, com atua\u00e7\u00f5es de Quim Barreiros, Jos\u00e9 Pinhal Post-Mortem Experience e Ax\u00e9 Brasil\/DJs. A ter\u00e7a-feira, 17 de fevereiro, repete o Grande Corso \u00e0s 14h30, com a cidade mobilizada e convite \u00e0 participa\u00e7\u00e3o respons\u00e1vel; informa\u00e7\u00f5es oficiais dispon\u00edveis nos canais do evento.","og_url":"https:\/\/portaltela.pt\/noticias\/2026\/02\/13\/estarreja-celebra-os-dias-mais-intensos-do-carnaval\/","og_site_name":"Portal Tela Portugal","article_published_time":"2026-02-13T09:24:00+00:00","author":"Telinha","twitter_card":"summary_large_image","twitter_misc":{"Escrito por":"Telinha","Tempo estimado de leitura":"2 minutos"},"schema":{"@context":"https:\/\/schema.org","@graph":[{"@type":"Article","@id":"https:\/\/portaltela.pt\/noticias\/2026\/02\/13\/estarreja-celebra-os-dias-mais-intensos-do-carnaval\/#article","isPartOf":{"@id":"https:\/\/portaltela.pt\/noticias\/2026\/02\/13\/estarreja-celebra-os-dias-mais-intensos-do-carnaval\/"},"author":{"name":"Telinha","@id":"https:\/\/portaltela.pt\/#\/schema\/person\/c4278d4a6028830caff9ee44b42d32ed"},"headline":"Estarreja celebra os dias mais intensos do Carnaval","datePublished":"2026-02-13T09:24:00+00:00","mainEntityOfPage":{"@id":"https:\/\/portaltela.pt\/noticias\/2026\/02\/13\/estarreja-celebra-os-dias-mais-intensos-do-carnaval\/"},"wordCount":489,"image":{"@id":"https:\/\/portaltela.pt\/noticias\/2026\/02\/13\/estarreja-celebra-os-dias-mais-intensos-do-carnaval\/#primaryimage"},"thumbnailUrl":"https:\/\/portaltela.pt\/s.01k8rhncp4jt1\/2026\/02\/ede6c362-9e4f-4baa-a7fc-9a1b3eb7e9a9_1200x675.jpg","keywords":["cultura","Estarreja","eventos","festa","festas","m\u00fasica"],"articleSection":["Entretenimento","Not\u00edcias"],"inLanguage":"pt-PT"},{"@type":"WebPage","@id":"https:\/\/portaltela.pt\/noticias\/2026\/02\/13\/estarreja-celebra-os-dias-mais-intensos-do-carnaval\/","url":"https:\/\/portaltela.pt\/noticias\/2026\/02\/13\/estarreja-celebra-os-dias-mais-intensos-do-carnaval\/","name":"Estarreja celebra os dias mais intensos do Carnaval - Portal Tela Portugal","isPartOf":{"@id":"https:\/\/portaltela.pt\/#website"},"primaryImageOfPage":{"@id":"https:\/\/portaltela.pt\/noticias\/2026\/02\/13\/estarreja-celebra-os-dias-mais-intensos-do-carnaval\/#primaryimage"},"image":{"@id":"https:\/\/portaltela.pt\/noticias\/2026\/02\/13\/estarreja-celebra-os-dias-mais-intensos-do-carnaval\/#primaryimage"},"thumbnailUrl":"https:\/\/portaltela.pt\/s.01k8rhncp4jt1\/2026\/02\/ede6c362-9e4f-4baa-a7fc-9a1b3eb7e9a9_1200x675.jpg","datePublished":"2026-02-13T09:24:00+00:00","author":{"@id":"https:\/\/portaltela.pt\/#\/schema\/person\/c4278d4a6028830caff9ee44b42d32ed"},"breadcrumb":{"@id":"https:\/\/portaltela.pt\/noticias\/2026\/02\/13\/estarreja-celebra-os-dias-mais-intensos-do-carnaval\/#breadcrumb"},"inLanguage":"pt-PT","potentialAction":[{"@type":"ReadAction","target":["https:\/\/portaltela.pt\/noticias\/2026\/02\/13\/estarreja-celebra-os-dias-mais-intensos-do-carnaval\/"]}]},{"@type":"ImageObject","inLanguage":"pt-PT","@id":"https:\/\/portaltela.pt\/noticias\/2026\/02\/13\/estarreja-celebra-os-dias-mais-intensos-do-carnaval\/#primaryimage","url":"https:\/\/portaltela.pt\/s.01k8rhncp4jt1\/2026\/02\/ede6c362-9e4f-4baa-a7fc-9a1b3eb7e9a9_1200x675.jpg","contentUrl":"https:\/\/portaltela.pt\/s.01k8rhncp4jt1\/2026\/02\/ede6c362-9e4f-4baa-a7fc-9a1b3eb7e9a9_1200x675.jpg","width":796,"height":448,"caption":"Imagem de contexto do artigo Estarreja vive os dias maiores do Carnaval"},{"@type":"BreadcrumbList","@id":"https:\/\/portaltela.pt\/noticias\/2026\/02\/13\/estarreja-celebra-os-dias-mais-intensos-do-carnaval\/#breadcrumb","itemListElement":[{"@type":"ListItem","position":1,"name":"In\u00edcio","item":"https:\/\/portaltela.pt\/"},{"@type":"ListItem","position":2,"name":"Estarreja celebra os dias mais intensos do Carnaval"}]},{"@type":"WebSite","@id":"https:\/\/portaltela.pt\/#website","url":"https:\/\/portaltela.pt\/","name":"Portal Tela Portugal","description":"","potentialAction":[{"@type":"SearchAction","target":{"@type":"EntryPoint","urlTemplate":"https:\/\/portaltela.pt\/?s={search_term_string}"},"query-input":{"@type":"PropertyValueSpecification","valueRequired":true,"valueName":"search_term_string"}}],"inLanguage":"pt-PT"},{"@type":"Person","@id":"https:\/\/portaltela.pt\/#\/schema\/person\/c4278d4a6028830caff9ee44b42d32ed","name":"Telinha","image":{"@type":"ImageObject","inLanguage":"pt-PT","@id":"https:\/\/portaltela.pt\/s.01k8rhncp4jt1\/2025\/11\/talking-bot-125x125.png","url":"https:\/\/portaltela.pt\/s.01k8rhncp4jt1\/2025\/11\/talking-bot-125x125.png","contentUrl":"https:\/\/portaltela.pt\/s.01k8rhncp4jt1\/2025\/11\/talking-bot-125x125.png","caption":"Telinha"},"sameAs":["https:\/\/portaltela.pt\/"],"url":"https:\/\/portaltela.pt\/por\/367410592786\/"}]}},"_links":{"self":[{"href":"https:\/\/portaltela.pt\/api\/wp\/v2\/posts\/210555","targetHints":{"allow":["GET"]}}],"collection":[{"href":"https:\/\/portaltela.pt\/api\/wp\/v2\/posts"}],"about":[{"href":"https:\/\/portaltela.pt\/api\/wp\/v2\/types\/post"}],"author":[{"embeddable":true,"href":"https:\/\/portaltela.pt\/api\/wp\/v2\/users\/2"}],"replies":[{"embeddable":true,"href":"https:\/\/portaltela.pt\/api\/wp\/v2\/comments?post=210555"}],"version-history":[{"count":0,"href":"https:\/\/portaltela.pt\/api\/wp\/v2\/posts\/210555\/revisions"}],"wp:featuredmedia":[{"embeddable":true,"href":"https:\/\/portaltela.pt\/api\/wp\/v2\/media\/210558"}],"wp:attachment":[{"href":"https:\/\/portaltela.pt\/api\/wp\/v2\/media?parent=210555"}],"wp:term":[{"taxonomy":"category","embeddable":true,"href":"https:\/\/portaltela.pt\/api\/wp\/v2\/categories?post=210555"},{"taxonomy":"post_tag","embeddable":true,"href":"https:\/\/portaltela.pt\/api\/wp\/v2\/tags?post=210555"}],"curies":[{"name":"wp","href":"https:\/\/api.w.org\/{rel}","templated":true}]}}