{"id":210554,"date":"2026-02-13T06:15:00","date_gmt":"2026-02-13T09:15:00","guid":{"rendered":"https:\/\/portaltela.pt\/noticias\/2026\/02\/13\/quem-e-ghislaine-maxwell-cumplice-de-epstein\/"},"modified":"2026-02-13T06:15:00","modified_gmt":"2026-02-13T09:15:00","slug":"quem-e-ghislaine-maxwell-cumplice-de-epstein","status":"publish","type":"post","link":"https:\/\/portaltela.pt\/noticias\/2026\/02\/13\/quem-e-ghislaine-maxwell-cumplice-de-epstein\/","title":{"rendered":"Quem \u00e9 Ghislaine Maxwell, c\u00famplice de Epstein"},"content":{"rendered":"<p>O principal c\u00famplice de Jeffrey Epstein n\u00e3o respondeu \u00e0s perguntas de um comit\u00ea da C\u00e2mara dos Representantes dos EUA. Ghislaine Maxwell, de 64 anos, pediu imunidade criminal em troca do testemunho, mas o pedido foi recusado. A sess\u00e3o ocorreu ap\u00f3s a sua condena\u00e7\u00e3o em 2022 por explora\u00e7\u00e3o sexual de menores, mantendo-a sob a ordem de pris\u00e3o. A Casa Branca deixou claro que um indulto n\u00e3o \u00e9 prioridade.<\/p>\n<p>Maxwell permanece detida em regime de seguran\u00e7a no Texas, onde cumpre 20 anos de pris\u00e3o. Entre as perguntas pendentes estavam alegados contatos com Donald Trump, c\u00famplices e rela\u00e7\u00f5es com governos estrangeiros ou servi\u00e7os de informa\u00e7\u00f5es. O comit\u00e9 destacou ainda que apenas quatro coconspiradores identificados foram enquadrados na investiga\u00e7\u00e3o.<\/p>\n<h3>Perfil de Maxwell<\/h3>\n<p>Nascida a 25 de dezembro de 1961, Maxwell \u00e9 filha mais nova de Robert Maxwell, magnata do grupo Mirror. Cresceu em Oxford e estudou Hist\u00f3ria Moderna e L\u00ednguas. A fam\u00edlia enfrentou uma crise financeira ap\u00f3s a morte do pai, em 1991, que deixou d\u00edvidas excepcionais e mudou os destinos de Maxwell.<\/p>\n<p>A partir de Nova Iorque, Maxwell passou a atuar como anfitri\u00e3 de encontros entre milion\u00e1rios de Wall Street e figuras p\u00fablicas, ligando Epstein a uma rede de potenciais abusos. Em 2003, Epstein descreveu-a como a sua melhor amiga, e alguns amigos viam-na como a figura que conectava uma elite poderosa.<\/p>\n<h3>Testemunhos e contexto<\/h3>\n<p>Antes da condena\u00e7\u00e3o, v\u00e1rias v\u00edtimas relataram abusos graves. Uma delas descreveu abusos repetidos por Epstein e tentou suic\u00eddio ap\u00f3s situa\u00e7\u00f5es de extremo abuso. Outra revelou ter sido apresentada a Epstein quando era estudante universit\u00e1ria, sendo agredida e traficada ao longo de anos.<\/p>\n<p>O document\u00e1rio sobre Maxwell tem relatos de que a executora dos abusos tamb\u00e9m praticava abusos, o que aumenta o debate sobre o papel de Maxwell na rede criminosa. Observadores destacam a influ\u00eancia de Maxwell na din\u00e2mica entre Epstein e as suas v\u00edtimas.<\/p>\n<h3>A teoria da rela\u00e7\u00e3o com o poder<\/h3>\n<p>Fontes pr\u00f3ximas ao caso descrevem Maxwell como algu\u00e9m que operava na interse\u00e7\u00e3o entre riqueza, pol\u00edtica e influ\u00eancia. A narrativa p\u00fablica foca na sua capacidade de recrutar v\u00edtimas e manter v\u00ednculos com c\u00edrculos de poder, bem como no impacto do falecimento do pai sobre o seu percurso.<\/p>\n","protected":false},"excerpt":{"rendered":"<ul>\n<li>Maxwell foi condenada a vinte anos de pris\u00e3o em dois mil e vinte e dois por explora\u00e7\u00e3o sexual de menores e est\u00e1 a esgotar recursos judiciais contra a senten\u00e7a, recusando-se a testemunhar perante um comit\u00e9 da C\u00e2mara dos Representantes sem imunidade criminal.<\/li>\n<li>No decurso da audi\u00eancia, afirmou conhecer vinte e cinco nomes ligados \u00e0 rede de tr\u00e1fico de Epstein e revelou quatro coconspiradores identificados; disse que foi o maior erro da sua vida na rela\u00e7\u00e3o com Epstein.<\/li>\n<li>A Casa Branca informou que o indulto para Maxwell n\u00e3o \u00e9 uma prioridade do Presidente dos Estados Unidos.<\/li>\n<li>Maxwell nasceu em dois mil e sessenta e um, em Fran\u00e7a, \u00e9 filha de Robert Maxwell e cresceu numa casa de grande riqueza; tornou-se figura central na rede de Epstein e associou-se a figuras de elites durante d\u00e9cadas.<\/li>\n<li>V\u00edtimas descreveram abusos sexuais repetidos por Epstein e pela rede, com depoimentos que ilustram a gravidade dos crimes cometidos e a participa\u00e7\u00e3o de Maxwell conforme relatos apresentados em ju\u00edzo.<\/li>\n<\/ul>\n","protected":false},"author":2,"featured_media":210556,"comment_status":"closed","ping_status":"closed","sticky":false,"template":"","format":"standard","meta":{"footnotes":""},"categories":[1],"tags":[3990,5065,2221,217,803,5698],"class_list":["post-210554","post","type-post","status-publish","format-standard","has-post-thumbnail","hentry","category-noticias","tag-crimes-sexuais","tag-crimes-sexuais-contra-menores","tag-exploracao-de-menores-dependente-ou-em-situacao-vulneravel","tag-investigacao-criminal","tag-justica","tag-politica-internacional"],"yoast_head":"<!-- This site is optimized with the Yoast SEO plugin v27.2 - https:\/\/yoast.com\/product\/yoast-seo-wordpress\/ -->\n<title>Quem \u00e9 Ghislaine Maxwell, c\u00famplice de Epstein - Portal Tela Portugal<\/title>\n<meta name=\"robots\" content=\"index, follow, max-snippet:-1, max-image-preview:large, max-video-preview:-1\" \/>\n<meta property=\"og:locale\" content=\"pt_PT\" \/>\n<meta property=\"og:type\" content=\"article\" \/>\n<meta property=\"og:title\" content=\"Quem \u00e9 Ghislaine Maxwell, c\u00famplice de Epstein - Portal Tela Portugal\" \/>\n<meta property=\"og:description\" content=\"Maxwell foi condenada a vinte anos de pris\u00e3o em dois mil e vinte e dois por explora\u00e7\u00e3o sexual de menores e est\u00e1 a esgotar recursos judiciais contra a senten\u00e7a, recusando-se a testemunhar perante um comit\u00e9 da C\u00e2mara dos Representantes sem imunidade criminal. No decurso da audi\u00eancia, afirmou conhecer vinte e cinco nomes ligados \u00e0 rede de tr\u00e1fico de Epstein e revelou quatro coconspiradores identificados; disse que foi o maior erro da sua vida na rela\u00e7\u00e3o com Epstein. A Casa Branca informou que o indulto para Maxwell n\u00e3o \u00e9 uma prioridade do Presidente dos Estados Unidos. Maxwell nasceu em dois mil e sessenta e um, em Fran\u00e7a, \u00e9 filha de Robert Maxwell e cresceu numa casa de grande riqueza; tornou-se figura central na rede de Epstein e associou-se a figuras de elites durante d\u00e9cadas. V\u00edtimas descreveram abusos sexuais repetidos por Epstein e pela rede, com depoimentos que ilustram a gravidade dos crimes cometidos e a participa\u00e7\u00e3o de Maxwell conforme relatos apresentados em ju\u00edzo.\" \/>\n<meta property=\"og:url\" content=\"https:\/\/portaltela.pt\/noticias\/2026\/02\/13\/quem-e-ghislaine-maxwell-cumplice-de-epstein\/\" \/>\n<meta property=\"og:site_name\" content=\"Portal Tela Portugal\" \/>\n<meta property=\"article:published_time\" content=\"2026-02-13T09:15:00+00:00\" \/>\n<meta name=\"author\" content=\"Telinha\" \/>\n<meta name=\"twitter:card\" content=\"summary_large_image\" \/>\n<meta name=\"twitter:label1\" content=\"Escrito por\" \/>\n\t<meta name=\"twitter:data1\" content=\"Telinha\" \/>\n\t<meta name=\"twitter:label2\" content=\"Tempo estimado de leitura\" \/>\n\t<meta name=\"twitter:data2\" content=\"2 minutos\" \/>\n<script type=\"application\/ld+json\" class=\"yoast-schema-graph\">{\"@context\":\"https:\/\/schema.org\",\"@graph\":[{\"@type\":\"Article\",\"@id\":\"https:\/\/portaltela.pt\/noticias\/2026\/02\/13\/quem-e-ghislaine-maxwell-cumplice-de-epstein\/#article\",\"isPartOf\":{\"@id\":\"https:\/\/portaltela.pt\/noticias\/2026\/02\/13\/quem-e-ghislaine-maxwell-cumplice-de-epstein\/\"},\"author\":{\"name\":\"Telinha\",\"@id\":\"https:\/\/portaltela.pt\/#\/schema\/person\/c4278d4a6028830caff9ee44b42d32ed\"},\"headline\":\"Quem \u00e9 Ghislaine Maxwell, c\u00famplice de Epstein\",\"datePublished\":\"2026-02-13T09:15:00+00:00\",\"mainEntityOfPage\":{\"@id\":\"https:\/\/portaltela.pt\/noticias\/2026\/02\/13\/quem-e-ghislaine-maxwell-cumplice-de-epstein\/\"},\"wordCount\":402,\"image\":{\"@id\":\"https:\/\/portaltela.pt\/noticias\/2026\/02\/13\/quem-e-ghislaine-maxwell-cumplice-de-epstein\/#primaryimage\"},\"thumbnailUrl\":\"https:\/\/portaltela.pt\/s.01k8rhncp4jt1\/2026\/02\/img_1280x721uu2026-02-13-08-39-08-2266612.jpg\",\"keywords\":[\"crimes sexuais\",\"crimes sexuais contra menores\",\"explora\u00e7\u00e3o de menores dependente ou em situa\u00e7\u00e3o vulner\u00e1vel\",\"investiga\u00e7\u00e3o criminal\",\"justi\u00e7a\",\"pol\u00edtica internacional\"],\"articleSection\":[\"Not\u00edcias\"],\"inLanguage\":\"pt-PT\"},{\"@type\":\"WebPage\",\"@id\":\"https:\/\/portaltela.pt\/noticias\/2026\/02\/13\/quem-e-ghislaine-maxwell-cumplice-de-epstein\/\",\"url\":\"https:\/\/portaltela.pt\/noticias\/2026\/02\/13\/quem-e-ghislaine-maxwell-cumplice-de-epstein\/\",\"name\":\"Quem \u00e9 Ghislaine Maxwell, c\u00famplice de Epstein - Portal Tela Portugal\",\"isPartOf\":{\"@id\":\"https:\/\/portaltela.pt\/#website\"},\"primaryImageOfPage\":{\"@id\":\"https:\/\/portaltela.pt\/noticias\/2026\/02\/13\/quem-e-ghislaine-maxwell-cumplice-de-epstein\/#primaryimage\"},\"image\":{\"@id\":\"https:\/\/portaltela.pt\/noticias\/2026\/02\/13\/quem-e-ghislaine-maxwell-cumplice-de-epstein\/#primaryimage\"},\"thumbnailUrl\":\"https:\/\/portaltela.pt\/s.01k8rhncp4jt1\/2026\/02\/img_1280x721uu2026-02-13-08-39-08-2266612.jpg\",\"datePublished\":\"2026-02-13T09:15:00+00:00\",\"author\":{\"@id\":\"https:\/\/portaltela.pt\/#\/schema\/person\/c4278d4a6028830caff9ee44b42d32ed\"},\"breadcrumb\":{\"@id\":\"https:\/\/portaltela.pt\/noticias\/2026\/02\/13\/quem-e-ghislaine-maxwell-cumplice-de-epstein\/#breadcrumb\"},\"inLanguage\":\"pt-PT\",\"potentialAction\":[{\"@type\":\"ReadAction\",\"target\":[\"https:\/\/portaltela.pt\/noticias\/2026\/02\/13\/quem-e-ghislaine-maxwell-cumplice-de-epstein\/\"]}]},{\"@type\":\"ImageObject\",\"inLanguage\":\"pt-PT\",\"@id\":\"https:\/\/portaltela.pt\/noticias\/2026\/02\/13\/quem-e-ghislaine-maxwell-cumplice-de-epstein\/#primaryimage\",\"url\":\"https:\/\/portaltela.pt\/s.01k8rhncp4jt1\/2026\/02\/img_1280x721uu2026-02-13-08-39-08-2266612.jpg\",\"contentUrl\":\"https:\/\/portaltela.pt\/s.01k8rhncp4jt1\/2026\/02\/img_1280x721uu2026-02-13-08-39-08-2266612.jpg\",\"width\":796,\"height\":448,\"caption\":\"Photo\"},{\"@type\":\"BreadcrumbList\",\"@id\":\"https:\/\/portaltela.pt\/noticias\/2026\/02\/13\/quem-e-ghislaine-maxwell-cumplice-de-epstein\/#breadcrumb\",\"itemListElement\":[{\"@type\":\"ListItem\",\"position\":1,\"name\":\"In\u00edcio\",\"item\":\"https:\/\/portaltela.pt\/\"},{\"@type\":\"ListItem\",\"position\":2,\"name\":\"Quem \u00e9 Ghislaine Maxwell, c\u00famplice de Epstein\"}]},{\"@type\":\"WebSite\",\"@id\":\"https:\/\/portaltela.pt\/#website\",\"url\":\"https:\/\/portaltela.pt\/\",\"name\":\"Portal Tela Portugal\",\"description\":\"\",\"potentialAction\":[{\"@type\":\"SearchAction\",\"target\":{\"@type\":\"EntryPoint\",\"urlTemplate\":\"https:\/\/portaltela.pt\/?s={search_term_string}\"},\"query-input\":{\"@type\":\"PropertyValueSpecification\",\"valueRequired\":true,\"valueName\":\"search_term_string\"}}],\"inLanguage\":\"pt-PT\"},{\"@type\":\"Person\",\"@id\":\"https:\/\/portaltela.pt\/#\/schema\/person\/c4278d4a6028830caff9ee44b42d32ed\",\"name\":\"Telinha\",\"image\":{\"@type\":\"ImageObject\",\"inLanguage\":\"pt-PT\",\"@id\":\"https:\/\/portaltela.pt\/s.01k8rhncp4jt1\/2025\/11\/talking-bot-125x125.png\",\"url\":\"https:\/\/portaltela.pt\/s.01k8rhncp4jt1\/2025\/11\/talking-bot-125x125.png\",\"contentUrl\":\"https:\/\/portaltela.pt\/s.01k8rhncp4jt1\/2025\/11\/talking-bot-125x125.png\",\"caption\":\"Telinha\"},\"sameAs\":[\"https:\/\/portaltela.pt\/\"],\"url\":\"https:\/\/portaltela.pt\/por\/367410592786\/\"}]}<\/script>\n<!-- \/ Yoast SEO plugin. -->","yoast_head_json":{"title":"Quem \u00e9 Ghislaine Maxwell, c\u00famplice de Epstein - Portal Tela Portugal","robots":{"index":"index","follow":"follow","max-snippet":"max-snippet:-1","max-image-preview":"max-image-preview:large","max-video-preview":"max-video-preview:-1"},"og_locale":"pt_PT","og_type":"article","og_title":"Quem \u00e9 Ghislaine Maxwell, c\u00famplice de Epstein - Portal Tela Portugal","og_description":"Maxwell foi condenada a vinte anos de pris\u00e3o em dois mil e vinte e dois por explora\u00e7\u00e3o sexual de menores e est\u00e1 a esgotar recursos judiciais contra a senten\u00e7a, recusando-se a testemunhar perante um comit\u00e9 da C\u00e2mara dos Representantes sem imunidade criminal. No decurso da audi\u00eancia, afirmou conhecer vinte e cinco nomes ligados \u00e0 rede de tr\u00e1fico de Epstein e revelou quatro coconspiradores identificados; disse que foi o maior erro da sua vida na rela\u00e7\u00e3o com Epstein. A Casa Branca informou que o indulto para Maxwell n\u00e3o \u00e9 uma prioridade do Presidente dos Estados Unidos. Maxwell nasceu em dois mil e sessenta e um, em Fran\u00e7a, \u00e9 filha de Robert Maxwell e cresceu numa casa de grande riqueza; tornou-se figura central na rede de Epstein e associou-se a figuras de elites durante d\u00e9cadas. V\u00edtimas descreveram abusos sexuais repetidos por Epstein e pela rede, com depoimentos que ilustram a gravidade dos crimes cometidos e a participa\u00e7\u00e3o de Maxwell conforme relatos apresentados em ju\u00edzo.","og_url":"https:\/\/portaltela.pt\/noticias\/2026\/02\/13\/quem-e-ghislaine-maxwell-cumplice-de-epstein\/","og_site_name":"Portal Tela Portugal","article_published_time":"2026-02-13T09:15:00+00:00","author":"Telinha","twitter_card":"summary_large_image","twitter_misc":{"Escrito por":"Telinha","Tempo estimado de leitura":"2 minutos"},"schema":{"@context":"https:\/\/schema.org","@graph":[{"@type":"Article","@id":"https:\/\/portaltela.pt\/noticias\/2026\/02\/13\/quem-e-ghislaine-maxwell-cumplice-de-epstein\/#article","isPartOf":{"@id":"https:\/\/portaltela.pt\/noticias\/2026\/02\/13\/quem-e-ghislaine-maxwell-cumplice-de-epstein\/"},"author":{"name":"Telinha","@id":"https:\/\/portaltela.pt\/#\/schema\/person\/c4278d4a6028830caff9ee44b42d32ed"},"headline":"Quem \u00e9 Ghislaine Maxwell, c\u00famplice de Epstein","datePublished":"2026-02-13T09:15:00+00:00","mainEntityOfPage":{"@id":"https:\/\/portaltela.pt\/noticias\/2026\/02\/13\/quem-e-ghislaine-maxwell-cumplice-de-epstein\/"},"wordCount":402,"image":{"@id":"https:\/\/portaltela.pt\/noticias\/2026\/02\/13\/quem-e-ghislaine-maxwell-cumplice-de-epstein\/#primaryimage"},"thumbnailUrl":"https:\/\/portaltela.pt\/s.01k8rhncp4jt1\/2026\/02\/img_1280x721uu2026-02-13-08-39-08-2266612.jpg","keywords":["crimes sexuais","crimes sexuais contra menores","explora\u00e7\u00e3o de menores dependente ou em situa\u00e7\u00e3o vulner\u00e1vel","investiga\u00e7\u00e3o criminal","justi\u00e7a","pol\u00edtica internacional"],"articleSection":["Not\u00edcias"],"inLanguage":"pt-PT"},{"@type":"WebPage","@id":"https:\/\/portaltela.pt\/noticias\/2026\/02\/13\/quem-e-ghislaine-maxwell-cumplice-de-epstein\/","url":"https:\/\/portaltela.pt\/noticias\/2026\/02\/13\/quem-e-ghislaine-maxwell-cumplice-de-epstein\/","name":"Quem \u00e9 Ghislaine Maxwell, c\u00famplice de Epstein - Portal Tela Portugal","isPartOf":{"@id":"https:\/\/portaltela.pt\/#website"},"primaryImageOfPage":{"@id":"https:\/\/portaltela.pt\/noticias\/2026\/02\/13\/quem-e-ghislaine-maxwell-cumplice-de-epstein\/#primaryimage"},"image":{"@id":"https:\/\/portaltela.pt\/noticias\/2026\/02\/13\/quem-e-ghislaine-maxwell-cumplice-de-epstein\/#primaryimage"},"thumbnailUrl":"https:\/\/portaltela.pt\/s.01k8rhncp4jt1\/2026\/02\/img_1280x721uu2026-02-13-08-39-08-2266612.jpg","datePublished":"2026-02-13T09:15:00+00:00","author":{"@id":"https:\/\/portaltela.pt\/#\/schema\/person\/c4278d4a6028830caff9ee44b42d32ed"},"breadcrumb":{"@id":"https:\/\/portaltela.pt\/noticias\/2026\/02\/13\/quem-e-ghislaine-maxwell-cumplice-de-epstein\/#breadcrumb"},"inLanguage":"pt-PT","potentialAction":[{"@type":"ReadAction","target":["https:\/\/portaltela.pt\/noticias\/2026\/02\/13\/quem-e-ghislaine-maxwell-cumplice-de-epstein\/"]}]},{"@type":"ImageObject","inLanguage":"pt-PT","@id":"https:\/\/portaltela.pt\/noticias\/2026\/02\/13\/quem-e-ghislaine-maxwell-cumplice-de-epstein\/#primaryimage","url":"https:\/\/portaltela.pt\/s.01k8rhncp4jt1\/2026\/02\/img_1280x721uu2026-02-13-08-39-08-2266612.jpg","contentUrl":"https:\/\/portaltela.pt\/s.01k8rhncp4jt1\/2026\/02\/img_1280x721uu2026-02-13-08-39-08-2266612.jpg","width":796,"height":448,"caption":"Photo"},{"@type":"BreadcrumbList","@id":"https:\/\/portaltela.pt\/noticias\/2026\/02\/13\/quem-e-ghislaine-maxwell-cumplice-de-epstein\/#breadcrumb","itemListElement":[{"@type":"ListItem","position":1,"name":"In\u00edcio","item":"https:\/\/portaltela.pt\/"},{"@type":"ListItem","position":2,"name":"Quem \u00e9 Ghislaine Maxwell, c\u00famplice de Epstein"}]},{"@type":"WebSite","@id":"https:\/\/portaltela.pt\/#website","url":"https:\/\/portaltela.pt\/","name":"Portal Tela Portugal","description":"","potentialAction":[{"@type":"SearchAction","target":{"@type":"EntryPoint","urlTemplate":"https:\/\/portaltela.pt\/?s={search_term_string}"},"query-input":{"@type":"PropertyValueSpecification","valueRequired":true,"valueName":"search_term_string"}}],"inLanguage":"pt-PT"},{"@type":"Person","@id":"https:\/\/portaltela.pt\/#\/schema\/person\/c4278d4a6028830caff9ee44b42d32ed","name":"Telinha","image":{"@type":"ImageObject","inLanguage":"pt-PT","@id":"https:\/\/portaltela.pt\/s.01k8rhncp4jt1\/2025\/11\/talking-bot-125x125.png","url":"https:\/\/portaltela.pt\/s.01k8rhncp4jt1\/2025\/11\/talking-bot-125x125.png","contentUrl":"https:\/\/portaltela.pt\/s.01k8rhncp4jt1\/2025\/11\/talking-bot-125x125.png","caption":"Telinha"},"sameAs":["https:\/\/portaltela.pt\/"],"url":"https:\/\/portaltela.pt\/por\/367410592786\/"}]}},"_links":{"self":[{"href":"https:\/\/portaltela.pt\/api\/wp\/v2\/posts\/210554","targetHints":{"allow":["GET"]}}],"collection":[{"href":"https:\/\/portaltela.pt\/api\/wp\/v2\/posts"}],"about":[{"href":"https:\/\/portaltela.pt\/api\/wp\/v2\/types\/post"}],"author":[{"embeddable":true,"href":"https:\/\/portaltela.pt\/api\/wp\/v2\/users\/2"}],"replies":[{"embeddable":true,"href":"https:\/\/portaltela.pt\/api\/wp\/v2\/comments?post=210554"}],"version-history":[{"count":0,"href":"https:\/\/portaltela.pt\/api\/wp\/v2\/posts\/210554\/revisions"}],"wp:featuredmedia":[{"embeddable":true,"href":"https:\/\/portaltela.pt\/api\/wp\/v2\/media\/210556"}],"wp:attachment":[{"href":"https:\/\/portaltela.pt\/api\/wp\/v2\/media?parent=210554"}],"wp:term":[{"taxonomy":"category","embeddable":true,"href":"https:\/\/portaltela.pt\/api\/wp\/v2\/categories?post=210554"},{"taxonomy":"post_tag","embeddable":true,"href":"https:\/\/portaltela.pt\/api\/wp\/v2\/tags?post=210554"}],"curies":[{"name":"wp","href":"https:\/\/api.w.org\/{rel}","templated":true}]}}