{"id":210527,"date":"2026-02-13T03:45:00","date_gmt":"2026-02-13T06:45:00","guid":{"rendered":"https:\/\/portaltela.pt\/noticias\/2026\/02\/13\/agua-escorre-nas-paredes-e-estuque-cai-no-palacio-nacional-de-mafra\/"},"modified":"2026-02-13T03:45:00","modified_gmt":"2026-02-13T06:45:00","slug":"agua-escorre-nas-paredes-e-estuque-cai-no-palacio-nacional-de-mafra","status":"publish","type":"post","link":"https:\/\/portaltela.pt\/noticias\/2026\/02\/13\/agua-escorre-nas-paredes-e-estuque-cai-no-palacio-nacional-de-mafra\/","title":{"rendered":"\u00c1gua escorre nas paredes e estuque cai no Pal\u00e1cio Nacional de Mafra"},"content":{"rendered":"<p>No Pal\u00e1cio Nacional de Mafra, \u00e1gua escorre pelas paredes, estuque cai e o vento abana pinturas, afetando o interior. A infiltra\u00e7\u00e3o, agravada por fatores recentes, condiciona o espa\u00e7o.<\/p>\n<p>Seis trabalhadores de limpeza atuam para mitigar o problema numa \u00e1rea visit\u00e1vel de milhares de metros quadrados, usando rodo e esfregona.<\/p>\n<p>Os epis\u00f3dios acumulam-se nos corredores e galerias, tornando o ch\u00e3o escorregadio e levando a que se disponham sinais de perigo ao longo do circuito p\u00fablico.<\/p>\n<p>Temporais intensos e decis\u00f5es da tutela contribu\u00edram para agravar uma situa\u00e7\u00e3o cr\u00f3nica, obrigando o fecho parcial de salas.<\/p>\n","protected":false},"excerpt":{"rendered":"<ul>\n<li>No Pal\u00e1cio Nacional de Mafra, \u00e1gua escorre pelas paredes e estuque cai; ventos abalam pinturas.<\/li>\n<li>O ch\u00e3o fica escorregadio, enquanto cortinados, reposteiros e vitrinas ficam molhados, dificultando a visita.<\/li>\n<li>Infiltra\u00e7\u00f5es obrigam ao encerramento de salas ao longo de milhares de metros quadrados.<\/li>\n<li>Seis trabalhadores de limpeza trabalham com esfregona e rodo para mitigar o problema.<\/li>\n<li>A \u00e1gua entra por portas e janelas, acumula-se em corredores e surgem sinais amarelos de perigo no circuito p\u00fablico, com a situa\u00e7\u00e3o agravada por temporais e decis\u00f5es da tutela.<\/li>\n<\/ul>\n","protected":false},"author":2,"featured_media":210528,"comment_status":"closed","ping_status":"closed","sticky":false,"template":"","format":"standard","meta":{"footnotes":""},"categories":[1],"tags":[1090,5329,5216,814,1175,169],"class_list":["post-210527","post","type-post","status-publish","format-standard","has-post-thumbnail","hentry","category-noticias","tag-agua","tag-chuva","tag-monumento-nacional","tag-patrimonio","tag-patrimonio-cultural","tag-turismo"],"yoast_head":"<!-- This site is optimized with the Yoast SEO plugin v27.2 - https:\/\/yoast.com\/product\/yoast-seo-wordpress\/ -->\n<title>\u00c1gua escorre nas paredes e estuque cai no Pal\u00e1cio Nacional de Mafra - Portal Tela Portugal<\/title>\n<meta name=\"robots\" content=\"index, follow, max-snippet:-1, max-image-preview:large, max-video-preview:-1\" \/>\n<meta property=\"og:locale\" content=\"pt_PT\" \/>\n<meta property=\"og:type\" content=\"article\" \/>\n<meta property=\"og:title\" content=\"\u00c1gua escorre nas paredes e estuque cai no Pal\u00e1cio Nacional de Mafra - Portal Tela Portugal\" \/>\n<meta property=\"og:description\" content=\"No Pal\u00e1cio Nacional de Mafra, \u00e1gua escorre pelas paredes e estuque cai; ventos abalam pinturas. O ch\u00e3o fica escorregadio, enquanto cortinados, reposteiros e vitrinas ficam molhados, dificultando a visita. Infiltra\u00e7\u00f5es obrigam ao encerramento de salas ao longo de milhares de metros quadrados. Seis trabalhadores de limpeza trabalham com esfregona e rodo para mitigar o problema. A \u00e1gua entra por portas e janelas, acumula-se em corredores e surgem sinais amarelos de perigo no circuito p\u00fablico, com a situa\u00e7\u00e3o agravada por temporais e decis\u00f5es da tutela.\" \/>\n<meta property=\"og:url\" content=\"https:\/\/portaltela.pt\/noticias\/2026\/02\/13\/agua-escorre-nas-paredes-e-estuque-cai-no-palacio-nacional-de-mafra\/\" \/>\n<meta property=\"og:site_name\" content=\"Portal Tela Portugal\" \/>\n<meta property=\"article:published_time\" content=\"2026-02-13T06:45:00+00:00\" \/>\n<meta name=\"author\" content=\"Telinha\" \/>\n<meta name=\"twitter:card\" content=\"summary_large_image\" \/>\n<meta name=\"twitter:label1\" content=\"Escrito por\" \/>\n\t<meta name=\"twitter:data1\" content=\"Telinha\" \/>\n\t<meta name=\"twitter:label2\" content=\"Tempo estimado de leitura\" \/>\n\t<meta name=\"twitter:data2\" content=\"1 minuto\" \/>\n<script type=\"application\/ld+json\" class=\"yoast-schema-graph\">{\"@context\":\"https:\/\/schema.org\",\"@graph\":[{\"@type\":\"Article\",\"@id\":\"https:\/\/portaltela.pt\/noticias\/2026\/02\/13\/agua-escorre-nas-paredes-e-estuque-cai-no-palacio-nacional-de-mafra\/#article\",\"isPartOf\":{\"@id\":\"https:\/\/portaltela.pt\/noticias\/2026\/02\/13\/agua-escorre-nas-paredes-e-estuque-cai-no-palacio-nacional-de-mafra\/\"},\"author\":{\"name\":\"Telinha\",\"@id\":\"https:\/\/portaltela.pt\/#\/schema\/person\/c4278d4a6028830caff9ee44b42d32ed\"},\"headline\":\"\u00c1gua escorre nas paredes e estuque cai no Pal\u00e1cio Nacional de Mafra\",\"datePublished\":\"2026-02-13T06:45:00+00:00\",\"mainEntityOfPage\":{\"@id\":\"https:\/\/portaltela.pt\/noticias\/2026\/02\/13\/agua-escorre-nas-paredes-e-estuque-cai-no-palacio-nacional-de-mafra\/\"},\"wordCount\":116,\"image\":{\"@id\":\"https:\/\/portaltela.pt\/noticias\/2026\/02\/13\/agua-escorre-nas-paredes-e-estuque-cai-no-palacio-nacional-de-mafra\/#primaryimage\"},\"thumbnailUrl\":\"https:\/\/portaltela.pt\/s.01k8rhncp4jt1\/2026\/02\/2066921-1.jpg\",\"keywords\":[\"\u00e1gua\",\"chuva\",\"Monumento Nacional\",\"patrim\u00f3nio\",\"Patrim\u00f3nio Cultural\",\"turismo\"],\"articleSection\":[\"Not\u00edcias\"],\"inLanguage\":\"pt-PT\"},{\"@type\":\"WebPage\",\"@id\":\"https:\/\/portaltela.pt\/noticias\/2026\/02\/13\/agua-escorre-nas-paredes-e-estuque-cai-no-palacio-nacional-de-mafra\/\",\"url\":\"https:\/\/portaltela.pt\/noticias\/2026\/02\/13\/agua-escorre-nas-paredes-e-estuque-cai-no-palacio-nacional-de-mafra\/\",\"name\":\"\u00c1gua escorre nas paredes e estuque cai no Pal\u00e1cio Nacional de Mafra - Portal Tela Portugal\",\"isPartOf\":{\"@id\":\"https:\/\/portaltela.pt\/#website\"},\"primaryImageOfPage\":{\"@id\":\"https:\/\/portaltela.pt\/noticias\/2026\/02\/13\/agua-escorre-nas-paredes-e-estuque-cai-no-palacio-nacional-de-mafra\/#primaryimage\"},\"image\":{\"@id\":\"https:\/\/portaltela.pt\/noticias\/2026\/02\/13\/agua-escorre-nas-paredes-e-estuque-cai-no-palacio-nacional-de-mafra\/#primaryimage\"},\"thumbnailUrl\":\"https:\/\/portaltela.pt\/s.01k8rhncp4jt1\/2026\/02\/2066921-1.jpg\",\"datePublished\":\"2026-02-13T06:45:00+00:00\",\"author\":{\"@id\":\"https:\/\/portaltela.pt\/#\/schema\/person\/c4278d4a6028830caff9ee44b42d32ed\"},\"breadcrumb\":{\"@id\":\"https:\/\/portaltela.pt\/noticias\/2026\/02\/13\/agua-escorre-nas-paredes-e-estuque-cai-no-palacio-nacional-de-mafra\/#breadcrumb\"},\"inLanguage\":\"pt-PT\",\"potentialAction\":[{\"@type\":\"ReadAction\",\"target\":[\"https:\/\/portaltela.pt\/noticias\/2026\/02\/13\/agua-escorre-nas-paredes-e-estuque-cai-no-palacio-nacional-de-mafra\/\"]}]},{\"@type\":\"ImageObject\",\"inLanguage\":\"pt-PT\",\"@id\":\"https:\/\/portaltela.pt\/noticias\/2026\/02\/13\/agua-escorre-nas-paredes-e-estuque-cai-no-palacio-nacional-de-mafra\/#primaryimage\",\"url\":\"https:\/\/portaltela.pt\/s.01k8rhncp4jt1\/2026\/02\/2066921-1.jpg\",\"contentUrl\":\"https:\/\/portaltela.pt\/s.01k8rhncp4jt1\/2026\/02\/2066921-1.jpg\",\"width\":796,\"height\":448,\"caption\":\"Nos apartamentos reais do torre\u00e3o Norte no Pal\u00e1cio Nacional de Mafra h\u00e1 \u00e1gua a escorrer pelas paredes, que t\u00eam tamb\u00e9m estuque a cair, assim como o tecto\"},{\"@type\":\"BreadcrumbList\",\"@id\":\"https:\/\/portaltela.pt\/noticias\/2026\/02\/13\/agua-escorre-nas-paredes-e-estuque-cai-no-palacio-nacional-de-mafra\/#breadcrumb\",\"itemListElement\":[{\"@type\":\"ListItem\",\"position\":1,\"name\":\"In\u00edcio\",\"item\":\"https:\/\/portaltela.pt\/\"},{\"@type\":\"ListItem\",\"position\":2,\"name\":\"\u00c1gua escorre nas paredes e estuque cai no Pal\u00e1cio Nacional de Mafra\"}]},{\"@type\":\"WebSite\",\"@id\":\"https:\/\/portaltela.pt\/#website\",\"url\":\"https:\/\/portaltela.pt\/\",\"name\":\"Portal Tela Portugal\",\"description\":\"\",\"potentialAction\":[{\"@type\":\"SearchAction\",\"target\":{\"@type\":\"EntryPoint\",\"urlTemplate\":\"https:\/\/portaltela.pt\/?s={search_term_string}\"},\"query-input\":{\"@type\":\"PropertyValueSpecification\",\"valueRequired\":true,\"valueName\":\"search_term_string\"}}],\"inLanguage\":\"pt-PT\"},{\"@type\":\"Person\",\"@id\":\"https:\/\/portaltela.pt\/#\/schema\/person\/c4278d4a6028830caff9ee44b42d32ed\",\"name\":\"Telinha\",\"image\":{\"@type\":\"ImageObject\",\"inLanguage\":\"pt-PT\",\"@id\":\"https:\/\/portaltela.pt\/s.01k8rhncp4jt1\/2025\/11\/talking-bot-125x125.png\",\"url\":\"https:\/\/portaltela.pt\/s.01k8rhncp4jt1\/2025\/11\/talking-bot-125x125.png\",\"contentUrl\":\"https:\/\/portaltela.pt\/s.01k8rhncp4jt1\/2025\/11\/talking-bot-125x125.png\",\"caption\":\"Telinha\"},\"sameAs\":[\"https:\/\/portaltela.pt\/\"],\"url\":\"https:\/\/portaltela.pt\/por\/367410592786\/\"}]}<\/script>\n<!-- \/ Yoast SEO plugin. -->","yoast_head_json":{"title":"\u00c1gua escorre nas paredes e estuque cai no Pal\u00e1cio Nacional de Mafra - Portal Tela Portugal","robots":{"index":"index","follow":"follow","max-snippet":"max-snippet:-1","max-image-preview":"max-image-preview:large","max-video-preview":"max-video-preview:-1"},"og_locale":"pt_PT","og_type":"article","og_title":"\u00c1gua escorre nas paredes e estuque cai no Pal\u00e1cio Nacional de Mafra - Portal Tela Portugal","og_description":"No Pal\u00e1cio Nacional de Mafra, \u00e1gua escorre pelas paredes e estuque cai; ventos abalam pinturas. O ch\u00e3o fica escorregadio, enquanto cortinados, reposteiros e vitrinas ficam molhados, dificultando a visita. Infiltra\u00e7\u00f5es obrigam ao encerramento de salas ao longo de milhares de metros quadrados. Seis trabalhadores de limpeza trabalham com esfregona e rodo para mitigar o problema. A \u00e1gua entra por portas e janelas, acumula-se em corredores e surgem sinais amarelos de perigo no circuito p\u00fablico, com a situa\u00e7\u00e3o agravada por temporais e decis\u00f5es da tutela.","og_url":"https:\/\/portaltela.pt\/noticias\/2026\/02\/13\/agua-escorre-nas-paredes-e-estuque-cai-no-palacio-nacional-de-mafra\/","og_site_name":"Portal Tela Portugal","article_published_time":"2026-02-13T06:45:00+00:00","author":"Telinha","twitter_card":"summary_large_image","twitter_misc":{"Escrito por":"Telinha","Tempo estimado de leitura":"1 minuto"},"schema":{"@context":"https:\/\/schema.org","@graph":[{"@type":"Article","@id":"https:\/\/portaltela.pt\/noticias\/2026\/02\/13\/agua-escorre-nas-paredes-e-estuque-cai-no-palacio-nacional-de-mafra\/#article","isPartOf":{"@id":"https:\/\/portaltela.pt\/noticias\/2026\/02\/13\/agua-escorre-nas-paredes-e-estuque-cai-no-palacio-nacional-de-mafra\/"},"author":{"name":"Telinha","@id":"https:\/\/portaltela.pt\/#\/schema\/person\/c4278d4a6028830caff9ee44b42d32ed"},"headline":"\u00c1gua escorre nas paredes e estuque cai no Pal\u00e1cio Nacional de Mafra","datePublished":"2026-02-13T06:45:00+00:00","mainEntityOfPage":{"@id":"https:\/\/portaltela.pt\/noticias\/2026\/02\/13\/agua-escorre-nas-paredes-e-estuque-cai-no-palacio-nacional-de-mafra\/"},"wordCount":116,"image":{"@id":"https:\/\/portaltela.pt\/noticias\/2026\/02\/13\/agua-escorre-nas-paredes-e-estuque-cai-no-palacio-nacional-de-mafra\/#primaryimage"},"thumbnailUrl":"https:\/\/portaltela.pt\/s.01k8rhncp4jt1\/2026\/02\/2066921-1.jpg","keywords":["\u00e1gua","chuva","Monumento Nacional","patrim\u00f3nio","Patrim\u00f3nio Cultural","turismo"],"articleSection":["Not\u00edcias"],"inLanguage":"pt-PT"},{"@type":"WebPage","@id":"https:\/\/portaltela.pt\/noticias\/2026\/02\/13\/agua-escorre-nas-paredes-e-estuque-cai-no-palacio-nacional-de-mafra\/","url":"https:\/\/portaltela.pt\/noticias\/2026\/02\/13\/agua-escorre-nas-paredes-e-estuque-cai-no-palacio-nacional-de-mafra\/","name":"\u00c1gua escorre nas paredes e estuque cai no Pal\u00e1cio Nacional de Mafra - Portal Tela Portugal","isPartOf":{"@id":"https:\/\/portaltela.pt\/#website"},"primaryImageOfPage":{"@id":"https:\/\/portaltela.pt\/noticias\/2026\/02\/13\/agua-escorre-nas-paredes-e-estuque-cai-no-palacio-nacional-de-mafra\/#primaryimage"},"image":{"@id":"https:\/\/portaltela.pt\/noticias\/2026\/02\/13\/agua-escorre-nas-paredes-e-estuque-cai-no-palacio-nacional-de-mafra\/#primaryimage"},"thumbnailUrl":"https:\/\/portaltela.pt\/s.01k8rhncp4jt1\/2026\/02\/2066921-1.jpg","datePublished":"2026-02-13T06:45:00+00:00","author":{"@id":"https:\/\/portaltela.pt\/#\/schema\/person\/c4278d4a6028830caff9ee44b42d32ed"},"breadcrumb":{"@id":"https:\/\/portaltela.pt\/noticias\/2026\/02\/13\/agua-escorre-nas-paredes-e-estuque-cai-no-palacio-nacional-de-mafra\/#breadcrumb"},"inLanguage":"pt-PT","potentialAction":[{"@type":"ReadAction","target":["https:\/\/portaltela.pt\/noticias\/2026\/02\/13\/agua-escorre-nas-paredes-e-estuque-cai-no-palacio-nacional-de-mafra\/"]}]},{"@type":"ImageObject","inLanguage":"pt-PT","@id":"https:\/\/portaltela.pt\/noticias\/2026\/02\/13\/agua-escorre-nas-paredes-e-estuque-cai-no-palacio-nacional-de-mafra\/#primaryimage","url":"https:\/\/portaltela.pt\/s.01k8rhncp4jt1\/2026\/02\/2066921-1.jpg","contentUrl":"https:\/\/portaltela.pt\/s.01k8rhncp4jt1\/2026\/02\/2066921-1.jpg","width":796,"height":448,"caption":"Nos apartamentos reais do torre\u00e3o Norte no Pal\u00e1cio Nacional de Mafra h\u00e1 \u00e1gua a escorrer pelas paredes, que t\u00eam tamb\u00e9m estuque a cair, assim como o tecto"},{"@type":"BreadcrumbList","@id":"https:\/\/portaltela.pt\/noticias\/2026\/02\/13\/agua-escorre-nas-paredes-e-estuque-cai-no-palacio-nacional-de-mafra\/#breadcrumb","itemListElement":[{"@type":"ListItem","position":1,"name":"In\u00edcio","item":"https:\/\/portaltela.pt\/"},{"@type":"ListItem","position":2,"name":"\u00c1gua escorre nas paredes e estuque cai no Pal\u00e1cio Nacional de Mafra"}]},{"@type":"WebSite","@id":"https:\/\/portaltela.pt\/#website","url":"https:\/\/portaltela.pt\/","name":"Portal Tela Portugal","description":"","potentialAction":[{"@type":"SearchAction","target":{"@type":"EntryPoint","urlTemplate":"https:\/\/portaltela.pt\/?s={search_term_string}"},"query-input":{"@type":"PropertyValueSpecification","valueRequired":true,"valueName":"search_term_string"}}],"inLanguage":"pt-PT"},{"@type":"Person","@id":"https:\/\/portaltela.pt\/#\/schema\/person\/c4278d4a6028830caff9ee44b42d32ed","name":"Telinha","image":{"@type":"ImageObject","inLanguage":"pt-PT","@id":"https:\/\/portaltela.pt\/s.01k8rhncp4jt1\/2025\/11\/talking-bot-125x125.png","url":"https:\/\/portaltela.pt\/s.01k8rhncp4jt1\/2025\/11\/talking-bot-125x125.png","contentUrl":"https:\/\/portaltela.pt\/s.01k8rhncp4jt1\/2025\/11\/talking-bot-125x125.png","caption":"Telinha"},"sameAs":["https:\/\/portaltela.pt\/"],"url":"https:\/\/portaltela.pt\/por\/367410592786\/"}]}},"_links":{"self":[{"href":"https:\/\/portaltela.pt\/api\/wp\/v2\/posts\/210527","targetHints":{"allow":["GET"]}}],"collection":[{"href":"https:\/\/portaltela.pt\/api\/wp\/v2\/posts"}],"about":[{"href":"https:\/\/portaltela.pt\/api\/wp\/v2\/types\/post"}],"author":[{"embeddable":true,"href":"https:\/\/portaltela.pt\/api\/wp\/v2\/users\/2"}],"replies":[{"embeddable":true,"href":"https:\/\/portaltela.pt\/api\/wp\/v2\/comments?post=210527"}],"version-history":[{"count":0,"href":"https:\/\/portaltela.pt\/api\/wp\/v2\/posts\/210527\/revisions"}],"wp:featuredmedia":[{"embeddable":true,"href":"https:\/\/portaltela.pt\/api\/wp\/v2\/media\/210528"}],"wp:attachment":[{"href":"https:\/\/portaltela.pt\/api\/wp\/v2\/media?parent=210527"}],"wp:term":[{"taxonomy":"category","embeddable":true,"href":"https:\/\/portaltela.pt\/api\/wp\/v2\/categories?post=210527"},{"taxonomy":"post_tag","embeddable":true,"href":"https:\/\/portaltela.pt\/api\/wp\/v2\/tags?post=210527"}],"curies":[{"name":"wp","href":"https:\/\/api.w.org\/{rel}","templated":true}]}}