{"id":210525,"date":"2026-02-13T05:50:00","date_gmt":"2026-02-13T08:50:00","guid":{"rendered":"https:\/\/portaltela.pt\/noticias\/2026\/02\/13\/ong-defende-animais-contra-movimento-que-propoe-fim-da-protecao-ao-lobo\/"},"modified":"2026-02-13T05:50:00","modified_gmt":"2026-02-13T08:50:00","slug":"ong-defende-animais-contra-movimento-que-propoe-fim-da-protecao-ao-lobo","status":"publish","type":"post","link":"https:\/\/portaltela.pt\/noticias\/2026\/02\/13\/ong-defende-animais-contra-movimento-que-propoe-fim-da-protecao-ao-lobo\/","title":{"rendered":"ONG defende animais contra movimento que prop\u00f5e fim da prote\u00e7\u00e3o ao lobo"},"content":{"rendered":"<p>O movimento de produtores de gado que defende o fim da prote\u00e7\u00e3o ao lobo ib\u00e9rico ganhou visibilidade ap\u00f3s ataques ao rebanho, especialmente em Santa Maria de Geraz do Lima, no concelho de Viana do Castelo. Organiza\u00e7\u00f5es n\u00e3o-governamentais reagiram de forma firme, considerando o discurso de desumaniza\u00e7\u00e3o perigoso e potencialmente violento.<\/p>\n<p>A Animal e a SOS Animal Portugal apresentaram uma exposi\u00e7\u00e3o urgente \u00e0s entidades p\u00fablicas competentes. O objetivo \u00e9 alertar para o risco de incentivar a persegui\u00e7\u00e3o ilegal desta esp\u00e9cie protegida, que tem o enquadramento legal vigente em Portugal.<\/p>\n<p>Na origem do movimento, est\u00e1 o surgimento de uma peti\u00e7\u00e3o p\u00fablica e declara\u00e7\u00f5es na imprensa, associadas a ataques a ovelhas. O porta-voz do movimento, Orlando Gon\u00e7alves, descreveu os incidentes como ataque de uma agressividade persistente dos lobos.<\/p>\n<h3>Contexto e perspectivas das associa\u00e7\u00f5es<\/h3>\n<p>As organiza\u00e7\u00f5es salientam que descrever o lobo como terrorismo ou como um tumor maligno ultrapassa o debate p\u00fablico sobre pol\u00edticas, arriscando legitimar viol\u00eancia e a\u00e7\u00f5es ilegais. Rejeitam a apresenta\u00e7\u00e3o de mortes de animais como solu\u00e7\u00e3o de pol\u00edticas p\u00fablicas.<\/p>\n<p>Refere-se tamb\u00e9m que os conflitos entre lobos e produtores s\u00e3o reais e devem ser tratados com seriedade, rapidez e ferramentas adequadas. Contudo, defendem que o controlo letal n\u00e3o \u00e9 solu\u00e7\u00e3o comprovada para reduzir conflitos de forma sustent\u00e1vel.<\/p>\n<h3>Medidas de preven\u00e7\u00e3o e gest\u00e3o \u00e9tica<\/h3>\n<p>As associa\u00e7\u00f5es apontam m\u00e9todos eficazes que n\u00e3o envolvem a morte de animais, utilizados na Pen\u00ednsula Ib\u00e9rica e em outros contextos. Entre eles est\u00e3o preven\u00e7\u00e3o no terreno, manejo adequado de rebanhos, c\u00e3es de prote\u00e7\u00e3o, veda\u00e7\u00f5es, acompanhamento t\u00e9cnico, verifica\u00e7\u00e3o de ocorr\u00eancias e mecanismos de compensa\u00e7\u00e3o c\u00e9leres.<\/p>\n<p>Solicitam um esclarecimento p\u00fablico por parte das entidades competentes e o refor\u00e7o do compromisso estatal com pol\u00edticas de preven\u00e7\u00e3o e gest\u00e3o \u00e9tica de conflitos. Tamb\u00e9m pedem uma linguagem p\u00fablica respons\u00e1vel que n\u00e3o fomente viol\u00eancia nem agrave o conflito social.<\/p>\n<p>O lobo ib\u00e9rico (Canis lupus signatus) \u00e9 protegido por lei em Portugal, incluindo a Lei n.\u00ba 90\/88. A prote\u00e7\u00e3o abrange todo o territ\u00f3rio, com restri\u00e7\u00f5es ao abate ou captura, salvo exce\u00e7\u00f5es espec\u00edficas. A esp\u00e9cie \u00e9 tamb\u00e9m regulada por acordos internacionais como a Conven\u00e7\u00e3o de Berna e a Conven\u00e7\u00e3o de Washington &#8211; CITES.<\/p>\n","protected":false},"excerpt":{"rendered":"<ul>\n<li>As ONGs Animal e SOS Animal reagiram \u00e0s declara\u00e7\u00f5es de produtores que defendem acabar com a prote\u00e7\u00e3o ao lobo ib\u00e9rico, apresentando uma exposi\u00e7\u00e3o de urg\u00eancia \u00e0s entidades p\u00fablicas competentes.<\/li>\n<li>O movimento, criado ap\u00f3s ataques ao rebanho em Santa Maria de Geraz do Lima, em Janeiro, teve o apoio de representantes que classificaram os ataques como \u201cterrorismo\u201d e descreveram o lobo como um \u201ctumor maligno\u201d a extrair.<\/li>\n<li>As associa\u00e7\u00f5es de defesa animal argumentam que esse discurso desumaniza o lobo e pode incitar a viol\u00eancia e a persegui\u00e7\u00e3o ilegal contra a esp\u00e9cie.<\/li>\n<li>Defendem que o controlo letal n\u00e3o resolve conflitos nem reduz preju\u00edzos a longo prazo, propondo medidas como c\u00e3es de prote\u00e7\u00e3o, veda\u00e7\u00e3o, manejo adequado, verifica\u00e7\u00e3o de ocorr\u00eancias e compensa\u00e7\u00f5es r\u00e1pidas.<\/li>\n<li>O lobo ib\u00e9rico \u00e9 uma esp\u00e9cie protegida em Portugal, com a prote\u00e7\u00e3o prevista na Lei n.\u00ba 90\/88 e abrangida por conven\u00e7\u00f5es internacionais como a Conven\u00e7\u00e3o de Berna e a CITES.<\/li>\n<\/ul>\n","protected":false},"author":2,"featured_media":210526,"comment_status":"closed","ping_status":"closed","sticky":false,"template":"","format":"standard","meta":{"footnotes":""},"categories":[1],"tags":[3091,4880,136,229,811,1726],"class_list":["post-210525","post","type-post","status-publish","format-standard","has-post-thumbnail","hentry","category-noticias","tag-animais","tag-conservacao-ambiental","tag-organizacoes","tag-politica-publica","tag-protecao-ambiental","tag-protecao-da-natureza-e-da-biodiversidade"],"yoast_head":"<!-- This site is optimized with the Yoast SEO plugin v27.2 - https:\/\/yoast.com\/product\/yoast-seo-wordpress\/ -->\n<title>ONG defende animais contra movimento que prop\u00f5e fim da prote\u00e7\u00e3o ao lobo - Portal Tela Portugal<\/title>\n<meta name=\"robots\" content=\"index, follow, max-snippet:-1, max-image-preview:large, max-video-preview:-1\" \/>\n<meta property=\"og:locale\" content=\"pt_PT\" \/>\n<meta property=\"og:type\" content=\"article\" \/>\n<meta property=\"og:title\" content=\"ONG defende animais contra movimento que prop\u00f5e fim da prote\u00e7\u00e3o ao lobo - Portal Tela Portugal\" \/>\n<meta property=\"og:description\" content=\"As ONGs Animal e SOS Animal reagiram \u00e0s declara\u00e7\u00f5es de produtores que defendem acabar com a prote\u00e7\u00e3o ao lobo ib\u00e9rico, apresentando uma exposi\u00e7\u00e3o de urg\u00eancia \u00e0s entidades p\u00fablicas competentes. O movimento, criado ap\u00f3s ataques ao rebanho em Santa Maria de Geraz do Lima, em Janeiro, teve o apoio de representantes que classificaram os ataques como \u201cterrorismo\u201d e descreveram o lobo como um \u201ctumor maligno\u201d a extrair. As associa\u00e7\u00f5es de defesa animal argumentam que esse discurso desumaniza o lobo e pode incitar a viol\u00eancia e a persegui\u00e7\u00e3o ilegal contra a esp\u00e9cie. Defendem que o controlo letal n\u00e3o resolve conflitos nem reduz preju\u00edzos a longo prazo, propondo medidas como c\u00e3es de prote\u00e7\u00e3o, veda\u00e7\u00e3o, manejo adequado, verifica\u00e7\u00e3o de ocorr\u00eancias e compensa\u00e7\u00f5es r\u00e1pidas. O lobo ib\u00e9rico \u00e9 uma esp\u00e9cie protegida em Portugal, com a prote\u00e7\u00e3o prevista na Lei n.\u00ba 90\/88 e abrangida por conven\u00e7\u00f5es internacionais como a Conven\u00e7\u00e3o de Berna e a CITES.\" \/>\n<meta property=\"og:url\" content=\"https:\/\/portaltela.pt\/noticias\/2026\/02\/13\/ong-defende-animais-contra-movimento-que-propoe-fim-da-protecao-ao-lobo\/\" \/>\n<meta property=\"og:site_name\" content=\"Portal Tela Portugal\" \/>\n<meta property=\"article:published_time\" content=\"2026-02-13T08:50:00+00:00\" \/>\n<meta name=\"author\" content=\"Telinha\" \/>\n<meta name=\"twitter:card\" content=\"summary_large_image\" \/>\n<meta name=\"twitter:label1\" content=\"Escrito por\" \/>\n\t<meta name=\"twitter:data1\" content=\"Telinha\" \/>\n\t<meta name=\"twitter:label2\" content=\"Tempo estimado de leitura\" \/>\n\t<meta name=\"twitter:data2\" content=\"2 minutos\" \/>\n<script type=\"application\/ld+json\" class=\"yoast-schema-graph\">{\"@context\":\"https:\/\/schema.org\",\"@graph\":[{\"@type\":\"Article\",\"@id\":\"https:\/\/portaltela.pt\/noticias\/2026\/02\/13\/ong-defende-animais-contra-movimento-que-propoe-fim-da-protecao-ao-lobo\/#article\",\"isPartOf\":{\"@id\":\"https:\/\/portaltela.pt\/noticias\/2026\/02\/13\/ong-defende-animais-contra-movimento-que-propoe-fim-da-protecao-ao-lobo\/\"},\"author\":{\"name\":\"Telinha\",\"@id\":\"https:\/\/portaltela.pt\/#\/schema\/person\/c4278d4a6028830caff9ee44b42d32ed\"},\"headline\":\"ONG defende animais contra movimento que prop\u00f5e fim da prote\u00e7\u00e3o ao lobo\",\"datePublished\":\"2026-02-13T08:50:00+00:00\",\"mainEntityOfPage\":{\"@id\":\"https:\/\/portaltela.pt\/noticias\/2026\/02\/13\/ong-defende-animais-contra-movimento-que-propoe-fim-da-protecao-ao-lobo\/\"},\"wordCount\":421,\"image\":{\"@id\":\"https:\/\/portaltela.pt\/noticias\/2026\/02\/13\/ong-defende-animais-contra-movimento-que-propoe-fim-da-protecao-ao-lobo\/#primaryimage\"},\"thumbnailUrl\":\"https:\/\/portaltela.pt\/s.01k8rhncp4jt1\/2026\/02\/2066936.jpg\",\"keywords\":[\"animais\",\"conserva\u00e7\u00e3o ambiental\",\"organiza\u00e7\u00f5es\",\"pol\u00edtica p\u00fablica\",\"prote\u00e7\u00e3o ambiental\",\"prote\u00e7\u00e3o da natureza e da biodiversidade\"],\"articleSection\":[\"Not\u00edcias\"],\"inLanguage\":\"pt-PT\"},{\"@type\":\"WebPage\",\"@id\":\"https:\/\/portaltela.pt\/noticias\/2026\/02\/13\/ong-defende-animais-contra-movimento-que-propoe-fim-da-protecao-ao-lobo\/\",\"url\":\"https:\/\/portaltela.pt\/noticias\/2026\/02\/13\/ong-defende-animais-contra-movimento-que-propoe-fim-da-protecao-ao-lobo\/\",\"name\":\"ONG defende animais contra movimento que prop\u00f5e fim da prote\u00e7\u00e3o ao lobo - Portal Tela Portugal\",\"isPartOf\":{\"@id\":\"https:\/\/portaltela.pt\/#website\"},\"primaryImageOfPage\":{\"@id\":\"https:\/\/portaltela.pt\/noticias\/2026\/02\/13\/ong-defende-animais-contra-movimento-que-propoe-fim-da-protecao-ao-lobo\/#primaryimage\"},\"image\":{\"@id\":\"https:\/\/portaltela.pt\/noticias\/2026\/02\/13\/ong-defende-animais-contra-movimento-que-propoe-fim-da-protecao-ao-lobo\/#primaryimage\"},\"thumbnailUrl\":\"https:\/\/portaltela.pt\/s.01k8rhncp4jt1\/2026\/02\/2066936.jpg\",\"datePublished\":\"2026-02-13T08:50:00+00:00\",\"author\":{\"@id\":\"https:\/\/portaltela.pt\/#\/schema\/person\/c4278d4a6028830caff9ee44b42d32ed\"},\"breadcrumb\":{\"@id\":\"https:\/\/portaltela.pt\/noticias\/2026\/02\/13\/ong-defende-animais-contra-movimento-que-propoe-fim-da-protecao-ao-lobo\/#breadcrumb\"},\"inLanguage\":\"pt-PT\",\"potentialAction\":[{\"@type\":\"ReadAction\",\"target\":[\"https:\/\/portaltela.pt\/noticias\/2026\/02\/13\/ong-defende-animais-contra-movimento-que-propoe-fim-da-protecao-ao-lobo\/\"]}]},{\"@type\":\"ImageObject\",\"inLanguage\":\"pt-PT\",\"@id\":\"https:\/\/portaltela.pt\/noticias\/2026\/02\/13\/ong-defende-animais-contra-movimento-que-propoe-fim-da-protecao-ao-lobo\/#primaryimage\",\"url\":\"https:\/\/portaltela.pt\/s.01k8rhncp4jt1\/2026\/02\/2066936.jpg\",\"contentUrl\":\"https:\/\/portaltela.pt\/s.01k8rhncp4jt1\/2026\/02\/2066936.jpg\",\"width\":796,\"height\":448,\"caption\":\"Ter c\u00e3es de gado a guardar os rebanhos \u00e9 uma forma de melhorar a coexist\u00eancia com o lobo ib\u00e9rico\"},{\"@type\":\"BreadcrumbList\",\"@id\":\"https:\/\/portaltela.pt\/noticias\/2026\/02\/13\/ong-defende-animais-contra-movimento-que-propoe-fim-da-protecao-ao-lobo\/#breadcrumb\",\"itemListElement\":[{\"@type\":\"ListItem\",\"position\":1,\"name\":\"In\u00edcio\",\"item\":\"https:\/\/portaltela.pt\/\"},{\"@type\":\"ListItem\",\"position\":2,\"name\":\"ONG defende animais contra movimento que prop\u00f5e fim da prote\u00e7\u00e3o ao lobo\"}]},{\"@type\":\"WebSite\",\"@id\":\"https:\/\/portaltela.pt\/#website\",\"url\":\"https:\/\/portaltela.pt\/\",\"name\":\"Portal Tela Portugal\",\"description\":\"\",\"potentialAction\":[{\"@type\":\"SearchAction\",\"target\":{\"@type\":\"EntryPoint\",\"urlTemplate\":\"https:\/\/portaltela.pt\/?s={search_term_string}\"},\"query-input\":{\"@type\":\"PropertyValueSpecification\",\"valueRequired\":true,\"valueName\":\"search_term_string\"}}],\"inLanguage\":\"pt-PT\"},{\"@type\":\"Person\",\"@id\":\"https:\/\/portaltela.pt\/#\/schema\/person\/c4278d4a6028830caff9ee44b42d32ed\",\"name\":\"Telinha\",\"image\":{\"@type\":\"ImageObject\",\"inLanguage\":\"pt-PT\",\"@id\":\"https:\/\/portaltela.pt\/s.01k8rhncp4jt1\/2025\/11\/talking-bot-125x125.png\",\"url\":\"https:\/\/portaltela.pt\/s.01k8rhncp4jt1\/2025\/11\/talking-bot-125x125.png\",\"contentUrl\":\"https:\/\/portaltela.pt\/s.01k8rhncp4jt1\/2025\/11\/talking-bot-125x125.png\",\"caption\":\"Telinha\"},\"sameAs\":[\"https:\/\/portaltela.pt\/\"],\"url\":\"https:\/\/portaltela.pt\/por\/367410592786\/\"}]}<\/script>\n<!-- \/ Yoast SEO plugin. -->","yoast_head_json":{"title":"ONG defende animais contra movimento que prop\u00f5e fim da prote\u00e7\u00e3o ao lobo - Portal Tela Portugal","robots":{"index":"index","follow":"follow","max-snippet":"max-snippet:-1","max-image-preview":"max-image-preview:large","max-video-preview":"max-video-preview:-1"},"og_locale":"pt_PT","og_type":"article","og_title":"ONG defende animais contra movimento que prop\u00f5e fim da prote\u00e7\u00e3o ao lobo - Portal Tela Portugal","og_description":"As ONGs Animal e SOS Animal reagiram \u00e0s declara\u00e7\u00f5es de produtores que defendem acabar com a prote\u00e7\u00e3o ao lobo ib\u00e9rico, apresentando uma exposi\u00e7\u00e3o de urg\u00eancia \u00e0s entidades p\u00fablicas competentes. O movimento, criado ap\u00f3s ataques ao rebanho em Santa Maria de Geraz do Lima, em Janeiro, teve o apoio de representantes que classificaram os ataques como \u201cterrorismo\u201d e descreveram o lobo como um \u201ctumor maligno\u201d a extrair. As associa\u00e7\u00f5es de defesa animal argumentam que esse discurso desumaniza o lobo e pode incitar a viol\u00eancia e a persegui\u00e7\u00e3o ilegal contra a esp\u00e9cie. Defendem que o controlo letal n\u00e3o resolve conflitos nem reduz preju\u00edzos a longo prazo, propondo medidas como c\u00e3es de prote\u00e7\u00e3o, veda\u00e7\u00e3o, manejo adequado, verifica\u00e7\u00e3o de ocorr\u00eancias e compensa\u00e7\u00f5es r\u00e1pidas. O lobo ib\u00e9rico \u00e9 uma esp\u00e9cie protegida em Portugal, com a prote\u00e7\u00e3o prevista na Lei n.\u00ba 90\/88 e abrangida por conven\u00e7\u00f5es internacionais como a Conven\u00e7\u00e3o de Berna e a CITES.","og_url":"https:\/\/portaltela.pt\/noticias\/2026\/02\/13\/ong-defende-animais-contra-movimento-que-propoe-fim-da-protecao-ao-lobo\/","og_site_name":"Portal Tela Portugal","article_published_time":"2026-02-13T08:50:00+00:00","author":"Telinha","twitter_card":"summary_large_image","twitter_misc":{"Escrito por":"Telinha","Tempo estimado de leitura":"2 minutos"},"schema":{"@context":"https:\/\/schema.org","@graph":[{"@type":"Article","@id":"https:\/\/portaltela.pt\/noticias\/2026\/02\/13\/ong-defende-animais-contra-movimento-que-propoe-fim-da-protecao-ao-lobo\/#article","isPartOf":{"@id":"https:\/\/portaltela.pt\/noticias\/2026\/02\/13\/ong-defende-animais-contra-movimento-que-propoe-fim-da-protecao-ao-lobo\/"},"author":{"name":"Telinha","@id":"https:\/\/portaltela.pt\/#\/schema\/person\/c4278d4a6028830caff9ee44b42d32ed"},"headline":"ONG defende animais contra movimento que prop\u00f5e fim da prote\u00e7\u00e3o ao lobo","datePublished":"2026-02-13T08:50:00+00:00","mainEntityOfPage":{"@id":"https:\/\/portaltela.pt\/noticias\/2026\/02\/13\/ong-defende-animais-contra-movimento-que-propoe-fim-da-protecao-ao-lobo\/"},"wordCount":421,"image":{"@id":"https:\/\/portaltela.pt\/noticias\/2026\/02\/13\/ong-defende-animais-contra-movimento-que-propoe-fim-da-protecao-ao-lobo\/#primaryimage"},"thumbnailUrl":"https:\/\/portaltela.pt\/s.01k8rhncp4jt1\/2026\/02\/2066936.jpg","keywords":["animais","conserva\u00e7\u00e3o ambiental","organiza\u00e7\u00f5es","pol\u00edtica p\u00fablica","prote\u00e7\u00e3o ambiental","prote\u00e7\u00e3o da natureza e da biodiversidade"],"articleSection":["Not\u00edcias"],"inLanguage":"pt-PT"},{"@type":"WebPage","@id":"https:\/\/portaltela.pt\/noticias\/2026\/02\/13\/ong-defende-animais-contra-movimento-que-propoe-fim-da-protecao-ao-lobo\/","url":"https:\/\/portaltela.pt\/noticias\/2026\/02\/13\/ong-defende-animais-contra-movimento-que-propoe-fim-da-protecao-ao-lobo\/","name":"ONG defende animais contra movimento que prop\u00f5e fim da prote\u00e7\u00e3o ao lobo - Portal Tela Portugal","isPartOf":{"@id":"https:\/\/portaltela.pt\/#website"},"primaryImageOfPage":{"@id":"https:\/\/portaltela.pt\/noticias\/2026\/02\/13\/ong-defende-animais-contra-movimento-que-propoe-fim-da-protecao-ao-lobo\/#primaryimage"},"image":{"@id":"https:\/\/portaltela.pt\/noticias\/2026\/02\/13\/ong-defende-animais-contra-movimento-que-propoe-fim-da-protecao-ao-lobo\/#primaryimage"},"thumbnailUrl":"https:\/\/portaltela.pt\/s.01k8rhncp4jt1\/2026\/02\/2066936.jpg","datePublished":"2026-02-13T08:50:00+00:00","author":{"@id":"https:\/\/portaltela.pt\/#\/schema\/person\/c4278d4a6028830caff9ee44b42d32ed"},"breadcrumb":{"@id":"https:\/\/portaltela.pt\/noticias\/2026\/02\/13\/ong-defende-animais-contra-movimento-que-propoe-fim-da-protecao-ao-lobo\/#breadcrumb"},"inLanguage":"pt-PT","potentialAction":[{"@type":"ReadAction","target":["https:\/\/portaltela.pt\/noticias\/2026\/02\/13\/ong-defende-animais-contra-movimento-que-propoe-fim-da-protecao-ao-lobo\/"]}]},{"@type":"ImageObject","inLanguage":"pt-PT","@id":"https:\/\/portaltela.pt\/noticias\/2026\/02\/13\/ong-defende-animais-contra-movimento-que-propoe-fim-da-protecao-ao-lobo\/#primaryimage","url":"https:\/\/portaltela.pt\/s.01k8rhncp4jt1\/2026\/02\/2066936.jpg","contentUrl":"https:\/\/portaltela.pt\/s.01k8rhncp4jt1\/2026\/02\/2066936.jpg","width":796,"height":448,"caption":"Ter c\u00e3es de gado a guardar os rebanhos \u00e9 uma forma de melhorar a coexist\u00eancia com o lobo ib\u00e9rico"},{"@type":"BreadcrumbList","@id":"https:\/\/portaltela.pt\/noticias\/2026\/02\/13\/ong-defende-animais-contra-movimento-que-propoe-fim-da-protecao-ao-lobo\/#breadcrumb","itemListElement":[{"@type":"ListItem","position":1,"name":"In\u00edcio","item":"https:\/\/portaltela.pt\/"},{"@type":"ListItem","position":2,"name":"ONG defende animais contra movimento que prop\u00f5e fim da prote\u00e7\u00e3o ao lobo"}]},{"@type":"WebSite","@id":"https:\/\/portaltela.pt\/#website","url":"https:\/\/portaltela.pt\/","name":"Portal Tela Portugal","description":"","potentialAction":[{"@type":"SearchAction","target":{"@type":"EntryPoint","urlTemplate":"https:\/\/portaltela.pt\/?s={search_term_string}"},"query-input":{"@type":"PropertyValueSpecification","valueRequired":true,"valueName":"search_term_string"}}],"inLanguage":"pt-PT"},{"@type":"Person","@id":"https:\/\/portaltela.pt\/#\/schema\/person\/c4278d4a6028830caff9ee44b42d32ed","name":"Telinha","image":{"@type":"ImageObject","inLanguage":"pt-PT","@id":"https:\/\/portaltela.pt\/s.01k8rhncp4jt1\/2025\/11\/talking-bot-125x125.png","url":"https:\/\/portaltela.pt\/s.01k8rhncp4jt1\/2025\/11\/talking-bot-125x125.png","contentUrl":"https:\/\/portaltela.pt\/s.01k8rhncp4jt1\/2025\/11\/talking-bot-125x125.png","caption":"Telinha"},"sameAs":["https:\/\/portaltela.pt\/"],"url":"https:\/\/portaltela.pt\/por\/367410592786\/"}]}},"_links":{"self":[{"href":"https:\/\/portaltela.pt\/api\/wp\/v2\/posts\/210525","targetHints":{"allow":["GET"]}}],"collection":[{"href":"https:\/\/portaltela.pt\/api\/wp\/v2\/posts"}],"about":[{"href":"https:\/\/portaltela.pt\/api\/wp\/v2\/types\/post"}],"author":[{"embeddable":true,"href":"https:\/\/portaltela.pt\/api\/wp\/v2\/users\/2"}],"replies":[{"embeddable":true,"href":"https:\/\/portaltela.pt\/api\/wp\/v2\/comments?post=210525"}],"version-history":[{"count":0,"href":"https:\/\/portaltela.pt\/api\/wp\/v2\/posts\/210525\/revisions"}],"wp:featuredmedia":[{"embeddable":true,"href":"https:\/\/portaltela.pt\/api\/wp\/v2\/media\/210526"}],"wp:attachment":[{"href":"https:\/\/portaltela.pt\/api\/wp\/v2\/media?parent=210525"}],"wp:term":[{"taxonomy":"category","embeddable":true,"href":"https:\/\/portaltela.pt\/api\/wp\/v2\/categories?post=210525"},{"taxonomy":"post_tag","embeddable":true,"href":"https:\/\/portaltela.pt\/api\/wp\/v2\/tags?post=210525"}],"curies":[{"name":"wp","href":"https:\/\/api.w.org\/{rel}","templated":true}]}}