{"id":210491,"date":"2026-02-13T03:23:00","date_gmt":"2026-02-13T06:23:00","guid":{"rendered":"https:\/\/portaltela.pt\/noticias\/2026\/02\/13\/principal-opositor-guineense-notificado-a-comparecer-no-tribunal-militar\/"},"modified":"2026-02-13T03:23:00","modified_gmt":"2026-02-13T06:23:00","slug":"principal-opositor-guineense-notificado-a-comparecer-no-tribunal-militar","status":"publish","type":"post","link":"https:\/\/portaltela.pt\/noticias\/politica\/2026\/02\/13\/principal-opositor-guineense-notificado-a-comparecer-no-tribunal-militar\/","title":{"rendered":"Principal opositor guineense notificado a comparecer no Tribunal Militar"},"content":{"rendered":"<p>O l\u00edder do Partido Africano para a Independ\u00eancia da Guin\u00e9 e Cabo Verde (PAIGC) e presidente eleito da Assembleia da Guin\u00e9-Bissau, Domingos Sim\u00f5es Pereira, foi notificado para se apresentar hoje no Tribunal Militar de Bissau. A convocat\u00f3ria n\u00e3o detalha as acusa\u00e7\u00f5es ou o motivo da presen\u00e7a.<\/p>\n<p>Segundo informa\u00e7\u00f5es dispon\u00edveis, a notifica\u00e7\u00e3o determina a presen\u00e7a do pol\u00edtico no tribunal, sem divulgar o conte\u00fado do processo. O PAIGC ainda n\u00e3o comentou publicamente os motivos da convocat\u00f3ria.<\/p>\n<p>N\u00e3o foi poss\u00edvel obter, at\u00e9 ao momento, declara\u00e7\u00f5es adicionais das autoridades judiciais ou de representantes do PAIGC sobre o caso. A not\u00edcia mant\u00e9m-se em aberto at\u00e9 que haja mais informa\u00e7\u00f5es oficiais.<\/p>\n","protected":false},"excerpt":{"rendered":"<ul>\n<li>Domingos Sim\u00f5es Pereira, o principal opositor guineense, l\u00edder do PAIGC e presidente eleito do parlamento, foi notificado para comparecer hoje no Tribunal Militar de Bissau.<\/li>\n<li>A notifica\u00e7\u00e3o ordena a sua presen\u00e7a no Tribunal Militar, sem detalhes adicionais fornecidos no resumo.<\/li>\n<li>O caso envolve o processo em curso no referido tribunal, conforme o aviso de comparecimento.<\/li>\n<li>N\u00e3o foram inclu\u00eddos mais pormenores sobre as acusa\u00e7\u00f5es ou os motivos da convoca\u00e7\u00e3o no material dispon\u00edvel.<\/li>\n<\/ul>\n","protected":false},"author":2,"featured_media":210492,"comment_status":"closed","ping_status":"closed","sticky":false,"template":"","format":"standard","meta":{"footnotes":""},"categories":[1,5],"tags":[1878,217,803,4935,2832,52],"class_list":["post-210491","post","type-post","status-publish","format-standard","has-post-thumbnail","hentry","category-noticias","category-politica","tag-inquerito-criminal","tag-investigacao-criminal","tag-justica","tag-paigc","tag-politica","tag-tribunal"],"yoast_head":"<!-- This site is optimized with the Yoast SEO plugin v27.2 - https:\/\/yoast.com\/product\/yoast-seo-wordpress\/ -->\n<title>Principal opositor guineense notificado a comparecer no Tribunal Militar - Portal Tela Portugal<\/title>\n<meta name=\"robots\" content=\"index, follow, max-snippet:-1, max-image-preview:large, max-video-preview:-1\" \/>\n<meta property=\"og:locale\" content=\"pt_PT\" \/>\n<meta property=\"og:type\" content=\"article\" \/>\n<meta property=\"og:title\" content=\"Principal opositor guineense notificado a comparecer no Tribunal Militar - Portal Tela Portugal\" \/>\n<meta property=\"og:description\" content=\"Domingos Sim\u00f5es Pereira, o principal opositor guineense, l\u00edder do PAIGC e presidente eleito do parlamento, foi notificado para comparecer hoje no Tribunal Militar de Bissau. A notifica\u00e7\u00e3o ordena a sua presen\u00e7a no Tribunal Militar, sem detalhes adicionais fornecidos no resumo. O caso envolve o processo em curso no referido tribunal, conforme o aviso de comparecimento. N\u00e3o foram inclu\u00eddos mais pormenores sobre as acusa\u00e7\u00f5es ou os motivos da convoca\u00e7\u00e3o no material dispon\u00edvel.\" \/>\n<meta property=\"og:url\" content=\"https:\/\/portaltela.pt\/noticias\/2026\/02\/13\/principal-opositor-guineense-notificado-a-comparecer-no-tribunal-militar\/\" \/>\n<meta property=\"og:site_name\" content=\"Portal Tela Portugal\" \/>\n<meta property=\"article:published_time\" content=\"2026-02-13T06:23:00+00:00\" \/>\n<meta name=\"author\" content=\"Telinha\" \/>\n<meta name=\"twitter:card\" content=\"summary_large_image\" \/>\n<meta name=\"twitter:label1\" content=\"Escrito por\" \/>\n\t<meta name=\"twitter:data1\" content=\"Telinha\" \/>\n\t<meta name=\"twitter:label2\" content=\"Tempo estimado de leitura\" \/>\n\t<meta name=\"twitter:data2\" content=\"1 minuto\" \/>\n<script type=\"application\/ld+json\" class=\"yoast-schema-graph\">{\"@context\":\"https:\/\/schema.org\",\"@graph\":[{\"@type\":\"Article\",\"@id\":\"https:\/\/portaltela.pt\/noticias\/2026\/02\/13\/principal-opositor-guineense-notificado-a-comparecer-no-tribunal-militar\/#article\",\"isPartOf\":{\"@id\":\"https:\/\/portaltela.pt\/noticias\/2026\/02\/13\/principal-opositor-guineense-notificado-a-comparecer-no-tribunal-militar\/\"},\"author\":{\"name\":\"Telinha\",\"@id\":\"https:\/\/portaltela.pt\/#\/schema\/person\/c4278d4a6028830caff9ee44b42d32ed\"},\"headline\":\"Principal opositor guineense notificado a comparecer no Tribunal Militar\",\"datePublished\":\"2026-02-13T06:23:00+00:00\",\"mainEntityOfPage\":{\"@id\":\"https:\/\/portaltela.pt\/noticias\/2026\/02\/13\/principal-opositor-guineense-notificado-a-comparecer-no-tribunal-militar\/\"},\"wordCount\":136,\"image\":{\"@id\":\"https:\/\/portaltela.pt\/noticias\/2026\/02\/13\/principal-opositor-guineense-notificado-a-comparecer-no-tribunal-militar\/#primaryimage\"},\"thumbnailUrl\":\"https:\/\/portaltela.pt\/s.01k8rhncp4jt1\/2026\/02\/CACHE_780X1200_ANALOG_WATERMARKED_40895811_336319519961933.jpg\",\"keywords\":[\"inqu\u00e9rito criminal\",\"investiga\u00e7\u00e3o criminal\",\"justi\u00e7a\",\"PAIGC\",\"pol\u00edtica\",\"tribunal\"],\"articleSection\":[\"Not\u00edcias\",\"Pol\u00edtica\"],\"inLanguage\":\"pt-PT\"},{\"@type\":\"WebPage\",\"@id\":\"https:\/\/portaltela.pt\/noticias\/2026\/02\/13\/principal-opositor-guineense-notificado-a-comparecer-no-tribunal-militar\/\",\"url\":\"https:\/\/portaltela.pt\/noticias\/2026\/02\/13\/principal-opositor-guineense-notificado-a-comparecer-no-tribunal-militar\/\",\"name\":\"Principal opositor guineense notificado a comparecer no Tribunal Militar - Portal Tela Portugal\",\"isPartOf\":{\"@id\":\"https:\/\/portaltela.pt\/#website\"},\"primaryImageOfPage\":{\"@id\":\"https:\/\/portaltela.pt\/noticias\/2026\/02\/13\/principal-opositor-guineense-notificado-a-comparecer-no-tribunal-militar\/#primaryimage\"},\"image\":{\"@id\":\"https:\/\/portaltela.pt\/noticias\/2026\/02\/13\/principal-opositor-guineense-notificado-a-comparecer-no-tribunal-militar\/#primaryimage\"},\"thumbnailUrl\":\"https:\/\/portaltela.pt\/s.01k8rhncp4jt1\/2026\/02\/CACHE_780X1200_ANALOG_WATERMARKED_40895811_336319519961933.jpg\",\"datePublished\":\"2026-02-13T06:23:00+00:00\",\"author\":{\"@id\":\"https:\/\/portaltela.pt\/#\/schema\/person\/c4278d4a6028830caff9ee44b42d32ed\"},\"breadcrumb\":{\"@id\":\"https:\/\/portaltela.pt\/noticias\/2026\/02\/13\/principal-opositor-guineense-notificado-a-comparecer-no-tribunal-militar\/#breadcrumb\"},\"inLanguage\":\"pt-PT\",\"potentialAction\":[{\"@type\":\"ReadAction\",\"target\":[\"https:\/\/portaltela.pt\/noticias\/2026\/02\/13\/principal-opositor-guineense-notificado-a-comparecer-no-tribunal-militar\/\"]}]},{\"@type\":\"ImageObject\",\"inLanguage\":\"pt-PT\",\"@id\":\"https:\/\/portaltela.pt\/noticias\/2026\/02\/13\/principal-opositor-guineense-notificado-a-comparecer-no-tribunal-militar\/#primaryimage\",\"url\":\"https:\/\/portaltela.pt\/s.01k8rhncp4jt1\/2026\/02\/CACHE_780X1200_ANALOG_WATERMARKED_40895811_336319519961933.jpg\",\"contentUrl\":\"https:\/\/portaltela.pt\/s.01k8rhncp4jt1\/2026\/02\/CACHE_780X1200_ANALOG_WATERMARKED_40895811_336319519961933.jpg\",\"width\":768,\"height\":512,\"caption\":\"Principal opositor guineense notificado a comparecer no Tribunal Militar\"},{\"@type\":\"BreadcrumbList\",\"@id\":\"https:\/\/portaltela.pt\/noticias\/2026\/02\/13\/principal-opositor-guineense-notificado-a-comparecer-no-tribunal-militar\/#breadcrumb\",\"itemListElement\":[{\"@type\":\"ListItem\",\"position\":1,\"name\":\"In\u00edcio\",\"item\":\"https:\/\/portaltela.pt\/\"},{\"@type\":\"ListItem\",\"position\":2,\"name\":\"Principal opositor guineense notificado a comparecer no Tribunal Militar\"}]},{\"@type\":\"WebSite\",\"@id\":\"https:\/\/portaltela.pt\/#website\",\"url\":\"https:\/\/portaltela.pt\/\",\"name\":\"Portal Tela Portugal\",\"description\":\"\",\"potentialAction\":[{\"@type\":\"SearchAction\",\"target\":{\"@type\":\"EntryPoint\",\"urlTemplate\":\"https:\/\/portaltela.pt\/?s={search_term_string}\"},\"query-input\":{\"@type\":\"PropertyValueSpecification\",\"valueRequired\":true,\"valueName\":\"search_term_string\"}}],\"inLanguage\":\"pt-PT\"},{\"@type\":\"Person\",\"@id\":\"https:\/\/portaltela.pt\/#\/schema\/person\/c4278d4a6028830caff9ee44b42d32ed\",\"name\":\"Telinha\",\"image\":{\"@type\":\"ImageObject\",\"inLanguage\":\"pt-PT\",\"@id\":\"https:\/\/portaltela.pt\/s.01k8rhncp4jt1\/2025\/11\/talking-bot-125x125.png\",\"url\":\"https:\/\/portaltela.pt\/s.01k8rhncp4jt1\/2025\/11\/talking-bot-125x125.png\",\"contentUrl\":\"https:\/\/portaltela.pt\/s.01k8rhncp4jt1\/2025\/11\/talking-bot-125x125.png\",\"caption\":\"Telinha\"},\"sameAs\":[\"https:\/\/portaltela.pt\/\"],\"url\":\"https:\/\/portaltela.pt\/por\/367410592786\/\"}]}<\/script>\n<!-- \/ Yoast SEO plugin. -->","yoast_head_json":{"title":"Principal opositor guineense notificado a comparecer no Tribunal Militar - Portal Tela Portugal","robots":{"index":"index","follow":"follow","max-snippet":"max-snippet:-1","max-image-preview":"max-image-preview:large","max-video-preview":"max-video-preview:-1"},"og_locale":"pt_PT","og_type":"article","og_title":"Principal opositor guineense notificado a comparecer no Tribunal Militar - Portal Tela Portugal","og_description":"Domingos Sim\u00f5es Pereira, o principal opositor guineense, l\u00edder do PAIGC e presidente eleito do parlamento, foi notificado para comparecer hoje no Tribunal Militar de Bissau. A notifica\u00e7\u00e3o ordena a sua presen\u00e7a no Tribunal Militar, sem detalhes adicionais fornecidos no resumo. O caso envolve o processo em curso no referido tribunal, conforme o aviso de comparecimento. N\u00e3o foram inclu\u00eddos mais pormenores sobre as acusa\u00e7\u00f5es ou os motivos da convoca\u00e7\u00e3o no material dispon\u00edvel.","og_url":"https:\/\/portaltela.pt\/noticias\/2026\/02\/13\/principal-opositor-guineense-notificado-a-comparecer-no-tribunal-militar\/","og_site_name":"Portal Tela Portugal","article_published_time":"2026-02-13T06:23:00+00:00","author":"Telinha","twitter_card":"summary_large_image","twitter_misc":{"Escrito por":"Telinha","Tempo estimado de leitura":"1 minuto"},"schema":{"@context":"https:\/\/schema.org","@graph":[{"@type":"Article","@id":"https:\/\/portaltela.pt\/noticias\/2026\/02\/13\/principal-opositor-guineense-notificado-a-comparecer-no-tribunal-militar\/#article","isPartOf":{"@id":"https:\/\/portaltela.pt\/noticias\/2026\/02\/13\/principal-opositor-guineense-notificado-a-comparecer-no-tribunal-militar\/"},"author":{"name":"Telinha","@id":"https:\/\/portaltela.pt\/#\/schema\/person\/c4278d4a6028830caff9ee44b42d32ed"},"headline":"Principal opositor guineense notificado a comparecer no Tribunal Militar","datePublished":"2026-02-13T06:23:00+00:00","mainEntityOfPage":{"@id":"https:\/\/portaltela.pt\/noticias\/2026\/02\/13\/principal-opositor-guineense-notificado-a-comparecer-no-tribunal-militar\/"},"wordCount":136,"image":{"@id":"https:\/\/portaltela.pt\/noticias\/2026\/02\/13\/principal-opositor-guineense-notificado-a-comparecer-no-tribunal-militar\/#primaryimage"},"thumbnailUrl":"https:\/\/portaltela.pt\/s.01k8rhncp4jt1\/2026\/02\/CACHE_780X1200_ANALOG_WATERMARKED_40895811_336319519961933.jpg","keywords":["inqu\u00e9rito criminal","investiga\u00e7\u00e3o criminal","justi\u00e7a","PAIGC","pol\u00edtica","tribunal"],"articleSection":["Not\u00edcias","Pol\u00edtica"],"inLanguage":"pt-PT"},{"@type":"WebPage","@id":"https:\/\/portaltela.pt\/noticias\/2026\/02\/13\/principal-opositor-guineense-notificado-a-comparecer-no-tribunal-militar\/","url":"https:\/\/portaltela.pt\/noticias\/2026\/02\/13\/principal-opositor-guineense-notificado-a-comparecer-no-tribunal-militar\/","name":"Principal opositor guineense notificado a comparecer no Tribunal Militar - Portal Tela Portugal","isPartOf":{"@id":"https:\/\/portaltela.pt\/#website"},"primaryImageOfPage":{"@id":"https:\/\/portaltela.pt\/noticias\/2026\/02\/13\/principal-opositor-guineense-notificado-a-comparecer-no-tribunal-militar\/#primaryimage"},"image":{"@id":"https:\/\/portaltela.pt\/noticias\/2026\/02\/13\/principal-opositor-guineense-notificado-a-comparecer-no-tribunal-militar\/#primaryimage"},"thumbnailUrl":"https:\/\/portaltela.pt\/s.01k8rhncp4jt1\/2026\/02\/CACHE_780X1200_ANALOG_WATERMARKED_40895811_336319519961933.jpg","datePublished":"2026-02-13T06:23:00+00:00","author":{"@id":"https:\/\/portaltela.pt\/#\/schema\/person\/c4278d4a6028830caff9ee44b42d32ed"},"breadcrumb":{"@id":"https:\/\/portaltela.pt\/noticias\/2026\/02\/13\/principal-opositor-guineense-notificado-a-comparecer-no-tribunal-militar\/#breadcrumb"},"inLanguage":"pt-PT","potentialAction":[{"@type":"ReadAction","target":["https:\/\/portaltela.pt\/noticias\/2026\/02\/13\/principal-opositor-guineense-notificado-a-comparecer-no-tribunal-militar\/"]}]},{"@type":"ImageObject","inLanguage":"pt-PT","@id":"https:\/\/portaltela.pt\/noticias\/2026\/02\/13\/principal-opositor-guineense-notificado-a-comparecer-no-tribunal-militar\/#primaryimage","url":"https:\/\/portaltela.pt\/s.01k8rhncp4jt1\/2026\/02\/CACHE_780X1200_ANALOG_WATERMARKED_40895811_336319519961933.jpg","contentUrl":"https:\/\/portaltela.pt\/s.01k8rhncp4jt1\/2026\/02\/CACHE_780X1200_ANALOG_WATERMARKED_40895811_336319519961933.jpg","width":768,"height":512,"caption":"Principal opositor guineense notificado a comparecer no Tribunal Militar"},{"@type":"BreadcrumbList","@id":"https:\/\/portaltela.pt\/noticias\/2026\/02\/13\/principal-opositor-guineense-notificado-a-comparecer-no-tribunal-militar\/#breadcrumb","itemListElement":[{"@type":"ListItem","position":1,"name":"In\u00edcio","item":"https:\/\/portaltela.pt\/"},{"@type":"ListItem","position":2,"name":"Principal opositor guineense notificado a comparecer no Tribunal Militar"}]},{"@type":"WebSite","@id":"https:\/\/portaltela.pt\/#website","url":"https:\/\/portaltela.pt\/","name":"Portal Tela Portugal","description":"","potentialAction":[{"@type":"SearchAction","target":{"@type":"EntryPoint","urlTemplate":"https:\/\/portaltela.pt\/?s={search_term_string}"},"query-input":{"@type":"PropertyValueSpecification","valueRequired":true,"valueName":"search_term_string"}}],"inLanguage":"pt-PT"},{"@type":"Person","@id":"https:\/\/portaltela.pt\/#\/schema\/person\/c4278d4a6028830caff9ee44b42d32ed","name":"Telinha","image":{"@type":"ImageObject","inLanguage":"pt-PT","@id":"https:\/\/portaltela.pt\/s.01k8rhncp4jt1\/2025\/11\/talking-bot-125x125.png","url":"https:\/\/portaltela.pt\/s.01k8rhncp4jt1\/2025\/11\/talking-bot-125x125.png","contentUrl":"https:\/\/portaltela.pt\/s.01k8rhncp4jt1\/2025\/11\/talking-bot-125x125.png","caption":"Telinha"},"sameAs":["https:\/\/portaltela.pt\/"],"url":"https:\/\/portaltela.pt\/por\/367410592786\/"}]}},"_links":{"self":[{"href":"https:\/\/portaltela.pt\/api\/wp\/v2\/posts\/210491","targetHints":{"allow":["GET"]}}],"collection":[{"href":"https:\/\/portaltela.pt\/api\/wp\/v2\/posts"}],"about":[{"href":"https:\/\/portaltela.pt\/api\/wp\/v2\/types\/post"}],"author":[{"embeddable":true,"href":"https:\/\/portaltela.pt\/api\/wp\/v2\/users\/2"}],"replies":[{"embeddable":true,"href":"https:\/\/portaltela.pt\/api\/wp\/v2\/comments?post=210491"}],"version-history":[{"count":0,"href":"https:\/\/portaltela.pt\/api\/wp\/v2\/posts\/210491\/revisions"}],"wp:featuredmedia":[{"embeddable":true,"href":"https:\/\/portaltela.pt\/api\/wp\/v2\/media\/210492"}],"wp:attachment":[{"href":"https:\/\/portaltela.pt\/api\/wp\/v2\/media?parent=210491"}],"wp:term":[{"taxonomy":"category","embeddable":true,"href":"https:\/\/portaltela.pt\/api\/wp\/v2\/categories?post=210491"},{"taxonomy":"post_tag","embeddable":true,"href":"https:\/\/portaltela.pt\/api\/wp\/v2\/tags?post=210491"}],"curies":[{"name":"wp","href":"https:\/\/api.w.org\/{rel}","templated":true}]}}