{"id":210478,"date":"2026-02-13T05:30:00","date_gmt":"2026-02-13T08:30:00","guid":{"rendered":"https:\/\/portaltela.pt\/noticias\/2026\/02\/13\/atriz-cleo-diara-chega-a-berlim-para-programa-de-talentos-shooting-stars\/"},"modified":"2026-02-13T05:30:00","modified_gmt":"2026-02-13T08:30:00","slug":"atriz-cleo-diara-chega-a-berlim-para-programa-de-talentos-shooting-stars","status":"publish","type":"post","link":"https:\/\/portaltela.pt\/noticias\/2026\/02\/13\/atriz-cleo-diara-chega-a-berlim-para-programa-de-talentos-shooting-stars\/","title":{"rendered":"Atriz Cleo Di\u00e1ra chega a Berlim para programa de talentos Shooting Stars"},"content":{"rendered":"<p>A atriz Cleo Di\u00e1ra encontra-se hoje em Berlim para participar no programa de talentos Shooting Stars, apresentado como parte de iniciativas de promo\u00e7\u00e3o de novos artistas do cinema europeu.<\/p>\n<p>A participa\u00e7\u00e3o da artista no Shooting Stars coloca-a numa lista de talentos emergentes destacada pela sele\u00e7\u00e3o internacional, com a finalidade de ganhar visibilidade junto da ind\u00fastria.<\/p>\n<p>N\u00e3o foram divulgados detalhes adicionais sobre atividades previstas em Berlim nem sobre a dura\u00e7\u00e3o da participa\u00e7\u00e3o de Cleo Di\u00e1ra no programa.<\/p>\n","protected":false},"excerpt":{"rendered":"<ul>\n<li>Atriz Cleo Di\u00e1ra est\u00e1 hoje em Berlim para o programa de talentos &#8220;Shooting Stars&#8221;.<\/li>\n<li>O texto n\u00e3o fornece detalhes adicionais sobre a participa\u00e7\u00e3o ou agenda do programa.<\/li>\n<\/ul>\n","protected":false},"author":2,"featured_media":210481,"comment_status":"closed","ping_status":"closed","sticky":false,"template":"","format":"standard","meta":{"footnotes":""},"categories":[12,1],"tags":[1975,5064,112,2870,145,2487],"class_list":["post-210478","post","type-post","status-publish","format-standard","has-post-thumbnail","hentry","category-entretenimento","category-noticias","tag-arte-teatro-concertos","tag-artistas-internacionais","tag-cinema","tag-colaboracoes-internacionais","tag-cultura","tag-europa"],"yoast_head":"<!-- This site is optimized with the Yoast SEO plugin v27.2 - https:\/\/yoast.com\/product\/yoast-seo-wordpress\/ -->\n<title>Atriz Cleo Di\u00e1ra chega a Berlim para programa de talentos Shooting Stars - Portal Tela Portugal<\/title>\n<meta name=\"robots\" content=\"index, follow, max-snippet:-1, max-image-preview:large, max-video-preview:-1\" \/>\n<meta property=\"og:locale\" content=\"pt_PT\" \/>\n<meta property=\"og:type\" content=\"article\" \/>\n<meta property=\"og:title\" content=\"Atriz Cleo Di\u00e1ra chega a Berlim para programa de talentos Shooting Stars - Portal Tela Portugal\" \/>\n<meta property=\"og:description\" content=\"Atriz Cleo Di\u00e1ra est\u00e1 hoje em Berlim para o programa de talentos &quot;Shooting Stars&quot;. O texto n\u00e3o fornece detalhes adicionais sobre a participa\u00e7\u00e3o ou agenda do programa.\" \/>\n<meta property=\"og:url\" content=\"https:\/\/portaltela.pt\/noticias\/2026\/02\/13\/atriz-cleo-diara-chega-a-berlim-para-programa-de-talentos-shooting-stars\/\" \/>\n<meta property=\"og:site_name\" content=\"Portal Tela Portugal\" \/>\n<meta property=\"article:published_time\" content=\"2026-02-13T08:30:00+00:00\" \/>\n<meta name=\"author\" content=\"Telinha\" \/>\n<meta name=\"twitter:card\" content=\"summary_large_image\" \/>\n<meta name=\"twitter:label1\" content=\"Escrito por\" \/>\n\t<meta name=\"twitter:data1\" content=\"Telinha\" \/>\n<script type=\"application\/ld+json\" class=\"yoast-schema-graph\">{\"@context\":\"https:\/\/schema.org\",\"@graph\":[{\"@type\":\"Article\",\"@id\":\"https:\/\/portaltela.pt\/noticias\/2026\/02\/13\/atriz-cleo-diara-chega-a-berlim-para-programa-de-talentos-shooting-stars\/#article\",\"isPartOf\":{\"@id\":\"https:\/\/portaltela.pt\/noticias\/2026\/02\/13\/atriz-cleo-diara-chega-a-berlim-para-programa-de-talentos-shooting-stars\/\"},\"author\":{\"name\":\"Telinha\",\"@id\":\"https:\/\/portaltela.pt\/#\/schema\/person\/c4278d4a6028830caff9ee44b42d32ed\"},\"headline\":\"Atriz Cleo Di\u00e1ra chega a Berlim para programa de talentos Shooting Stars\",\"datePublished\":\"2026-02-13T08:30:00+00:00\",\"mainEntityOfPage\":{\"@id\":\"https:\/\/portaltela.pt\/noticias\/2026\/02\/13\/atriz-cleo-diara-chega-a-berlim-para-programa-de-talentos-shooting-stars\/\"},\"wordCount\":98,\"image\":{\"@id\":\"https:\/\/portaltela.pt\/noticias\/2026\/02\/13\/atriz-cleo-diara-chega-a-berlim-para-programa-de-talentos-shooting-stars\/#primaryimage\"},\"thumbnailUrl\":\"https:\/\/portaltela.pt\/s.01k8rhncp4jt1\/2026\/02\/CACHE_780X1200_ANALOG_WATERMARKED_44990888_400262918876518.jpg\",\"keywords\":[\"arte\/teatro\/concertos\",\"artistas internacionais\",\"cinema\",\"colabora\u00e7\u00f5es internacionais\",\"cultura\",\"Europa\"],\"articleSection\":[\"Entretenimento\",\"Not\u00edcias\"],\"inLanguage\":\"pt-PT\"},{\"@type\":\"WebPage\",\"@id\":\"https:\/\/portaltela.pt\/noticias\/2026\/02\/13\/atriz-cleo-diara-chega-a-berlim-para-programa-de-talentos-shooting-stars\/\",\"url\":\"https:\/\/portaltela.pt\/noticias\/2026\/02\/13\/atriz-cleo-diara-chega-a-berlim-para-programa-de-talentos-shooting-stars\/\",\"name\":\"Atriz Cleo Di\u00e1ra chega a Berlim para programa de talentos Shooting Stars - Portal Tela Portugal\",\"isPartOf\":{\"@id\":\"https:\/\/portaltela.pt\/#website\"},\"primaryImageOfPage\":{\"@id\":\"https:\/\/portaltela.pt\/noticias\/2026\/02\/13\/atriz-cleo-diara-chega-a-berlim-para-programa-de-talentos-shooting-stars\/#primaryimage\"},\"image\":{\"@id\":\"https:\/\/portaltela.pt\/noticias\/2026\/02\/13\/atriz-cleo-diara-chega-a-berlim-para-programa-de-talentos-shooting-stars\/#primaryimage\"},\"thumbnailUrl\":\"https:\/\/portaltela.pt\/s.01k8rhncp4jt1\/2026\/02\/CACHE_780X1200_ANALOG_WATERMARKED_44990888_400262918876518.jpg\",\"datePublished\":\"2026-02-13T08:30:00+00:00\",\"author\":{\"@id\":\"https:\/\/portaltela.pt\/#\/schema\/person\/c4278d4a6028830caff9ee44b42d32ed\"},\"breadcrumb\":{\"@id\":\"https:\/\/portaltela.pt\/noticias\/2026\/02\/13\/atriz-cleo-diara-chega-a-berlim-para-programa-de-talentos-shooting-stars\/#breadcrumb\"},\"inLanguage\":\"pt-PT\",\"potentialAction\":[{\"@type\":\"ReadAction\",\"target\":[\"https:\/\/portaltela.pt\/noticias\/2026\/02\/13\/atriz-cleo-diara-chega-a-berlim-para-programa-de-talentos-shooting-stars\/\"]}]},{\"@type\":\"ImageObject\",\"inLanguage\":\"pt-PT\",\"@id\":\"https:\/\/portaltela.pt\/noticias\/2026\/02\/13\/atriz-cleo-diara-chega-a-berlim-para-programa-de-talentos-shooting-stars\/#primaryimage\",\"url\":\"https:\/\/portaltela.pt\/s.01k8rhncp4jt1\/2026\/02\/CACHE_780X1200_ANALOG_WATERMARKED_44990888_400262918876518.jpg\",\"contentUrl\":\"https:\/\/portaltela.pt\/s.01k8rhncp4jt1\/2026\/02\/CACHE_780X1200_ANALOG_WATERMARKED_44990888_400262918876518.jpg\",\"width\":796,\"height\":448,\"caption\":\"Atriz Cleo Di\u00e1ra est\u00e1 hoje em Berlim para programa de talentos Shooting Stars\"},{\"@type\":\"BreadcrumbList\",\"@id\":\"https:\/\/portaltela.pt\/noticias\/2026\/02\/13\/atriz-cleo-diara-chega-a-berlim-para-programa-de-talentos-shooting-stars\/#breadcrumb\",\"itemListElement\":[{\"@type\":\"ListItem\",\"position\":1,\"name\":\"In\u00edcio\",\"item\":\"https:\/\/portaltela.pt\/\"},{\"@type\":\"ListItem\",\"position\":2,\"name\":\"Atriz Cleo Di\u00e1ra chega a Berlim para programa de talentos Shooting Stars\"}]},{\"@type\":\"WebSite\",\"@id\":\"https:\/\/portaltela.pt\/#website\",\"url\":\"https:\/\/portaltela.pt\/\",\"name\":\"Portal Tela Portugal\",\"description\":\"\",\"potentialAction\":[{\"@type\":\"SearchAction\",\"target\":{\"@type\":\"EntryPoint\",\"urlTemplate\":\"https:\/\/portaltela.pt\/?s={search_term_string}\"},\"query-input\":{\"@type\":\"PropertyValueSpecification\",\"valueRequired\":true,\"valueName\":\"search_term_string\"}}],\"inLanguage\":\"pt-PT\"},{\"@type\":\"Person\",\"@id\":\"https:\/\/portaltela.pt\/#\/schema\/person\/c4278d4a6028830caff9ee44b42d32ed\",\"name\":\"Telinha\",\"image\":{\"@type\":\"ImageObject\",\"inLanguage\":\"pt-PT\",\"@id\":\"https:\/\/portaltela.pt\/s.01k8rhncp4jt1\/2025\/11\/talking-bot-125x125.png\",\"url\":\"https:\/\/portaltela.pt\/s.01k8rhncp4jt1\/2025\/11\/talking-bot-125x125.png\",\"contentUrl\":\"https:\/\/portaltela.pt\/s.01k8rhncp4jt1\/2025\/11\/talking-bot-125x125.png\",\"caption\":\"Telinha\"},\"sameAs\":[\"https:\/\/portaltela.pt\/\"],\"url\":\"https:\/\/portaltela.pt\/por\/367410592786\/\"}]}<\/script>\n<!-- \/ Yoast SEO plugin. -->","yoast_head_json":{"title":"Atriz Cleo Di\u00e1ra chega a Berlim para programa de talentos Shooting Stars - Portal Tela Portugal","robots":{"index":"index","follow":"follow","max-snippet":"max-snippet:-1","max-image-preview":"max-image-preview:large","max-video-preview":"max-video-preview:-1"},"og_locale":"pt_PT","og_type":"article","og_title":"Atriz Cleo Di\u00e1ra chega a Berlim para programa de talentos Shooting Stars - Portal Tela Portugal","og_description":"Atriz Cleo Di\u00e1ra est\u00e1 hoje em Berlim para o programa de talentos \"Shooting Stars\". O texto n\u00e3o fornece detalhes adicionais sobre a participa\u00e7\u00e3o ou agenda do programa.","og_url":"https:\/\/portaltela.pt\/noticias\/2026\/02\/13\/atriz-cleo-diara-chega-a-berlim-para-programa-de-talentos-shooting-stars\/","og_site_name":"Portal Tela Portugal","article_published_time":"2026-02-13T08:30:00+00:00","author":"Telinha","twitter_card":"summary_large_image","twitter_misc":{"Escrito por":"Telinha"},"schema":{"@context":"https:\/\/schema.org","@graph":[{"@type":"Article","@id":"https:\/\/portaltela.pt\/noticias\/2026\/02\/13\/atriz-cleo-diara-chega-a-berlim-para-programa-de-talentos-shooting-stars\/#article","isPartOf":{"@id":"https:\/\/portaltela.pt\/noticias\/2026\/02\/13\/atriz-cleo-diara-chega-a-berlim-para-programa-de-talentos-shooting-stars\/"},"author":{"name":"Telinha","@id":"https:\/\/portaltela.pt\/#\/schema\/person\/c4278d4a6028830caff9ee44b42d32ed"},"headline":"Atriz Cleo Di\u00e1ra chega a Berlim para programa de talentos Shooting Stars","datePublished":"2026-02-13T08:30:00+00:00","mainEntityOfPage":{"@id":"https:\/\/portaltela.pt\/noticias\/2026\/02\/13\/atriz-cleo-diara-chega-a-berlim-para-programa-de-talentos-shooting-stars\/"},"wordCount":98,"image":{"@id":"https:\/\/portaltela.pt\/noticias\/2026\/02\/13\/atriz-cleo-diara-chega-a-berlim-para-programa-de-talentos-shooting-stars\/#primaryimage"},"thumbnailUrl":"https:\/\/portaltela.pt\/s.01k8rhncp4jt1\/2026\/02\/CACHE_780X1200_ANALOG_WATERMARKED_44990888_400262918876518.jpg","keywords":["arte\/teatro\/concertos","artistas internacionais","cinema","colabora\u00e7\u00f5es internacionais","cultura","Europa"],"articleSection":["Entretenimento","Not\u00edcias"],"inLanguage":"pt-PT"},{"@type":"WebPage","@id":"https:\/\/portaltela.pt\/noticias\/2026\/02\/13\/atriz-cleo-diara-chega-a-berlim-para-programa-de-talentos-shooting-stars\/","url":"https:\/\/portaltela.pt\/noticias\/2026\/02\/13\/atriz-cleo-diara-chega-a-berlim-para-programa-de-talentos-shooting-stars\/","name":"Atriz Cleo Di\u00e1ra chega a Berlim para programa de talentos Shooting Stars - Portal Tela Portugal","isPartOf":{"@id":"https:\/\/portaltela.pt\/#website"},"primaryImageOfPage":{"@id":"https:\/\/portaltela.pt\/noticias\/2026\/02\/13\/atriz-cleo-diara-chega-a-berlim-para-programa-de-talentos-shooting-stars\/#primaryimage"},"image":{"@id":"https:\/\/portaltela.pt\/noticias\/2026\/02\/13\/atriz-cleo-diara-chega-a-berlim-para-programa-de-talentos-shooting-stars\/#primaryimage"},"thumbnailUrl":"https:\/\/portaltela.pt\/s.01k8rhncp4jt1\/2026\/02\/CACHE_780X1200_ANALOG_WATERMARKED_44990888_400262918876518.jpg","datePublished":"2026-02-13T08:30:00+00:00","author":{"@id":"https:\/\/portaltela.pt\/#\/schema\/person\/c4278d4a6028830caff9ee44b42d32ed"},"breadcrumb":{"@id":"https:\/\/portaltela.pt\/noticias\/2026\/02\/13\/atriz-cleo-diara-chega-a-berlim-para-programa-de-talentos-shooting-stars\/#breadcrumb"},"inLanguage":"pt-PT","potentialAction":[{"@type":"ReadAction","target":["https:\/\/portaltela.pt\/noticias\/2026\/02\/13\/atriz-cleo-diara-chega-a-berlim-para-programa-de-talentos-shooting-stars\/"]}]},{"@type":"ImageObject","inLanguage":"pt-PT","@id":"https:\/\/portaltela.pt\/noticias\/2026\/02\/13\/atriz-cleo-diara-chega-a-berlim-para-programa-de-talentos-shooting-stars\/#primaryimage","url":"https:\/\/portaltela.pt\/s.01k8rhncp4jt1\/2026\/02\/CACHE_780X1200_ANALOG_WATERMARKED_44990888_400262918876518.jpg","contentUrl":"https:\/\/portaltela.pt\/s.01k8rhncp4jt1\/2026\/02\/CACHE_780X1200_ANALOG_WATERMARKED_44990888_400262918876518.jpg","width":796,"height":448,"caption":"Atriz Cleo Di\u00e1ra est\u00e1 hoje em Berlim para programa de talentos Shooting Stars"},{"@type":"BreadcrumbList","@id":"https:\/\/portaltela.pt\/noticias\/2026\/02\/13\/atriz-cleo-diara-chega-a-berlim-para-programa-de-talentos-shooting-stars\/#breadcrumb","itemListElement":[{"@type":"ListItem","position":1,"name":"In\u00edcio","item":"https:\/\/portaltela.pt\/"},{"@type":"ListItem","position":2,"name":"Atriz Cleo Di\u00e1ra chega a Berlim para programa de talentos Shooting Stars"}]},{"@type":"WebSite","@id":"https:\/\/portaltela.pt\/#website","url":"https:\/\/portaltela.pt\/","name":"Portal Tela Portugal","description":"","potentialAction":[{"@type":"SearchAction","target":{"@type":"EntryPoint","urlTemplate":"https:\/\/portaltela.pt\/?s={search_term_string}"},"query-input":{"@type":"PropertyValueSpecification","valueRequired":true,"valueName":"search_term_string"}}],"inLanguage":"pt-PT"},{"@type":"Person","@id":"https:\/\/portaltela.pt\/#\/schema\/person\/c4278d4a6028830caff9ee44b42d32ed","name":"Telinha","image":{"@type":"ImageObject","inLanguage":"pt-PT","@id":"https:\/\/portaltela.pt\/s.01k8rhncp4jt1\/2025\/11\/talking-bot-125x125.png","url":"https:\/\/portaltela.pt\/s.01k8rhncp4jt1\/2025\/11\/talking-bot-125x125.png","contentUrl":"https:\/\/portaltela.pt\/s.01k8rhncp4jt1\/2025\/11\/talking-bot-125x125.png","caption":"Telinha"},"sameAs":["https:\/\/portaltela.pt\/"],"url":"https:\/\/portaltela.pt\/por\/367410592786\/"}]}},"_links":{"self":[{"href":"https:\/\/portaltela.pt\/api\/wp\/v2\/posts\/210478","targetHints":{"allow":["GET"]}}],"collection":[{"href":"https:\/\/portaltela.pt\/api\/wp\/v2\/posts"}],"about":[{"href":"https:\/\/portaltela.pt\/api\/wp\/v2\/types\/post"}],"author":[{"embeddable":true,"href":"https:\/\/portaltela.pt\/api\/wp\/v2\/users\/2"}],"replies":[{"embeddable":true,"href":"https:\/\/portaltela.pt\/api\/wp\/v2\/comments?post=210478"}],"version-history":[{"count":0,"href":"https:\/\/portaltela.pt\/api\/wp\/v2\/posts\/210478\/revisions"}],"wp:featuredmedia":[{"embeddable":true,"href":"https:\/\/portaltela.pt\/api\/wp\/v2\/media\/210481"}],"wp:attachment":[{"href":"https:\/\/portaltela.pt\/api\/wp\/v2\/media?parent=210478"}],"wp:term":[{"taxonomy":"category","embeddable":true,"href":"https:\/\/portaltela.pt\/api\/wp\/v2\/categories?post=210478"},{"taxonomy":"post_tag","embeddable":true,"href":"https:\/\/portaltela.pt\/api\/wp\/v2\/tags?post=210478"}],"curies":[{"name":"wp","href":"https:\/\/api.w.org\/{rel}","templated":true}]}}