{"id":210465,"date":"2026-02-13T05:09:00","date_gmt":"2026-02-13T08:09:00","guid":{"rendered":"https:\/\/portaltela.pt\/noticias\/2026\/02\/13\/kika-veselko-visa-tornar-se-campea-do-world-tour\/"},"modified":"2026-02-13T05:09:00","modified_gmt":"2026-02-13T08:09:00","slug":"kika-veselko-visa-tornar-se-campea-do-world-tour","status":"publish","type":"post","link":"https:\/\/portaltela.pt\/desporto\/2026\/02\/13\/kika-veselko-visa-tornar-se-campea-do-world-tour\/","title":{"rendered":"Kika Veselko visa tornar-se campe\u00e3 do World Tour"},"content":{"rendered":"<p>Aos 22 anos, Francisca Veselko est\u00e1 a caminho da estreia na elite do surf mundial. Campe\u00e3 do Mundo j\u00fanior em 2023, a surfista de Carcavelos prepara-se para enfrentar as melhores do planeta no World Tour.<\/p>\n<p>A jovem atleta aponta para um objetivo claro: transformar o t\u00edtulo de campe\u00e3 mundial j\u00fanior numa presen\u00e7a constante entre as l\u00edderes da modalidade no circuito principal.<\/p>\n<p>A progress\u00e3o de Veselko vem acompanhada de prepara\u00e7\u00e3o t\u00e9cnica e competitiva, fundamental para competir no mais alto n\u00edvel do surf mundial e consolidar o sonho de crian\u00e7a de chegar \u00e0 elite.<\/p>\n<p>O desempenho anterior em campeonatos juniores \u00e9 visto como base para a nova etapa, que promete manter o foco na melhoria cont\u00ednua e nos desafios do tour global.<\/p>\n","protected":false},"excerpt":{"rendered":"<ul>\n<li>Francisca Veselko, de 22 anos, est\u00e1 a caminho da estreia na elite do surf mundial.<\/li>\n<li>A atleta de Carcavelos foi campe\u00e3 do Mundo j\u00fanior em 2023.<\/li>\n<li>O pr\u00f3ximo objetivo \u00e9 tornar-se campe\u00e3 do World Tour.<\/li>\n<li>Disse estar preparada para enfrentar as melhores surfistas do planeta.<\/li>\n<li>O sonho de crian\u00e7a inclui alcan\u00e7ar o t\u00edtulo no circuito mundial.<\/li>\n<\/ul>\n","protected":false},"author":2,"featured_media":210466,"comment_status":"closed","ping_status":"closed","sticky":false,"template":"","format":"standard","meta":{"footnotes":""},"categories":[21],"tags":[252,227,2652,152,2681,4163],"class_list":["post-210465","post","type-post","status-publish","format-standard","has-post-thumbnail","hentry","category-desporto","tag-atletas","tag-campeonato","tag-carcavelos","tag-desporto","tag-desporto-internacional","tag-juniores"],"yoast_head":"<!-- This site is optimized with the Yoast SEO plugin v27.2 - https:\/\/yoast.com\/product\/yoast-seo-wordpress\/ -->\n<title>Kika Veselko visa tornar-se campe\u00e3 do World Tour - Portal Tela Portugal<\/title>\n<meta name=\"robots\" content=\"index, follow, max-snippet:-1, max-image-preview:large, max-video-preview:-1\" \/>\n<meta property=\"og:locale\" content=\"pt_PT\" \/>\n<meta property=\"og:type\" content=\"article\" \/>\n<meta property=\"og:title\" content=\"Kika Veselko visa tornar-se campe\u00e3 do World Tour - Portal Tela Portugal\" \/>\n<meta property=\"og:description\" content=\"Francisca Veselko, de 22 anos, est\u00e1 a caminho da estreia na elite do surf mundial. A atleta de Carcavelos foi campe\u00e3 do Mundo j\u00fanior em 2023. O pr\u00f3ximo objetivo \u00e9 tornar-se campe\u00e3 do World Tour. Disse estar preparada para enfrentar as melhores surfistas do planeta. O sonho de crian\u00e7a inclui alcan\u00e7ar o t\u00edtulo no circuito mundial.\" \/>\n<meta property=\"og:url\" content=\"https:\/\/portaltela.pt\/noticias\/2026\/02\/13\/kika-veselko-visa-tornar-se-campea-do-world-tour\/\" \/>\n<meta property=\"og:site_name\" content=\"Portal Tela Portugal\" \/>\n<meta property=\"article:published_time\" content=\"2026-02-13T08:09:00+00:00\" \/>\n<meta name=\"author\" content=\"Telinha\" \/>\n<meta name=\"twitter:card\" content=\"summary_large_image\" \/>\n<meta name=\"twitter:label1\" content=\"Escrito por\" \/>\n\t<meta name=\"twitter:data1\" content=\"Telinha\" \/>\n\t<meta name=\"twitter:label2\" content=\"Tempo estimado de leitura\" \/>\n\t<meta name=\"twitter:data2\" content=\"1 minuto\" \/>\n<script type=\"application\/ld+json\" class=\"yoast-schema-graph\">{\"@context\":\"https:\/\/schema.org\",\"@graph\":[{\"@type\":\"Article\",\"@id\":\"https:\/\/portaltela.pt\/noticias\/2026\/02\/13\/kika-veselko-visa-tornar-se-campea-do-world-tour\/#article\",\"isPartOf\":{\"@id\":\"https:\/\/portaltela.pt\/noticias\/2026\/02\/13\/kika-veselko-visa-tornar-se-campea-do-world-tour\/\"},\"author\":{\"name\":\"Telinha\",\"@id\":\"https:\/\/portaltela.pt\/#\/schema\/person\/c4278d4a6028830caff9ee44b42d32ed\"},\"headline\":\"Kika Veselko visa tornar-se campe\u00e3 do World Tour\",\"datePublished\":\"2026-02-13T08:09:00+00:00\",\"mainEntityOfPage\":{\"@id\":\"https:\/\/portaltela.pt\/noticias\/2026\/02\/13\/kika-veselko-visa-tornar-se-campea-do-world-tour\/\"},\"wordCount\":135,\"image\":{\"@id\":\"https:\/\/portaltela.pt\/noticias\/2026\/02\/13\/kika-veselko-visa-tornar-se-campea-do-world-tour\/#primaryimage\"},\"thumbnailUrl\":\"https:\/\/portaltela.pt\/s.01k8rhncp4jt1\/2026\/02\/img_1200x721uu2026-02-12-17-17-01-2421177.jpg\",\"keywords\":[\"atletas\",\"campeonato\",\"Carcavelos\",\"desporto\",\"desporto internacional\",\"juniores\"],\"articleSection\":[\"Desporto\"],\"inLanguage\":\"pt-PT\"},{\"@type\":\"WebPage\",\"@id\":\"https:\/\/portaltela.pt\/noticias\/2026\/02\/13\/kika-veselko-visa-tornar-se-campea-do-world-tour\/\",\"url\":\"https:\/\/portaltela.pt\/noticias\/2026\/02\/13\/kika-veselko-visa-tornar-se-campea-do-world-tour\/\",\"name\":\"Kika Veselko visa tornar-se campe\u00e3 do World Tour - Portal Tela Portugal\",\"isPartOf\":{\"@id\":\"https:\/\/portaltela.pt\/#website\"},\"primaryImageOfPage\":{\"@id\":\"https:\/\/portaltela.pt\/noticias\/2026\/02\/13\/kika-veselko-visa-tornar-se-campea-do-world-tour\/#primaryimage\"},\"image\":{\"@id\":\"https:\/\/portaltela.pt\/noticias\/2026\/02\/13\/kika-veselko-visa-tornar-se-campea-do-world-tour\/#primaryimage\"},\"thumbnailUrl\":\"https:\/\/portaltela.pt\/s.01k8rhncp4jt1\/2026\/02\/img_1200x721uu2026-02-12-17-17-01-2421177.jpg\",\"datePublished\":\"2026-02-13T08:09:00+00:00\",\"author\":{\"@id\":\"https:\/\/portaltela.pt\/#\/schema\/person\/c4278d4a6028830caff9ee44b42d32ed\"},\"breadcrumb\":{\"@id\":\"https:\/\/portaltela.pt\/noticias\/2026\/02\/13\/kika-veselko-visa-tornar-se-campea-do-world-tour\/#breadcrumb\"},\"inLanguage\":\"pt-PT\",\"potentialAction\":[{\"@type\":\"ReadAction\",\"target\":[\"https:\/\/portaltela.pt\/noticias\/2026\/02\/13\/kika-veselko-visa-tornar-se-campea-do-world-tour\/\"]}]},{\"@type\":\"ImageObject\",\"inLanguage\":\"pt-PT\",\"@id\":\"https:\/\/portaltela.pt\/noticias\/2026\/02\/13\/kika-veselko-visa-tornar-se-campea-do-world-tour\/#primaryimage\",\"url\":\"https:\/\/portaltela.pt\/s.01k8rhncp4jt1\/2026\/02\/img_1200x721uu2026-02-12-17-17-01-2421177.jpg\",\"contentUrl\":\"https:\/\/portaltela.pt\/s.01k8rhncp4jt1\/2026\/02\/img_1200x721uu2026-02-12-17-17-01-2421177.jpg\",\"width\":796,\"height\":448,\"caption\":\"Kika Veselko tem mais objetivos por cumprir: \u00abO pr\u00f3ximo sonho \u00e9 ser campe\u00e3 do World Tour\u00bb\"},{\"@type\":\"BreadcrumbList\",\"@id\":\"https:\/\/portaltela.pt\/noticias\/2026\/02\/13\/kika-veselko-visa-tornar-se-campea-do-world-tour\/#breadcrumb\",\"itemListElement\":[{\"@type\":\"ListItem\",\"position\":1,\"name\":\"In\u00edcio\",\"item\":\"https:\/\/portaltela.pt\/\"},{\"@type\":\"ListItem\",\"position\":2,\"name\":\"Kika Veselko visa tornar-se campe\u00e3 do World Tour\"}]},{\"@type\":\"WebSite\",\"@id\":\"https:\/\/portaltela.pt\/#website\",\"url\":\"https:\/\/portaltela.pt\/\",\"name\":\"Portal Tela Portugal\",\"description\":\"\",\"potentialAction\":[{\"@type\":\"SearchAction\",\"target\":{\"@type\":\"EntryPoint\",\"urlTemplate\":\"https:\/\/portaltela.pt\/?s={search_term_string}\"},\"query-input\":{\"@type\":\"PropertyValueSpecification\",\"valueRequired\":true,\"valueName\":\"search_term_string\"}}],\"inLanguage\":\"pt-PT\"},{\"@type\":\"Person\",\"@id\":\"https:\/\/portaltela.pt\/#\/schema\/person\/c4278d4a6028830caff9ee44b42d32ed\",\"name\":\"Telinha\",\"image\":{\"@type\":\"ImageObject\",\"inLanguage\":\"pt-PT\",\"@id\":\"https:\/\/portaltela.pt\/s.01k8rhncp4jt1\/2025\/11\/talking-bot-125x125.png\",\"url\":\"https:\/\/portaltela.pt\/s.01k8rhncp4jt1\/2025\/11\/talking-bot-125x125.png\",\"contentUrl\":\"https:\/\/portaltela.pt\/s.01k8rhncp4jt1\/2025\/11\/talking-bot-125x125.png\",\"caption\":\"Telinha\"},\"sameAs\":[\"https:\/\/portaltela.pt\/\"],\"url\":\"https:\/\/portaltela.pt\/por\/367410592786\/\"}]}<\/script>\n<!-- \/ Yoast SEO plugin. -->","yoast_head_json":{"title":"Kika Veselko visa tornar-se campe\u00e3 do World Tour - Portal Tela Portugal","robots":{"index":"index","follow":"follow","max-snippet":"max-snippet:-1","max-image-preview":"max-image-preview:large","max-video-preview":"max-video-preview:-1"},"og_locale":"pt_PT","og_type":"article","og_title":"Kika Veselko visa tornar-se campe\u00e3 do World Tour - Portal Tela Portugal","og_description":"Francisca Veselko, de 22 anos, est\u00e1 a caminho da estreia na elite do surf mundial. A atleta de Carcavelos foi campe\u00e3 do Mundo j\u00fanior em 2023. O pr\u00f3ximo objetivo \u00e9 tornar-se campe\u00e3 do World Tour. Disse estar preparada para enfrentar as melhores surfistas do planeta. O sonho de crian\u00e7a inclui alcan\u00e7ar o t\u00edtulo no circuito mundial.","og_url":"https:\/\/portaltela.pt\/noticias\/2026\/02\/13\/kika-veselko-visa-tornar-se-campea-do-world-tour\/","og_site_name":"Portal Tela Portugal","article_published_time":"2026-02-13T08:09:00+00:00","author":"Telinha","twitter_card":"summary_large_image","twitter_misc":{"Escrito por":"Telinha","Tempo estimado de leitura":"1 minuto"},"schema":{"@context":"https:\/\/schema.org","@graph":[{"@type":"Article","@id":"https:\/\/portaltela.pt\/noticias\/2026\/02\/13\/kika-veselko-visa-tornar-se-campea-do-world-tour\/#article","isPartOf":{"@id":"https:\/\/portaltela.pt\/noticias\/2026\/02\/13\/kika-veselko-visa-tornar-se-campea-do-world-tour\/"},"author":{"name":"Telinha","@id":"https:\/\/portaltela.pt\/#\/schema\/person\/c4278d4a6028830caff9ee44b42d32ed"},"headline":"Kika Veselko visa tornar-se campe\u00e3 do World Tour","datePublished":"2026-02-13T08:09:00+00:00","mainEntityOfPage":{"@id":"https:\/\/portaltela.pt\/noticias\/2026\/02\/13\/kika-veselko-visa-tornar-se-campea-do-world-tour\/"},"wordCount":135,"image":{"@id":"https:\/\/portaltela.pt\/noticias\/2026\/02\/13\/kika-veselko-visa-tornar-se-campea-do-world-tour\/#primaryimage"},"thumbnailUrl":"https:\/\/portaltela.pt\/s.01k8rhncp4jt1\/2026\/02\/img_1200x721uu2026-02-12-17-17-01-2421177.jpg","keywords":["atletas","campeonato","Carcavelos","desporto","desporto internacional","juniores"],"articleSection":["Desporto"],"inLanguage":"pt-PT"},{"@type":"WebPage","@id":"https:\/\/portaltela.pt\/noticias\/2026\/02\/13\/kika-veselko-visa-tornar-se-campea-do-world-tour\/","url":"https:\/\/portaltela.pt\/noticias\/2026\/02\/13\/kika-veselko-visa-tornar-se-campea-do-world-tour\/","name":"Kika Veselko visa tornar-se campe\u00e3 do World Tour - Portal Tela Portugal","isPartOf":{"@id":"https:\/\/portaltela.pt\/#website"},"primaryImageOfPage":{"@id":"https:\/\/portaltela.pt\/noticias\/2026\/02\/13\/kika-veselko-visa-tornar-se-campea-do-world-tour\/#primaryimage"},"image":{"@id":"https:\/\/portaltela.pt\/noticias\/2026\/02\/13\/kika-veselko-visa-tornar-se-campea-do-world-tour\/#primaryimage"},"thumbnailUrl":"https:\/\/portaltela.pt\/s.01k8rhncp4jt1\/2026\/02\/img_1200x721uu2026-02-12-17-17-01-2421177.jpg","datePublished":"2026-02-13T08:09:00+00:00","author":{"@id":"https:\/\/portaltela.pt\/#\/schema\/person\/c4278d4a6028830caff9ee44b42d32ed"},"breadcrumb":{"@id":"https:\/\/portaltela.pt\/noticias\/2026\/02\/13\/kika-veselko-visa-tornar-se-campea-do-world-tour\/#breadcrumb"},"inLanguage":"pt-PT","potentialAction":[{"@type":"ReadAction","target":["https:\/\/portaltela.pt\/noticias\/2026\/02\/13\/kika-veselko-visa-tornar-se-campea-do-world-tour\/"]}]},{"@type":"ImageObject","inLanguage":"pt-PT","@id":"https:\/\/portaltela.pt\/noticias\/2026\/02\/13\/kika-veselko-visa-tornar-se-campea-do-world-tour\/#primaryimage","url":"https:\/\/portaltela.pt\/s.01k8rhncp4jt1\/2026\/02\/img_1200x721uu2026-02-12-17-17-01-2421177.jpg","contentUrl":"https:\/\/portaltela.pt\/s.01k8rhncp4jt1\/2026\/02\/img_1200x721uu2026-02-12-17-17-01-2421177.jpg","width":796,"height":448,"caption":"Kika Veselko tem mais objetivos por cumprir: \u00abO pr\u00f3ximo sonho \u00e9 ser campe\u00e3 do World Tour\u00bb"},{"@type":"BreadcrumbList","@id":"https:\/\/portaltela.pt\/noticias\/2026\/02\/13\/kika-veselko-visa-tornar-se-campea-do-world-tour\/#breadcrumb","itemListElement":[{"@type":"ListItem","position":1,"name":"In\u00edcio","item":"https:\/\/portaltela.pt\/"},{"@type":"ListItem","position":2,"name":"Kika Veselko visa tornar-se campe\u00e3 do World Tour"}]},{"@type":"WebSite","@id":"https:\/\/portaltela.pt\/#website","url":"https:\/\/portaltela.pt\/","name":"Portal Tela Portugal","description":"","potentialAction":[{"@type":"SearchAction","target":{"@type":"EntryPoint","urlTemplate":"https:\/\/portaltela.pt\/?s={search_term_string}"},"query-input":{"@type":"PropertyValueSpecification","valueRequired":true,"valueName":"search_term_string"}}],"inLanguage":"pt-PT"},{"@type":"Person","@id":"https:\/\/portaltela.pt\/#\/schema\/person\/c4278d4a6028830caff9ee44b42d32ed","name":"Telinha","image":{"@type":"ImageObject","inLanguage":"pt-PT","@id":"https:\/\/portaltela.pt\/s.01k8rhncp4jt1\/2025\/11\/talking-bot-125x125.png","url":"https:\/\/portaltela.pt\/s.01k8rhncp4jt1\/2025\/11\/talking-bot-125x125.png","contentUrl":"https:\/\/portaltela.pt\/s.01k8rhncp4jt1\/2025\/11\/talking-bot-125x125.png","caption":"Telinha"},"sameAs":["https:\/\/portaltela.pt\/"],"url":"https:\/\/portaltela.pt\/por\/367410592786\/"}]}},"_links":{"self":[{"href":"https:\/\/portaltela.pt\/api\/wp\/v2\/posts\/210465","targetHints":{"allow":["GET"]}}],"collection":[{"href":"https:\/\/portaltela.pt\/api\/wp\/v2\/posts"}],"about":[{"href":"https:\/\/portaltela.pt\/api\/wp\/v2\/types\/post"}],"author":[{"embeddable":true,"href":"https:\/\/portaltela.pt\/api\/wp\/v2\/users\/2"}],"replies":[{"embeddable":true,"href":"https:\/\/portaltela.pt\/api\/wp\/v2\/comments?post=210465"}],"version-history":[{"count":0,"href":"https:\/\/portaltela.pt\/api\/wp\/v2\/posts\/210465\/revisions"}],"wp:featuredmedia":[{"embeddable":true,"href":"https:\/\/portaltela.pt\/api\/wp\/v2\/media\/210466"}],"wp:attachment":[{"href":"https:\/\/portaltela.pt\/api\/wp\/v2\/media?parent=210465"}],"wp:term":[{"taxonomy":"category","embeddable":true,"href":"https:\/\/portaltela.pt\/api\/wp\/v2\/categories?post=210465"},{"taxonomy":"post_tag","embeddable":true,"href":"https:\/\/portaltela.pt\/api\/wp\/v2\/tags?post=210465"}],"curies":[{"name":"wp","href":"https:\/\/api.w.org\/{rel}","templated":true}]}}