{"id":210464,"date":"2026-02-13T05:08:32","date_gmt":"2026-02-13T08:08:32","guid":{"rendered":"https:\/\/portaltela.pt\/noticias\/2026\/02\/13\/ponte-entre-montijo-pegoes-e-academia-do-sporting-e-avaliada-por-mau-tempo\/"},"modified":"2026-02-13T05:08:32","modified_gmt":"2026-02-13T08:08:32","slug":"ponte-entre-montijo-pegoes-e-academia-do-sporting-e-avaliada-por-mau-tempo","status":"publish","type":"post","link":"https:\/\/portaltela.pt\/noticias\/2026\/02\/13\/ponte-entre-montijo-pegoes-e-academia-do-sporting-e-avaliada-por-mau-tempo\/","title":{"rendered":"Ponte entre Montijo, Peg\u00f5es e Academia do Sporting \u00e9 avaliada por mau tempo"},"content":{"rendered":"<p>A Infraestruturas de Portugal (IP) vai avaliar a ponte que liga Montijo a Peg\u00f5es, incluindo o acesso ao centro de est\u00e1gio do Sporting, devido \u00e0s condi\u00e7\u00f5es adversas do tempo. Bombeiros de Alcochete estiveram no local e sinalizaram uma ced\u00eancia na superf\u00edcie, que ser\u00e1 verificada pela IP.<\/p>\n<p>A avalia\u00e7\u00e3o est\u00e1 marcada para sexta-feira, segundo apurou o CM. De acordo com a fonte, a passagem permanece aberta, mas com vigil\u00e2ncia refor\u00e7ada devido ao sinal de ced\u00eancia estrutural.<\/p>\n<p>A circula\u00e7\u00e3o n\u00e3o est\u00e1 interditada, assegura a Prote\u00e7\u00e3o Civil. Foram mantidas as vias abertas, com monitoriza\u00e7\u00e3o cont\u00ednua das condi\u00e7\u00f5es da ponte e do tabuleiro.<\/p>\n<h3>Avalia\u00e7\u00e3o pela IP marcada para sexta-feira<\/h3>\n<p>A IP vai realizar inspe\u00e7\u00e3o t\u00e9cnica ao tabuleiro e aos apoios, para confirmar a seguran\u00e7a da estrutura. A necessidade de eventuais interven\u00e7\u00f5es ser\u00e1 definida com base nos resultados da vistoria.<\/p>\n<p>As autoridades destacam que n\u00e3o h\u00e1 indica\u00e7\u00e3o de encerramento do tr\u00e2nsito, mas reiteram a import\u00e2ncia de evitar zonas expostas e de seguir instru\u00e7\u00f5es oficiais durante o per\u00edodo de mau tempo.<\/p>\n","protected":false},"excerpt":{"rendered":"<ul>\n<li>A ponte que liga Montijo a Peg\u00f5es e ao centro de est\u00e1dio do Sporting est\u00e1 a ser avaliada pela Infraestruturas de Portugal devido ao mau tempo.<\/li>\n<li>A avalia\u00e7\u00e3o est\u00e1 marcada para sexta-feira, segundo o jornal Correio da Manh\u00e3.<\/li>\n<li>Os Bombeiros de Alcochete estiveram no local e sinalizaram uma ced\u00eancia na superf\u00edcie \u00e0 IP.<\/li>\n<li>A circula\u00e7\u00e3o n\u00e3o est\u00e1 interditada, de acordo com uma fonte oficial da Prote\u00e7\u00e3o Civil.<\/li>\n<\/ul>\n","protected":false},"author":2,"featured_media":210467,"comment_status":"closed","ping_status":"closed","sticky":false,"template":"","format":"standard","meta":{"footnotes":""},"categories":[1],"tags":[971,695,1615,2698,5852,320],"class_list":["post-210464","post","type-post","status-publish","format-standard","has-post-thumbnail","hentry","category-noticias","tag-bombeiros","tag-fiscalizacao","tag-infraestrutura","tag-infraestruturas-de-portugal","tag-inspecao-de-danos","tag-protecao-civil"],"yoast_head":"<!-- This site is optimized with the Yoast SEO plugin v27.2 - https:\/\/yoast.com\/product\/yoast-seo-wordpress\/ -->\n<title>Ponte entre Montijo, Peg\u00f5es e Academia do Sporting \u00e9 avaliada por mau tempo - Portal Tela Portugal<\/title>\n<meta name=\"robots\" content=\"index, follow, max-snippet:-1, max-image-preview:large, max-video-preview:-1\" \/>\n<meta property=\"og:locale\" content=\"pt_PT\" \/>\n<meta property=\"og:type\" content=\"article\" \/>\n<meta property=\"og:title\" content=\"Ponte entre Montijo, Peg\u00f5es e Academia do Sporting \u00e9 avaliada por mau tempo - Portal Tela Portugal\" \/>\n<meta property=\"og:description\" content=\"A ponte que liga Montijo a Peg\u00f5es e ao centro de est\u00e1dio do Sporting est\u00e1 a ser avaliada pela Infraestruturas de Portugal devido ao mau tempo. A avalia\u00e7\u00e3o est\u00e1 marcada para sexta-feira, segundo o jornal Correio da Manh\u00e3. Os Bombeiros de Alcochete estiveram no local e sinalizaram uma ced\u00eancia na superf\u00edcie \u00e0 IP. A circula\u00e7\u00e3o n\u00e3o est\u00e1 interditada, de acordo com uma fonte oficial da Prote\u00e7\u00e3o Civil.\" \/>\n<meta property=\"og:url\" content=\"https:\/\/portaltela.pt\/noticias\/2026\/02\/13\/ponte-entre-montijo-pegoes-e-academia-do-sporting-e-avaliada-por-mau-tempo\/\" \/>\n<meta property=\"og:site_name\" content=\"Portal Tela Portugal\" \/>\n<meta property=\"article:published_time\" content=\"2026-02-13T08:08:32+00:00\" \/>\n<meta name=\"author\" content=\"Telinha\" \/>\n<meta name=\"twitter:card\" content=\"summary_large_image\" \/>\n<meta name=\"twitter:label1\" content=\"Escrito por\" \/>\n\t<meta name=\"twitter:data1\" content=\"Telinha\" \/>\n\t<meta name=\"twitter:label2\" content=\"Tempo estimado de leitura\" \/>\n\t<meta name=\"twitter:data2\" content=\"1 minuto\" \/>\n<script type=\"application\/ld+json\" class=\"yoast-schema-graph\">{\"@context\":\"https:\/\/schema.org\",\"@graph\":[{\"@type\":\"Article\",\"@id\":\"https:\/\/portaltela.pt\/noticias\/2026\/02\/13\/ponte-entre-montijo-pegoes-e-academia-do-sporting-e-avaliada-por-mau-tempo\/#article\",\"isPartOf\":{\"@id\":\"https:\/\/portaltela.pt\/noticias\/2026\/02\/13\/ponte-entre-montijo-pegoes-e-academia-do-sporting-e-avaliada-por-mau-tempo\/\"},\"author\":{\"name\":\"Telinha\",\"@id\":\"https:\/\/portaltela.pt\/#\/schema\/person\/c4278d4a6028830caff9ee44b42d32ed\"},\"headline\":\"Ponte entre Montijo, Peg\u00f5es e Academia do Sporting \u00e9 avaliada por mau tempo\",\"datePublished\":\"2026-02-13T08:08:32+00:00\",\"mainEntityOfPage\":{\"@id\":\"https:\/\/portaltela.pt\/noticias\/2026\/02\/13\/ponte-entre-montijo-pegoes-e-academia-do-sporting-e-avaliada-por-mau-tempo\/\"},\"wordCount\":204,\"image\":{\"@id\":\"https:\/\/portaltela.pt\/noticias\/2026\/02\/13\/ponte-entre-montijo-pegoes-e-academia-do-sporting-e-avaliada-por-mau-tempo\/#primaryimage\"},\"thumbnailUrl\":\"https:\/\/portaltela.pt\/s.01k8rhncp4jt1\/2026\/02\/img_920x518uu2026-02-13-08-06-00-2421291.jpg\",\"keywords\":[\"bombeiros\",\"fiscaliza\u00e7\u00e3o\",\"infraestrutura\",\"Infraestruturas de Portugal\",\"inspe\u00e7\u00e3o de danos\",\"prote\u00e7\u00e3o civil\"],\"articleSection\":[\"Not\u00edcias\"],\"inLanguage\":\"pt-PT\"},{\"@type\":\"WebPage\",\"@id\":\"https:\/\/portaltela.pt\/noticias\/2026\/02\/13\/ponte-entre-montijo-pegoes-e-academia-do-sporting-e-avaliada-por-mau-tempo\/\",\"url\":\"https:\/\/portaltela.pt\/noticias\/2026\/02\/13\/ponte-entre-montijo-pegoes-e-academia-do-sporting-e-avaliada-por-mau-tempo\/\",\"name\":\"Ponte entre Montijo, Peg\u00f5es e Academia do Sporting \u00e9 avaliada por mau tempo - Portal Tela Portugal\",\"isPartOf\":{\"@id\":\"https:\/\/portaltela.pt\/#website\"},\"primaryImageOfPage\":{\"@id\":\"https:\/\/portaltela.pt\/noticias\/2026\/02\/13\/ponte-entre-montijo-pegoes-e-academia-do-sporting-e-avaliada-por-mau-tempo\/#primaryimage\"},\"image\":{\"@id\":\"https:\/\/portaltela.pt\/noticias\/2026\/02\/13\/ponte-entre-montijo-pegoes-e-academia-do-sporting-e-avaliada-por-mau-tempo\/#primaryimage\"},\"thumbnailUrl\":\"https:\/\/portaltela.pt\/s.01k8rhncp4jt1\/2026\/02\/img_920x518uu2026-02-13-08-06-00-2421291.jpg\",\"datePublished\":\"2026-02-13T08:08:32+00:00\",\"author\":{\"@id\":\"https:\/\/portaltela.pt\/#\/schema\/person\/c4278d4a6028830caff9ee44b42d32ed\"},\"breadcrumb\":{\"@id\":\"https:\/\/portaltela.pt\/noticias\/2026\/02\/13\/ponte-entre-montijo-pegoes-e-academia-do-sporting-e-avaliada-por-mau-tempo\/#breadcrumb\"},\"inLanguage\":\"pt-PT\",\"potentialAction\":[{\"@type\":\"ReadAction\",\"target\":[\"https:\/\/portaltela.pt\/noticias\/2026\/02\/13\/ponte-entre-montijo-pegoes-e-academia-do-sporting-e-avaliada-por-mau-tempo\/\"]}]},{\"@type\":\"ImageObject\",\"inLanguage\":\"pt-PT\",\"@id\":\"https:\/\/portaltela.pt\/noticias\/2026\/02\/13\/ponte-entre-montijo-pegoes-e-academia-do-sporting-e-avaliada-por-mau-tempo\/#primaryimage\",\"url\":\"https:\/\/portaltela.pt\/s.01k8rhncp4jt1\/2026\/02\/img_920x518uu2026-02-13-08-06-00-2421291.jpg\",\"contentUrl\":\"https:\/\/portaltela.pt\/s.01k8rhncp4jt1\/2026\/02\/img_920x518uu2026-02-13-08-06-00-2421291.jpg\",\"width\":796,\"height\":448,\"caption\":\"chuva xx\"},{\"@type\":\"BreadcrumbList\",\"@id\":\"https:\/\/portaltela.pt\/noticias\/2026\/02\/13\/ponte-entre-montijo-pegoes-e-academia-do-sporting-e-avaliada-por-mau-tempo\/#breadcrumb\",\"itemListElement\":[{\"@type\":\"ListItem\",\"position\":1,\"name\":\"In\u00edcio\",\"item\":\"https:\/\/portaltela.pt\/\"},{\"@type\":\"ListItem\",\"position\":2,\"name\":\"Ponte entre Montijo, Peg\u00f5es e Academia do Sporting \u00e9 avaliada por mau tempo\"}]},{\"@type\":\"WebSite\",\"@id\":\"https:\/\/portaltela.pt\/#website\",\"url\":\"https:\/\/portaltela.pt\/\",\"name\":\"Portal Tela Portugal\",\"description\":\"\",\"potentialAction\":[{\"@type\":\"SearchAction\",\"target\":{\"@type\":\"EntryPoint\",\"urlTemplate\":\"https:\/\/portaltela.pt\/?s={search_term_string}\"},\"query-input\":{\"@type\":\"PropertyValueSpecification\",\"valueRequired\":true,\"valueName\":\"search_term_string\"}}],\"inLanguage\":\"pt-PT\"},{\"@type\":\"Person\",\"@id\":\"https:\/\/portaltela.pt\/#\/schema\/person\/c4278d4a6028830caff9ee44b42d32ed\",\"name\":\"Telinha\",\"image\":{\"@type\":\"ImageObject\",\"inLanguage\":\"pt-PT\",\"@id\":\"https:\/\/portaltela.pt\/s.01k8rhncp4jt1\/2025\/11\/talking-bot-125x125.png\",\"url\":\"https:\/\/portaltela.pt\/s.01k8rhncp4jt1\/2025\/11\/talking-bot-125x125.png\",\"contentUrl\":\"https:\/\/portaltela.pt\/s.01k8rhncp4jt1\/2025\/11\/talking-bot-125x125.png\",\"caption\":\"Telinha\"},\"sameAs\":[\"https:\/\/portaltela.pt\/\"],\"url\":\"https:\/\/portaltela.pt\/por\/367410592786\/\"}]}<\/script>\n<!-- \/ Yoast SEO plugin. -->","yoast_head_json":{"title":"Ponte entre Montijo, Peg\u00f5es e Academia do Sporting \u00e9 avaliada por mau tempo - Portal Tela Portugal","robots":{"index":"index","follow":"follow","max-snippet":"max-snippet:-1","max-image-preview":"max-image-preview:large","max-video-preview":"max-video-preview:-1"},"og_locale":"pt_PT","og_type":"article","og_title":"Ponte entre Montijo, Peg\u00f5es e Academia do Sporting \u00e9 avaliada por mau tempo - Portal Tela Portugal","og_description":"A ponte que liga Montijo a Peg\u00f5es e ao centro de est\u00e1dio do Sporting est\u00e1 a ser avaliada pela Infraestruturas de Portugal devido ao mau tempo. A avalia\u00e7\u00e3o est\u00e1 marcada para sexta-feira, segundo o jornal Correio da Manh\u00e3. Os Bombeiros de Alcochete estiveram no local e sinalizaram uma ced\u00eancia na superf\u00edcie \u00e0 IP. A circula\u00e7\u00e3o n\u00e3o est\u00e1 interditada, de acordo com uma fonte oficial da Prote\u00e7\u00e3o Civil.","og_url":"https:\/\/portaltela.pt\/noticias\/2026\/02\/13\/ponte-entre-montijo-pegoes-e-academia-do-sporting-e-avaliada-por-mau-tempo\/","og_site_name":"Portal Tela Portugal","article_published_time":"2026-02-13T08:08:32+00:00","author":"Telinha","twitter_card":"summary_large_image","twitter_misc":{"Escrito por":"Telinha","Tempo estimado de leitura":"1 minuto"},"schema":{"@context":"https:\/\/schema.org","@graph":[{"@type":"Article","@id":"https:\/\/portaltela.pt\/noticias\/2026\/02\/13\/ponte-entre-montijo-pegoes-e-academia-do-sporting-e-avaliada-por-mau-tempo\/#article","isPartOf":{"@id":"https:\/\/portaltela.pt\/noticias\/2026\/02\/13\/ponte-entre-montijo-pegoes-e-academia-do-sporting-e-avaliada-por-mau-tempo\/"},"author":{"name":"Telinha","@id":"https:\/\/portaltela.pt\/#\/schema\/person\/c4278d4a6028830caff9ee44b42d32ed"},"headline":"Ponte entre Montijo, Peg\u00f5es e Academia do Sporting \u00e9 avaliada por mau tempo","datePublished":"2026-02-13T08:08:32+00:00","mainEntityOfPage":{"@id":"https:\/\/portaltela.pt\/noticias\/2026\/02\/13\/ponte-entre-montijo-pegoes-e-academia-do-sporting-e-avaliada-por-mau-tempo\/"},"wordCount":204,"image":{"@id":"https:\/\/portaltela.pt\/noticias\/2026\/02\/13\/ponte-entre-montijo-pegoes-e-academia-do-sporting-e-avaliada-por-mau-tempo\/#primaryimage"},"thumbnailUrl":"https:\/\/portaltela.pt\/s.01k8rhncp4jt1\/2026\/02\/img_920x518uu2026-02-13-08-06-00-2421291.jpg","keywords":["bombeiros","fiscaliza\u00e7\u00e3o","infraestrutura","Infraestruturas de Portugal","inspe\u00e7\u00e3o de danos","prote\u00e7\u00e3o civil"],"articleSection":["Not\u00edcias"],"inLanguage":"pt-PT"},{"@type":"WebPage","@id":"https:\/\/portaltela.pt\/noticias\/2026\/02\/13\/ponte-entre-montijo-pegoes-e-academia-do-sporting-e-avaliada-por-mau-tempo\/","url":"https:\/\/portaltela.pt\/noticias\/2026\/02\/13\/ponte-entre-montijo-pegoes-e-academia-do-sporting-e-avaliada-por-mau-tempo\/","name":"Ponte entre Montijo, Peg\u00f5es e Academia do Sporting \u00e9 avaliada por mau tempo - Portal Tela Portugal","isPartOf":{"@id":"https:\/\/portaltela.pt\/#website"},"primaryImageOfPage":{"@id":"https:\/\/portaltela.pt\/noticias\/2026\/02\/13\/ponte-entre-montijo-pegoes-e-academia-do-sporting-e-avaliada-por-mau-tempo\/#primaryimage"},"image":{"@id":"https:\/\/portaltela.pt\/noticias\/2026\/02\/13\/ponte-entre-montijo-pegoes-e-academia-do-sporting-e-avaliada-por-mau-tempo\/#primaryimage"},"thumbnailUrl":"https:\/\/portaltela.pt\/s.01k8rhncp4jt1\/2026\/02\/img_920x518uu2026-02-13-08-06-00-2421291.jpg","datePublished":"2026-02-13T08:08:32+00:00","author":{"@id":"https:\/\/portaltela.pt\/#\/schema\/person\/c4278d4a6028830caff9ee44b42d32ed"},"breadcrumb":{"@id":"https:\/\/portaltela.pt\/noticias\/2026\/02\/13\/ponte-entre-montijo-pegoes-e-academia-do-sporting-e-avaliada-por-mau-tempo\/#breadcrumb"},"inLanguage":"pt-PT","potentialAction":[{"@type":"ReadAction","target":["https:\/\/portaltela.pt\/noticias\/2026\/02\/13\/ponte-entre-montijo-pegoes-e-academia-do-sporting-e-avaliada-por-mau-tempo\/"]}]},{"@type":"ImageObject","inLanguage":"pt-PT","@id":"https:\/\/portaltela.pt\/noticias\/2026\/02\/13\/ponte-entre-montijo-pegoes-e-academia-do-sporting-e-avaliada-por-mau-tempo\/#primaryimage","url":"https:\/\/portaltela.pt\/s.01k8rhncp4jt1\/2026\/02\/img_920x518uu2026-02-13-08-06-00-2421291.jpg","contentUrl":"https:\/\/portaltela.pt\/s.01k8rhncp4jt1\/2026\/02\/img_920x518uu2026-02-13-08-06-00-2421291.jpg","width":796,"height":448,"caption":"chuva xx"},{"@type":"BreadcrumbList","@id":"https:\/\/portaltela.pt\/noticias\/2026\/02\/13\/ponte-entre-montijo-pegoes-e-academia-do-sporting-e-avaliada-por-mau-tempo\/#breadcrumb","itemListElement":[{"@type":"ListItem","position":1,"name":"In\u00edcio","item":"https:\/\/portaltela.pt\/"},{"@type":"ListItem","position":2,"name":"Ponte entre Montijo, Peg\u00f5es e Academia do Sporting \u00e9 avaliada por mau tempo"}]},{"@type":"WebSite","@id":"https:\/\/portaltela.pt\/#website","url":"https:\/\/portaltela.pt\/","name":"Portal Tela Portugal","description":"","potentialAction":[{"@type":"SearchAction","target":{"@type":"EntryPoint","urlTemplate":"https:\/\/portaltela.pt\/?s={search_term_string}"},"query-input":{"@type":"PropertyValueSpecification","valueRequired":true,"valueName":"search_term_string"}}],"inLanguage":"pt-PT"},{"@type":"Person","@id":"https:\/\/portaltela.pt\/#\/schema\/person\/c4278d4a6028830caff9ee44b42d32ed","name":"Telinha","image":{"@type":"ImageObject","inLanguage":"pt-PT","@id":"https:\/\/portaltela.pt\/s.01k8rhncp4jt1\/2025\/11\/talking-bot-125x125.png","url":"https:\/\/portaltela.pt\/s.01k8rhncp4jt1\/2025\/11\/talking-bot-125x125.png","contentUrl":"https:\/\/portaltela.pt\/s.01k8rhncp4jt1\/2025\/11\/talking-bot-125x125.png","caption":"Telinha"},"sameAs":["https:\/\/portaltela.pt\/"],"url":"https:\/\/portaltela.pt\/por\/367410592786\/"}]}},"_links":{"self":[{"href":"https:\/\/portaltela.pt\/api\/wp\/v2\/posts\/210464","targetHints":{"allow":["GET"]}}],"collection":[{"href":"https:\/\/portaltela.pt\/api\/wp\/v2\/posts"}],"about":[{"href":"https:\/\/portaltela.pt\/api\/wp\/v2\/types\/post"}],"author":[{"embeddable":true,"href":"https:\/\/portaltela.pt\/api\/wp\/v2\/users\/2"}],"replies":[{"embeddable":true,"href":"https:\/\/portaltela.pt\/api\/wp\/v2\/comments?post=210464"}],"version-history":[{"count":0,"href":"https:\/\/portaltela.pt\/api\/wp\/v2\/posts\/210464\/revisions"}],"wp:featuredmedia":[{"embeddable":true,"href":"https:\/\/portaltela.pt\/api\/wp\/v2\/media\/210467"}],"wp:attachment":[{"href":"https:\/\/portaltela.pt\/api\/wp\/v2\/media?parent=210464"}],"wp:term":[{"taxonomy":"category","embeddable":true,"href":"https:\/\/portaltela.pt\/api\/wp\/v2\/categories?post=210464"},{"taxonomy":"post_tag","embeddable":true,"href":"https:\/\/portaltela.pt\/api\/wp\/v2\/tags?post=210464"}],"curies":[{"name":"wp","href":"https:\/\/api.w.org\/{rel}","templated":true}]}}