{"id":210451,"date":"2026-02-13T05:02:11","date_gmt":"2026-02-13T08:02:11","guid":{"rendered":"https:\/\/portaltela.pt\/noticias\/2026\/02\/13\/trump-avanca-com-medida-inedita-para-reverter-regras-climaticas-nos-eua\/"},"modified":"2026-02-13T05:02:11","modified_gmt":"2026-02-13T08:02:11","slug":"trump-avanca-com-medida-inedita-para-reverter-regras-climaticas-nos-eua","status":"publish","type":"post","link":"https:\/\/portaltela.pt\/noticias\/2026\/02\/13\/trump-avanca-com-medida-inedita-para-reverter-regras-climaticas-nos-eua\/","title":{"rendered":"Trump avan\u00e7a com medida in\u00e9dita para reverter regras clim\u00e1ticas nos EUA"},"content":{"rendered":"<p>Donald Trump deu na pr\u00e1tica o passo mais agressivo j\u00e1 visto para alterar as regras clim\u00e1ticas dos EUA, ao anular uma conclus\u00e3o cient\u00edfica de 2009 que sustentava a a\u00e7\u00e3o regulat\u00f3ria. A medida, tomada pela Administra\u00e7\u00e3o, tira o suporte legal para v\u00e1rias regras sob a Lei do Ar Limpo.<\/p>\n<p>A decis\u00e3o da Administra\u00e7\u00e3o foi anunciada pela Ag\u00eancia de Prote\u00e7\u00e3o Ambiental (EPA) e consiste na revoga\u00e7\u00e3o de uma chamada \u201cconclus\u00e3o de perigo\u201d associada ao di\u00f3xido de carbono e a outros gases com efeito de estufa. Esse enquadramento legal tinha servido de base para regulamentos sobre emiss\u00f5es de ve\u00edculos, centrais el\u00e9tricas e outras fontes aquecedoras do planeta.<\/p>\n<p>Espera-se que a medida enfrente a\u00e7\u00f5es judiciais e que tenha impacto direto em normas de autom\u00f3veis e cami\u00f5es, com potenciais consequ\u00eancias para centrais el\u00e9tricas e instala\u00e7\u00f5es de petr\u00f3leo e g\u00e1s. A EPA indicou ainda que poder\u00e1 atrasar, por dois anos, uma regra da era Biden que limita emiss\u00f5es de ve\u00edculos leves.<\/p>\n<h3>Mudan\u00e7a de rumo na regulamenta\u00e7\u00e3o clim\u00e1tica<\/h3>\n<p>O anuncio foi acompanhado por cr\u00edticas de grupos ambientais, que consideram a revoga\u00e7\u00e3o como um retrocesso estrutural na autoridade federal em mat\u00e9ria clim\u00e1tica. Segundo especialistas, a retirada da conclus\u00e3o de perigo pode fragilizar o \u00e2mbito das normas de emiss\u00f5es.<\/p>\n<p>A EPA sustentou que a revis\u00e3o atende a uma ordem executiva de Trump que orienta a an\u00e1lise da legalidade e aplica\u00e7\u00e3o da conclus\u00e3o de perigo. A medida \u00e9 defendida por conservadores como necess\u00e1ria para reduzir regula\u00e7\u00f5es consideradas restritivas \u00e0 economia.<\/p>\n<h3>Rea\u00e7\u00f5es e implica\u00e7\u00f5es<\/h3>\n<p>Entre os ex-administradores da EPA e ex-presidentes, as rea\u00e7\u00f5es divergem. Cr\u00edticos real\u00e7am impactos na sa\u00fade p\u00fablica, no ambiente e no custo de vida, al\u00e9m dos potenciais preju\u00edzos para a qualidade do ar e da \u00e1gua. O debate permanece centrado na balan\u00e7a entre economia e prote\u00e7\u00e3o clim\u00e1tica.<\/p>\n<p>Observadores destacam que a retirada da conclus\u00e3o de perigo pode abrir caminho para desafiar limites de emiss\u00f5es de carros, f\u00e1bricas e instala\u00e7\u00f5es de energia. A mudan\u00e7a \u00e9 vista como uma tentativa de reequilibrar as regras que regulam as emiss\u00f5es de gases com efeito de estufa nos EUA.<\/p>\n<h3>Contexto pol\u00edtico e futuro<\/h3>\n<p>Ressalva-se que a medida surge num contexto de controv\u00e9rsia sobre as pol\u00edticas clim\u00e1ticas nos EUA. A Administra\u00e7\u00e3o tem defendido reformas regulat\u00f3rias como forma de dinamizar a economia, enquanto cr\u00edticos insistem que ataques \u00e0 regulamenta\u00e7\u00e3o agravam riscos clim\u00e1ticos e sanit\u00e1rios.<\/p>\n<p>O caso j\u00e1 gera expectativa sobre o desfecho judicial e sobre como as futuras administra\u00e7\u00f5es poder\u00e3o reagir. A situa\u00e7\u00e3o mant\u00e9m o debate p\u00fablico centrado na rela\u00e7\u00e3o entre pol\u00edticas energ\u00e9ticas, prote\u00e7\u00e3o ambiental e soberania regulat\u00f3ria.<\/p>\n","protected":false},"excerpt":{"rendered":"<ul>\n<li>O presidente dos EUA, Donald Trump, anulou a conclus\u00e3o de perigo de 2009 que embasava as a\u00e7\u00f5es para regulamentar as emiss\u00f5es de gases com efeito de estufa.<\/li>\n<li>A nova regra da Ag\u00eancia de Prote\u00e7\u00e3o Ambiental (EPA) retira a base legal para a maior parte das normas clim\u00e1ticas sob a Lei do Ar Limpo, incluindo emiss\u00f5es de autom\u00f3veis e cami\u00f5es.<\/li>\n<li>Esperam-se a\u00e7\u00f5es judiciais e poss\u00edvel retrocesso de normas relativas a centrais el\u00e9tricas e instala\u00e7\u00f5es de petr\u00f3leo e g\u00e1s.<\/li>\n<li>Trump qualificou a medida como a maior a\u00e7\u00e3o de desregulamenta\u00e7\u00e3o da hist\u00f3ria; a EPA prop\u00f5e um atraso de dois anos para uma regra de emiss\u00f5es da era Biden.<\/li>\n<li>Cr\u00edticos afirmam que a decis\u00e3o pode aumentar a polui\u00e7\u00e3o clim\u00e1tica, subir custos para fam\u00edlias e dificultar a\u00e7\u00f5es futuras contra as altera\u00e7\u00f5es clim\u00e1ticas.<\/li>\n<\/ul>\n","protected":false},"author":2,"featured_media":210459,"comment_status":"closed","ping_status":"closed","sticky":false,"template":"","format":"standard","meta":{"footnotes":""},"categories":[1],"tags":[167,5224,1241,1600,34,2832],"class_list":["post-210451","post","type-post","status-publish","format-standard","has-post-thumbnail","hentry","category-noticias","tag-ambiente","tag-clima","tag-emissoes-de-gases-de-estufa","tag-estados-unidos","tag-governo","tag-politica"],"yoast_head":"<!-- This site is optimized with the Yoast SEO plugin v27.2 - https:\/\/yoast.com\/product\/yoast-seo-wordpress\/ -->\n<title>Trump avan\u00e7a com medida in\u00e9dita para reverter regras clim\u00e1ticas nos EUA - Portal Tela Portugal<\/title>\n<meta name=\"robots\" content=\"index, follow, max-snippet:-1, max-image-preview:large, max-video-preview:-1\" \/>\n<meta property=\"og:locale\" content=\"pt_PT\" \/>\n<meta property=\"og:type\" content=\"article\" \/>\n<meta property=\"og:title\" content=\"Trump avan\u00e7a com medida in\u00e9dita para reverter regras clim\u00e1ticas nos EUA - Portal Tela Portugal\" \/>\n<meta property=\"og:description\" content=\"O presidente dos EUA, Donald Trump, anulou a conclus\u00e3o de perigo de 2009 que embasava as a\u00e7\u00f5es para regulamentar as emiss\u00f5es de gases com efeito de estufa. A nova regra da Ag\u00eancia de Prote\u00e7\u00e3o Ambiental (EPA) retira a base legal para a maior parte das normas clim\u00e1ticas sob a Lei do Ar Limpo, incluindo emiss\u00f5es de autom\u00f3veis e cami\u00f5es. Esperam-se a\u00e7\u00f5es judiciais e poss\u00edvel retrocesso de normas relativas a centrais el\u00e9tricas e instala\u00e7\u00f5es de petr\u00f3leo e g\u00e1s. Trump qualificou a medida como a maior a\u00e7\u00e3o de desregulamenta\u00e7\u00e3o da hist\u00f3ria; a EPA prop\u00f5e um atraso de dois anos para uma regra de emiss\u00f5es da era Biden. Cr\u00edticos afirmam que a decis\u00e3o pode aumentar a polui\u00e7\u00e3o clim\u00e1tica, subir custos para fam\u00edlias e dificultar a\u00e7\u00f5es futuras contra as altera\u00e7\u00f5es clim\u00e1ticas.\" \/>\n<meta property=\"og:url\" content=\"https:\/\/portaltela.pt\/noticias\/2026\/02\/13\/trump-avanca-com-medida-inedita-para-reverter-regras-climaticas-nos-eua\/\" \/>\n<meta property=\"og:site_name\" content=\"Portal Tela Portugal\" \/>\n<meta property=\"article:published_time\" content=\"2026-02-13T08:02:11+00:00\" \/>\n<meta name=\"author\" content=\"Telinha\" \/>\n<meta name=\"twitter:card\" content=\"summary_large_image\" \/>\n<meta name=\"twitter:label1\" content=\"Escrito por\" \/>\n\t<meta name=\"twitter:data1\" content=\"Telinha\" \/>\n\t<meta name=\"twitter:label2\" content=\"Tempo estimado de leitura\" \/>\n\t<meta name=\"twitter:data2\" content=\"2 minutos\" \/>\n<script type=\"application\/ld+json\" class=\"yoast-schema-graph\">{\"@context\":\"https:\/\/schema.org\",\"@graph\":[{\"@type\":\"Article\",\"@id\":\"https:\/\/portaltela.pt\/noticias\/2026\/02\/13\/trump-avanca-com-medida-inedita-para-reverter-regras-climaticas-nos-eua\/#article\",\"isPartOf\":{\"@id\":\"https:\/\/portaltela.pt\/noticias\/2026\/02\/13\/trump-avanca-com-medida-inedita-para-reverter-regras-climaticas-nos-eua\/\"},\"author\":{\"name\":\"Telinha\",\"@id\":\"https:\/\/portaltela.pt\/#\/schema\/person\/c4278d4a6028830caff9ee44b42d32ed\"},\"headline\":\"Trump avan\u00e7a com medida in\u00e9dita para reverter regras clim\u00e1ticas nos EUA\",\"datePublished\":\"2026-02-13T08:02:11+00:00\",\"mainEntityOfPage\":{\"@id\":\"https:\/\/portaltela.pt\/noticias\/2026\/02\/13\/trump-avanca-com-medida-inedita-para-reverter-regras-climaticas-nos-eua\/\"},\"wordCount\":503,\"image\":{\"@id\":\"https:\/\/portaltela.pt\/noticias\/2026\/02\/13\/trump-avanca-com-medida-inedita-para-reverter-regras-climaticas-nos-eua\/#primaryimage\"},\"thumbnailUrl\":\"https:\/\/portaltela.pt\/s.01k8rhncp4jt1\/2026\/02\/1536x864_cmsv2_75959557-a48c-51eb-8a69-1e0a3b7a7f0d-9649486.jpg\",\"keywords\":[\"ambiente\",\"clima\",\"Emiss\u00f5es de Gases de Estufa\",\"Estados Unidos\",\"governo\",\"pol\u00edtica\"],\"articleSection\":[\"Not\u00edcias\"],\"inLanguage\":\"pt-PT\"},{\"@type\":\"WebPage\",\"@id\":\"https:\/\/portaltela.pt\/noticias\/2026\/02\/13\/trump-avanca-com-medida-inedita-para-reverter-regras-climaticas-nos-eua\/\",\"url\":\"https:\/\/portaltela.pt\/noticias\/2026\/02\/13\/trump-avanca-com-medida-inedita-para-reverter-regras-climaticas-nos-eua\/\",\"name\":\"Trump avan\u00e7a com medida in\u00e9dita para reverter regras clim\u00e1ticas nos EUA - Portal Tela Portugal\",\"isPartOf\":{\"@id\":\"https:\/\/portaltela.pt\/#website\"},\"primaryImageOfPage\":{\"@id\":\"https:\/\/portaltela.pt\/noticias\/2026\/02\/13\/trump-avanca-com-medida-inedita-para-reverter-regras-climaticas-nos-eua\/#primaryimage\"},\"image\":{\"@id\":\"https:\/\/portaltela.pt\/noticias\/2026\/02\/13\/trump-avanca-com-medida-inedita-para-reverter-regras-climaticas-nos-eua\/#primaryimage\"},\"thumbnailUrl\":\"https:\/\/portaltela.pt\/s.01k8rhncp4jt1\/2026\/02\/1536x864_cmsv2_75959557-a48c-51eb-8a69-1e0a3b7a7f0d-9649486.jpg\",\"datePublished\":\"2026-02-13T08:02:11+00:00\",\"author\":{\"@id\":\"https:\/\/portaltela.pt\/#\/schema\/person\/c4278d4a6028830caff9ee44b42d32ed\"},\"breadcrumb\":{\"@id\":\"https:\/\/portaltela.pt\/noticias\/2026\/02\/13\/trump-avanca-com-medida-inedita-para-reverter-regras-climaticas-nos-eua\/#breadcrumb\"},\"inLanguage\":\"pt-PT\",\"potentialAction\":[{\"@type\":\"ReadAction\",\"target\":[\"https:\/\/portaltela.pt\/noticias\/2026\/02\/13\/trump-avanca-com-medida-inedita-para-reverter-regras-climaticas-nos-eua\/\"]}]},{\"@type\":\"ImageObject\",\"inLanguage\":\"pt-PT\",\"@id\":\"https:\/\/portaltela.pt\/noticias\/2026\/02\/13\/trump-avanca-com-medida-inedita-para-reverter-regras-climaticas-nos-eua\/#primaryimage\",\"url\":\"https:\/\/portaltela.pt\/s.01k8rhncp4jt1\/2026\/02\/1536x864_cmsv2_75959557-a48c-51eb-8a69-1e0a3b7a7f0d-9649486.jpg\",\"contentUrl\":\"https:\/\/portaltela.pt\/s.01k8rhncp4jt1\/2026\/02\/1536x864_cmsv2_75959557-a48c-51eb-8a69-1e0a3b7a7f0d-9649486.jpg\",\"width\":796,\"height\":448,\"caption\":\"A central el\u00e9ctrica a carv\u00e3o Jeffrey Energy Center funciona ao p\u00f4r do sol perto de Emmett, no estado de Kan, a 3 de janeiro de 2026, em Topeka, no estado de Kan.\"},{\"@type\":\"BreadcrumbList\",\"@id\":\"https:\/\/portaltela.pt\/noticias\/2026\/02\/13\/trump-avanca-com-medida-inedita-para-reverter-regras-climaticas-nos-eua\/#breadcrumb\",\"itemListElement\":[{\"@type\":\"ListItem\",\"position\":1,\"name\":\"In\u00edcio\",\"item\":\"https:\/\/portaltela.pt\/\"},{\"@type\":\"ListItem\",\"position\":2,\"name\":\"Trump avan\u00e7a com medida in\u00e9dita para reverter regras clim\u00e1ticas nos EUA\"}]},{\"@type\":\"WebSite\",\"@id\":\"https:\/\/portaltela.pt\/#website\",\"url\":\"https:\/\/portaltela.pt\/\",\"name\":\"Portal Tela Portugal\",\"description\":\"\",\"potentialAction\":[{\"@type\":\"SearchAction\",\"target\":{\"@type\":\"EntryPoint\",\"urlTemplate\":\"https:\/\/portaltela.pt\/?s={search_term_string}\"},\"query-input\":{\"@type\":\"PropertyValueSpecification\",\"valueRequired\":true,\"valueName\":\"search_term_string\"}}],\"inLanguage\":\"pt-PT\"},{\"@type\":\"Person\",\"@id\":\"https:\/\/portaltela.pt\/#\/schema\/person\/c4278d4a6028830caff9ee44b42d32ed\",\"name\":\"Telinha\",\"image\":{\"@type\":\"ImageObject\",\"inLanguage\":\"pt-PT\",\"@id\":\"https:\/\/portaltela.pt\/s.01k8rhncp4jt1\/2025\/11\/talking-bot-125x125.png\",\"url\":\"https:\/\/portaltela.pt\/s.01k8rhncp4jt1\/2025\/11\/talking-bot-125x125.png\",\"contentUrl\":\"https:\/\/portaltela.pt\/s.01k8rhncp4jt1\/2025\/11\/talking-bot-125x125.png\",\"caption\":\"Telinha\"},\"sameAs\":[\"https:\/\/portaltela.pt\/\"],\"url\":\"https:\/\/portaltela.pt\/por\/367410592786\/\"}]}<\/script>\n<!-- \/ Yoast SEO plugin. -->","yoast_head_json":{"title":"Trump avan\u00e7a com medida in\u00e9dita para reverter regras clim\u00e1ticas nos EUA - Portal Tela Portugal","robots":{"index":"index","follow":"follow","max-snippet":"max-snippet:-1","max-image-preview":"max-image-preview:large","max-video-preview":"max-video-preview:-1"},"og_locale":"pt_PT","og_type":"article","og_title":"Trump avan\u00e7a com medida in\u00e9dita para reverter regras clim\u00e1ticas nos EUA - Portal Tela Portugal","og_description":"O presidente dos EUA, Donald Trump, anulou a conclus\u00e3o de perigo de 2009 que embasava as a\u00e7\u00f5es para regulamentar as emiss\u00f5es de gases com efeito de estufa. A nova regra da Ag\u00eancia de Prote\u00e7\u00e3o Ambiental (EPA) retira a base legal para a maior parte das normas clim\u00e1ticas sob a Lei do Ar Limpo, incluindo emiss\u00f5es de autom\u00f3veis e cami\u00f5es. Esperam-se a\u00e7\u00f5es judiciais e poss\u00edvel retrocesso de normas relativas a centrais el\u00e9tricas e instala\u00e7\u00f5es de petr\u00f3leo e g\u00e1s. Trump qualificou a medida como a maior a\u00e7\u00e3o de desregulamenta\u00e7\u00e3o da hist\u00f3ria; a EPA prop\u00f5e um atraso de dois anos para uma regra de emiss\u00f5es da era Biden. Cr\u00edticos afirmam que a decis\u00e3o pode aumentar a polui\u00e7\u00e3o clim\u00e1tica, subir custos para fam\u00edlias e dificultar a\u00e7\u00f5es futuras contra as altera\u00e7\u00f5es clim\u00e1ticas.","og_url":"https:\/\/portaltela.pt\/noticias\/2026\/02\/13\/trump-avanca-com-medida-inedita-para-reverter-regras-climaticas-nos-eua\/","og_site_name":"Portal Tela Portugal","article_published_time":"2026-02-13T08:02:11+00:00","author":"Telinha","twitter_card":"summary_large_image","twitter_misc":{"Escrito por":"Telinha","Tempo estimado de leitura":"2 minutos"},"schema":{"@context":"https:\/\/schema.org","@graph":[{"@type":"Article","@id":"https:\/\/portaltela.pt\/noticias\/2026\/02\/13\/trump-avanca-com-medida-inedita-para-reverter-regras-climaticas-nos-eua\/#article","isPartOf":{"@id":"https:\/\/portaltela.pt\/noticias\/2026\/02\/13\/trump-avanca-com-medida-inedita-para-reverter-regras-climaticas-nos-eua\/"},"author":{"name":"Telinha","@id":"https:\/\/portaltela.pt\/#\/schema\/person\/c4278d4a6028830caff9ee44b42d32ed"},"headline":"Trump avan\u00e7a com medida in\u00e9dita para reverter regras clim\u00e1ticas nos EUA","datePublished":"2026-02-13T08:02:11+00:00","mainEntityOfPage":{"@id":"https:\/\/portaltela.pt\/noticias\/2026\/02\/13\/trump-avanca-com-medida-inedita-para-reverter-regras-climaticas-nos-eua\/"},"wordCount":503,"image":{"@id":"https:\/\/portaltela.pt\/noticias\/2026\/02\/13\/trump-avanca-com-medida-inedita-para-reverter-regras-climaticas-nos-eua\/#primaryimage"},"thumbnailUrl":"https:\/\/portaltela.pt\/s.01k8rhncp4jt1\/2026\/02\/1536x864_cmsv2_75959557-a48c-51eb-8a69-1e0a3b7a7f0d-9649486.jpg","keywords":["ambiente","clima","Emiss\u00f5es de Gases de Estufa","Estados Unidos","governo","pol\u00edtica"],"articleSection":["Not\u00edcias"],"inLanguage":"pt-PT"},{"@type":"WebPage","@id":"https:\/\/portaltela.pt\/noticias\/2026\/02\/13\/trump-avanca-com-medida-inedita-para-reverter-regras-climaticas-nos-eua\/","url":"https:\/\/portaltela.pt\/noticias\/2026\/02\/13\/trump-avanca-com-medida-inedita-para-reverter-regras-climaticas-nos-eua\/","name":"Trump avan\u00e7a com medida in\u00e9dita para reverter regras clim\u00e1ticas nos EUA - Portal Tela Portugal","isPartOf":{"@id":"https:\/\/portaltela.pt\/#website"},"primaryImageOfPage":{"@id":"https:\/\/portaltela.pt\/noticias\/2026\/02\/13\/trump-avanca-com-medida-inedita-para-reverter-regras-climaticas-nos-eua\/#primaryimage"},"image":{"@id":"https:\/\/portaltela.pt\/noticias\/2026\/02\/13\/trump-avanca-com-medida-inedita-para-reverter-regras-climaticas-nos-eua\/#primaryimage"},"thumbnailUrl":"https:\/\/portaltela.pt\/s.01k8rhncp4jt1\/2026\/02\/1536x864_cmsv2_75959557-a48c-51eb-8a69-1e0a3b7a7f0d-9649486.jpg","datePublished":"2026-02-13T08:02:11+00:00","author":{"@id":"https:\/\/portaltela.pt\/#\/schema\/person\/c4278d4a6028830caff9ee44b42d32ed"},"breadcrumb":{"@id":"https:\/\/portaltela.pt\/noticias\/2026\/02\/13\/trump-avanca-com-medida-inedita-para-reverter-regras-climaticas-nos-eua\/#breadcrumb"},"inLanguage":"pt-PT","potentialAction":[{"@type":"ReadAction","target":["https:\/\/portaltela.pt\/noticias\/2026\/02\/13\/trump-avanca-com-medida-inedita-para-reverter-regras-climaticas-nos-eua\/"]}]},{"@type":"ImageObject","inLanguage":"pt-PT","@id":"https:\/\/portaltela.pt\/noticias\/2026\/02\/13\/trump-avanca-com-medida-inedita-para-reverter-regras-climaticas-nos-eua\/#primaryimage","url":"https:\/\/portaltela.pt\/s.01k8rhncp4jt1\/2026\/02\/1536x864_cmsv2_75959557-a48c-51eb-8a69-1e0a3b7a7f0d-9649486.jpg","contentUrl":"https:\/\/portaltela.pt\/s.01k8rhncp4jt1\/2026\/02\/1536x864_cmsv2_75959557-a48c-51eb-8a69-1e0a3b7a7f0d-9649486.jpg","width":796,"height":448,"caption":"A central el\u00e9ctrica a carv\u00e3o Jeffrey Energy Center funciona ao p\u00f4r do sol perto de Emmett, no estado de Kan, a 3 de janeiro de 2026, em Topeka, no estado de Kan."},{"@type":"BreadcrumbList","@id":"https:\/\/portaltela.pt\/noticias\/2026\/02\/13\/trump-avanca-com-medida-inedita-para-reverter-regras-climaticas-nos-eua\/#breadcrumb","itemListElement":[{"@type":"ListItem","position":1,"name":"In\u00edcio","item":"https:\/\/portaltela.pt\/"},{"@type":"ListItem","position":2,"name":"Trump avan\u00e7a com medida in\u00e9dita para reverter regras clim\u00e1ticas nos EUA"}]},{"@type":"WebSite","@id":"https:\/\/portaltela.pt\/#website","url":"https:\/\/portaltela.pt\/","name":"Portal Tela Portugal","description":"","potentialAction":[{"@type":"SearchAction","target":{"@type":"EntryPoint","urlTemplate":"https:\/\/portaltela.pt\/?s={search_term_string}"},"query-input":{"@type":"PropertyValueSpecification","valueRequired":true,"valueName":"search_term_string"}}],"inLanguage":"pt-PT"},{"@type":"Person","@id":"https:\/\/portaltela.pt\/#\/schema\/person\/c4278d4a6028830caff9ee44b42d32ed","name":"Telinha","image":{"@type":"ImageObject","inLanguage":"pt-PT","@id":"https:\/\/portaltela.pt\/s.01k8rhncp4jt1\/2025\/11\/talking-bot-125x125.png","url":"https:\/\/portaltela.pt\/s.01k8rhncp4jt1\/2025\/11\/talking-bot-125x125.png","contentUrl":"https:\/\/portaltela.pt\/s.01k8rhncp4jt1\/2025\/11\/talking-bot-125x125.png","caption":"Telinha"},"sameAs":["https:\/\/portaltela.pt\/"],"url":"https:\/\/portaltela.pt\/por\/367410592786\/"}]}},"_links":{"self":[{"href":"https:\/\/portaltela.pt\/api\/wp\/v2\/posts\/210451","targetHints":{"allow":["GET"]}}],"collection":[{"href":"https:\/\/portaltela.pt\/api\/wp\/v2\/posts"}],"about":[{"href":"https:\/\/portaltela.pt\/api\/wp\/v2\/types\/post"}],"author":[{"embeddable":true,"href":"https:\/\/portaltela.pt\/api\/wp\/v2\/users\/2"}],"replies":[{"embeddable":true,"href":"https:\/\/portaltela.pt\/api\/wp\/v2\/comments?post=210451"}],"version-history":[{"count":0,"href":"https:\/\/portaltela.pt\/api\/wp\/v2\/posts\/210451\/revisions"}],"wp:featuredmedia":[{"embeddable":true,"href":"https:\/\/portaltela.pt\/api\/wp\/v2\/media\/210459"}],"wp:attachment":[{"href":"https:\/\/portaltela.pt\/api\/wp\/v2\/media?parent=210451"}],"wp:term":[{"taxonomy":"category","embeddable":true,"href":"https:\/\/portaltela.pt\/api\/wp\/v2\/categories?post=210451"},{"taxonomy":"post_tag","embeddable":true,"href":"https:\/\/portaltela.pt\/api\/wp\/v2\/tags?post=210451"}],"curies":[{"name":"wp","href":"https:\/\/api.w.org\/{rel}","templated":true}]}}