{"id":210438,"date":"2026-02-13T04:46:55","date_gmt":"2026-02-13T07:46:55","guid":{"rendered":"https:\/\/portaltela.pt\/noticias\/2026\/02\/13\/roberta-metsola-glenn-micallef-e-hadja-lahbib-em-entrevista-conjunta\/"},"modified":"2026-02-13T04:46:55","modified_gmt":"2026-02-13T07:46:55","slug":"roberta-metsola-glenn-micallef-e-hadja-lahbib-em-entrevista-conjunta","status":"publish","type":"post","link":"https:\/\/portaltela.pt\/noticias\/politica\/2026\/02\/13\/roberta-metsola-glenn-micallef-e-hadja-lahbib-em-entrevista-conjunta\/","title":{"rendered":"Roberta Metsola, Glenn Micallef e Hadja Lahbib em entrevista conjunta"},"content":{"rendered":"<p>O Europe Today apresenta o novo programa matinal da Euronews, em direto de Bruxelas. A edi\u00e7\u00e3o de hoje oferece um panorama das principais not\u00edcias do dia em 20 minutos, com foco na atualidade europeia.<\/p>\n<p>Roberta Metsola, Hadja Lahbib e Glenn Micallef participam em entrevistas para an\u00e1lise das recentes conclus\u00f5es da cimeira informal da UE. A edi\u00e7\u00e3o conta tamb\u00e9m com Maria Tadeo, editora da UE, em direto da Alemanha, para falar sobre a Confer\u00eancia de Seguran\u00e7a de Munique.<\/p>\n<p>Da Ucr\u00e2nia, a equipa de Kiev relata os esfor\u00e7os da Comiss\u00e3o Europeia para apoiar a popula\u00e7\u00e3o no inverno, ap\u00f3s ataques que danificaram infraestruturas de eletricidade e aquecimento. Em paralelo, uma an\u00e1lise sobre as taxas de natalidade europeias \u00e9 apresentada antes do Dia de S. Valentim.<\/p>\n<h3>Entrevistas e atualiza\u00e7\u00f5es pol\u00edticas<\/h3>\n<p>O programa inclui entrevistas com a presidente do Parlamento Europeu e com dois comiss\u00e1rios europeus, para elucidar agendas pol\u00edticas e prioridades da UE. A equipa debate os temas mais atuais e os impactos esperados para os Estados-membros.<\/p>\n<h3>Do territ\u00f3rio para o debate p\u00fablico<\/h3>\n<p>Desde Kiev, Shona Murray descreve a resposta europeia \u00e0 crise humanit\u00e1ria no inverno e as medidas de resili\u00eancia energ\u00e9tica aprovadas pela UE. Paralelamente, Sasha Vakulina cobre a controv\u00e9rsia ol\u00edmpica envolvendo um atleta ucraniano relativamente a uma pe\u00e7a com mensagem pol\u00edtica.<\/p>\n<h3>Acontecimento em Hungria e outros temas<\/h3>\n<p>S\u00e1ndor Zs\u00edros atualiza sobre o caso de uma cassete sexual associada ao l\u00edder da oposi\u00e7\u00e3o h\u00fangara, que permanece sem publica\u00e7\u00e3o. O foco recai sobre o andamento do processo e o que se sabe at\u00e9 ao momento.<\/p>\n<h3>Onde ver<\/h3>\n<p>Meabh Mc Mahon e Maria Tadeo conduzem a emiss\u00e3o diariamente, com transmiss\u00e3o em televis\u00e3o, site e plataformas digitais da Euronews. O programa tamb\u00e9m est\u00e1 dispon\u00edvel em formato de newsletter e podcast, para acompanhar de forma cont\u00ednua as principais hist\u00f3rias.<\/p>\n","protected":false},"excerpt":{"rendered":"<ul>\n<li>O Europe Today apresenta entrevista com Roberta Metsola, Hadja Lahbib e Glenn Micallef, no novo programa matinal em Bruxelas, \u00e0s 7 e 8 da manh\u00e3.<\/li>\n<li>Analisa as conclus\u00f5es da cimeira informal da Uni\u00e3o Europeia de ontem.<\/li>\n<li>Maria Tadeo, editora da Uni\u00e3o Europeia, participa em direto da Alemanha para falar na Confer\u00eancia de Seguran\u00e7a de Munique deste ano.<\/li>\n<li>Em Kiev, Shona Murray descreve os esfor\u00e7os da Comiss\u00e3o Europeia para ajudar a Ucr\u00e2nia a enfrentar o inverno, ap\u00f3s ataques russos que danificaram infraestruturas de eletricidade e aquecimento.<\/li>\n<li>Sasha Vakulina cobre a controv\u00e9rsia dos Jogos Ol\u00edmpicos de inverno, com Vladyslav Heraskevych desclassificado por usar um capacete com alegada declara\u00e7\u00e3o pol\u00edtica.<\/li>\n<\/ul>\n","protected":false},"author":2,"featured_media":210441,"comment_status":"closed","ping_status":"closed","sticky":false,"template":"","format":"standard","meta":{"footnotes":""},"categories":[1,5],"tags":[1650,1639,2832,5698,2134,2055],"class_list":["post-210438","post","type-post","status-publish","format-standard","has-post-thumbnail","hentry","category-noticias","category-politica","tag-conferencia","tag-kiev","tag-politica","tag-politica-internacional","tag-ucrania","tag-uniao-europeia"],"yoast_head":"<!-- This site is optimized with the Yoast SEO plugin v27.2 - https:\/\/yoast.com\/product\/yoast-seo-wordpress\/ -->\n<title>Roberta Metsola, Glenn Micallef e Hadja Lahbib em entrevista conjunta - Portal Tela Portugal<\/title>\n<meta name=\"robots\" content=\"index, follow, max-snippet:-1, max-image-preview:large, max-video-preview:-1\" \/>\n<meta property=\"og:locale\" content=\"pt_PT\" \/>\n<meta property=\"og:type\" content=\"article\" \/>\n<meta property=\"og:title\" content=\"Roberta Metsola, Glenn Micallef e Hadja Lahbib em entrevista conjunta - Portal Tela Portugal\" \/>\n<meta property=\"og:description\" content=\"O Europe Today apresenta entrevista com Roberta Metsola, Hadja Lahbib e Glenn Micallef, no novo programa matinal em Bruxelas, \u00e0s 7 e 8 da manh\u00e3. Analisa as conclus\u00f5es da cimeira informal da Uni\u00e3o Europeia de ontem. Maria Tadeo, editora da Uni\u00e3o Europeia, participa em direto da Alemanha para falar na Confer\u00eancia de Seguran\u00e7a de Munique deste ano. Em Kiev, Shona Murray descreve os esfor\u00e7os da Comiss\u00e3o Europeia para ajudar a Ucr\u00e2nia a enfrentar o inverno, ap\u00f3s ataques russos que danificaram infraestruturas de eletricidade e aquecimento. Sasha Vakulina cobre a controv\u00e9rsia dos Jogos Ol\u00edmpicos de inverno, com Vladyslav Heraskevych desclassificado por usar um capacete com alegada declara\u00e7\u00e3o pol\u00edtica.\" \/>\n<meta property=\"og:url\" content=\"https:\/\/portaltela.pt\/noticias\/2026\/02\/13\/roberta-metsola-glenn-micallef-e-hadja-lahbib-em-entrevista-conjunta\/\" \/>\n<meta property=\"og:site_name\" content=\"Portal Tela Portugal\" \/>\n<meta property=\"article:published_time\" content=\"2026-02-13T07:46:55+00:00\" \/>\n<meta name=\"author\" content=\"Telinha\" \/>\n<meta name=\"twitter:card\" content=\"summary_large_image\" \/>\n<meta name=\"twitter:label1\" content=\"Escrito por\" \/>\n\t<meta name=\"twitter:data1\" content=\"Telinha\" \/>\n\t<meta name=\"twitter:label2\" content=\"Tempo estimado de leitura\" \/>\n\t<meta name=\"twitter:data2\" content=\"2 minutos\" \/>\n<script type=\"application\/ld+json\" class=\"yoast-schema-graph\">{\"@context\":\"https:\/\/schema.org\",\"@graph\":[{\"@type\":\"Article\",\"@id\":\"https:\/\/portaltela.pt\/noticias\/2026\/02\/13\/roberta-metsola-glenn-micallef-e-hadja-lahbib-em-entrevista-conjunta\/#article\",\"isPartOf\":{\"@id\":\"https:\/\/portaltela.pt\/noticias\/2026\/02\/13\/roberta-metsola-glenn-micallef-e-hadja-lahbib-em-entrevista-conjunta\/\"},\"author\":{\"name\":\"Telinha\",\"@id\":\"https:\/\/portaltela.pt\/#\/schema\/person\/c4278d4a6028830caff9ee44b42d32ed\"},\"headline\":\"Roberta Metsola, Glenn Micallef e Hadja Lahbib em entrevista conjunta\",\"datePublished\":\"2026-02-13T07:46:55+00:00\",\"mainEntityOfPage\":{\"@id\":\"https:\/\/portaltela.pt\/noticias\/2026\/02\/13\/roberta-metsola-glenn-micallef-e-hadja-lahbib-em-entrevista-conjunta\/\"},\"wordCount\":339,\"image\":{\"@id\":\"https:\/\/portaltela.pt\/noticias\/2026\/02\/13\/roberta-metsola-glenn-micallef-e-hadja-lahbib-em-entrevista-conjunta\/#primaryimage\"},\"thumbnailUrl\":\"https:\/\/portaltela.pt\/s.01k8rhncp4jt1\/2026\/02\/1536x864_cmsv2_f658dde1-066b-5b7d-beb3-2600fc41b06a-9641281.jpg\",\"keywords\":[\"confer\u00eancia\",\"Kiev\",\"pol\u00edtica\",\"pol\u00edtica internacional\",\"Ucr\u00e2nia\",\"Uni\u00e3o Europeia\"],\"articleSection\":[\"Not\u00edcias\",\"Pol\u00edtica\"],\"inLanguage\":\"pt-PT\"},{\"@type\":\"WebPage\",\"@id\":\"https:\/\/portaltela.pt\/noticias\/2026\/02\/13\/roberta-metsola-glenn-micallef-e-hadja-lahbib-em-entrevista-conjunta\/\",\"url\":\"https:\/\/portaltela.pt\/noticias\/2026\/02\/13\/roberta-metsola-glenn-micallef-e-hadja-lahbib-em-entrevista-conjunta\/\",\"name\":\"Roberta Metsola, Glenn Micallef e Hadja Lahbib em entrevista conjunta - Portal Tela Portugal\",\"isPartOf\":{\"@id\":\"https:\/\/portaltela.pt\/#website\"},\"primaryImageOfPage\":{\"@id\":\"https:\/\/portaltela.pt\/noticias\/2026\/02\/13\/roberta-metsola-glenn-micallef-e-hadja-lahbib-em-entrevista-conjunta\/#primaryimage\"},\"image\":{\"@id\":\"https:\/\/portaltela.pt\/noticias\/2026\/02\/13\/roberta-metsola-glenn-micallef-e-hadja-lahbib-em-entrevista-conjunta\/#primaryimage\"},\"thumbnailUrl\":\"https:\/\/portaltela.pt\/s.01k8rhncp4jt1\/2026\/02\/1536x864_cmsv2_f658dde1-066b-5b7d-beb3-2600fc41b06a-9641281.jpg\",\"datePublished\":\"2026-02-13T07:46:55+00:00\",\"author\":{\"@id\":\"https:\/\/portaltela.pt\/#\/schema\/person\/c4278d4a6028830caff9ee44b42d32ed\"},\"breadcrumb\":{\"@id\":\"https:\/\/portaltela.pt\/noticias\/2026\/02\/13\/roberta-metsola-glenn-micallef-e-hadja-lahbib-em-entrevista-conjunta\/#breadcrumb\"},\"inLanguage\":\"pt-PT\",\"potentialAction\":[{\"@type\":\"ReadAction\",\"target\":[\"https:\/\/portaltela.pt\/noticias\/2026\/02\/13\/roberta-metsola-glenn-micallef-e-hadja-lahbib-em-entrevista-conjunta\/\"]}]},{\"@type\":\"ImageObject\",\"inLanguage\":\"pt-PT\",\"@id\":\"https:\/\/portaltela.pt\/noticias\/2026\/02\/13\/roberta-metsola-glenn-micallef-e-hadja-lahbib-em-entrevista-conjunta\/#primaryimage\",\"url\":\"https:\/\/portaltela.pt\/s.01k8rhncp4jt1\/2026\/02\/1536x864_cmsv2_f658dde1-066b-5b7d-beb3-2600fc41b06a-9641281.jpg\",\"contentUrl\":\"https:\/\/portaltela.pt\/s.01k8rhncp4jt1\/2026\/02\/1536x864_cmsv2_f658dde1-066b-5b7d-beb3-2600fc41b06a-9641281.jpg\",\"width\":796,\"height\":448,\"caption\":\"Roberta Metsola\"},{\"@type\":\"BreadcrumbList\",\"@id\":\"https:\/\/portaltela.pt\/noticias\/2026\/02\/13\/roberta-metsola-glenn-micallef-e-hadja-lahbib-em-entrevista-conjunta\/#breadcrumb\",\"itemListElement\":[{\"@type\":\"ListItem\",\"position\":1,\"name\":\"In\u00edcio\",\"item\":\"https:\/\/portaltela.pt\/\"},{\"@type\":\"ListItem\",\"position\":2,\"name\":\"Roberta Metsola, Glenn Micallef e Hadja Lahbib em entrevista conjunta\"}]},{\"@type\":\"WebSite\",\"@id\":\"https:\/\/portaltela.pt\/#website\",\"url\":\"https:\/\/portaltela.pt\/\",\"name\":\"Portal Tela Portugal\",\"description\":\"\",\"potentialAction\":[{\"@type\":\"SearchAction\",\"target\":{\"@type\":\"EntryPoint\",\"urlTemplate\":\"https:\/\/portaltela.pt\/?s={search_term_string}\"},\"query-input\":{\"@type\":\"PropertyValueSpecification\",\"valueRequired\":true,\"valueName\":\"search_term_string\"}}],\"inLanguage\":\"pt-PT\"},{\"@type\":\"Person\",\"@id\":\"https:\/\/portaltela.pt\/#\/schema\/person\/c4278d4a6028830caff9ee44b42d32ed\",\"name\":\"Telinha\",\"image\":{\"@type\":\"ImageObject\",\"inLanguage\":\"pt-PT\",\"@id\":\"https:\/\/portaltela.pt\/s.01k8rhncp4jt1\/2025\/11\/talking-bot-125x125.png\",\"url\":\"https:\/\/portaltela.pt\/s.01k8rhncp4jt1\/2025\/11\/talking-bot-125x125.png\",\"contentUrl\":\"https:\/\/portaltela.pt\/s.01k8rhncp4jt1\/2025\/11\/talking-bot-125x125.png\",\"caption\":\"Telinha\"},\"sameAs\":[\"https:\/\/portaltela.pt\/\"],\"url\":\"https:\/\/portaltela.pt\/por\/367410592786\/\"}]}<\/script>\n<!-- \/ Yoast SEO plugin. -->","yoast_head_json":{"title":"Roberta Metsola, Glenn Micallef e Hadja Lahbib em entrevista conjunta - Portal Tela Portugal","robots":{"index":"index","follow":"follow","max-snippet":"max-snippet:-1","max-image-preview":"max-image-preview:large","max-video-preview":"max-video-preview:-1"},"og_locale":"pt_PT","og_type":"article","og_title":"Roberta Metsola, Glenn Micallef e Hadja Lahbib em entrevista conjunta - Portal Tela Portugal","og_description":"O Europe Today apresenta entrevista com Roberta Metsola, Hadja Lahbib e Glenn Micallef, no novo programa matinal em Bruxelas, \u00e0s 7 e 8 da manh\u00e3. Analisa as conclus\u00f5es da cimeira informal da Uni\u00e3o Europeia de ontem. Maria Tadeo, editora da Uni\u00e3o Europeia, participa em direto da Alemanha para falar na Confer\u00eancia de Seguran\u00e7a de Munique deste ano. Em Kiev, Shona Murray descreve os esfor\u00e7os da Comiss\u00e3o Europeia para ajudar a Ucr\u00e2nia a enfrentar o inverno, ap\u00f3s ataques russos que danificaram infraestruturas de eletricidade e aquecimento. Sasha Vakulina cobre a controv\u00e9rsia dos Jogos Ol\u00edmpicos de inverno, com Vladyslav Heraskevych desclassificado por usar um capacete com alegada declara\u00e7\u00e3o pol\u00edtica.","og_url":"https:\/\/portaltela.pt\/noticias\/2026\/02\/13\/roberta-metsola-glenn-micallef-e-hadja-lahbib-em-entrevista-conjunta\/","og_site_name":"Portal Tela Portugal","article_published_time":"2026-02-13T07:46:55+00:00","author":"Telinha","twitter_card":"summary_large_image","twitter_misc":{"Escrito por":"Telinha","Tempo estimado de leitura":"2 minutos"},"schema":{"@context":"https:\/\/schema.org","@graph":[{"@type":"Article","@id":"https:\/\/portaltela.pt\/noticias\/2026\/02\/13\/roberta-metsola-glenn-micallef-e-hadja-lahbib-em-entrevista-conjunta\/#article","isPartOf":{"@id":"https:\/\/portaltela.pt\/noticias\/2026\/02\/13\/roberta-metsola-glenn-micallef-e-hadja-lahbib-em-entrevista-conjunta\/"},"author":{"name":"Telinha","@id":"https:\/\/portaltela.pt\/#\/schema\/person\/c4278d4a6028830caff9ee44b42d32ed"},"headline":"Roberta Metsola, Glenn Micallef e Hadja Lahbib em entrevista conjunta","datePublished":"2026-02-13T07:46:55+00:00","mainEntityOfPage":{"@id":"https:\/\/portaltela.pt\/noticias\/2026\/02\/13\/roberta-metsola-glenn-micallef-e-hadja-lahbib-em-entrevista-conjunta\/"},"wordCount":339,"image":{"@id":"https:\/\/portaltela.pt\/noticias\/2026\/02\/13\/roberta-metsola-glenn-micallef-e-hadja-lahbib-em-entrevista-conjunta\/#primaryimage"},"thumbnailUrl":"https:\/\/portaltela.pt\/s.01k8rhncp4jt1\/2026\/02\/1536x864_cmsv2_f658dde1-066b-5b7d-beb3-2600fc41b06a-9641281.jpg","keywords":["confer\u00eancia","Kiev","pol\u00edtica","pol\u00edtica internacional","Ucr\u00e2nia","Uni\u00e3o Europeia"],"articleSection":["Not\u00edcias","Pol\u00edtica"],"inLanguage":"pt-PT"},{"@type":"WebPage","@id":"https:\/\/portaltela.pt\/noticias\/2026\/02\/13\/roberta-metsola-glenn-micallef-e-hadja-lahbib-em-entrevista-conjunta\/","url":"https:\/\/portaltela.pt\/noticias\/2026\/02\/13\/roberta-metsola-glenn-micallef-e-hadja-lahbib-em-entrevista-conjunta\/","name":"Roberta Metsola, Glenn Micallef e Hadja Lahbib em entrevista conjunta - Portal Tela Portugal","isPartOf":{"@id":"https:\/\/portaltela.pt\/#website"},"primaryImageOfPage":{"@id":"https:\/\/portaltela.pt\/noticias\/2026\/02\/13\/roberta-metsola-glenn-micallef-e-hadja-lahbib-em-entrevista-conjunta\/#primaryimage"},"image":{"@id":"https:\/\/portaltela.pt\/noticias\/2026\/02\/13\/roberta-metsola-glenn-micallef-e-hadja-lahbib-em-entrevista-conjunta\/#primaryimage"},"thumbnailUrl":"https:\/\/portaltela.pt\/s.01k8rhncp4jt1\/2026\/02\/1536x864_cmsv2_f658dde1-066b-5b7d-beb3-2600fc41b06a-9641281.jpg","datePublished":"2026-02-13T07:46:55+00:00","author":{"@id":"https:\/\/portaltela.pt\/#\/schema\/person\/c4278d4a6028830caff9ee44b42d32ed"},"breadcrumb":{"@id":"https:\/\/portaltela.pt\/noticias\/2026\/02\/13\/roberta-metsola-glenn-micallef-e-hadja-lahbib-em-entrevista-conjunta\/#breadcrumb"},"inLanguage":"pt-PT","potentialAction":[{"@type":"ReadAction","target":["https:\/\/portaltela.pt\/noticias\/2026\/02\/13\/roberta-metsola-glenn-micallef-e-hadja-lahbib-em-entrevista-conjunta\/"]}]},{"@type":"ImageObject","inLanguage":"pt-PT","@id":"https:\/\/portaltela.pt\/noticias\/2026\/02\/13\/roberta-metsola-glenn-micallef-e-hadja-lahbib-em-entrevista-conjunta\/#primaryimage","url":"https:\/\/portaltela.pt\/s.01k8rhncp4jt1\/2026\/02\/1536x864_cmsv2_f658dde1-066b-5b7d-beb3-2600fc41b06a-9641281.jpg","contentUrl":"https:\/\/portaltela.pt\/s.01k8rhncp4jt1\/2026\/02\/1536x864_cmsv2_f658dde1-066b-5b7d-beb3-2600fc41b06a-9641281.jpg","width":796,"height":448,"caption":"Roberta Metsola"},{"@type":"BreadcrumbList","@id":"https:\/\/portaltela.pt\/noticias\/2026\/02\/13\/roberta-metsola-glenn-micallef-e-hadja-lahbib-em-entrevista-conjunta\/#breadcrumb","itemListElement":[{"@type":"ListItem","position":1,"name":"In\u00edcio","item":"https:\/\/portaltela.pt\/"},{"@type":"ListItem","position":2,"name":"Roberta Metsola, Glenn Micallef e Hadja Lahbib em entrevista conjunta"}]},{"@type":"WebSite","@id":"https:\/\/portaltela.pt\/#website","url":"https:\/\/portaltela.pt\/","name":"Portal Tela Portugal","description":"","potentialAction":[{"@type":"SearchAction","target":{"@type":"EntryPoint","urlTemplate":"https:\/\/portaltela.pt\/?s={search_term_string}"},"query-input":{"@type":"PropertyValueSpecification","valueRequired":true,"valueName":"search_term_string"}}],"inLanguage":"pt-PT"},{"@type":"Person","@id":"https:\/\/portaltela.pt\/#\/schema\/person\/c4278d4a6028830caff9ee44b42d32ed","name":"Telinha","image":{"@type":"ImageObject","inLanguage":"pt-PT","@id":"https:\/\/portaltela.pt\/s.01k8rhncp4jt1\/2025\/11\/talking-bot-125x125.png","url":"https:\/\/portaltela.pt\/s.01k8rhncp4jt1\/2025\/11\/talking-bot-125x125.png","contentUrl":"https:\/\/portaltela.pt\/s.01k8rhncp4jt1\/2025\/11\/talking-bot-125x125.png","caption":"Telinha"},"sameAs":["https:\/\/portaltela.pt\/"],"url":"https:\/\/portaltela.pt\/por\/367410592786\/"}]}},"_links":{"self":[{"href":"https:\/\/portaltela.pt\/api\/wp\/v2\/posts\/210438","targetHints":{"allow":["GET"]}}],"collection":[{"href":"https:\/\/portaltela.pt\/api\/wp\/v2\/posts"}],"about":[{"href":"https:\/\/portaltela.pt\/api\/wp\/v2\/types\/post"}],"author":[{"embeddable":true,"href":"https:\/\/portaltela.pt\/api\/wp\/v2\/users\/2"}],"replies":[{"embeddable":true,"href":"https:\/\/portaltela.pt\/api\/wp\/v2\/comments?post=210438"}],"version-history":[{"count":0,"href":"https:\/\/portaltela.pt\/api\/wp\/v2\/posts\/210438\/revisions"}],"wp:featuredmedia":[{"embeddable":true,"href":"https:\/\/portaltela.pt\/api\/wp\/v2\/media\/210441"}],"wp:attachment":[{"href":"https:\/\/portaltela.pt\/api\/wp\/v2\/media?parent=210438"}],"wp:term":[{"taxonomy":"category","embeddable":true,"href":"https:\/\/portaltela.pt\/api\/wp\/v2\/categories?post=210438"},{"taxonomy":"post_tag","embeddable":true,"href":"https:\/\/portaltela.pt\/api\/wp\/v2\/tags?post=210438"}],"curies":[{"name":"wp","href":"https:\/\/api.w.org\/{rel}","templated":true}]}}