{"id":210435,"date":"2026-02-13T04:46:52","date_gmt":"2026-02-13T07:46:52","guid":{"rendered":"https:\/\/portaltela.pt\/noticias\/2026\/02\/13\/baile-da-opera-de-viena-atrai-5-500-convidados-na-austria\/"},"modified":"2026-02-13T04:46:52","modified_gmt":"2026-02-13T07:46:52","slug":"baile-da-opera-de-viena-atrai-5-500-convidados-na-austria","status":"publish","type":"post","link":"https:\/\/portaltela.pt\/noticias\/2026\/02\/13\/baile-da-opera-de-viena-atrai-5-500-convidados-na-austria\/","title":{"rendered":"Baile da \u00d3pera de Viena atrai 5.500 convidados na \u00c1ustria"},"content":{"rendered":"<p>O Baile da \u00d3pera de Viena regressou \u00e0 \u00d3pera Estatal com uma moldura de luxo e benefic\u00eancia, reunindo cerca de 5.500 convidados da pol\u00edtica, dos neg\u00f3cios e da cultura. O evento \u00e9 um dos mais prestigiados da \u00c1ustria e funciona como ponto alto da temporada de bailes, retomando o calend\u00e1rio ap\u00f3s interrup\u00e7\u00f5es causadas por guerras e pela pandemia.<\/p>\n<p>A noite abriu com as debutantes a dan\u00e7arem a F\u00e4cher-Polonaise de Carl Michael Ziehrer, seguida pela atua\u00e7\u00e3o do Ballet da \u00d3pera Estatal. Ouvem-se tamb\u00e9m trechos de \u00f3pera em meio a performances com figurinos de Giorgio Armani, que marcaram o tom de gala da reuni\u00e3o.<\/p>\n<h3>Detalhes do programa e participa\u00e7\u00e3o<\/h3>\n<p>O programa musical combinou obras de Leonard Bernstein e Giuseppe Verdi, oferecendo uma sele\u00e7\u00e3o que atravessa o gusto cl\u00e1ssico e contempor\u00e2neo. O baile decorre sob o patroc\u00ednio do Presidente da \u00c1ustria, Alexander Van der Bellen, e contou com a presen\u00e7a de figuras influentes na esfera p\u00fablica.<\/p>\n<p>Entre os convidados internacionais destacou-se a atriz Sharon Stone, mencionada como uma das presen\u00e7as de relevo. Os bilhetes estavam esgotados h\u00e1 semanas, refletindo o interesse p\u00fablico e o car\u00e1ter de arrecada\u00e7\u00e3o de fundos para institui\u00e7\u00f5es de solidariedade locais.<\/p>\n<p>A transmiss\u00e3o em direto contribuiu para ampliar o alcance do evento, que continua a ser visto como o ponto alto da temporada de bailes no pa\u00eds. A organiza\u00e7\u00e3o manteve o foco na arrecada\u00e7\u00e3o de fundos para causas locais, consolidando a reputa\u00e7\u00e3o do baile como instrumento de apoio social.<\/p>\n","protected":false},"excerpt":{"rendered":"<ul>\n<li>O Baile da \u00d3pera de Viena regressou \u00e0 \u00d3pera Estatal, reunindo cerca de cinco mil quinhentos convidados da pol\u00edtica, neg\u00f3cios e cultura.<\/li>\n<li>A noite come\u00e7ou com debutantes a dan\u00e7arem a F\u00e4cher-Polonaise de Carl Michael Ziehrer, seguida pelo Ballet da \u00d3pera e um breve excerto de \u00f3pera.<\/li>\n<li>O programa musical inclui obras de Leonard Bernstein a Giuseppe Verdi.<\/li>\n<li>O evento tem o patroc\u00ednio do Presidente da Rep\u00fablica, Alexander Van der Bellen, e re\u00fane figuras p\u00fablicas e culturais.<\/li>\n<li>Sharon Stone \u00e9 uma das convidadas internacionais; os bilhetes esgotaram h\u00e1 semanas e parte das receitas revertem para institui\u00e7\u00f5es de solidariedade locais; a transmiss\u00e3o em direto mant\u00e9m o baile como ponto alto da temporada, interrompida pela guerra em 1991 e pela pandemia de Covid-19.<\/li>\n<\/ul>\n","protected":false},"author":2,"featured_media":210439,"comment_status":"closed","ping_status":"closed","sticky":false,"template":"","format":"standard","meta":{"footnotes":""},"categories":[1],"tags":[5850,2872,3259,145,1682,5661],"class_list":["post-210435","post","type-post","status-publish","format-standard","has-post-thumbnail","hentry","category-noticias","tag-arrecadacoes","tag-austria","tag-celebidades","tag-cultura","tag-opera","tag-pessoas-publicas"],"yoast_head":"<!-- This site is optimized with the Yoast SEO plugin v27.2 - https:\/\/yoast.com\/product\/yoast-seo-wordpress\/ -->\n<title>Baile da \u00d3pera de Viena atrai 5.500 convidados na \u00c1ustria - Portal Tela Portugal<\/title>\n<meta name=\"robots\" content=\"index, follow, max-snippet:-1, max-image-preview:large, max-video-preview:-1\" \/>\n<meta property=\"og:locale\" content=\"pt_PT\" \/>\n<meta property=\"og:type\" content=\"article\" \/>\n<meta property=\"og:title\" content=\"Baile da \u00d3pera de Viena atrai 5.500 convidados na \u00c1ustria - Portal Tela Portugal\" \/>\n<meta property=\"og:description\" content=\"O Baile da \u00d3pera de Viena regressou \u00e0 \u00d3pera Estatal, reunindo cerca de cinco mil quinhentos convidados da pol\u00edtica, neg\u00f3cios e cultura. A noite come\u00e7ou com debutantes a dan\u00e7arem a F\u00e4cher-Polonaise de Carl Michael Ziehrer, seguida pelo Ballet da \u00d3pera e um breve excerto de \u00f3pera. O programa musical inclui obras de Leonard Bernstein a Giuseppe Verdi. O evento tem o patroc\u00ednio do Presidente da Rep\u00fablica, Alexander Van der Bellen, e re\u00fane figuras p\u00fablicas e culturais. Sharon Stone \u00e9 uma das convidadas internacionais; os bilhetes esgotaram h\u00e1 semanas e parte das receitas revertem para institui\u00e7\u00f5es de solidariedade locais; a transmiss\u00e3o em direto mant\u00e9m o baile como ponto alto da temporada, interrompida pela guerra em 1991 e pela pandemia de Covid-19.\" \/>\n<meta property=\"og:url\" content=\"https:\/\/portaltela.pt\/noticias\/2026\/02\/13\/baile-da-opera-de-viena-atrai-5-500-convidados-na-austria\/\" \/>\n<meta property=\"og:site_name\" content=\"Portal Tela Portugal\" \/>\n<meta property=\"article:published_time\" content=\"2026-02-13T07:46:52+00:00\" \/>\n<meta name=\"author\" content=\"Telinha\" \/>\n<meta name=\"twitter:card\" content=\"summary_large_image\" \/>\n<meta name=\"twitter:label1\" content=\"Escrito por\" \/>\n\t<meta name=\"twitter:data1\" content=\"Telinha\" \/>\n\t<meta name=\"twitter:label2\" content=\"Tempo estimado de leitura\" \/>\n\t<meta name=\"twitter:data2\" content=\"1 minuto\" \/>\n<script type=\"application\/ld+json\" class=\"yoast-schema-graph\">{\"@context\":\"https:\/\/schema.org\",\"@graph\":[{\"@type\":\"Article\",\"@id\":\"https:\/\/portaltela.pt\/noticias\/2026\/02\/13\/baile-da-opera-de-viena-atrai-5-500-convidados-na-austria\/#article\",\"isPartOf\":{\"@id\":\"https:\/\/portaltela.pt\/noticias\/2026\/02\/13\/baile-da-opera-de-viena-atrai-5-500-convidados-na-austria\/\"},\"author\":{\"name\":\"Telinha\",\"@id\":\"https:\/\/portaltela.pt\/#\/schema\/person\/c4278d4a6028830caff9ee44b42d32ed\"},\"headline\":\"Baile da \u00d3pera de Viena atrai 5.500 convidados na \u00c1ustria\",\"datePublished\":\"2026-02-13T07:46:52+00:00\",\"mainEntityOfPage\":{\"@id\":\"https:\/\/portaltela.pt\/noticias\/2026\/02\/13\/baile-da-opera-de-viena-atrai-5-500-convidados-na-austria\/\"},\"wordCount\":273,\"image\":{\"@id\":\"https:\/\/portaltela.pt\/noticias\/2026\/02\/13\/baile-da-opera-de-viena-atrai-5-500-convidados-na-austria\/#primaryimage\"},\"thumbnailUrl\":\"https:\/\/portaltela.pt\/s.01k8rhncp4jt1\/2026\/02\/1536x864_cmsv2_c17d844b-0519-50fe-91ae-9e609747ccbe-9649691.jpg\",\"keywords\":[\"arrecada\u00e7\u00f5es\",\"\u00c1ustria\",\"celebidades\",\"cultura\",\"\u00f3pera\",\"pessoas p\u00fablicas\"],\"articleSection\":[\"Not\u00edcias\"],\"inLanguage\":\"pt-PT\"},{\"@type\":\"WebPage\",\"@id\":\"https:\/\/portaltela.pt\/noticias\/2026\/02\/13\/baile-da-opera-de-viena-atrai-5-500-convidados-na-austria\/\",\"url\":\"https:\/\/portaltela.pt\/noticias\/2026\/02\/13\/baile-da-opera-de-viena-atrai-5-500-convidados-na-austria\/\",\"name\":\"Baile da \u00d3pera de Viena atrai 5.500 convidados na \u00c1ustria - Portal Tela Portugal\",\"isPartOf\":{\"@id\":\"https:\/\/portaltela.pt\/#website\"},\"primaryImageOfPage\":{\"@id\":\"https:\/\/portaltela.pt\/noticias\/2026\/02\/13\/baile-da-opera-de-viena-atrai-5-500-convidados-na-austria\/#primaryimage\"},\"image\":{\"@id\":\"https:\/\/portaltela.pt\/noticias\/2026\/02\/13\/baile-da-opera-de-viena-atrai-5-500-convidados-na-austria\/#primaryimage\"},\"thumbnailUrl\":\"https:\/\/portaltela.pt\/s.01k8rhncp4jt1\/2026\/02\/1536x864_cmsv2_c17d844b-0519-50fe-91ae-9e609747ccbe-9649691.jpg\",\"datePublished\":\"2026-02-13T07:46:52+00:00\",\"author\":{\"@id\":\"https:\/\/portaltela.pt\/#\/schema\/person\/c4278d4a6028830caff9ee44b42d32ed\"},\"breadcrumb\":{\"@id\":\"https:\/\/portaltela.pt\/noticias\/2026\/02\/13\/baile-da-opera-de-viena-atrai-5-500-convidados-na-austria\/#breadcrumb\"},\"inLanguage\":\"pt-PT\",\"potentialAction\":[{\"@type\":\"ReadAction\",\"target\":[\"https:\/\/portaltela.pt\/noticias\/2026\/02\/13\/baile-da-opera-de-viena-atrai-5-500-convidados-na-austria\/\"]}]},{\"@type\":\"ImageObject\",\"inLanguage\":\"pt-PT\",\"@id\":\"https:\/\/portaltela.pt\/noticias\/2026\/02\/13\/baile-da-opera-de-viena-atrai-5-500-convidados-na-austria\/#primaryimage\",\"url\":\"https:\/\/portaltela.pt\/s.01k8rhncp4jt1\/2026\/02\/1536x864_cmsv2_c17d844b-0519-50fe-91ae-9e609747ccbe-9649691.jpg\",\"contentUrl\":\"https:\/\/portaltela.pt\/s.01k8rhncp4jt1\/2026\/02\/1536x864_cmsv2_c17d844b-0519-50fe-91ae-9e609747ccbe-9649691.jpg\",\"width\":796,\"height\":448,\"caption\":\"Entrada do comit\u00e9 de abertura e dos core\u00f3grafos Maria Angelini-Santner e Christoph Santner\"},{\"@type\":\"BreadcrumbList\",\"@id\":\"https:\/\/portaltela.pt\/noticias\/2026\/02\/13\/baile-da-opera-de-viena-atrai-5-500-convidados-na-austria\/#breadcrumb\",\"itemListElement\":[{\"@type\":\"ListItem\",\"position\":1,\"name\":\"In\u00edcio\",\"item\":\"https:\/\/portaltela.pt\/\"},{\"@type\":\"ListItem\",\"position\":2,\"name\":\"Baile da \u00d3pera de Viena atrai 5.500 convidados na \u00c1ustria\"}]},{\"@type\":\"WebSite\",\"@id\":\"https:\/\/portaltela.pt\/#website\",\"url\":\"https:\/\/portaltela.pt\/\",\"name\":\"Portal Tela Portugal\",\"description\":\"\",\"potentialAction\":[{\"@type\":\"SearchAction\",\"target\":{\"@type\":\"EntryPoint\",\"urlTemplate\":\"https:\/\/portaltela.pt\/?s={search_term_string}\"},\"query-input\":{\"@type\":\"PropertyValueSpecification\",\"valueRequired\":true,\"valueName\":\"search_term_string\"}}],\"inLanguage\":\"pt-PT\"},{\"@type\":\"Person\",\"@id\":\"https:\/\/portaltela.pt\/#\/schema\/person\/c4278d4a6028830caff9ee44b42d32ed\",\"name\":\"Telinha\",\"image\":{\"@type\":\"ImageObject\",\"inLanguage\":\"pt-PT\",\"@id\":\"https:\/\/portaltela.pt\/s.01k8rhncp4jt1\/2025\/11\/talking-bot-125x125.png\",\"url\":\"https:\/\/portaltela.pt\/s.01k8rhncp4jt1\/2025\/11\/talking-bot-125x125.png\",\"contentUrl\":\"https:\/\/portaltela.pt\/s.01k8rhncp4jt1\/2025\/11\/talking-bot-125x125.png\",\"caption\":\"Telinha\"},\"sameAs\":[\"https:\/\/portaltela.pt\/\"],\"url\":\"https:\/\/portaltela.pt\/por\/367410592786\/\"}]}<\/script>\n<!-- \/ Yoast SEO plugin. -->","yoast_head_json":{"title":"Baile da \u00d3pera de Viena atrai 5.500 convidados na \u00c1ustria - Portal Tela Portugal","robots":{"index":"index","follow":"follow","max-snippet":"max-snippet:-1","max-image-preview":"max-image-preview:large","max-video-preview":"max-video-preview:-1"},"og_locale":"pt_PT","og_type":"article","og_title":"Baile da \u00d3pera de Viena atrai 5.500 convidados na \u00c1ustria - Portal Tela Portugal","og_description":"O Baile da \u00d3pera de Viena regressou \u00e0 \u00d3pera Estatal, reunindo cerca de cinco mil quinhentos convidados da pol\u00edtica, neg\u00f3cios e cultura. A noite come\u00e7ou com debutantes a dan\u00e7arem a F\u00e4cher-Polonaise de Carl Michael Ziehrer, seguida pelo Ballet da \u00d3pera e um breve excerto de \u00f3pera. O programa musical inclui obras de Leonard Bernstein a Giuseppe Verdi. O evento tem o patroc\u00ednio do Presidente da Rep\u00fablica, Alexander Van der Bellen, e re\u00fane figuras p\u00fablicas e culturais. Sharon Stone \u00e9 uma das convidadas internacionais; os bilhetes esgotaram h\u00e1 semanas e parte das receitas revertem para institui\u00e7\u00f5es de solidariedade locais; a transmiss\u00e3o em direto mant\u00e9m o baile como ponto alto da temporada, interrompida pela guerra em 1991 e pela pandemia de Covid-19.","og_url":"https:\/\/portaltela.pt\/noticias\/2026\/02\/13\/baile-da-opera-de-viena-atrai-5-500-convidados-na-austria\/","og_site_name":"Portal Tela Portugal","article_published_time":"2026-02-13T07:46:52+00:00","author":"Telinha","twitter_card":"summary_large_image","twitter_misc":{"Escrito por":"Telinha","Tempo estimado de leitura":"1 minuto"},"schema":{"@context":"https:\/\/schema.org","@graph":[{"@type":"Article","@id":"https:\/\/portaltela.pt\/noticias\/2026\/02\/13\/baile-da-opera-de-viena-atrai-5-500-convidados-na-austria\/#article","isPartOf":{"@id":"https:\/\/portaltela.pt\/noticias\/2026\/02\/13\/baile-da-opera-de-viena-atrai-5-500-convidados-na-austria\/"},"author":{"name":"Telinha","@id":"https:\/\/portaltela.pt\/#\/schema\/person\/c4278d4a6028830caff9ee44b42d32ed"},"headline":"Baile da \u00d3pera de Viena atrai 5.500 convidados na \u00c1ustria","datePublished":"2026-02-13T07:46:52+00:00","mainEntityOfPage":{"@id":"https:\/\/portaltela.pt\/noticias\/2026\/02\/13\/baile-da-opera-de-viena-atrai-5-500-convidados-na-austria\/"},"wordCount":273,"image":{"@id":"https:\/\/portaltela.pt\/noticias\/2026\/02\/13\/baile-da-opera-de-viena-atrai-5-500-convidados-na-austria\/#primaryimage"},"thumbnailUrl":"https:\/\/portaltela.pt\/s.01k8rhncp4jt1\/2026\/02\/1536x864_cmsv2_c17d844b-0519-50fe-91ae-9e609747ccbe-9649691.jpg","keywords":["arrecada\u00e7\u00f5es","\u00c1ustria","celebidades","cultura","\u00f3pera","pessoas p\u00fablicas"],"articleSection":["Not\u00edcias"],"inLanguage":"pt-PT"},{"@type":"WebPage","@id":"https:\/\/portaltela.pt\/noticias\/2026\/02\/13\/baile-da-opera-de-viena-atrai-5-500-convidados-na-austria\/","url":"https:\/\/portaltela.pt\/noticias\/2026\/02\/13\/baile-da-opera-de-viena-atrai-5-500-convidados-na-austria\/","name":"Baile da \u00d3pera de Viena atrai 5.500 convidados na \u00c1ustria - Portal Tela Portugal","isPartOf":{"@id":"https:\/\/portaltela.pt\/#website"},"primaryImageOfPage":{"@id":"https:\/\/portaltela.pt\/noticias\/2026\/02\/13\/baile-da-opera-de-viena-atrai-5-500-convidados-na-austria\/#primaryimage"},"image":{"@id":"https:\/\/portaltela.pt\/noticias\/2026\/02\/13\/baile-da-opera-de-viena-atrai-5-500-convidados-na-austria\/#primaryimage"},"thumbnailUrl":"https:\/\/portaltela.pt\/s.01k8rhncp4jt1\/2026\/02\/1536x864_cmsv2_c17d844b-0519-50fe-91ae-9e609747ccbe-9649691.jpg","datePublished":"2026-02-13T07:46:52+00:00","author":{"@id":"https:\/\/portaltela.pt\/#\/schema\/person\/c4278d4a6028830caff9ee44b42d32ed"},"breadcrumb":{"@id":"https:\/\/portaltela.pt\/noticias\/2026\/02\/13\/baile-da-opera-de-viena-atrai-5-500-convidados-na-austria\/#breadcrumb"},"inLanguage":"pt-PT","potentialAction":[{"@type":"ReadAction","target":["https:\/\/portaltela.pt\/noticias\/2026\/02\/13\/baile-da-opera-de-viena-atrai-5-500-convidados-na-austria\/"]}]},{"@type":"ImageObject","inLanguage":"pt-PT","@id":"https:\/\/portaltela.pt\/noticias\/2026\/02\/13\/baile-da-opera-de-viena-atrai-5-500-convidados-na-austria\/#primaryimage","url":"https:\/\/portaltela.pt\/s.01k8rhncp4jt1\/2026\/02\/1536x864_cmsv2_c17d844b-0519-50fe-91ae-9e609747ccbe-9649691.jpg","contentUrl":"https:\/\/portaltela.pt\/s.01k8rhncp4jt1\/2026\/02\/1536x864_cmsv2_c17d844b-0519-50fe-91ae-9e609747ccbe-9649691.jpg","width":796,"height":448,"caption":"Entrada do comit\u00e9 de abertura e dos core\u00f3grafos Maria Angelini-Santner e Christoph Santner"},{"@type":"BreadcrumbList","@id":"https:\/\/portaltela.pt\/noticias\/2026\/02\/13\/baile-da-opera-de-viena-atrai-5-500-convidados-na-austria\/#breadcrumb","itemListElement":[{"@type":"ListItem","position":1,"name":"In\u00edcio","item":"https:\/\/portaltela.pt\/"},{"@type":"ListItem","position":2,"name":"Baile da \u00d3pera de Viena atrai 5.500 convidados na \u00c1ustria"}]},{"@type":"WebSite","@id":"https:\/\/portaltela.pt\/#website","url":"https:\/\/portaltela.pt\/","name":"Portal Tela Portugal","description":"","potentialAction":[{"@type":"SearchAction","target":{"@type":"EntryPoint","urlTemplate":"https:\/\/portaltela.pt\/?s={search_term_string}"},"query-input":{"@type":"PropertyValueSpecification","valueRequired":true,"valueName":"search_term_string"}}],"inLanguage":"pt-PT"},{"@type":"Person","@id":"https:\/\/portaltela.pt\/#\/schema\/person\/c4278d4a6028830caff9ee44b42d32ed","name":"Telinha","image":{"@type":"ImageObject","inLanguage":"pt-PT","@id":"https:\/\/portaltela.pt\/s.01k8rhncp4jt1\/2025\/11\/talking-bot-125x125.png","url":"https:\/\/portaltela.pt\/s.01k8rhncp4jt1\/2025\/11\/talking-bot-125x125.png","contentUrl":"https:\/\/portaltela.pt\/s.01k8rhncp4jt1\/2025\/11\/talking-bot-125x125.png","caption":"Telinha"},"sameAs":["https:\/\/portaltela.pt\/"],"url":"https:\/\/portaltela.pt\/por\/367410592786\/"}]}},"_links":{"self":[{"href":"https:\/\/portaltela.pt\/api\/wp\/v2\/posts\/210435","targetHints":{"allow":["GET"]}}],"collection":[{"href":"https:\/\/portaltela.pt\/api\/wp\/v2\/posts"}],"about":[{"href":"https:\/\/portaltela.pt\/api\/wp\/v2\/types\/post"}],"author":[{"embeddable":true,"href":"https:\/\/portaltela.pt\/api\/wp\/v2\/users\/2"}],"replies":[{"embeddable":true,"href":"https:\/\/portaltela.pt\/api\/wp\/v2\/comments?post=210435"}],"version-history":[{"count":0,"href":"https:\/\/portaltela.pt\/api\/wp\/v2\/posts\/210435\/revisions"}],"wp:featuredmedia":[{"embeddable":true,"href":"https:\/\/portaltela.pt\/api\/wp\/v2\/media\/210439"}],"wp:attachment":[{"href":"https:\/\/portaltela.pt\/api\/wp\/v2\/media?parent=210435"}],"wp:term":[{"taxonomy":"category","embeddable":true,"href":"https:\/\/portaltela.pt\/api\/wp\/v2\/categories?post=210435"},{"taxonomy":"post_tag","embeddable":true,"href":"https:\/\/portaltela.pt\/api\/wp\/v2\/tags?post=210435"}],"curies":[{"name":"wp","href":"https:\/\/api.w.org\/{rel}","templated":true}]}}