{"id":210433,"date":"2026-02-13T04:44:00","date_gmt":"2026-02-13T07:44:00","guid":{"rendered":"https:\/\/portaltela.pt\/noticias\/2026\/02\/13\/academica-entre-a-ameaca-da-agua-e-a-forca-da-solidariedade\/"},"modified":"2026-02-13T04:44:00","modified_gmt":"2026-02-13T07:44:00","slug":"academica-entre-a-ameaca-da-agua-e-a-forca-da-solidariedade","status":"publish","type":"post","link":"https:\/\/portaltela.pt\/desporto\/futebol\/2026\/02\/13\/academica-entre-a-ameaca-da-agua-e-a-forca-da-solidariedade\/","title":{"rendered":"Acad\u00e9mica entre a amea\u00e7a da \u00e1gua e a for\u00e7a da solidariedade"},"content":{"rendered":"<p>A \u00e1gua das \u00faltimas tempestades atingiu a Acad\u00e9mica, colocando em risco pessoas, infraestruturas e a atividade do clube. O Mondego transbordou e invadiu as instala\u00e7\u00f5es da Briosa, provocando alerta m\u00e1ximo entre a dire\u00e7\u00e3o e os bombeiros. A situa\u00e7\u00e3o permanece sob vigil\u00e2ncia constante.<\/p>\n<p>O presidente Joaquim Reis afirmou, sem rodeios, que a crise ainda n\u00e3o terminou. A prioridade \u00e9 a seguran\u00e7a de quem trabalha no espa\u00e7o e a prote\u00e7\u00e3o dos equipamentos e patrim\u00f3nio do clube. A resposta tem sido coordenada entre a dire\u00e7\u00e3o e as autoridades locais.<\/p>\n<p>Nos \u00faltimos dias, as equipas t\u00eam monitorizado o n\u00edvel da \u00e1gua e o estado das vias de acesso ao complexo desportivo. N\u00e3o houve registo de feridos at\u00e9 ao momento, mas h\u00e1 necessidade de manter planos de conting\u00eancia ativos para evitar danos adicionais.<\/p>\n<h3>A\u00e7\u00e3o e solidariedade<\/h3>\n<p>A equipa dirigente agradece o apoio de toda a comunidade portuguesa que se tem mobilizado. A ajuda externa, combinada com o esfor\u00e7o interno, tem permitido manter atividades suspensas em parte do espa\u00e7o, at\u00e9 que a normalidade seja restabelecida.<\/p>\n<p>A dire\u00e7\u00e3o ressalva que a evolu\u00e7\u00e3o da situa\u00e7\u00e3o depende das previs\u00f5es meteorol\u00f3gicas e da subida ou descida do caudal do Mondego. O objetivo \u00e9 recuperar a operacionalidade o mais rapidamente poss\u00edvel, sem comprometer a seguran\u00e7a de pessoas e bens.<\/p>\n","protected":false},"excerpt":{"rendered":"<ul>\n<li>As tempestades passaram a amea\u00e7a real para a Acad\u00e9mica, com a \u00e1gua a galgar o leito do rio Mondego.<\/li>\n<li>A \u00e1gua chegou \u00e0s instala\u00e7\u00f5es da Briosa, colocando em risco pessoas, infraestruturas e a atividade do clube.<\/li>\n<li>O cen\u00e1rio manteve-se em alerta m\u00e1ximo e sob vigil\u00e2ncia constante.<\/li>\n<li>O presidente Joaquim Reis afirmou que \u201cisto ainda n\u00e3o acabou aqui\u201d, destacando a continuidade da monitoriza\u00e7\u00e3o.<\/li>\n<li>O presidente agradeceu o apoio de todos os portugueses face \u00e0 amea\u00e7a.<\/li>\n<\/ul>\n","protected":false},"author":2,"featured_media":210436,"comment_status":"closed","ping_status":"closed","sticky":false,"template":"","format":"standard","meta":{"footnotes":""},"categories":[21,24],"tags":[3193,3736,3812,971,1070,320],"class_list":["post-210433","post","type-post","status-publish","format-standard","has-post-thumbnail","hentry","category-desporto","category-futebol","tag-academica","tag-academica-de-coimbra","tag-alagamentos","tag-bombeiros","tag-coimbra","tag-protecao-civil"],"yoast_head":"<!-- This site is optimized with the Yoast SEO plugin v27.2 - https:\/\/yoast.com\/product\/yoast-seo-wordpress\/ -->\n<title>Acad\u00e9mica entre a amea\u00e7a da \u00e1gua e a for\u00e7a da solidariedade - Portal Tela Portugal<\/title>\n<meta name=\"robots\" content=\"index, follow, max-snippet:-1, max-image-preview:large, max-video-preview:-1\" \/>\n<meta property=\"og:locale\" content=\"pt_PT\" \/>\n<meta property=\"og:type\" content=\"article\" \/>\n<meta property=\"og:title\" content=\"Acad\u00e9mica entre a amea\u00e7a da \u00e1gua e a for\u00e7a da solidariedade - Portal Tela Portugal\" \/>\n<meta property=\"og:description\" content=\"As tempestades passaram a amea\u00e7a real para a Acad\u00e9mica, com a \u00e1gua a galgar o leito do rio Mondego. A \u00e1gua chegou \u00e0s instala\u00e7\u00f5es da Briosa, colocando em risco pessoas, infraestruturas e a atividade do clube. O cen\u00e1rio manteve-se em alerta m\u00e1ximo e sob vigil\u00e2ncia constante. O presidente Joaquim Reis afirmou que \u201cisto ainda n\u00e3o acabou aqui\u201d, destacando a continuidade da monitoriza\u00e7\u00e3o. O presidente agradeceu o apoio de todos os portugueses face \u00e0 amea\u00e7a.\" \/>\n<meta property=\"og:url\" content=\"https:\/\/portaltela.pt\/noticias\/2026\/02\/13\/academica-entre-a-ameaca-da-agua-e-a-forca-da-solidariedade\/\" \/>\n<meta property=\"og:site_name\" content=\"Portal Tela Portugal\" \/>\n<meta property=\"article:published_time\" content=\"2026-02-13T07:44:00+00:00\" \/>\n<meta name=\"author\" content=\"Telinha\" \/>\n<meta name=\"twitter:card\" content=\"summary_large_image\" \/>\n<meta name=\"twitter:label1\" content=\"Escrito por\" \/>\n\t<meta name=\"twitter:data1\" content=\"Telinha\" \/>\n\t<meta name=\"twitter:label2\" content=\"Tempo estimado de leitura\" \/>\n\t<meta name=\"twitter:data2\" content=\"1 minuto\" \/>\n<script type=\"application\/ld+json\" class=\"yoast-schema-graph\">{\"@context\":\"https:\/\/schema.org\",\"@graph\":[{\"@type\":\"Article\",\"@id\":\"https:\/\/portaltela.pt\/noticias\/2026\/02\/13\/academica-entre-a-ameaca-da-agua-e-a-forca-da-solidariedade\/#article\",\"isPartOf\":{\"@id\":\"https:\/\/portaltela.pt\/noticias\/2026\/02\/13\/academica-entre-a-ameaca-da-agua-e-a-forca-da-solidariedade\/\"},\"author\":{\"name\":\"Telinha\",\"@id\":\"https:\/\/portaltela.pt\/#\/schema\/person\/c4278d4a6028830caff9ee44b42d32ed\"},\"headline\":\"Acad\u00e9mica entre a amea\u00e7a da \u00e1gua e a for\u00e7a da solidariedade\",\"datePublished\":\"2026-02-13T07:44:00+00:00\",\"mainEntityOfPage\":{\"@id\":\"https:\/\/portaltela.pt\/noticias\/2026\/02\/13\/academica-entre-a-ameaca-da-agua-e-a-forca-da-solidariedade\/\"},\"wordCount\":246,\"image\":{\"@id\":\"https:\/\/portaltela.pt\/noticias\/2026\/02\/13\/academica-entre-a-ameaca-da-agua-e-a-forca-da-solidariedade\/#primaryimage\"},\"thumbnailUrl\":\"https:\/\/portaltela.pt\/s.01k8rhncp4jt1\/2026\/02\/img_920x518uu2026-02-12-23-56-46-2421276.jpg\",\"keywords\":[\"Acad\u00e9mica\",\"Acad\u00e9mica de Coimbra\",\"alagamentos\",\"bombeiros\",\"Coimbra\",\"prote\u00e7\u00e3o civil\"],\"articleSection\":[\"Desporto\",\"Futebol\"],\"inLanguage\":\"pt-PT\"},{\"@type\":\"WebPage\",\"@id\":\"https:\/\/portaltela.pt\/noticias\/2026\/02\/13\/academica-entre-a-ameaca-da-agua-e-a-forca-da-solidariedade\/\",\"url\":\"https:\/\/portaltela.pt\/noticias\/2026\/02\/13\/academica-entre-a-ameaca-da-agua-e-a-forca-da-solidariedade\/\",\"name\":\"Acad\u00e9mica entre a amea\u00e7a da \u00e1gua e a for\u00e7a da solidariedade - Portal Tela Portugal\",\"isPartOf\":{\"@id\":\"https:\/\/portaltela.pt\/#website\"},\"primaryImageOfPage\":{\"@id\":\"https:\/\/portaltela.pt\/noticias\/2026\/02\/13\/academica-entre-a-ameaca-da-agua-e-a-forca-da-solidariedade\/#primaryimage\"},\"image\":{\"@id\":\"https:\/\/portaltela.pt\/noticias\/2026\/02\/13\/academica-entre-a-ameaca-da-agua-e-a-forca-da-solidariedade\/#primaryimage\"},\"thumbnailUrl\":\"https:\/\/portaltela.pt\/s.01k8rhncp4jt1\/2026\/02\/img_920x518uu2026-02-12-23-56-46-2421276.jpg\",\"datePublished\":\"2026-02-13T07:44:00+00:00\",\"author\":{\"@id\":\"https:\/\/portaltela.pt\/#\/schema\/person\/c4278d4a6028830caff9ee44b42d32ed\"},\"breadcrumb\":{\"@id\":\"https:\/\/portaltela.pt\/noticias\/2026\/02\/13\/academica-entre-a-ameaca-da-agua-e-a-forca-da-solidariedade\/#breadcrumb\"},\"inLanguage\":\"pt-PT\",\"potentialAction\":[{\"@type\":\"ReadAction\",\"target\":[\"https:\/\/portaltela.pt\/noticias\/2026\/02\/13\/academica-entre-a-ameaca-da-agua-e-a-forca-da-solidariedade\/\"]}]},{\"@type\":\"ImageObject\",\"inLanguage\":\"pt-PT\",\"@id\":\"https:\/\/portaltela.pt\/noticias\/2026\/02\/13\/academica-entre-a-ameaca-da-agua-e-a-forca-da-solidariedade\/#primaryimage\",\"url\":\"https:\/\/portaltela.pt\/s.01k8rhncp4jt1\/2026\/02\/img_920x518uu2026-02-12-23-56-46-2421276.jpg\",\"contentUrl\":\"https:\/\/portaltela.pt\/s.01k8rhncp4jt1\/2026\/02\/img_920x518uu2026-02-12-23-56-46-2421276.jpg\",\"width\":796,\"height\":448,\"caption\":\"Presidente da Briosa agradece o apoio portugu\u00eas face \u00e0 amea\u00e7a\"},{\"@type\":\"BreadcrumbList\",\"@id\":\"https:\/\/portaltela.pt\/noticias\/2026\/02\/13\/academica-entre-a-ameaca-da-agua-e-a-forca-da-solidariedade\/#breadcrumb\",\"itemListElement\":[{\"@type\":\"ListItem\",\"position\":1,\"name\":\"In\u00edcio\",\"item\":\"https:\/\/portaltela.pt\/\"},{\"@type\":\"ListItem\",\"position\":2,\"name\":\"Acad\u00e9mica entre a amea\u00e7a da \u00e1gua e a for\u00e7a da solidariedade\"}]},{\"@type\":\"WebSite\",\"@id\":\"https:\/\/portaltela.pt\/#website\",\"url\":\"https:\/\/portaltela.pt\/\",\"name\":\"Portal Tela Portugal\",\"description\":\"\",\"potentialAction\":[{\"@type\":\"SearchAction\",\"target\":{\"@type\":\"EntryPoint\",\"urlTemplate\":\"https:\/\/portaltela.pt\/?s={search_term_string}\"},\"query-input\":{\"@type\":\"PropertyValueSpecification\",\"valueRequired\":true,\"valueName\":\"search_term_string\"}}],\"inLanguage\":\"pt-PT\"},{\"@type\":\"Person\",\"@id\":\"https:\/\/portaltela.pt\/#\/schema\/person\/c4278d4a6028830caff9ee44b42d32ed\",\"name\":\"Telinha\",\"image\":{\"@type\":\"ImageObject\",\"inLanguage\":\"pt-PT\",\"@id\":\"https:\/\/portaltela.pt\/s.01k8rhncp4jt1\/2025\/11\/talking-bot-125x125.png\",\"url\":\"https:\/\/portaltela.pt\/s.01k8rhncp4jt1\/2025\/11\/talking-bot-125x125.png\",\"contentUrl\":\"https:\/\/portaltela.pt\/s.01k8rhncp4jt1\/2025\/11\/talking-bot-125x125.png\",\"caption\":\"Telinha\"},\"sameAs\":[\"https:\/\/portaltela.pt\/\"],\"url\":\"https:\/\/portaltela.pt\/por\/367410592786\/\"}]}<\/script>\n<!-- \/ Yoast SEO plugin. -->","yoast_head_json":{"title":"Acad\u00e9mica entre a amea\u00e7a da \u00e1gua e a for\u00e7a da solidariedade - Portal Tela Portugal","robots":{"index":"index","follow":"follow","max-snippet":"max-snippet:-1","max-image-preview":"max-image-preview:large","max-video-preview":"max-video-preview:-1"},"og_locale":"pt_PT","og_type":"article","og_title":"Acad\u00e9mica entre a amea\u00e7a da \u00e1gua e a for\u00e7a da solidariedade - Portal Tela Portugal","og_description":"As tempestades passaram a amea\u00e7a real para a Acad\u00e9mica, com a \u00e1gua a galgar o leito do rio Mondego. A \u00e1gua chegou \u00e0s instala\u00e7\u00f5es da Briosa, colocando em risco pessoas, infraestruturas e a atividade do clube. O cen\u00e1rio manteve-se em alerta m\u00e1ximo e sob vigil\u00e2ncia constante. O presidente Joaquim Reis afirmou que \u201cisto ainda n\u00e3o acabou aqui\u201d, destacando a continuidade da monitoriza\u00e7\u00e3o. O presidente agradeceu o apoio de todos os portugueses face \u00e0 amea\u00e7a.","og_url":"https:\/\/portaltela.pt\/noticias\/2026\/02\/13\/academica-entre-a-ameaca-da-agua-e-a-forca-da-solidariedade\/","og_site_name":"Portal Tela Portugal","article_published_time":"2026-02-13T07:44:00+00:00","author":"Telinha","twitter_card":"summary_large_image","twitter_misc":{"Escrito por":"Telinha","Tempo estimado de leitura":"1 minuto"},"schema":{"@context":"https:\/\/schema.org","@graph":[{"@type":"Article","@id":"https:\/\/portaltela.pt\/noticias\/2026\/02\/13\/academica-entre-a-ameaca-da-agua-e-a-forca-da-solidariedade\/#article","isPartOf":{"@id":"https:\/\/portaltela.pt\/noticias\/2026\/02\/13\/academica-entre-a-ameaca-da-agua-e-a-forca-da-solidariedade\/"},"author":{"name":"Telinha","@id":"https:\/\/portaltela.pt\/#\/schema\/person\/c4278d4a6028830caff9ee44b42d32ed"},"headline":"Acad\u00e9mica entre a amea\u00e7a da \u00e1gua e a for\u00e7a da solidariedade","datePublished":"2026-02-13T07:44:00+00:00","mainEntityOfPage":{"@id":"https:\/\/portaltela.pt\/noticias\/2026\/02\/13\/academica-entre-a-ameaca-da-agua-e-a-forca-da-solidariedade\/"},"wordCount":246,"image":{"@id":"https:\/\/portaltela.pt\/noticias\/2026\/02\/13\/academica-entre-a-ameaca-da-agua-e-a-forca-da-solidariedade\/#primaryimage"},"thumbnailUrl":"https:\/\/portaltela.pt\/s.01k8rhncp4jt1\/2026\/02\/img_920x518uu2026-02-12-23-56-46-2421276.jpg","keywords":["Acad\u00e9mica","Acad\u00e9mica de Coimbra","alagamentos","bombeiros","Coimbra","prote\u00e7\u00e3o civil"],"articleSection":["Desporto","Futebol"],"inLanguage":"pt-PT"},{"@type":"WebPage","@id":"https:\/\/portaltela.pt\/noticias\/2026\/02\/13\/academica-entre-a-ameaca-da-agua-e-a-forca-da-solidariedade\/","url":"https:\/\/portaltela.pt\/noticias\/2026\/02\/13\/academica-entre-a-ameaca-da-agua-e-a-forca-da-solidariedade\/","name":"Acad\u00e9mica entre a amea\u00e7a da \u00e1gua e a for\u00e7a da solidariedade - Portal Tela Portugal","isPartOf":{"@id":"https:\/\/portaltela.pt\/#website"},"primaryImageOfPage":{"@id":"https:\/\/portaltela.pt\/noticias\/2026\/02\/13\/academica-entre-a-ameaca-da-agua-e-a-forca-da-solidariedade\/#primaryimage"},"image":{"@id":"https:\/\/portaltela.pt\/noticias\/2026\/02\/13\/academica-entre-a-ameaca-da-agua-e-a-forca-da-solidariedade\/#primaryimage"},"thumbnailUrl":"https:\/\/portaltela.pt\/s.01k8rhncp4jt1\/2026\/02\/img_920x518uu2026-02-12-23-56-46-2421276.jpg","datePublished":"2026-02-13T07:44:00+00:00","author":{"@id":"https:\/\/portaltela.pt\/#\/schema\/person\/c4278d4a6028830caff9ee44b42d32ed"},"breadcrumb":{"@id":"https:\/\/portaltela.pt\/noticias\/2026\/02\/13\/academica-entre-a-ameaca-da-agua-e-a-forca-da-solidariedade\/#breadcrumb"},"inLanguage":"pt-PT","potentialAction":[{"@type":"ReadAction","target":["https:\/\/portaltela.pt\/noticias\/2026\/02\/13\/academica-entre-a-ameaca-da-agua-e-a-forca-da-solidariedade\/"]}]},{"@type":"ImageObject","inLanguage":"pt-PT","@id":"https:\/\/portaltela.pt\/noticias\/2026\/02\/13\/academica-entre-a-ameaca-da-agua-e-a-forca-da-solidariedade\/#primaryimage","url":"https:\/\/portaltela.pt\/s.01k8rhncp4jt1\/2026\/02\/img_920x518uu2026-02-12-23-56-46-2421276.jpg","contentUrl":"https:\/\/portaltela.pt\/s.01k8rhncp4jt1\/2026\/02\/img_920x518uu2026-02-12-23-56-46-2421276.jpg","width":796,"height":448,"caption":"Presidente da Briosa agradece o apoio portugu\u00eas face \u00e0 amea\u00e7a"},{"@type":"BreadcrumbList","@id":"https:\/\/portaltela.pt\/noticias\/2026\/02\/13\/academica-entre-a-ameaca-da-agua-e-a-forca-da-solidariedade\/#breadcrumb","itemListElement":[{"@type":"ListItem","position":1,"name":"In\u00edcio","item":"https:\/\/portaltela.pt\/"},{"@type":"ListItem","position":2,"name":"Acad\u00e9mica entre a amea\u00e7a da \u00e1gua e a for\u00e7a da solidariedade"}]},{"@type":"WebSite","@id":"https:\/\/portaltela.pt\/#website","url":"https:\/\/portaltela.pt\/","name":"Portal Tela Portugal","description":"","potentialAction":[{"@type":"SearchAction","target":{"@type":"EntryPoint","urlTemplate":"https:\/\/portaltela.pt\/?s={search_term_string}"},"query-input":{"@type":"PropertyValueSpecification","valueRequired":true,"valueName":"search_term_string"}}],"inLanguage":"pt-PT"},{"@type":"Person","@id":"https:\/\/portaltela.pt\/#\/schema\/person\/c4278d4a6028830caff9ee44b42d32ed","name":"Telinha","image":{"@type":"ImageObject","inLanguage":"pt-PT","@id":"https:\/\/portaltela.pt\/s.01k8rhncp4jt1\/2025\/11\/talking-bot-125x125.png","url":"https:\/\/portaltela.pt\/s.01k8rhncp4jt1\/2025\/11\/talking-bot-125x125.png","contentUrl":"https:\/\/portaltela.pt\/s.01k8rhncp4jt1\/2025\/11\/talking-bot-125x125.png","caption":"Telinha"},"sameAs":["https:\/\/portaltela.pt\/"],"url":"https:\/\/portaltela.pt\/por\/367410592786\/"}]}},"_links":{"self":[{"href":"https:\/\/portaltela.pt\/api\/wp\/v2\/posts\/210433","targetHints":{"allow":["GET"]}}],"collection":[{"href":"https:\/\/portaltela.pt\/api\/wp\/v2\/posts"}],"about":[{"href":"https:\/\/portaltela.pt\/api\/wp\/v2\/types\/post"}],"author":[{"embeddable":true,"href":"https:\/\/portaltela.pt\/api\/wp\/v2\/users\/2"}],"replies":[{"embeddable":true,"href":"https:\/\/portaltela.pt\/api\/wp\/v2\/comments?post=210433"}],"version-history":[{"count":0,"href":"https:\/\/portaltela.pt\/api\/wp\/v2\/posts\/210433\/revisions"}],"wp:featuredmedia":[{"embeddable":true,"href":"https:\/\/portaltela.pt\/api\/wp\/v2\/media\/210436"}],"wp:attachment":[{"href":"https:\/\/portaltela.pt\/api\/wp\/v2\/media?parent=210433"}],"wp:term":[{"taxonomy":"category","embeddable":true,"href":"https:\/\/portaltela.pt\/api\/wp\/v2\/categories?post=210433"},{"taxonomy":"post_tag","embeddable":true,"href":"https:\/\/portaltela.pt\/api\/wp\/v2\/tags?post=210433"}],"curies":[{"name":"wp","href":"https:\/\/api.w.org\/{rel}","templated":true}]}}