{"id":210432,"date":"2026-02-13T04:34:00","date_gmt":"2026-02-13T07:34:00","guid":{"rendered":"https:\/\/portaltela.pt\/noticias\/2026\/02\/13\/dez-pessoas-retiradas-por-precaucao-em-sobral-de-monte-agraco-devido-a-deslizamentos\/"},"modified":"2026-02-13T04:34:00","modified_gmt":"2026-02-13T07:34:00","slug":"dez-pessoas-retiradas-por-precaucao-em-sobral-de-monte-agraco-devido-a-deslizamentos","status":"publish","type":"post","link":"https:\/\/portaltela.pt\/noticias\/2026\/02\/13\/dez-pessoas-retiradas-por-precaucao-em-sobral-de-monte-agraco-devido-a-deslizamentos\/","title":{"rendered":"Dez pessoas retiradas por precau\u00e7\u00e3o em Sobral de Monte Agra\u00e7o devido a deslizamentos"},"content":{"rendered":"<p>Duas centenas de palavras n\u00e3o bastam para descrever a persist\u00eancia de chuvas fortes na regi\u00e3o de Lisboa, mas este registo acompanha a evolu\u00e7\u00e3o de uma noite marcada por deslizamentos e inunda\u00e7\u00f5es. Em Sobral de Monte Agra\u00e7o, no distrito de Lisboa, dez pessoas foram retiradas de casa por precau\u00e7\u00e3o devido a amea\u00e7as de solo e \u00e1gua, segundo a prote\u00e7\u00e3o civil.<\/p>\n<p>Quatro residentes de P\u00e9 do Monte foram obrigados a abandonar as habita\u00e7\u00f5es ap\u00f3s um deslizamento de terra. Seis outras pessoas, em Casal da Barqueira, foram removidas por risco de inunda\u00e7\u00e3o e encaminhadas para uma estrutura de turismo rural.<\/p>\n<h3>Ocorr\u00eancia e evacua\u00e7\u00f5es<\/h3>\n<p>A prote\u00e7\u00e3o civil confirmou ocorr\u00eancias associadas \u00e0 chuva intensa ao longo da noite, com v\u00e1rias vias parcialmente interditas. A EN 8 est\u00e1 fechada entre os km 75,3 e 76,3, e entre o km 1,3 e 3, em Ferven\u00e7a, Alcoba\u00e7a, devido a inunda\u00e7\u00f5es. A EN 361 tamb\u00e9m permanece cortada no km 11, na Lourinh\u00e3, devido a deslizamento.<\/p>\n<h3>Contexto meteorol\u00f3gico e impactos<\/h3>\n<p>A ANEPC alertou para agravamento das condi\u00e7\u00f5es meteorol\u00f3gicas que podem afetar a Grande Lisboa e a Pen\u00ednsula de Set\u00fabal. Este temporal j\u00e1 deixou 16 v\u00edtimas mortais em Portugal continental, com centenas de feridos e desalojados, e danos generalizados a infraestruturas, habita\u00e7\u00f5es e servi\u00e7os.<\/p>\n<h3>Registo de danos e medidas governamentais<\/h3>\n<p>Registam-se destrui\u00e7\u00e3o parcial ou total de casas, quedas de \u00e1rvores, fecho de estradas, escolas e servi\u00e7os de transporte, bem como cortes de energia, \u00e1gua e comunica\u00e7\u00f5es. As regi\u00f5es mais afetadas s\u00e3o Centro, Lisboa e Vale do Tejo, e Alentejo. O Governo prorrogou o estado de calamidade at\u00e9 15 de dezembro para 68 concelhos, com medidas de apoio at\u00e9 2,5 mil milh\u00f5es de euros.<\/p>\n","protected":false},"excerpt":{"rendered":"<ul>\n<li>Dez pessoas foram retiradas por precau\u00e7\u00e3o durante a noite em Sobral de Monte Agra\u00e7o (Lisboa) devido a deslizamentos de terra e inunda\u00e7\u00e3o.<\/li>\n<li>Quatro pessoas sa\u00edram de P\u00e9 do Monte por deslizamento; as outras seis, em Casal da Barqueira, por risco de inunda\u00e7\u00e3o, foram alojadas numa estrutura de turismo rural.<\/li>\n<li>Durante a noite houve v\u00e1rias ocorr\u00eancias devido \u00e0 chuva forte; estas trouxeram vias interditas, incluindo a EN 8 no Bombarral e em Ferven\u00e7a (Alcoba\u00e7a) e a EN 361 na Lourinh\u00e3 por deslizamento.<\/li>\n<li>A Autoridade Nacional de Emerg\u00eancia e Prote\u00e7\u00e3o Civil (ANEPC) alertou para agravamento das condi\u00e7\u00f5es meteorol\u00f3gicas na regi\u00e3o de Lisboa e da Pen\u00ednsula de Set\u00fabal.<\/li>\n<li>Em paralelo, Portugal registra v\u00e1rias mortes e feridos por depress\u00f5es anteriores; o Governo prolongou a situa\u00e7\u00e3o de calamidade para 68 concelhos e anunciou apoio at\u00e9 2,5 mil milh\u00f5es de euros.<\/li>\n<\/ul>\n","protected":false},"author":2,"featured_media":210434,"comment_status":"closed","ping_status":"closed","sticky":false,"template":"","format":"standard","meta":{"footnotes":""},"categories":[1],"tags":[4687,3735,2293,981,320,5648],"class_list":["post-210432","post","type-post","status-publish","format-standard","has-post-thumbnail","hentry","category-noticias","tag-calamidade-publica","tag-deslizamentos","tag-inundacoes","tag-lisboa","tag-protecao-civil","tag-sobral-de-monte-agraco"],"yoast_head":"<!-- This site is optimized with the Yoast SEO plugin v27.2 - https:\/\/yoast.com\/product\/yoast-seo-wordpress\/ -->\n<title>Dez pessoas retiradas por precau\u00e7\u00e3o em Sobral de Monte Agra\u00e7o devido a deslizamentos - Portal Tela Portugal<\/title>\n<meta name=\"robots\" content=\"index, follow, max-snippet:-1, max-image-preview:large, max-video-preview:-1\" \/>\n<meta property=\"og:locale\" content=\"pt_PT\" \/>\n<meta property=\"og:type\" content=\"article\" \/>\n<meta property=\"og:title\" content=\"Dez pessoas retiradas por precau\u00e7\u00e3o em Sobral de Monte Agra\u00e7o devido a deslizamentos - Portal Tela Portugal\" \/>\n<meta property=\"og:description\" content=\"Dez pessoas foram retiradas por precau\u00e7\u00e3o durante a noite em Sobral de Monte Agra\u00e7o (Lisboa) devido a deslizamentos de terra e inunda\u00e7\u00e3o. Quatro pessoas sa\u00edram de P\u00e9 do Monte por deslizamento; as outras seis, em Casal da Barqueira, por risco de inunda\u00e7\u00e3o, foram alojadas numa estrutura de turismo rural. Durante a noite houve v\u00e1rias ocorr\u00eancias devido \u00e0 chuva forte; estas trouxeram vias interditas, incluindo a EN 8 no Bombarral e em Ferven\u00e7a (Alcoba\u00e7a) e a EN 361 na Lourinh\u00e3 por deslizamento. A Autoridade Nacional de Emerg\u00eancia e Prote\u00e7\u00e3o Civil (ANEPC) alertou para agravamento das condi\u00e7\u00f5es meteorol\u00f3gicas na regi\u00e3o de Lisboa e da Pen\u00ednsula de Set\u00fabal. Em paralelo, Portugal registra v\u00e1rias mortes e feridos por depress\u00f5es anteriores; o Governo prolongou a situa\u00e7\u00e3o de calamidade para 68 concelhos e anunciou apoio at\u00e9 2,5 mil milh\u00f5es de euros.\" \/>\n<meta property=\"og:url\" content=\"https:\/\/portaltela.pt\/noticias\/2026\/02\/13\/dez-pessoas-retiradas-por-precaucao-em-sobral-de-monte-agraco-devido-a-deslizamentos\/\" \/>\n<meta property=\"og:site_name\" content=\"Portal Tela Portugal\" \/>\n<meta property=\"article:published_time\" content=\"2026-02-13T07:34:00+00:00\" \/>\n<meta name=\"author\" content=\"Telinha\" \/>\n<meta name=\"twitter:card\" content=\"summary_large_image\" \/>\n<meta name=\"twitter:label1\" content=\"Escrito por\" \/>\n\t<meta name=\"twitter:data1\" content=\"Telinha\" \/>\n\t<meta name=\"twitter:label2\" content=\"Tempo estimado de leitura\" \/>\n\t<meta name=\"twitter:data2\" content=\"1 minuto\" \/>\n<script type=\"application\/ld+json\" class=\"yoast-schema-graph\">{\"@context\":\"https:\/\/schema.org\",\"@graph\":[{\"@type\":\"Article\",\"@id\":\"https:\/\/portaltela.pt\/noticias\/2026\/02\/13\/dez-pessoas-retiradas-por-precaucao-em-sobral-de-monte-agraco-devido-a-deslizamentos\/#article\",\"isPartOf\":{\"@id\":\"https:\/\/portaltela.pt\/noticias\/2026\/02\/13\/dez-pessoas-retiradas-por-precaucao-em-sobral-de-monte-agraco-devido-a-deslizamentos\/\"},\"author\":{\"name\":\"Telinha\",\"@id\":\"https:\/\/portaltela.pt\/#\/schema\/person\/c4278d4a6028830caff9ee44b42d32ed\"},\"headline\":\"Dez pessoas retiradas por precau\u00e7\u00e3o em Sobral de Monte Agra\u00e7o devido a deslizamentos\",\"datePublished\":\"2026-02-13T07:34:00+00:00\",\"mainEntityOfPage\":{\"@id\":\"https:\/\/portaltela.pt\/noticias\/2026\/02\/13\/dez-pessoas-retiradas-por-precaucao-em-sobral-de-monte-agraco-devido-a-deslizamentos\/\"},\"wordCount\":310,\"image\":{\"@id\":\"https:\/\/portaltela.pt\/noticias\/2026\/02\/13\/dez-pessoas-retiradas-por-precaucao-em-sobral-de-monte-agraco-devido-a-deslizamentos\/#primaryimage\"},\"thumbnailUrl\":\"https:\/\/portaltela.pt\/s.01k8rhncp4jt1\/2026\/02\/img_1500x1000uu2022-09-29-15-18-00-1188683-4.jpg\",\"keywords\":[\"calamidade p\u00fablica\",\"deslizamentos\",\"inunda\u00e7\u00f5es\",\"Lisboa\",\"prote\u00e7\u00e3o civil\",\"Sobral de Monte Agra\u00e7o\"],\"articleSection\":[\"Not\u00edcias\"],\"inLanguage\":\"pt-PT\"},{\"@type\":\"WebPage\",\"@id\":\"https:\/\/portaltela.pt\/noticias\/2026\/02\/13\/dez-pessoas-retiradas-por-precaucao-em-sobral-de-monte-agraco-devido-a-deslizamentos\/\",\"url\":\"https:\/\/portaltela.pt\/noticias\/2026\/02\/13\/dez-pessoas-retiradas-por-precaucao-em-sobral-de-monte-agraco-devido-a-deslizamentos\/\",\"name\":\"Dez pessoas retiradas por precau\u00e7\u00e3o em Sobral de Monte Agra\u00e7o devido a deslizamentos - Portal Tela Portugal\",\"isPartOf\":{\"@id\":\"https:\/\/portaltela.pt\/#website\"},\"primaryImageOfPage\":{\"@id\":\"https:\/\/portaltela.pt\/noticias\/2026\/02\/13\/dez-pessoas-retiradas-por-precaucao-em-sobral-de-monte-agraco-devido-a-deslizamentos\/#primaryimage\"},\"image\":{\"@id\":\"https:\/\/portaltela.pt\/noticias\/2026\/02\/13\/dez-pessoas-retiradas-por-precaucao-em-sobral-de-monte-agraco-devido-a-deslizamentos\/#primaryimage\"},\"thumbnailUrl\":\"https:\/\/portaltela.pt\/s.01k8rhncp4jt1\/2026\/02\/img_1500x1000uu2022-09-29-15-18-00-1188683-4.jpg\",\"datePublished\":\"2026-02-13T07:34:00+00:00\",\"author\":{\"@id\":\"https:\/\/portaltela.pt\/#\/schema\/person\/c4278d4a6028830caff9ee44b42d32ed\"},\"breadcrumb\":{\"@id\":\"https:\/\/portaltela.pt\/noticias\/2026\/02\/13\/dez-pessoas-retiradas-por-precaucao-em-sobral-de-monte-agraco-devido-a-deslizamentos\/#breadcrumb\"},\"inLanguage\":\"pt-PT\",\"potentialAction\":[{\"@type\":\"ReadAction\",\"target\":[\"https:\/\/portaltela.pt\/noticias\/2026\/02\/13\/dez-pessoas-retiradas-por-precaucao-em-sobral-de-monte-agraco-devido-a-deslizamentos\/\"]}]},{\"@type\":\"ImageObject\",\"inLanguage\":\"pt-PT\",\"@id\":\"https:\/\/portaltela.pt\/noticias\/2026\/02\/13\/dez-pessoas-retiradas-por-precaucao-em-sobral-de-monte-agraco-devido-a-deslizamentos\/#primaryimage\",\"url\":\"https:\/\/portaltela.pt\/s.01k8rhncp4jt1\/2026\/02\/img_1500x1000uu2022-09-29-15-18-00-1188683-4.jpg\",\"contentUrl\":\"https:\/\/portaltela.pt\/s.01k8rhncp4jt1\/2026\/02\/img_1500x1000uu2022-09-29-15-18-00-1188683-4.jpg\",\"width\":796,\"height\":448,\"caption\":\"Bombeiros\"},{\"@type\":\"BreadcrumbList\",\"@id\":\"https:\/\/portaltela.pt\/noticias\/2026\/02\/13\/dez-pessoas-retiradas-por-precaucao-em-sobral-de-monte-agraco-devido-a-deslizamentos\/#breadcrumb\",\"itemListElement\":[{\"@type\":\"ListItem\",\"position\":1,\"name\":\"In\u00edcio\",\"item\":\"https:\/\/portaltela.pt\/\"},{\"@type\":\"ListItem\",\"position\":2,\"name\":\"Dez pessoas retiradas por precau\u00e7\u00e3o em Sobral de Monte Agra\u00e7o devido a deslizamentos\"}]},{\"@type\":\"WebSite\",\"@id\":\"https:\/\/portaltela.pt\/#website\",\"url\":\"https:\/\/portaltela.pt\/\",\"name\":\"Portal Tela Portugal\",\"description\":\"\",\"potentialAction\":[{\"@type\":\"SearchAction\",\"target\":{\"@type\":\"EntryPoint\",\"urlTemplate\":\"https:\/\/portaltela.pt\/?s={search_term_string}\"},\"query-input\":{\"@type\":\"PropertyValueSpecification\",\"valueRequired\":true,\"valueName\":\"search_term_string\"}}],\"inLanguage\":\"pt-PT\"},{\"@type\":\"Person\",\"@id\":\"https:\/\/portaltela.pt\/#\/schema\/person\/c4278d4a6028830caff9ee44b42d32ed\",\"name\":\"Telinha\",\"image\":{\"@type\":\"ImageObject\",\"inLanguage\":\"pt-PT\",\"@id\":\"https:\/\/portaltela.pt\/s.01k8rhncp4jt1\/2025\/11\/talking-bot-125x125.png\",\"url\":\"https:\/\/portaltela.pt\/s.01k8rhncp4jt1\/2025\/11\/talking-bot-125x125.png\",\"contentUrl\":\"https:\/\/portaltela.pt\/s.01k8rhncp4jt1\/2025\/11\/talking-bot-125x125.png\",\"caption\":\"Telinha\"},\"sameAs\":[\"https:\/\/portaltela.pt\/\"],\"url\":\"https:\/\/portaltela.pt\/por\/367410592786\/\"}]}<\/script>\n<!-- \/ Yoast SEO plugin. -->","yoast_head_json":{"title":"Dez pessoas retiradas por precau\u00e7\u00e3o em Sobral de Monte Agra\u00e7o devido a deslizamentos - Portal Tela Portugal","robots":{"index":"index","follow":"follow","max-snippet":"max-snippet:-1","max-image-preview":"max-image-preview:large","max-video-preview":"max-video-preview:-1"},"og_locale":"pt_PT","og_type":"article","og_title":"Dez pessoas retiradas por precau\u00e7\u00e3o em Sobral de Monte Agra\u00e7o devido a deslizamentos - Portal Tela Portugal","og_description":"Dez pessoas foram retiradas por precau\u00e7\u00e3o durante a noite em Sobral de Monte Agra\u00e7o (Lisboa) devido a deslizamentos de terra e inunda\u00e7\u00e3o. Quatro pessoas sa\u00edram de P\u00e9 do Monte por deslizamento; as outras seis, em Casal da Barqueira, por risco de inunda\u00e7\u00e3o, foram alojadas numa estrutura de turismo rural. Durante a noite houve v\u00e1rias ocorr\u00eancias devido \u00e0 chuva forte; estas trouxeram vias interditas, incluindo a EN 8 no Bombarral e em Ferven\u00e7a (Alcoba\u00e7a) e a EN 361 na Lourinh\u00e3 por deslizamento. A Autoridade Nacional de Emerg\u00eancia e Prote\u00e7\u00e3o Civil (ANEPC) alertou para agravamento das condi\u00e7\u00f5es meteorol\u00f3gicas na regi\u00e3o de Lisboa e da Pen\u00ednsula de Set\u00fabal. Em paralelo, Portugal registra v\u00e1rias mortes e feridos por depress\u00f5es anteriores; o Governo prolongou a situa\u00e7\u00e3o de calamidade para 68 concelhos e anunciou apoio at\u00e9 2,5 mil milh\u00f5es de euros.","og_url":"https:\/\/portaltela.pt\/noticias\/2026\/02\/13\/dez-pessoas-retiradas-por-precaucao-em-sobral-de-monte-agraco-devido-a-deslizamentos\/","og_site_name":"Portal Tela Portugal","article_published_time":"2026-02-13T07:34:00+00:00","author":"Telinha","twitter_card":"summary_large_image","twitter_misc":{"Escrito por":"Telinha","Tempo estimado de leitura":"1 minuto"},"schema":{"@context":"https:\/\/schema.org","@graph":[{"@type":"Article","@id":"https:\/\/portaltela.pt\/noticias\/2026\/02\/13\/dez-pessoas-retiradas-por-precaucao-em-sobral-de-monte-agraco-devido-a-deslizamentos\/#article","isPartOf":{"@id":"https:\/\/portaltela.pt\/noticias\/2026\/02\/13\/dez-pessoas-retiradas-por-precaucao-em-sobral-de-monte-agraco-devido-a-deslizamentos\/"},"author":{"name":"Telinha","@id":"https:\/\/portaltela.pt\/#\/schema\/person\/c4278d4a6028830caff9ee44b42d32ed"},"headline":"Dez pessoas retiradas por precau\u00e7\u00e3o em Sobral de Monte Agra\u00e7o devido a deslizamentos","datePublished":"2026-02-13T07:34:00+00:00","mainEntityOfPage":{"@id":"https:\/\/portaltela.pt\/noticias\/2026\/02\/13\/dez-pessoas-retiradas-por-precaucao-em-sobral-de-monte-agraco-devido-a-deslizamentos\/"},"wordCount":310,"image":{"@id":"https:\/\/portaltela.pt\/noticias\/2026\/02\/13\/dez-pessoas-retiradas-por-precaucao-em-sobral-de-monte-agraco-devido-a-deslizamentos\/#primaryimage"},"thumbnailUrl":"https:\/\/portaltela.pt\/s.01k8rhncp4jt1\/2026\/02\/img_1500x1000uu2022-09-29-15-18-00-1188683-4.jpg","keywords":["calamidade p\u00fablica","deslizamentos","inunda\u00e7\u00f5es","Lisboa","prote\u00e7\u00e3o civil","Sobral de Monte Agra\u00e7o"],"articleSection":["Not\u00edcias"],"inLanguage":"pt-PT"},{"@type":"WebPage","@id":"https:\/\/portaltela.pt\/noticias\/2026\/02\/13\/dez-pessoas-retiradas-por-precaucao-em-sobral-de-monte-agraco-devido-a-deslizamentos\/","url":"https:\/\/portaltela.pt\/noticias\/2026\/02\/13\/dez-pessoas-retiradas-por-precaucao-em-sobral-de-monte-agraco-devido-a-deslizamentos\/","name":"Dez pessoas retiradas por precau\u00e7\u00e3o em Sobral de Monte Agra\u00e7o devido a deslizamentos - Portal Tela Portugal","isPartOf":{"@id":"https:\/\/portaltela.pt\/#website"},"primaryImageOfPage":{"@id":"https:\/\/portaltela.pt\/noticias\/2026\/02\/13\/dez-pessoas-retiradas-por-precaucao-em-sobral-de-monte-agraco-devido-a-deslizamentos\/#primaryimage"},"image":{"@id":"https:\/\/portaltela.pt\/noticias\/2026\/02\/13\/dez-pessoas-retiradas-por-precaucao-em-sobral-de-monte-agraco-devido-a-deslizamentos\/#primaryimage"},"thumbnailUrl":"https:\/\/portaltela.pt\/s.01k8rhncp4jt1\/2026\/02\/img_1500x1000uu2022-09-29-15-18-00-1188683-4.jpg","datePublished":"2026-02-13T07:34:00+00:00","author":{"@id":"https:\/\/portaltela.pt\/#\/schema\/person\/c4278d4a6028830caff9ee44b42d32ed"},"breadcrumb":{"@id":"https:\/\/portaltela.pt\/noticias\/2026\/02\/13\/dez-pessoas-retiradas-por-precaucao-em-sobral-de-monte-agraco-devido-a-deslizamentos\/#breadcrumb"},"inLanguage":"pt-PT","potentialAction":[{"@type":"ReadAction","target":["https:\/\/portaltela.pt\/noticias\/2026\/02\/13\/dez-pessoas-retiradas-por-precaucao-em-sobral-de-monte-agraco-devido-a-deslizamentos\/"]}]},{"@type":"ImageObject","inLanguage":"pt-PT","@id":"https:\/\/portaltela.pt\/noticias\/2026\/02\/13\/dez-pessoas-retiradas-por-precaucao-em-sobral-de-monte-agraco-devido-a-deslizamentos\/#primaryimage","url":"https:\/\/portaltela.pt\/s.01k8rhncp4jt1\/2026\/02\/img_1500x1000uu2022-09-29-15-18-00-1188683-4.jpg","contentUrl":"https:\/\/portaltela.pt\/s.01k8rhncp4jt1\/2026\/02\/img_1500x1000uu2022-09-29-15-18-00-1188683-4.jpg","width":796,"height":448,"caption":"Bombeiros"},{"@type":"BreadcrumbList","@id":"https:\/\/portaltela.pt\/noticias\/2026\/02\/13\/dez-pessoas-retiradas-por-precaucao-em-sobral-de-monte-agraco-devido-a-deslizamentos\/#breadcrumb","itemListElement":[{"@type":"ListItem","position":1,"name":"In\u00edcio","item":"https:\/\/portaltela.pt\/"},{"@type":"ListItem","position":2,"name":"Dez pessoas retiradas por precau\u00e7\u00e3o em Sobral de Monte Agra\u00e7o devido a deslizamentos"}]},{"@type":"WebSite","@id":"https:\/\/portaltela.pt\/#website","url":"https:\/\/portaltela.pt\/","name":"Portal Tela Portugal","description":"","potentialAction":[{"@type":"SearchAction","target":{"@type":"EntryPoint","urlTemplate":"https:\/\/portaltela.pt\/?s={search_term_string}"},"query-input":{"@type":"PropertyValueSpecification","valueRequired":true,"valueName":"search_term_string"}}],"inLanguage":"pt-PT"},{"@type":"Person","@id":"https:\/\/portaltela.pt\/#\/schema\/person\/c4278d4a6028830caff9ee44b42d32ed","name":"Telinha","image":{"@type":"ImageObject","inLanguage":"pt-PT","@id":"https:\/\/portaltela.pt\/s.01k8rhncp4jt1\/2025\/11\/talking-bot-125x125.png","url":"https:\/\/portaltela.pt\/s.01k8rhncp4jt1\/2025\/11\/talking-bot-125x125.png","contentUrl":"https:\/\/portaltela.pt\/s.01k8rhncp4jt1\/2025\/11\/talking-bot-125x125.png","caption":"Telinha"},"sameAs":["https:\/\/portaltela.pt\/"],"url":"https:\/\/portaltela.pt\/por\/367410592786\/"}]}},"_links":{"self":[{"href":"https:\/\/portaltela.pt\/api\/wp\/v2\/posts\/210432","targetHints":{"allow":["GET"]}}],"collection":[{"href":"https:\/\/portaltela.pt\/api\/wp\/v2\/posts"}],"about":[{"href":"https:\/\/portaltela.pt\/api\/wp\/v2\/types\/post"}],"author":[{"embeddable":true,"href":"https:\/\/portaltela.pt\/api\/wp\/v2\/users\/2"}],"replies":[{"embeddable":true,"href":"https:\/\/portaltela.pt\/api\/wp\/v2\/comments?post=210432"}],"version-history":[{"count":0,"href":"https:\/\/portaltela.pt\/api\/wp\/v2\/posts\/210432\/revisions"}],"wp:featuredmedia":[{"embeddable":true,"href":"https:\/\/portaltela.pt\/api\/wp\/v2\/media\/210434"}],"wp:attachment":[{"href":"https:\/\/portaltela.pt\/api\/wp\/v2\/media?parent=210432"}],"wp:term":[{"taxonomy":"category","embeddable":true,"href":"https:\/\/portaltela.pt\/api\/wp\/v2\/categories?post=210432"},{"taxonomy":"post_tag","embeddable":true,"href":"https:\/\/portaltela.pt\/api\/wp\/v2\/tags?post=210432"}],"curies":[{"name":"wp","href":"https:\/\/api.w.org\/{rel}","templated":true}]}}