{"id":210384,"date":"2026-02-13T04:01:00","date_gmt":"2026-02-13T07:01:00","guid":{"rendered":"https:\/\/portaltela.pt\/noticias\/2026\/02\/13\/peritos-duvidam-que-o-lnec-consiga-em-um-ano-avaliar-infraestruturas\/"},"modified":"2026-02-13T04:01:00","modified_gmt":"2026-02-13T07:01:00","slug":"peritos-duvidam-que-o-lnec-consiga-em-um-ano-avaliar-infraestruturas","status":"publish","type":"post","link":"https:\/\/portaltela.pt\/noticias\/2026\/02\/13\/peritos-duvidam-que-o-lnec-consiga-em-um-ano-avaliar-infraestruturas\/","title":{"rendered":"Peritos duvidam que o LNEC consiga em um ano avaliar infraestruturas"},"content":{"rendered":"<p>Ontem foi anunciada uma decis\u00e3o do Governo para pedir ao Laborat\u00f3rio Nacional de Engenharia Civil LNEC uma avalia\u00e7\u00e3o t\u00e9cnica independente das infraestruturas que integram as redes rodovi\u00e1ria e ferrovi\u00e1ria do pa\u00eds. O objetivo \u00e9 apurar danos e necessidades de interven\u00e7\u00e3o na sequ\u00eancia das tempestades recentes.<\/p>\n<p>O prazo estabelecido \u00e9 de um ano, com car\u00e1ter urgente. O pedido foi formalizado na mesma altura em que se verificou o desmoronamento de um tro\u00e7o da A1, na regi\u00e3o de Coimbra, que serviu de gatilho para a medida. O governo pretende uma avalia\u00e7\u00e3o abrangente, com m\u00e9todo t\u00e9cnico conducente \u00e0 seguran\u00e7a das redes.<\/p>\n<p>O LNEC pode enfrentar dificuldades de recursos humanos para cumprir o prazo. Especialistas reconhecem a qualidade dos profissionais do laborat\u00f3rio, mas apontam limita\u00e7\u00f5es na capacidade interna para realizar o trabalho dentro do tempo estipulado.<\/p>\n<h3>Contexto e prazos<\/h3>\n<p>Para cumprir o per\u00edodo de 12 meses, o Governo aponta a eventual necessidade de recorrer a servi\u00e7os externos. A medida surge ap\u00f3s v\u00e1rias tempestades que afetaram infraestruturas rodovi\u00e1rias e ferrovi\u00e1rias, elevando a demanda por uma avalia\u00e7\u00e3o independente e consolidada.<\/p>\n","protected":false},"excerpt":{"rendered":"<ul>\n<li>O Governo deu ao Laborat\u00f3rio Nacional de Engenharia Civil (LNEC) um prazo de um ano para realizar, com car\u00e1ter urgente, uma avalia\u00e7\u00e3o t\u00e9cnica independente \u00e0s infra-estruturas das redes rodovi\u00e1ria e ferrovi\u00e1ria nacionais, na sequ\u00eancia das tempestades recentes.<\/li>\n<li>Especialistas sublinham a qualidade dos profissionais do LNEC, mas apontam falta de recursos humanos para cumprir o prazo.<\/li>\n<li>Os profissionais destacam que o objetivo s\u00f3 seria ating\u00edvel com recurso a servi\u00e7os externos.<\/li>\n<li>A avalia\u00e7\u00e3o independente foi formalizada no dia em que se desmoronou um tro\u00e7o da A1, na regi\u00e3o de Coimbra.<\/li>\n<\/ul>\n","protected":false},"author":2,"featured_media":210402,"comment_status":"closed","ping_status":"closed","sticky":false,"template":"","format":"standard","meta":{"footnotes":""},"categories":[1],"tags":[34,258,4508,215,4536,192],"class_list":["post-210384","post","type-post","status-publish","format-standard","has-post-thumbnail","hentry","category-noticias","tag-governo","tag-infraestruturas","tag-infraestruturas-rodoviarias","tag-investigacao","tag-seguranca","tag-transporte"],"yoast_head":"<!-- This site is optimized with the Yoast SEO plugin v27.2 - https:\/\/yoast.com\/product\/yoast-seo-wordpress\/ -->\n<title>Peritos duvidam que o LNEC consiga em um ano avaliar infraestruturas - Portal Tela Portugal<\/title>\n<meta name=\"robots\" content=\"index, follow, max-snippet:-1, max-image-preview:large, max-video-preview:-1\" \/>\n<meta property=\"og:locale\" content=\"pt_PT\" \/>\n<meta property=\"og:type\" content=\"article\" \/>\n<meta property=\"og:title\" content=\"Peritos duvidam que o LNEC consiga em um ano avaliar infraestruturas - Portal Tela Portugal\" \/>\n<meta property=\"og:description\" content=\"O Governo deu ao Laborat\u00f3rio Nacional de Engenharia Civil (LNEC) um prazo de um ano para realizar, com car\u00e1ter urgente, uma avalia\u00e7\u00e3o t\u00e9cnica independente \u00e0s infra-estruturas das redes rodovi\u00e1ria e ferrovi\u00e1ria nacionais, na sequ\u00eancia das tempestades recentes. Especialistas sublinham a qualidade dos profissionais do LNEC, mas apontam falta de recursos humanos para cumprir o prazo. Os profissionais destacam que o objetivo s\u00f3 seria ating\u00edvel com recurso a servi\u00e7os externos. A avalia\u00e7\u00e3o independente foi formalizada no dia em que se desmoronou um tro\u00e7o da A1, na regi\u00e3o de Coimbra.\" \/>\n<meta property=\"og:url\" content=\"https:\/\/portaltela.pt\/noticias\/2026\/02\/13\/peritos-duvidam-que-o-lnec-consiga-em-um-ano-avaliar-infraestruturas\/\" \/>\n<meta property=\"og:site_name\" content=\"Portal Tela Portugal\" \/>\n<meta property=\"article:published_time\" content=\"2026-02-13T07:01:00+00:00\" \/>\n<meta name=\"author\" content=\"Telinha\" \/>\n<meta name=\"twitter:card\" content=\"summary_large_image\" \/>\n<meta name=\"twitter:label1\" content=\"Escrito por\" \/>\n\t<meta name=\"twitter:data1\" content=\"Telinha\" \/>\n\t<meta name=\"twitter:label2\" content=\"Tempo estimado de leitura\" \/>\n\t<meta name=\"twitter:data2\" content=\"1 minuto\" \/>\n<script type=\"application\/ld+json\" class=\"yoast-schema-graph\">{\"@context\":\"https:\/\/schema.org\",\"@graph\":[{\"@type\":\"Article\",\"@id\":\"https:\/\/portaltela.pt\/noticias\/2026\/02\/13\/peritos-duvidam-que-o-lnec-consiga-em-um-ano-avaliar-infraestruturas\/#article\",\"isPartOf\":{\"@id\":\"https:\/\/portaltela.pt\/noticias\/2026\/02\/13\/peritos-duvidam-que-o-lnec-consiga-em-um-ano-avaliar-infraestruturas\/\"},\"author\":{\"name\":\"Telinha\",\"@id\":\"https:\/\/portaltela.pt\/#\/schema\/person\/c4278d4a6028830caff9ee44b42d32ed\"},\"headline\":\"Peritos duvidam que o LNEC consiga em um ano avaliar infraestruturas\",\"datePublished\":\"2026-02-13T07:01:00+00:00\",\"mainEntityOfPage\":{\"@id\":\"https:\/\/portaltela.pt\/noticias\/2026\/02\/13\/peritos-duvidam-que-o-lnec-consiga-em-um-ano-avaliar-infraestruturas\/\"},\"wordCount\":206,\"image\":{\"@id\":\"https:\/\/portaltela.pt\/noticias\/2026\/02\/13\/peritos-duvidam-que-o-lnec-consiga-em-um-ano-avaliar-infraestruturas\/#primaryimage\"},\"thumbnailUrl\":\"https:\/\/portaltela.pt\/s.01k8rhncp4jt1\/2026\/02\/2066929.jpg\",\"keywords\":[\"governo\",\"infraestruturas\",\"infraestruturas rodovi\u00e1rias\",\"investiga\u00e7\u00e3o\",\"seguran\u00e7a\",\"transporte\"],\"articleSection\":[\"Not\u00edcias\"],\"inLanguage\":\"pt-PT\"},{\"@type\":\"WebPage\",\"@id\":\"https:\/\/portaltela.pt\/noticias\/2026\/02\/13\/peritos-duvidam-que-o-lnec-consiga-em-um-ano-avaliar-infraestruturas\/\",\"url\":\"https:\/\/portaltela.pt\/noticias\/2026\/02\/13\/peritos-duvidam-que-o-lnec-consiga-em-um-ano-avaliar-infraestruturas\/\",\"name\":\"Peritos duvidam que o LNEC consiga em um ano avaliar infraestruturas - Portal Tela Portugal\",\"isPartOf\":{\"@id\":\"https:\/\/portaltela.pt\/#website\"},\"primaryImageOfPage\":{\"@id\":\"https:\/\/portaltela.pt\/noticias\/2026\/02\/13\/peritos-duvidam-que-o-lnec-consiga-em-um-ano-avaliar-infraestruturas\/#primaryimage\"},\"image\":{\"@id\":\"https:\/\/portaltela.pt\/noticias\/2026\/02\/13\/peritos-duvidam-que-o-lnec-consiga-em-um-ano-avaliar-infraestruturas\/#primaryimage\"},\"thumbnailUrl\":\"https:\/\/portaltela.pt\/s.01k8rhncp4jt1\/2026\/02\/2066929.jpg\",\"datePublished\":\"2026-02-13T07:01:00+00:00\",\"author\":{\"@id\":\"https:\/\/portaltela.pt\/#\/schema\/person\/c4278d4a6028830caff9ee44b42d32ed\"},\"breadcrumb\":{\"@id\":\"https:\/\/portaltela.pt\/noticias\/2026\/02\/13\/peritos-duvidam-que-o-lnec-consiga-em-um-ano-avaliar-infraestruturas\/#breadcrumb\"},\"inLanguage\":\"pt-PT\",\"potentialAction\":[{\"@type\":\"ReadAction\",\"target\":[\"https:\/\/portaltela.pt\/noticias\/2026\/02\/13\/peritos-duvidam-que-o-lnec-consiga-em-um-ano-avaliar-infraestruturas\/\"]}]},{\"@type\":\"ImageObject\",\"inLanguage\":\"pt-PT\",\"@id\":\"https:\/\/portaltela.pt\/noticias\/2026\/02\/13\/peritos-duvidam-que-o-lnec-consiga-em-um-ano-avaliar-infraestruturas\/#primaryimage\",\"url\":\"https:\/\/portaltela.pt\/s.01k8rhncp4jt1\/2026\/02\/2066929.jpg\",\"contentUrl\":\"https:\/\/portaltela.pt\/s.01k8rhncp4jt1\/2026\/02\/2066929.jpg\",\"width\":796,\"height\":448,\"caption\":\"Avalia\u00e7\u00e3o t\u00e9cnica independente foi formalizada no dia em que se desmoronou um tro\u00e7o da A1, na regi\u00e3o de Coimbra\"},{\"@type\":\"BreadcrumbList\",\"@id\":\"https:\/\/portaltela.pt\/noticias\/2026\/02\/13\/peritos-duvidam-que-o-lnec-consiga-em-um-ano-avaliar-infraestruturas\/#breadcrumb\",\"itemListElement\":[{\"@type\":\"ListItem\",\"position\":1,\"name\":\"In\u00edcio\",\"item\":\"https:\/\/portaltela.pt\/\"},{\"@type\":\"ListItem\",\"position\":2,\"name\":\"Peritos duvidam que o LNEC consiga em um ano avaliar infraestruturas\"}]},{\"@type\":\"WebSite\",\"@id\":\"https:\/\/portaltela.pt\/#website\",\"url\":\"https:\/\/portaltela.pt\/\",\"name\":\"Portal Tela Portugal\",\"description\":\"\",\"potentialAction\":[{\"@type\":\"SearchAction\",\"target\":{\"@type\":\"EntryPoint\",\"urlTemplate\":\"https:\/\/portaltela.pt\/?s={search_term_string}\"},\"query-input\":{\"@type\":\"PropertyValueSpecification\",\"valueRequired\":true,\"valueName\":\"search_term_string\"}}],\"inLanguage\":\"pt-PT\"},{\"@type\":\"Person\",\"@id\":\"https:\/\/portaltela.pt\/#\/schema\/person\/c4278d4a6028830caff9ee44b42d32ed\",\"name\":\"Telinha\",\"image\":{\"@type\":\"ImageObject\",\"inLanguage\":\"pt-PT\",\"@id\":\"https:\/\/portaltela.pt\/s.01k8rhncp4jt1\/2025\/11\/talking-bot-125x125.png\",\"url\":\"https:\/\/portaltela.pt\/s.01k8rhncp4jt1\/2025\/11\/talking-bot-125x125.png\",\"contentUrl\":\"https:\/\/portaltela.pt\/s.01k8rhncp4jt1\/2025\/11\/talking-bot-125x125.png\",\"caption\":\"Telinha\"},\"sameAs\":[\"https:\/\/portaltela.pt\/\"],\"url\":\"https:\/\/portaltela.pt\/por\/367410592786\/\"}]}<\/script>\n<!-- \/ Yoast SEO plugin. -->","yoast_head_json":{"title":"Peritos duvidam que o LNEC consiga em um ano avaliar infraestruturas - Portal Tela Portugal","robots":{"index":"index","follow":"follow","max-snippet":"max-snippet:-1","max-image-preview":"max-image-preview:large","max-video-preview":"max-video-preview:-1"},"og_locale":"pt_PT","og_type":"article","og_title":"Peritos duvidam que o LNEC consiga em um ano avaliar infraestruturas - Portal Tela Portugal","og_description":"O Governo deu ao Laborat\u00f3rio Nacional de Engenharia Civil (LNEC) um prazo de um ano para realizar, com car\u00e1ter urgente, uma avalia\u00e7\u00e3o t\u00e9cnica independente \u00e0s infra-estruturas das redes rodovi\u00e1ria e ferrovi\u00e1ria nacionais, na sequ\u00eancia das tempestades recentes. Especialistas sublinham a qualidade dos profissionais do LNEC, mas apontam falta de recursos humanos para cumprir o prazo. Os profissionais destacam que o objetivo s\u00f3 seria ating\u00edvel com recurso a servi\u00e7os externos. A avalia\u00e7\u00e3o independente foi formalizada no dia em que se desmoronou um tro\u00e7o da A1, na regi\u00e3o de Coimbra.","og_url":"https:\/\/portaltela.pt\/noticias\/2026\/02\/13\/peritos-duvidam-que-o-lnec-consiga-em-um-ano-avaliar-infraestruturas\/","og_site_name":"Portal Tela Portugal","article_published_time":"2026-02-13T07:01:00+00:00","author":"Telinha","twitter_card":"summary_large_image","twitter_misc":{"Escrito por":"Telinha","Tempo estimado de leitura":"1 minuto"},"schema":{"@context":"https:\/\/schema.org","@graph":[{"@type":"Article","@id":"https:\/\/portaltela.pt\/noticias\/2026\/02\/13\/peritos-duvidam-que-o-lnec-consiga-em-um-ano-avaliar-infraestruturas\/#article","isPartOf":{"@id":"https:\/\/portaltela.pt\/noticias\/2026\/02\/13\/peritos-duvidam-que-o-lnec-consiga-em-um-ano-avaliar-infraestruturas\/"},"author":{"name":"Telinha","@id":"https:\/\/portaltela.pt\/#\/schema\/person\/c4278d4a6028830caff9ee44b42d32ed"},"headline":"Peritos duvidam que o LNEC consiga em um ano avaliar infraestruturas","datePublished":"2026-02-13T07:01:00+00:00","mainEntityOfPage":{"@id":"https:\/\/portaltela.pt\/noticias\/2026\/02\/13\/peritos-duvidam-que-o-lnec-consiga-em-um-ano-avaliar-infraestruturas\/"},"wordCount":206,"image":{"@id":"https:\/\/portaltela.pt\/noticias\/2026\/02\/13\/peritos-duvidam-que-o-lnec-consiga-em-um-ano-avaliar-infraestruturas\/#primaryimage"},"thumbnailUrl":"https:\/\/portaltela.pt\/s.01k8rhncp4jt1\/2026\/02\/2066929.jpg","keywords":["governo","infraestruturas","infraestruturas rodovi\u00e1rias","investiga\u00e7\u00e3o","seguran\u00e7a","transporte"],"articleSection":["Not\u00edcias"],"inLanguage":"pt-PT"},{"@type":"WebPage","@id":"https:\/\/portaltela.pt\/noticias\/2026\/02\/13\/peritos-duvidam-que-o-lnec-consiga-em-um-ano-avaliar-infraestruturas\/","url":"https:\/\/portaltela.pt\/noticias\/2026\/02\/13\/peritos-duvidam-que-o-lnec-consiga-em-um-ano-avaliar-infraestruturas\/","name":"Peritos duvidam que o LNEC consiga em um ano avaliar infraestruturas - Portal Tela Portugal","isPartOf":{"@id":"https:\/\/portaltela.pt\/#website"},"primaryImageOfPage":{"@id":"https:\/\/portaltela.pt\/noticias\/2026\/02\/13\/peritos-duvidam-que-o-lnec-consiga-em-um-ano-avaliar-infraestruturas\/#primaryimage"},"image":{"@id":"https:\/\/portaltela.pt\/noticias\/2026\/02\/13\/peritos-duvidam-que-o-lnec-consiga-em-um-ano-avaliar-infraestruturas\/#primaryimage"},"thumbnailUrl":"https:\/\/portaltela.pt\/s.01k8rhncp4jt1\/2026\/02\/2066929.jpg","datePublished":"2026-02-13T07:01:00+00:00","author":{"@id":"https:\/\/portaltela.pt\/#\/schema\/person\/c4278d4a6028830caff9ee44b42d32ed"},"breadcrumb":{"@id":"https:\/\/portaltela.pt\/noticias\/2026\/02\/13\/peritos-duvidam-que-o-lnec-consiga-em-um-ano-avaliar-infraestruturas\/#breadcrumb"},"inLanguage":"pt-PT","potentialAction":[{"@type":"ReadAction","target":["https:\/\/portaltela.pt\/noticias\/2026\/02\/13\/peritos-duvidam-que-o-lnec-consiga-em-um-ano-avaliar-infraestruturas\/"]}]},{"@type":"ImageObject","inLanguage":"pt-PT","@id":"https:\/\/portaltela.pt\/noticias\/2026\/02\/13\/peritos-duvidam-que-o-lnec-consiga-em-um-ano-avaliar-infraestruturas\/#primaryimage","url":"https:\/\/portaltela.pt\/s.01k8rhncp4jt1\/2026\/02\/2066929.jpg","contentUrl":"https:\/\/portaltela.pt\/s.01k8rhncp4jt1\/2026\/02\/2066929.jpg","width":796,"height":448,"caption":"Avalia\u00e7\u00e3o t\u00e9cnica independente foi formalizada no dia em que se desmoronou um tro\u00e7o da A1, na regi\u00e3o de Coimbra"},{"@type":"BreadcrumbList","@id":"https:\/\/portaltela.pt\/noticias\/2026\/02\/13\/peritos-duvidam-que-o-lnec-consiga-em-um-ano-avaliar-infraestruturas\/#breadcrumb","itemListElement":[{"@type":"ListItem","position":1,"name":"In\u00edcio","item":"https:\/\/portaltela.pt\/"},{"@type":"ListItem","position":2,"name":"Peritos duvidam que o LNEC consiga em um ano avaliar infraestruturas"}]},{"@type":"WebSite","@id":"https:\/\/portaltela.pt\/#website","url":"https:\/\/portaltela.pt\/","name":"Portal Tela Portugal","description":"","potentialAction":[{"@type":"SearchAction","target":{"@type":"EntryPoint","urlTemplate":"https:\/\/portaltela.pt\/?s={search_term_string}"},"query-input":{"@type":"PropertyValueSpecification","valueRequired":true,"valueName":"search_term_string"}}],"inLanguage":"pt-PT"},{"@type":"Person","@id":"https:\/\/portaltela.pt\/#\/schema\/person\/c4278d4a6028830caff9ee44b42d32ed","name":"Telinha","image":{"@type":"ImageObject","inLanguage":"pt-PT","@id":"https:\/\/portaltela.pt\/s.01k8rhncp4jt1\/2025\/11\/talking-bot-125x125.png","url":"https:\/\/portaltela.pt\/s.01k8rhncp4jt1\/2025\/11\/talking-bot-125x125.png","contentUrl":"https:\/\/portaltela.pt\/s.01k8rhncp4jt1\/2025\/11\/talking-bot-125x125.png","caption":"Telinha"},"sameAs":["https:\/\/portaltela.pt\/"],"url":"https:\/\/portaltela.pt\/por\/367410592786\/"}]}},"_links":{"self":[{"href":"https:\/\/portaltela.pt\/api\/wp\/v2\/posts\/210384","targetHints":{"allow":["GET"]}}],"collection":[{"href":"https:\/\/portaltela.pt\/api\/wp\/v2\/posts"}],"about":[{"href":"https:\/\/portaltela.pt\/api\/wp\/v2\/types\/post"}],"author":[{"embeddable":true,"href":"https:\/\/portaltela.pt\/api\/wp\/v2\/users\/2"}],"replies":[{"embeddable":true,"href":"https:\/\/portaltela.pt\/api\/wp\/v2\/comments?post=210384"}],"version-history":[{"count":0,"href":"https:\/\/portaltela.pt\/api\/wp\/v2\/posts\/210384\/revisions"}],"wp:featuredmedia":[{"embeddable":true,"href":"https:\/\/portaltela.pt\/api\/wp\/v2\/media\/210402"}],"wp:attachment":[{"href":"https:\/\/portaltela.pt\/api\/wp\/v2\/media?parent=210384"}],"wp:term":[{"taxonomy":"category","embeddable":true,"href":"https:\/\/portaltela.pt\/api\/wp\/v2\/categories?post=210384"},{"taxonomy":"post_tag","embeddable":true,"href":"https:\/\/portaltela.pt\/api\/wp\/v2\/tags?post=210384"}],"curies":[{"name":"wp","href":"https:\/\/api.w.org\/{rel}","templated":true}]}}