{"id":210376,"date":"2026-02-13T03:58:00","date_gmt":"2026-02-13T06:58:00","guid":{"rendered":"https:\/\/portaltela.pt\/noticias\/2026\/02\/13\/tempestades-ameacam-a-agricultura-e-exigem-saberes-e-obras-publicas\/"},"modified":"2026-02-13T03:58:00","modified_gmt":"2026-02-13T06:58:00","slug":"tempestades-ameacam-a-agricultura-e-exigem-saberes-e-obras-publicas","status":"publish","type":"post","link":"https:\/\/portaltela.pt\/noticias\/economia\/2026\/02\/13\/tempestades-ameacam-a-agricultura-e-exigem-saberes-e-obras-publicas\/","title":{"rendered":"Tempestades amea\u00e7am a agricultura e exigem saberes e obras p\u00fablicas"},"content":{"rendered":"<p>As tempestades que atingiram a agricultura portuguesa causaram danos significativos: culturas alagadas, planta\u00e7\u00f5es varridas pelo vento e \u00e1rvores derrubadas em v\u00e1rias regi\u00f5es. Equipamentos e estruturas foram destru\u00eddos, atrasando a sementeira e a colheita, e o custo financeiro \u00e9 ainda incerto.<\/p>\n<p>As \u00e1reas mais afetadas incluem o Oeste, o vale do Lis e do Mondego, o Sorraia e a Lez\u00edria do Tejo. Agricultores de \u00e1reas produtivas enfrentam perdas r\u00e1pidas e a incerteza sobre a recupera\u00e7\u00e3o de explorations menos preparadas. O impacto econ\u00f3mico depende de seguros, dimens\u00f5es das explora\u00e7\u00f5es e da rapidez de apoio.<\/p>\n<p>O Governo prometeu medidas de emerg\u00eancia: apoio total para preju\u00edzos abaixo de 10 mil euros, com compensa\u00e7\u00f5es mais amplas para danos maiores, incluindo at\u00e9 400 mil euros em condi\u00e7\u00f5es espec\u00edficas. O valor total de preju\u00edzos variaria entre 350 e 700 milh\u00f5es de euros, segundo diferentes an\u00e1lises setoriais.<\/p>\n<p>Para muitos agricultores, o apoio chega tarde e ainda est\u00e1 por cumprir promessas feitas em intemp\u00e9ries anteriores. O setor, j\u00e1 sens\u00edvel \u00e0 crise clim\u00e1tica, encara a atual conjuntura como um teste \u00e0 resili\u00eancia, especialmente para quem trabalha junto a rios.<\/p>\n<p>A partilha de experi\u00eancias \u00e9 central para perceber o que est\u00e1 em jogo. Jo\u00e3o Coimbra, agr\u00f3nomo e propriet\u00e1rio da Quinta da Colda, no Ribatejo, \u00e9 apresentado como um exemplo de efici\u00eancia na produ\u00e7\u00e3o de milho, relevantes para entender pr\u00e1ticas de recupera\u00e7\u00e3o.<\/p>\n<p>A reportagem destaca que o setor procura solu\u00e7\u00f5es a curto prazo e que as respostas a esta crise podem moldar estrat\u00e9gias futuras. As avalia\u00e7\u00f5es sobre prazos de reabilita\u00e7\u00e3o e o acesso ao apoio governamental continuam em aberto, com grupos agr\u00edcolas a acompanhar a implementa\u00e7\u00e3o das medidas.<\/p>\n<h3>Impacto e respostas<\/h3>\n<p>As autoridades e sindicatos apontam para a necessidade de avalia\u00e7\u00e3o r\u00e1pida de danos e de apoios proporcionais \u00e0s perdas reais. A comunica\u00e7\u00e3o sobre candidaturas e prazos permanece crucial para os agricultores planearem a pr\u00f3xima \u00e9poca.<\/p>\n","protected":false},"excerpt":{"rendered":"<ul>\n<li>As tempestades causaram culturas alagadas, planta\u00e7\u00f5es danificadas pelo vento e derrubaram \u00e1rvores em \u00e1reas como Oeste, vale do Lis, Mondego, Sorraia e Lez\u00edria do Tejo.<\/li>\n<li>O Governo promete ajudas: preju\u00edzos abaixo de dez mil euros s\u00e3o compensados na \u00edntegra; grandes explora\u00e7\u00f5es podem receber at\u00e9 400 mil euros, dependendo de fatores como ter seguro agr\u00edcola. Estimativas de preju\u00edzos variam entre 350 milh\u00f5es e 700 milh\u00f5es de euros.<\/li>\n<li>Para muitos agricultores, o atraso na colheita e na semeadura compromete a sobreviv\u00eancia de explora\u00e7\u00f5es menos preparadas.<\/li>\n<li>O setor, j\u00e1 sob incertezas da crise clim\u00e1tica, aguarda apoios prometidos em intemp\u00e9ries anteriores e procura respostas para o futuro.<\/li>\n<li>O epis\u00f3dio inclui a vis\u00e3o de Jo\u00e3o Coimbra, agr\u00f3nomo e produtor no Ribatejo, para explicar as expectativas e as poss\u00edveis respostas do setor.<\/li>\n<\/ul>\n","protected":false},"author":2,"featured_media":210399,"comment_status":"closed","ping_status":"closed","sticky":false,"template":"","format":"standard","meta":{"footnotes":""},"categories":[2,1],"tags":[4914,4687,5215,3623,2410,1237],"class_list":["post-210376","post","type-post","status-publish","format-standard","has-post-thumbnail","hentry","category-economia","category-noticias","tag-a-agricultura","tag-calamidade-publica","tag-catastrofes-naturais","tag-leziria-do-tejo","tag-mondego","tag-oeste"],"yoast_head":"<!-- This site is optimized with the Yoast SEO plugin v27.2 - https:\/\/yoast.com\/product\/yoast-seo-wordpress\/ -->\n<title>Tempestades amea\u00e7am a agricultura e exigem saberes e obras p\u00fablicas - Portal Tela Portugal<\/title>\n<meta name=\"robots\" content=\"index, follow, max-snippet:-1, max-image-preview:large, max-video-preview:-1\" \/>\n<meta property=\"og:locale\" content=\"pt_PT\" \/>\n<meta property=\"og:type\" content=\"article\" \/>\n<meta property=\"og:title\" content=\"Tempestades amea\u00e7am a agricultura e exigem saberes e obras p\u00fablicas - Portal Tela Portugal\" \/>\n<meta property=\"og:description\" content=\"As tempestades causaram culturas alagadas, planta\u00e7\u00f5es danificadas pelo vento e derrubaram \u00e1rvores em \u00e1reas como Oeste, vale do Lis, Mondego, Sorraia e Lez\u00edria do Tejo. O Governo promete ajudas: preju\u00edzos abaixo de dez mil euros s\u00e3o compensados na \u00edntegra; grandes explora\u00e7\u00f5es podem receber at\u00e9 400 mil euros, dependendo de fatores como ter seguro agr\u00edcola. Estimativas de preju\u00edzos variam entre 350 milh\u00f5es e 700 milh\u00f5es de euros. Para muitos agricultores, o atraso na colheita e na semeadura compromete a sobreviv\u00eancia de explora\u00e7\u00f5es menos preparadas. O setor, j\u00e1 sob incertezas da crise clim\u00e1tica, aguarda apoios prometidos em intemp\u00e9ries anteriores e procura respostas para o futuro. O epis\u00f3dio inclui a vis\u00e3o de Jo\u00e3o Coimbra, agr\u00f3nomo e produtor no Ribatejo, para explicar as expectativas e as poss\u00edveis respostas do setor.\" \/>\n<meta property=\"og:url\" content=\"https:\/\/portaltela.pt\/noticias\/2026\/02\/13\/tempestades-ameacam-a-agricultura-e-exigem-saberes-e-obras-publicas\/\" \/>\n<meta property=\"og:site_name\" content=\"Portal Tela Portugal\" \/>\n<meta property=\"article:published_time\" content=\"2026-02-13T06:58:00+00:00\" \/>\n<meta name=\"author\" content=\"Telinha\" \/>\n<meta name=\"twitter:card\" content=\"summary_large_image\" \/>\n<meta name=\"twitter:label1\" content=\"Escrito por\" \/>\n\t<meta name=\"twitter:data1\" content=\"Telinha\" \/>\n\t<meta name=\"twitter:label2\" content=\"Tempo estimado de leitura\" \/>\n\t<meta name=\"twitter:data2\" content=\"2 minutos\" \/>\n<script type=\"application\/ld+json\" class=\"yoast-schema-graph\">{\"@context\":\"https:\/\/schema.org\",\"@graph\":[{\"@type\":\"Article\",\"@id\":\"https:\/\/portaltela.pt\/noticias\/2026\/02\/13\/tempestades-ameacam-a-agricultura-e-exigem-saberes-e-obras-publicas\/#article\",\"isPartOf\":{\"@id\":\"https:\/\/portaltela.pt\/noticias\/2026\/02\/13\/tempestades-ameacam-a-agricultura-e-exigem-saberes-e-obras-publicas\/\"},\"author\":{\"name\":\"Telinha\",\"@id\":\"https:\/\/portaltela.pt\/#\/schema\/person\/c4278d4a6028830caff9ee44b42d32ed\"},\"headline\":\"Tempestades amea\u00e7am a agricultura e exigem saberes e obras p\u00fablicas\",\"datePublished\":\"2026-02-13T06:58:00+00:00\",\"mainEntityOfPage\":{\"@id\":\"https:\/\/portaltela.pt\/noticias\/2026\/02\/13\/tempestades-ameacam-a-agricultura-e-exigem-saberes-e-obras-publicas\/\"},\"wordCount\":347,\"image\":{\"@id\":\"https:\/\/portaltela.pt\/noticias\/2026\/02\/13\/tempestades-ameacam-a-agricultura-e-exigem-saberes-e-obras-publicas\/#primaryimage\"},\"thumbnailUrl\":\"https:\/\/portaltela.pt\/s.01k8rhncp4jt1\/2026\/02\/2164665.jpg\",\"keywords\":[\"A agricultura\",\"calamidade p\u00fablica\",\"cat\u00e1strofes naturais\",\"Lez\u00edria do Tejo\",\"Mondego\",\"Oeste\"],\"articleSection\":[\"Economia\",\"Not\u00edcias\"],\"inLanguage\":\"pt-PT\"},{\"@type\":\"WebPage\",\"@id\":\"https:\/\/portaltela.pt\/noticias\/2026\/02\/13\/tempestades-ameacam-a-agricultura-e-exigem-saberes-e-obras-publicas\/\",\"url\":\"https:\/\/portaltela.pt\/noticias\/2026\/02\/13\/tempestades-ameacam-a-agricultura-e-exigem-saberes-e-obras-publicas\/\",\"name\":\"Tempestades amea\u00e7am a agricultura e exigem saberes e obras p\u00fablicas - Portal Tela Portugal\",\"isPartOf\":{\"@id\":\"https:\/\/portaltela.pt\/#website\"},\"primaryImageOfPage\":{\"@id\":\"https:\/\/portaltela.pt\/noticias\/2026\/02\/13\/tempestades-ameacam-a-agricultura-e-exigem-saberes-e-obras-publicas\/#primaryimage\"},\"image\":{\"@id\":\"https:\/\/portaltela.pt\/noticias\/2026\/02\/13\/tempestades-ameacam-a-agricultura-e-exigem-saberes-e-obras-publicas\/#primaryimage\"},\"thumbnailUrl\":\"https:\/\/portaltela.pt\/s.01k8rhncp4jt1\/2026\/02\/2164665.jpg\",\"datePublished\":\"2026-02-13T06:58:00+00:00\",\"author\":{\"@id\":\"https:\/\/portaltela.pt\/#\/schema\/person\/c4278d4a6028830caff9ee44b42d32ed\"},\"breadcrumb\":{\"@id\":\"https:\/\/portaltela.pt\/noticias\/2026\/02\/13\/tempestades-ameacam-a-agricultura-e-exigem-saberes-e-obras-publicas\/#breadcrumb\"},\"inLanguage\":\"pt-PT\",\"potentialAction\":[{\"@type\":\"ReadAction\",\"target\":[\"https:\/\/portaltela.pt\/noticias\/2026\/02\/13\/tempestades-ameacam-a-agricultura-e-exigem-saberes-e-obras-publicas\/\"]}]},{\"@type\":\"ImageObject\",\"inLanguage\":\"pt-PT\",\"@id\":\"https:\/\/portaltela.pt\/noticias\/2026\/02\/13\/tempestades-ameacam-a-agricultura-e-exigem-saberes-e-obras-publicas\/#primaryimage\",\"url\":\"https:\/\/portaltela.pt\/s.01k8rhncp4jt1\/2026\/02\/2164665.jpg\",\"contentUrl\":\"https:\/\/portaltela.pt\/s.01k8rhncp4jt1\/2026\/02\/2164665.jpg\",\"width\":796,\"height\":448,\"caption\":\"Photo\"},{\"@type\":\"BreadcrumbList\",\"@id\":\"https:\/\/portaltela.pt\/noticias\/2026\/02\/13\/tempestades-ameacam-a-agricultura-e-exigem-saberes-e-obras-publicas\/#breadcrumb\",\"itemListElement\":[{\"@type\":\"ListItem\",\"position\":1,\"name\":\"In\u00edcio\",\"item\":\"https:\/\/portaltela.pt\/\"},{\"@type\":\"ListItem\",\"position\":2,\"name\":\"Tempestades amea\u00e7am a agricultura e exigem saberes e obras p\u00fablicas\"}]},{\"@type\":\"WebSite\",\"@id\":\"https:\/\/portaltela.pt\/#website\",\"url\":\"https:\/\/portaltela.pt\/\",\"name\":\"Portal Tela Portugal\",\"description\":\"\",\"potentialAction\":[{\"@type\":\"SearchAction\",\"target\":{\"@type\":\"EntryPoint\",\"urlTemplate\":\"https:\/\/portaltela.pt\/?s={search_term_string}\"},\"query-input\":{\"@type\":\"PropertyValueSpecification\",\"valueRequired\":true,\"valueName\":\"search_term_string\"}}],\"inLanguage\":\"pt-PT\"},{\"@type\":\"Person\",\"@id\":\"https:\/\/portaltela.pt\/#\/schema\/person\/c4278d4a6028830caff9ee44b42d32ed\",\"name\":\"Telinha\",\"image\":{\"@type\":\"ImageObject\",\"inLanguage\":\"pt-PT\",\"@id\":\"https:\/\/portaltela.pt\/s.01k8rhncp4jt1\/2025\/11\/talking-bot-125x125.png\",\"url\":\"https:\/\/portaltela.pt\/s.01k8rhncp4jt1\/2025\/11\/talking-bot-125x125.png\",\"contentUrl\":\"https:\/\/portaltela.pt\/s.01k8rhncp4jt1\/2025\/11\/talking-bot-125x125.png\",\"caption\":\"Telinha\"},\"sameAs\":[\"https:\/\/portaltela.pt\/\"],\"url\":\"https:\/\/portaltela.pt\/por\/367410592786\/\"}]}<\/script>\n<!-- \/ Yoast SEO plugin. -->","yoast_head_json":{"title":"Tempestades amea\u00e7am a agricultura e exigem saberes e obras p\u00fablicas - Portal Tela Portugal","robots":{"index":"index","follow":"follow","max-snippet":"max-snippet:-1","max-image-preview":"max-image-preview:large","max-video-preview":"max-video-preview:-1"},"og_locale":"pt_PT","og_type":"article","og_title":"Tempestades amea\u00e7am a agricultura e exigem saberes e obras p\u00fablicas - Portal Tela Portugal","og_description":"As tempestades causaram culturas alagadas, planta\u00e7\u00f5es danificadas pelo vento e derrubaram \u00e1rvores em \u00e1reas como Oeste, vale do Lis, Mondego, Sorraia e Lez\u00edria do Tejo. O Governo promete ajudas: preju\u00edzos abaixo de dez mil euros s\u00e3o compensados na \u00edntegra; grandes explora\u00e7\u00f5es podem receber at\u00e9 400 mil euros, dependendo de fatores como ter seguro agr\u00edcola. Estimativas de preju\u00edzos variam entre 350 milh\u00f5es e 700 milh\u00f5es de euros. Para muitos agricultores, o atraso na colheita e na semeadura compromete a sobreviv\u00eancia de explora\u00e7\u00f5es menos preparadas. O setor, j\u00e1 sob incertezas da crise clim\u00e1tica, aguarda apoios prometidos em intemp\u00e9ries anteriores e procura respostas para o futuro. O epis\u00f3dio inclui a vis\u00e3o de Jo\u00e3o Coimbra, agr\u00f3nomo e produtor no Ribatejo, para explicar as expectativas e as poss\u00edveis respostas do setor.","og_url":"https:\/\/portaltela.pt\/noticias\/2026\/02\/13\/tempestades-ameacam-a-agricultura-e-exigem-saberes-e-obras-publicas\/","og_site_name":"Portal Tela Portugal","article_published_time":"2026-02-13T06:58:00+00:00","author":"Telinha","twitter_card":"summary_large_image","twitter_misc":{"Escrito por":"Telinha","Tempo estimado de leitura":"2 minutos"},"schema":{"@context":"https:\/\/schema.org","@graph":[{"@type":"Article","@id":"https:\/\/portaltela.pt\/noticias\/2026\/02\/13\/tempestades-ameacam-a-agricultura-e-exigem-saberes-e-obras-publicas\/#article","isPartOf":{"@id":"https:\/\/portaltela.pt\/noticias\/2026\/02\/13\/tempestades-ameacam-a-agricultura-e-exigem-saberes-e-obras-publicas\/"},"author":{"name":"Telinha","@id":"https:\/\/portaltela.pt\/#\/schema\/person\/c4278d4a6028830caff9ee44b42d32ed"},"headline":"Tempestades amea\u00e7am a agricultura e exigem saberes e obras p\u00fablicas","datePublished":"2026-02-13T06:58:00+00:00","mainEntityOfPage":{"@id":"https:\/\/portaltela.pt\/noticias\/2026\/02\/13\/tempestades-ameacam-a-agricultura-e-exigem-saberes-e-obras-publicas\/"},"wordCount":347,"image":{"@id":"https:\/\/portaltela.pt\/noticias\/2026\/02\/13\/tempestades-ameacam-a-agricultura-e-exigem-saberes-e-obras-publicas\/#primaryimage"},"thumbnailUrl":"https:\/\/portaltela.pt\/s.01k8rhncp4jt1\/2026\/02\/2164665.jpg","keywords":["A agricultura","calamidade p\u00fablica","cat\u00e1strofes naturais","Lez\u00edria do Tejo","Mondego","Oeste"],"articleSection":["Economia","Not\u00edcias"],"inLanguage":"pt-PT"},{"@type":"WebPage","@id":"https:\/\/portaltela.pt\/noticias\/2026\/02\/13\/tempestades-ameacam-a-agricultura-e-exigem-saberes-e-obras-publicas\/","url":"https:\/\/portaltela.pt\/noticias\/2026\/02\/13\/tempestades-ameacam-a-agricultura-e-exigem-saberes-e-obras-publicas\/","name":"Tempestades amea\u00e7am a agricultura e exigem saberes e obras p\u00fablicas - Portal Tela Portugal","isPartOf":{"@id":"https:\/\/portaltela.pt\/#website"},"primaryImageOfPage":{"@id":"https:\/\/portaltela.pt\/noticias\/2026\/02\/13\/tempestades-ameacam-a-agricultura-e-exigem-saberes-e-obras-publicas\/#primaryimage"},"image":{"@id":"https:\/\/portaltela.pt\/noticias\/2026\/02\/13\/tempestades-ameacam-a-agricultura-e-exigem-saberes-e-obras-publicas\/#primaryimage"},"thumbnailUrl":"https:\/\/portaltela.pt\/s.01k8rhncp4jt1\/2026\/02\/2164665.jpg","datePublished":"2026-02-13T06:58:00+00:00","author":{"@id":"https:\/\/portaltela.pt\/#\/schema\/person\/c4278d4a6028830caff9ee44b42d32ed"},"breadcrumb":{"@id":"https:\/\/portaltela.pt\/noticias\/2026\/02\/13\/tempestades-ameacam-a-agricultura-e-exigem-saberes-e-obras-publicas\/#breadcrumb"},"inLanguage":"pt-PT","potentialAction":[{"@type":"ReadAction","target":["https:\/\/portaltela.pt\/noticias\/2026\/02\/13\/tempestades-ameacam-a-agricultura-e-exigem-saberes-e-obras-publicas\/"]}]},{"@type":"ImageObject","inLanguage":"pt-PT","@id":"https:\/\/portaltela.pt\/noticias\/2026\/02\/13\/tempestades-ameacam-a-agricultura-e-exigem-saberes-e-obras-publicas\/#primaryimage","url":"https:\/\/portaltela.pt\/s.01k8rhncp4jt1\/2026\/02\/2164665.jpg","contentUrl":"https:\/\/portaltela.pt\/s.01k8rhncp4jt1\/2026\/02\/2164665.jpg","width":796,"height":448,"caption":"Photo"},{"@type":"BreadcrumbList","@id":"https:\/\/portaltela.pt\/noticias\/2026\/02\/13\/tempestades-ameacam-a-agricultura-e-exigem-saberes-e-obras-publicas\/#breadcrumb","itemListElement":[{"@type":"ListItem","position":1,"name":"In\u00edcio","item":"https:\/\/portaltela.pt\/"},{"@type":"ListItem","position":2,"name":"Tempestades amea\u00e7am a agricultura e exigem saberes e obras p\u00fablicas"}]},{"@type":"WebSite","@id":"https:\/\/portaltela.pt\/#website","url":"https:\/\/portaltela.pt\/","name":"Portal Tela Portugal","description":"","potentialAction":[{"@type":"SearchAction","target":{"@type":"EntryPoint","urlTemplate":"https:\/\/portaltela.pt\/?s={search_term_string}"},"query-input":{"@type":"PropertyValueSpecification","valueRequired":true,"valueName":"search_term_string"}}],"inLanguage":"pt-PT"},{"@type":"Person","@id":"https:\/\/portaltela.pt\/#\/schema\/person\/c4278d4a6028830caff9ee44b42d32ed","name":"Telinha","image":{"@type":"ImageObject","inLanguage":"pt-PT","@id":"https:\/\/portaltela.pt\/s.01k8rhncp4jt1\/2025\/11\/talking-bot-125x125.png","url":"https:\/\/portaltela.pt\/s.01k8rhncp4jt1\/2025\/11\/talking-bot-125x125.png","contentUrl":"https:\/\/portaltela.pt\/s.01k8rhncp4jt1\/2025\/11\/talking-bot-125x125.png","caption":"Telinha"},"sameAs":["https:\/\/portaltela.pt\/"],"url":"https:\/\/portaltela.pt\/por\/367410592786\/"}]}},"_links":{"self":[{"href":"https:\/\/portaltela.pt\/api\/wp\/v2\/posts\/210376","targetHints":{"allow":["GET"]}}],"collection":[{"href":"https:\/\/portaltela.pt\/api\/wp\/v2\/posts"}],"about":[{"href":"https:\/\/portaltela.pt\/api\/wp\/v2\/types\/post"}],"author":[{"embeddable":true,"href":"https:\/\/portaltela.pt\/api\/wp\/v2\/users\/2"}],"replies":[{"embeddable":true,"href":"https:\/\/portaltela.pt\/api\/wp\/v2\/comments?post=210376"}],"version-history":[{"count":0,"href":"https:\/\/portaltela.pt\/api\/wp\/v2\/posts\/210376\/revisions"}],"wp:featuredmedia":[{"embeddable":true,"href":"https:\/\/portaltela.pt\/api\/wp\/v2\/media\/210399"}],"wp:attachment":[{"href":"https:\/\/portaltela.pt\/api\/wp\/v2\/media?parent=210376"}],"wp:term":[{"taxonomy":"category","embeddable":true,"href":"https:\/\/portaltela.pt\/api\/wp\/v2\/categories?post=210376"},{"taxonomy":"post_tag","embeddable":true,"href":"https:\/\/portaltela.pt\/api\/wp\/v2\/tags?post=210376"}],"curies":[{"name":"wp","href":"https:\/\/api.w.org\/{rel}","templated":true}]}}