{"id":210374,"date":"2026-02-13T04:00:00","date_gmt":"2026-02-13T07:00:00","guid":{"rendered":"https:\/\/portaltela.pt\/noticias\/2026\/02\/13\/a-historia-oral-dos-dealema-30-anos-a-viajar-no-expresso-do-submundo\/"},"modified":"2026-02-13T04:00:00","modified_gmt":"2026-02-13T07:00:00","slug":"a-historia-oral-dos-dealema-30-anos-a-viajar-no-expresso-do-submundo","status":"publish","type":"post","link":"https:\/\/portaltela.pt\/noticias\/2026\/02\/13\/a-historia-oral-dos-dealema-30-anos-a-viajar-no-expresso-do-submundo\/","title":{"rendered":"A hist\u00f3ria oral dos Dealema: 30 anos a viajar no Expresso do Submundo"},"content":{"rendered":"<p>Os Dealema, refer\u00eancia do hip-hop em Portugal, comemoram 30 anos de carreira. Fundados em 1996, o grupo chega ao marco com um novo trabalho \u00e0 vista.<\/p>\n<p>A celebra\u00e7\u00e3o ocorre em pleno 30.\u00ba anivers\u00e1rio, em Vila Nova de Gaia e no Porto, cidades que moldaram o som e a identidade do coletivo ao longo das tr\u00eas d\u00e9cadas. O lan\u00e7amento do \u00e1lbum chega ap\u00f3s um hiato de 13 anos sem edi\u00e7\u00f5es de est\u00fadio como grupo.<\/p>\n<p>96 ao Infinito \u00e9 o t\u00edtulo do novo disco, que encerra o per\u00edodo de sil\u00eancio discogr\u00e1fico e sinaliza uma nova fase criativa para os Dealema. A produ\u00e7\u00e3o, ainda que anunciada, mant\u00e9m a comunidade em expectativa.<\/p>\n<h3>Novo disco marca regresso dos Dealema<\/h3>\n<p>O reminder de atividade recente refor\u00e7a a import\u00e2ncia hist\u00f3rica do grupo no hip-hop portugu\u00eas, conhecido pela fus\u00e3o de influ\u00eancias locais com a linguagem do rap urbano. A data de sa\u00edda e detalhes de produ\u00e7\u00e3o ser\u00e3o divulgados pela equipa em breve.<\/p>\n","protected":false},"excerpt":{"rendered":"<ul>\n<li>Os Dealema, fundados em 1996, celebram 30 anos de carreira no hip-hop portugu\u00eas.<\/li>\n<li>O grupo, conhecido pela sua atua\u00e7\u00e3o em Vila Nova de Gaia e no Porto, prepara-se para lan\u00e7ar o \u00e1lbum 96 ao Infinito esta sexta-feira.<\/li>\n<li>O lan\u00e7amento marca o fim de um hiato de 13 anos sem edi\u00e7\u00f5es em formato de grupo.<\/li>\n<li>A nova obra surge como marco na hist\u00f3ria do hip-hop em Portugal, destacando a longevidade do coletivo.<\/li>\n<li>O \u00e1lbum representa o regresso do grupo ap\u00f3s mais de uma d\u00e9cada sem novidades discogr\u00e1ficas coletivas.<\/li>\n<\/ul>\n","protected":false},"author":2,"featured_media":210398,"comment_status":"closed","ping_status":"closed","sticky":false,"template":"","format":"standard","meta":{"footnotes":""},"categories":[12,1],"tags":[1761,122,5062,982,1014],"class_list":["post-210374","post","type-post","status-publish","format-standard","has-post-thumbnail","hentry","category-entretenimento","category-noticias","tag-gaia","tag-musica","tag-musica-urbana","tag-porto","tag-portugal"],"yoast_head":"<!-- This site is optimized with the Yoast SEO plugin v27.2 - https:\/\/yoast.com\/product\/yoast-seo-wordpress\/ -->\n<title>A hist\u00f3ria oral dos Dealema: 30 anos a viajar no Expresso do Submundo - Portal Tela Portugal<\/title>\n<meta name=\"robots\" content=\"index, follow, max-snippet:-1, max-image-preview:large, max-video-preview:-1\" \/>\n<meta property=\"og:locale\" content=\"pt_PT\" \/>\n<meta property=\"og:type\" content=\"article\" \/>\n<meta property=\"og:title\" content=\"A hist\u00f3ria oral dos Dealema: 30 anos a viajar no Expresso do Submundo - Portal Tela Portugal\" \/>\n<meta property=\"og:description\" content=\"Os Dealema, fundados em 1996, celebram 30 anos de carreira no hip-hop portugu\u00eas. O grupo, conhecido pela sua atua\u00e7\u00e3o em Vila Nova de Gaia e no Porto, prepara-se para lan\u00e7ar o \u00e1lbum 96 ao Infinito esta sexta-feira. O lan\u00e7amento marca o fim de um hiato de 13 anos sem edi\u00e7\u00f5es em formato de grupo. A nova obra surge como marco na hist\u00f3ria do hip-hop em Portugal, destacando a longevidade do coletivo. O \u00e1lbum representa o regresso do grupo ap\u00f3s mais de uma d\u00e9cada sem novidades discogr\u00e1ficas coletivas.\" \/>\n<meta property=\"og:url\" content=\"https:\/\/portaltela.pt\/noticias\/2026\/02\/13\/a-historia-oral-dos-dealema-30-anos-a-viajar-no-expresso-do-submundo\/\" \/>\n<meta property=\"og:site_name\" content=\"Portal Tela Portugal\" \/>\n<meta property=\"article:published_time\" content=\"2026-02-13T07:00:00+00:00\" \/>\n<meta name=\"author\" content=\"Telinha\" \/>\n<meta name=\"twitter:card\" content=\"summary_large_image\" \/>\n<meta name=\"twitter:label1\" content=\"Escrito por\" \/>\n\t<meta name=\"twitter:data1\" content=\"Telinha\" \/>\n\t<meta name=\"twitter:label2\" content=\"Tempo estimado de leitura\" \/>\n\t<meta name=\"twitter:data2\" content=\"1 minuto\" \/>\n<script type=\"application\/ld+json\" class=\"yoast-schema-graph\">{\"@context\":\"https:\/\/schema.org\",\"@graph\":[{\"@type\":\"Article\",\"@id\":\"https:\/\/portaltela.pt\/noticias\/2026\/02\/13\/a-historia-oral-dos-dealema-30-anos-a-viajar-no-expresso-do-submundo\/#article\",\"isPartOf\":{\"@id\":\"https:\/\/portaltela.pt\/noticias\/2026\/02\/13\/a-historia-oral-dos-dealema-30-anos-a-viajar-no-expresso-do-submundo\/\"},\"author\":{\"name\":\"Telinha\",\"@id\":\"https:\/\/portaltela.pt\/#\/schema\/person\/c4278d4a6028830caff9ee44b42d32ed\"},\"headline\":\"A hist\u00f3ria oral dos Dealema: 30 anos a viajar no Expresso do Submundo\",\"datePublished\":\"2026-02-13T07:00:00+00:00\",\"mainEntityOfPage\":{\"@id\":\"https:\/\/portaltela.pt\/noticias\/2026\/02\/13\/a-historia-oral-dos-dealema-30-anos-a-viajar-no-expresso-do-submundo\/\"},\"wordCount\":184,\"image\":{\"@id\":\"https:\/\/portaltela.pt\/noticias\/2026\/02\/13\/a-historia-oral-dos-dealema-30-anos-a-viajar-no-expresso-do-submundo\/#primaryimage\"},\"thumbnailUrl\":\"https:\/\/portaltela.pt\/s.01k8rhncp4jt1\/2026\/02\/2066244.jpg\",\"keywords\":[\"Gaia\",\"m\u00fasica\",\"m\u00fasica urbana\",\"Porto\",\"Portugal\"],\"articleSection\":[\"Entretenimento\",\"Not\u00edcias\"],\"inLanguage\":\"pt-PT\"},{\"@type\":\"WebPage\",\"@id\":\"https:\/\/portaltela.pt\/noticias\/2026\/02\/13\/a-historia-oral-dos-dealema-30-anos-a-viajar-no-expresso-do-submundo\/\",\"url\":\"https:\/\/portaltela.pt\/noticias\/2026\/02\/13\/a-historia-oral-dos-dealema-30-anos-a-viajar-no-expresso-do-submundo\/\",\"name\":\"A hist\u00f3ria oral dos Dealema: 30 anos a viajar no Expresso do Submundo - Portal Tela Portugal\",\"isPartOf\":{\"@id\":\"https:\/\/portaltela.pt\/#website\"},\"primaryImageOfPage\":{\"@id\":\"https:\/\/portaltela.pt\/noticias\/2026\/02\/13\/a-historia-oral-dos-dealema-30-anos-a-viajar-no-expresso-do-submundo\/#primaryimage\"},\"image\":{\"@id\":\"https:\/\/portaltela.pt\/noticias\/2026\/02\/13\/a-historia-oral-dos-dealema-30-anos-a-viajar-no-expresso-do-submundo\/#primaryimage\"},\"thumbnailUrl\":\"https:\/\/portaltela.pt\/s.01k8rhncp4jt1\/2026\/02\/2066244.jpg\",\"datePublished\":\"2026-02-13T07:00:00+00:00\",\"author\":{\"@id\":\"https:\/\/portaltela.pt\/#\/schema\/person\/c4278d4a6028830caff9ee44b42d32ed\"},\"breadcrumb\":{\"@id\":\"https:\/\/portaltela.pt\/noticias\/2026\/02\/13\/a-historia-oral-dos-dealema-30-anos-a-viajar-no-expresso-do-submundo\/#breadcrumb\"},\"inLanguage\":\"pt-PT\",\"potentialAction\":[{\"@type\":\"ReadAction\",\"target\":[\"https:\/\/portaltela.pt\/noticias\/2026\/02\/13\/a-historia-oral-dos-dealema-30-anos-a-viajar-no-expresso-do-submundo\/\"]}]},{\"@type\":\"ImageObject\",\"inLanguage\":\"pt-PT\",\"@id\":\"https:\/\/portaltela.pt\/noticias\/2026\/02\/13\/a-historia-oral-dos-dealema-30-anos-a-viajar-no-expresso-do-submundo\/#primaryimage\",\"url\":\"https:\/\/portaltela.pt\/s.01k8rhncp4jt1\/2026\/02\/2066244.jpg\",\"contentUrl\":\"https:\/\/portaltela.pt\/s.01k8rhncp4jt1\/2026\/02\/2066244.jpg\",\"width\":796,\"height\":448,\"caption\":\"Fundados em 1996, os Dealema s\u00e3o parte fundamental da hist\u00f3ria do hip-hop portugu\u00eas\"},{\"@type\":\"BreadcrumbList\",\"@id\":\"https:\/\/portaltela.pt\/noticias\/2026\/02\/13\/a-historia-oral-dos-dealema-30-anos-a-viajar-no-expresso-do-submundo\/#breadcrumb\",\"itemListElement\":[{\"@type\":\"ListItem\",\"position\":1,\"name\":\"In\u00edcio\",\"item\":\"https:\/\/portaltela.pt\/\"},{\"@type\":\"ListItem\",\"position\":2,\"name\":\"A hist\u00f3ria oral dos Dealema: 30 anos a viajar no Expresso do Submundo\"}]},{\"@type\":\"WebSite\",\"@id\":\"https:\/\/portaltela.pt\/#website\",\"url\":\"https:\/\/portaltela.pt\/\",\"name\":\"Portal Tela Portugal\",\"description\":\"\",\"potentialAction\":[{\"@type\":\"SearchAction\",\"target\":{\"@type\":\"EntryPoint\",\"urlTemplate\":\"https:\/\/portaltela.pt\/?s={search_term_string}\"},\"query-input\":{\"@type\":\"PropertyValueSpecification\",\"valueRequired\":true,\"valueName\":\"search_term_string\"}}],\"inLanguage\":\"pt-PT\"},{\"@type\":\"Person\",\"@id\":\"https:\/\/portaltela.pt\/#\/schema\/person\/c4278d4a6028830caff9ee44b42d32ed\",\"name\":\"Telinha\",\"image\":{\"@type\":\"ImageObject\",\"inLanguage\":\"pt-PT\",\"@id\":\"https:\/\/portaltela.pt\/s.01k8rhncp4jt1\/2025\/11\/talking-bot-125x125.png\",\"url\":\"https:\/\/portaltela.pt\/s.01k8rhncp4jt1\/2025\/11\/talking-bot-125x125.png\",\"contentUrl\":\"https:\/\/portaltela.pt\/s.01k8rhncp4jt1\/2025\/11\/talking-bot-125x125.png\",\"caption\":\"Telinha\"},\"sameAs\":[\"https:\/\/portaltela.pt\/\"],\"url\":\"https:\/\/portaltela.pt\/por\/367410592786\/\"}]}<\/script>\n<!-- \/ Yoast SEO plugin. -->","yoast_head_json":{"title":"A hist\u00f3ria oral dos Dealema: 30 anos a viajar no Expresso do Submundo - Portal Tela Portugal","robots":{"index":"index","follow":"follow","max-snippet":"max-snippet:-1","max-image-preview":"max-image-preview:large","max-video-preview":"max-video-preview:-1"},"og_locale":"pt_PT","og_type":"article","og_title":"A hist\u00f3ria oral dos Dealema: 30 anos a viajar no Expresso do Submundo - Portal Tela Portugal","og_description":"Os Dealema, fundados em 1996, celebram 30 anos de carreira no hip-hop portugu\u00eas. O grupo, conhecido pela sua atua\u00e7\u00e3o em Vila Nova de Gaia e no Porto, prepara-se para lan\u00e7ar o \u00e1lbum 96 ao Infinito esta sexta-feira. O lan\u00e7amento marca o fim de um hiato de 13 anos sem edi\u00e7\u00f5es em formato de grupo. A nova obra surge como marco na hist\u00f3ria do hip-hop em Portugal, destacando a longevidade do coletivo. O \u00e1lbum representa o regresso do grupo ap\u00f3s mais de uma d\u00e9cada sem novidades discogr\u00e1ficas coletivas.","og_url":"https:\/\/portaltela.pt\/noticias\/2026\/02\/13\/a-historia-oral-dos-dealema-30-anos-a-viajar-no-expresso-do-submundo\/","og_site_name":"Portal Tela Portugal","article_published_time":"2026-02-13T07:00:00+00:00","author":"Telinha","twitter_card":"summary_large_image","twitter_misc":{"Escrito por":"Telinha","Tempo estimado de leitura":"1 minuto"},"schema":{"@context":"https:\/\/schema.org","@graph":[{"@type":"Article","@id":"https:\/\/portaltela.pt\/noticias\/2026\/02\/13\/a-historia-oral-dos-dealema-30-anos-a-viajar-no-expresso-do-submundo\/#article","isPartOf":{"@id":"https:\/\/portaltela.pt\/noticias\/2026\/02\/13\/a-historia-oral-dos-dealema-30-anos-a-viajar-no-expresso-do-submundo\/"},"author":{"name":"Telinha","@id":"https:\/\/portaltela.pt\/#\/schema\/person\/c4278d4a6028830caff9ee44b42d32ed"},"headline":"A hist\u00f3ria oral dos Dealema: 30 anos a viajar no Expresso do Submundo","datePublished":"2026-02-13T07:00:00+00:00","mainEntityOfPage":{"@id":"https:\/\/portaltela.pt\/noticias\/2026\/02\/13\/a-historia-oral-dos-dealema-30-anos-a-viajar-no-expresso-do-submundo\/"},"wordCount":184,"image":{"@id":"https:\/\/portaltela.pt\/noticias\/2026\/02\/13\/a-historia-oral-dos-dealema-30-anos-a-viajar-no-expresso-do-submundo\/#primaryimage"},"thumbnailUrl":"https:\/\/portaltela.pt\/s.01k8rhncp4jt1\/2026\/02\/2066244.jpg","keywords":["Gaia","m\u00fasica","m\u00fasica urbana","Porto","Portugal"],"articleSection":["Entretenimento","Not\u00edcias"],"inLanguage":"pt-PT"},{"@type":"WebPage","@id":"https:\/\/portaltela.pt\/noticias\/2026\/02\/13\/a-historia-oral-dos-dealema-30-anos-a-viajar-no-expresso-do-submundo\/","url":"https:\/\/portaltela.pt\/noticias\/2026\/02\/13\/a-historia-oral-dos-dealema-30-anos-a-viajar-no-expresso-do-submundo\/","name":"A hist\u00f3ria oral dos Dealema: 30 anos a viajar no Expresso do Submundo - Portal Tela Portugal","isPartOf":{"@id":"https:\/\/portaltela.pt\/#website"},"primaryImageOfPage":{"@id":"https:\/\/portaltela.pt\/noticias\/2026\/02\/13\/a-historia-oral-dos-dealema-30-anos-a-viajar-no-expresso-do-submundo\/#primaryimage"},"image":{"@id":"https:\/\/portaltela.pt\/noticias\/2026\/02\/13\/a-historia-oral-dos-dealema-30-anos-a-viajar-no-expresso-do-submundo\/#primaryimage"},"thumbnailUrl":"https:\/\/portaltela.pt\/s.01k8rhncp4jt1\/2026\/02\/2066244.jpg","datePublished":"2026-02-13T07:00:00+00:00","author":{"@id":"https:\/\/portaltela.pt\/#\/schema\/person\/c4278d4a6028830caff9ee44b42d32ed"},"breadcrumb":{"@id":"https:\/\/portaltela.pt\/noticias\/2026\/02\/13\/a-historia-oral-dos-dealema-30-anos-a-viajar-no-expresso-do-submundo\/#breadcrumb"},"inLanguage":"pt-PT","potentialAction":[{"@type":"ReadAction","target":["https:\/\/portaltela.pt\/noticias\/2026\/02\/13\/a-historia-oral-dos-dealema-30-anos-a-viajar-no-expresso-do-submundo\/"]}]},{"@type":"ImageObject","inLanguage":"pt-PT","@id":"https:\/\/portaltela.pt\/noticias\/2026\/02\/13\/a-historia-oral-dos-dealema-30-anos-a-viajar-no-expresso-do-submundo\/#primaryimage","url":"https:\/\/portaltela.pt\/s.01k8rhncp4jt1\/2026\/02\/2066244.jpg","contentUrl":"https:\/\/portaltela.pt\/s.01k8rhncp4jt1\/2026\/02\/2066244.jpg","width":796,"height":448,"caption":"Fundados em 1996, os Dealema s\u00e3o parte fundamental da hist\u00f3ria do hip-hop portugu\u00eas"},{"@type":"BreadcrumbList","@id":"https:\/\/portaltela.pt\/noticias\/2026\/02\/13\/a-historia-oral-dos-dealema-30-anos-a-viajar-no-expresso-do-submundo\/#breadcrumb","itemListElement":[{"@type":"ListItem","position":1,"name":"In\u00edcio","item":"https:\/\/portaltela.pt\/"},{"@type":"ListItem","position":2,"name":"A hist\u00f3ria oral dos Dealema: 30 anos a viajar no Expresso do Submundo"}]},{"@type":"WebSite","@id":"https:\/\/portaltela.pt\/#website","url":"https:\/\/portaltela.pt\/","name":"Portal Tela Portugal","description":"","potentialAction":[{"@type":"SearchAction","target":{"@type":"EntryPoint","urlTemplate":"https:\/\/portaltela.pt\/?s={search_term_string}"},"query-input":{"@type":"PropertyValueSpecification","valueRequired":true,"valueName":"search_term_string"}}],"inLanguage":"pt-PT"},{"@type":"Person","@id":"https:\/\/portaltela.pt\/#\/schema\/person\/c4278d4a6028830caff9ee44b42d32ed","name":"Telinha","image":{"@type":"ImageObject","inLanguage":"pt-PT","@id":"https:\/\/portaltela.pt\/s.01k8rhncp4jt1\/2025\/11\/talking-bot-125x125.png","url":"https:\/\/portaltela.pt\/s.01k8rhncp4jt1\/2025\/11\/talking-bot-125x125.png","contentUrl":"https:\/\/portaltela.pt\/s.01k8rhncp4jt1\/2025\/11\/talking-bot-125x125.png","caption":"Telinha"},"sameAs":["https:\/\/portaltela.pt\/"],"url":"https:\/\/portaltela.pt\/por\/367410592786\/"}]}},"_links":{"self":[{"href":"https:\/\/portaltela.pt\/api\/wp\/v2\/posts\/210374","targetHints":{"allow":["GET"]}}],"collection":[{"href":"https:\/\/portaltela.pt\/api\/wp\/v2\/posts"}],"about":[{"href":"https:\/\/portaltela.pt\/api\/wp\/v2\/types\/post"}],"author":[{"embeddable":true,"href":"https:\/\/portaltela.pt\/api\/wp\/v2\/users\/2"}],"replies":[{"embeddable":true,"href":"https:\/\/portaltela.pt\/api\/wp\/v2\/comments?post=210374"}],"version-history":[{"count":0,"href":"https:\/\/portaltela.pt\/api\/wp\/v2\/posts\/210374\/revisions"}],"wp:featuredmedia":[{"embeddable":true,"href":"https:\/\/portaltela.pt\/api\/wp\/v2\/media\/210398"}],"wp:attachment":[{"href":"https:\/\/portaltela.pt\/api\/wp\/v2\/media?parent=210374"}],"wp:term":[{"taxonomy":"category","embeddable":true,"href":"https:\/\/portaltela.pt\/api\/wp\/v2\/categories?post=210374"},{"taxonomy":"post_tag","embeddable":true,"href":"https:\/\/portaltela.pt\/api\/wp\/v2\/tags?post=210374"}],"curies":[{"name":"wp","href":"https:\/\/api.w.org\/{rel}","templated":true}]}}