{"id":210370,"date":"2026-02-13T03:45:00","date_gmt":"2026-02-13T06:45:00","guid":{"rendered":"https:\/\/portaltela.pt\/noticias\/2026\/02\/13\/mafra-agua-escorre-nas-paredes-estuque-cai-e-pinturas-estremecem-com-o-vento\/"},"modified":"2026-02-13T03:45:00","modified_gmt":"2026-02-13T06:45:00","slug":"mafra-agua-escorre-nas-paredes-estuque-cai-e-pinturas-estremecem-com-o-vento","status":"publish","type":"post","link":"https:\/\/portaltela.pt\/noticias\/2026\/02\/13\/mafra-agua-escorre-nas-paredes-estuque-cai-e-pinturas-estremecem-com-o-vento\/","title":{"rendered":"Mafra: \u00e1gua escorre nas paredes, estuque cai e pinturas estremecem com o vento"},"content":{"rendered":"<p>O Pal\u00e1cio Nacional de Mafra enfrenta infiltra\u00e7\u00f5es de \u00e1gua que escorrem pelas paredes, com estuque a cair e pinturas a balan\u00e7ar. O problema envolve o espa\u00e7o visit\u00e1vel de milhares de metros quadrados no monumento.<\/p>\n<p>Os trabalhadores de limpeza, seis pessoas, dedicam-se a mitigar o impacto da \u00e1gua que entra por portas e janelas. O ch\u00e3o torna-se escorregadio e \u00e9 necess\u00e1rio espalhar sinais de alerta ao longo do percurso p\u00fablico.<\/p>\n<p>As infiltra\u00e7\u00f5es obrigam a fechar salas e a restringir o acesso a algumas \u00e1reas, dificultando a circula\u00e7\u00e3o de visitantes e comprometendo a conserva\u00e7\u00e3o do edif\u00edcio hist\u00f3rico.<\/p>\n<p>Entre as paredes e as portadas, a \u00e1gua acumula-se nos corredores e galerias, dificultando a visibilidade de pe\u00e7as expostas nas vitrinas. O estuque cai com frequ\u00eancia em v\u00e1rios pontos.<\/p>\n<p>Especialistas destacam que o problema \u00e9 cr\u00f3nico e tem agravamento devido a temporais recentes. As decis\u00f5es da tutela s\u00e3o apontadas como fatores que pioraram a situa\u00e7\u00e3o ao longo do tempo.<\/p>\n<p>A \u00e1rea visit\u00e1vel do pal\u00e1cio \u00e9 abrangente, mas o espa\u00e7o t\u00e9cnico de apoio revela per\u00edmetros com infiltra\u00e7\u00f5es mais acentuadas. O objetivo \u00e9 manter a seguran\u00e7a de visitantes e a integridade patrimonial.<\/p>\n<p>N\u00e3o houve confirma\u00e7\u00e3o de prazos para a conclus\u00e3o de interven\u00e7\u00f5es. As autoridades mant\u00eam o acompanhamento da situa\u00e7\u00e3o para priorizar interven\u00e7\u00f5es de conserva\u00e7\u00e3o.<\/p>\n","protected":false},"excerpt":{"rendered":"<ul>\n<li>No Pal\u00e1cio Nacional de Mafra, a \u00e1gua escorre pelas paredes e o estuque cai, com o vento a abanar as pinturas.<\/li>\n<li>O ch\u00e3o fica escorregadio; cortinados e reposteiros est\u00e3o molhados e as pe\u00e7as nas vitrinas mal se v\u00eaem.<\/li>\n<li>Infiltra\u00e7\u00f5es obrigam a fechar salas, agravadas por temporais e decis\u00f5es da tutela.<\/li>\n<li>Seis trabalhadores de limpeza tentam minimizar o impacto da \u00e1gua numa \u00e1rea visit\u00e1vel de milhares de metros quadrados.<\/li>\n<li>A \u00e1gua entra por portas e janelas, acumula-se nos corredores e galerias, e s\u00e3o espalhados sinais de perigo ao longo do circuito p\u00fablico.<\/li>\n<\/ul>\n","protected":false},"author":2,"featured_media":210371,"comment_status":"closed","ping_status":"closed","sticky":false,"template":"","format":"standard","meta":{"footnotes":""},"categories":[1],"tags":[167,299,4676,814,1175,169],"class_list":["post-210370","post","type-post","status-publish","format-standard","has-post-thumbnail","hentry","category-noticias","tag-ambiente","tag-historia","tag-infiltracoes","tag-patrimonio","tag-patrimonio-cultural","tag-turismo"],"yoast_head":"<!-- This site is optimized with the Yoast SEO plugin v27.2 - https:\/\/yoast.com\/product\/yoast-seo-wordpress\/ -->\n<title>Mafra: \u00e1gua escorre nas paredes, estuque cai e pinturas estremecem com o vento - Portal Tela Portugal<\/title>\n<meta name=\"robots\" content=\"index, follow, max-snippet:-1, max-image-preview:large, max-video-preview:-1\" \/>\n<meta property=\"og:locale\" content=\"pt_PT\" \/>\n<meta property=\"og:type\" content=\"article\" \/>\n<meta property=\"og:title\" content=\"Mafra: \u00e1gua escorre nas paredes, estuque cai e pinturas estremecem com o vento - Portal Tela Portugal\" \/>\n<meta property=\"og:description\" content=\"No Pal\u00e1cio Nacional de Mafra, a \u00e1gua escorre pelas paredes e o estuque cai, com o vento a abanar as pinturas. O ch\u00e3o fica escorregadio; cortinados e reposteiros est\u00e3o molhados e as pe\u00e7as nas vitrinas mal se v\u00eaem. Infiltra\u00e7\u00f5es obrigam a fechar salas, agravadas por temporais e decis\u00f5es da tutela. Seis trabalhadores de limpeza tentam minimizar o impacto da \u00e1gua numa \u00e1rea visit\u00e1vel de milhares de metros quadrados. A \u00e1gua entra por portas e janelas, acumula-se nos corredores e galerias, e s\u00e3o espalhados sinais de perigo ao longo do circuito p\u00fablico.\" \/>\n<meta property=\"og:url\" content=\"https:\/\/portaltela.pt\/noticias\/2026\/02\/13\/mafra-agua-escorre-nas-paredes-estuque-cai-e-pinturas-estremecem-com-o-vento\/\" \/>\n<meta property=\"og:site_name\" content=\"Portal Tela Portugal\" \/>\n<meta property=\"article:published_time\" content=\"2026-02-13T06:45:00+00:00\" \/>\n<meta name=\"author\" content=\"Telinha\" \/>\n<meta name=\"twitter:card\" content=\"summary_large_image\" \/>\n<meta name=\"twitter:label1\" content=\"Escrito por\" \/>\n\t<meta name=\"twitter:data1\" content=\"Telinha\" \/>\n\t<meta name=\"twitter:label2\" content=\"Tempo estimado de leitura\" \/>\n\t<meta name=\"twitter:data2\" content=\"1 minuto\" \/>\n<script type=\"application\/ld+json\" class=\"yoast-schema-graph\">{\"@context\":\"https:\/\/schema.org\",\"@graph\":[{\"@type\":\"Article\",\"@id\":\"https:\/\/portaltela.pt\/noticias\/2026\/02\/13\/mafra-agua-escorre-nas-paredes-estuque-cai-e-pinturas-estremecem-com-o-vento\/#article\",\"isPartOf\":{\"@id\":\"https:\/\/portaltela.pt\/noticias\/2026\/02\/13\/mafra-agua-escorre-nas-paredes-estuque-cai-e-pinturas-estremecem-com-o-vento\/\"},\"author\":{\"name\":\"Telinha\",\"@id\":\"https:\/\/portaltela.pt\/#\/schema\/person\/c4278d4a6028830caff9ee44b42d32ed\"},\"headline\":\"Mafra: \u00e1gua escorre nas paredes, estuque cai e pinturas estremecem com o vento\",\"datePublished\":\"2026-02-13T06:45:00+00:00\",\"mainEntityOfPage\":{\"@id\":\"https:\/\/portaltela.pt\/noticias\/2026\/02\/13\/mafra-agua-escorre-nas-paredes-estuque-cai-e-pinturas-estremecem-com-o-vento\/\"},\"wordCount\":251,\"image\":{\"@id\":\"https:\/\/portaltela.pt\/noticias\/2026\/02\/13\/mafra-agua-escorre-nas-paredes-estuque-cai-e-pinturas-estremecem-com-o-vento\/#primaryimage\"},\"thumbnailUrl\":\"https:\/\/portaltela.pt\/s.01k8rhncp4jt1\/2026\/02\/2066921.jpg\",\"keywords\":[\"ambiente\",\"hist\u00f3ria\",\"infiltra\u00e7\u00f5es\",\"patrim\u00f3nio\",\"Patrim\u00f3nio Cultural\",\"turismo\"],\"articleSection\":[\"Not\u00edcias\"],\"inLanguage\":\"pt-PT\"},{\"@type\":\"WebPage\",\"@id\":\"https:\/\/portaltela.pt\/noticias\/2026\/02\/13\/mafra-agua-escorre-nas-paredes-estuque-cai-e-pinturas-estremecem-com-o-vento\/\",\"url\":\"https:\/\/portaltela.pt\/noticias\/2026\/02\/13\/mafra-agua-escorre-nas-paredes-estuque-cai-e-pinturas-estremecem-com-o-vento\/\",\"name\":\"Mafra: \u00e1gua escorre nas paredes, estuque cai e pinturas estremecem com o vento - Portal Tela Portugal\",\"isPartOf\":{\"@id\":\"https:\/\/portaltela.pt\/#website\"},\"primaryImageOfPage\":{\"@id\":\"https:\/\/portaltela.pt\/noticias\/2026\/02\/13\/mafra-agua-escorre-nas-paredes-estuque-cai-e-pinturas-estremecem-com-o-vento\/#primaryimage\"},\"image\":{\"@id\":\"https:\/\/portaltela.pt\/noticias\/2026\/02\/13\/mafra-agua-escorre-nas-paredes-estuque-cai-e-pinturas-estremecem-com-o-vento\/#primaryimage\"},\"thumbnailUrl\":\"https:\/\/portaltela.pt\/s.01k8rhncp4jt1\/2026\/02\/2066921.jpg\",\"datePublished\":\"2026-02-13T06:45:00+00:00\",\"author\":{\"@id\":\"https:\/\/portaltela.pt\/#\/schema\/person\/c4278d4a6028830caff9ee44b42d32ed\"},\"breadcrumb\":{\"@id\":\"https:\/\/portaltela.pt\/noticias\/2026\/02\/13\/mafra-agua-escorre-nas-paredes-estuque-cai-e-pinturas-estremecem-com-o-vento\/#breadcrumb\"},\"inLanguage\":\"pt-PT\",\"potentialAction\":[{\"@type\":\"ReadAction\",\"target\":[\"https:\/\/portaltela.pt\/noticias\/2026\/02\/13\/mafra-agua-escorre-nas-paredes-estuque-cai-e-pinturas-estremecem-com-o-vento\/\"]}]},{\"@type\":\"ImageObject\",\"inLanguage\":\"pt-PT\",\"@id\":\"https:\/\/portaltela.pt\/noticias\/2026\/02\/13\/mafra-agua-escorre-nas-paredes-estuque-cai-e-pinturas-estremecem-com-o-vento\/#primaryimage\",\"url\":\"https:\/\/portaltela.pt\/s.01k8rhncp4jt1\/2026\/02\/2066921.jpg\",\"contentUrl\":\"https:\/\/portaltela.pt\/s.01k8rhncp4jt1\/2026\/02\/2066921.jpg\",\"width\":796,\"height\":448,\"caption\":\"Nos apartamentos reais do torre\u00e3o Norte no Pal\u00e1cio Nacional de Mafra h\u00e1 \u00e1gua a escorrer pelas paredes, que t\u00eam tamb\u00e9m estuque a cair, assim como o tecto\"},{\"@type\":\"BreadcrumbList\",\"@id\":\"https:\/\/portaltela.pt\/noticias\/2026\/02\/13\/mafra-agua-escorre-nas-paredes-estuque-cai-e-pinturas-estremecem-com-o-vento\/#breadcrumb\",\"itemListElement\":[{\"@type\":\"ListItem\",\"position\":1,\"name\":\"In\u00edcio\",\"item\":\"https:\/\/portaltela.pt\/\"},{\"@type\":\"ListItem\",\"position\":2,\"name\":\"Mafra: \u00e1gua escorre nas paredes, estuque cai e pinturas estremecem com o vento\"}]},{\"@type\":\"WebSite\",\"@id\":\"https:\/\/portaltela.pt\/#website\",\"url\":\"https:\/\/portaltela.pt\/\",\"name\":\"Portal Tela Portugal\",\"description\":\"\",\"potentialAction\":[{\"@type\":\"SearchAction\",\"target\":{\"@type\":\"EntryPoint\",\"urlTemplate\":\"https:\/\/portaltela.pt\/?s={search_term_string}\"},\"query-input\":{\"@type\":\"PropertyValueSpecification\",\"valueRequired\":true,\"valueName\":\"search_term_string\"}}],\"inLanguage\":\"pt-PT\"},{\"@type\":\"Person\",\"@id\":\"https:\/\/portaltela.pt\/#\/schema\/person\/c4278d4a6028830caff9ee44b42d32ed\",\"name\":\"Telinha\",\"image\":{\"@type\":\"ImageObject\",\"inLanguage\":\"pt-PT\",\"@id\":\"https:\/\/portaltela.pt\/s.01k8rhncp4jt1\/2025\/11\/talking-bot-125x125.png\",\"url\":\"https:\/\/portaltela.pt\/s.01k8rhncp4jt1\/2025\/11\/talking-bot-125x125.png\",\"contentUrl\":\"https:\/\/portaltela.pt\/s.01k8rhncp4jt1\/2025\/11\/talking-bot-125x125.png\",\"caption\":\"Telinha\"},\"sameAs\":[\"https:\/\/portaltela.pt\/\"],\"url\":\"https:\/\/portaltela.pt\/por\/367410592786\/\"}]}<\/script>\n<!-- \/ Yoast SEO plugin. -->","yoast_head_json":{"title":"Mafra: \u00e1gua escorre nas paredes, estuque cai e pinturas estremecem com o vento - Portal Tela Portugal","robots":{"index":"index","follow":"follow","max-snippet":"max-snippet:-1","max-image-preview":"max-image-preview:large","max-video-preview":"max-video-preview:-1"},"og_locale":"pt_PT","og_type":"article","og_title":"Mafra: \u00e1gua escorre nas paredes, estuque cai e pinturas estremecem com o vento - Portal Tela Portugal","og_description":"No Pal\u00e1cio Nacional de Mafra, a \u00e1gua escorre pelas paredes e o estuque cai, com o vento a abanar as pinturas. O ch\u00e3o fica escorregadio; cortinados e reposteiros est\u00e3o molhados e as pe\u00e7as nas vitrinas mal se v\u00eaem. Infiltra\u00e7\u00f5es obrigam a fechar salas, agravadas por temporais e decis\u00f5es da tutela. Seis trabalhadores de limpeza tentam minimizar o impacto da \u00e1gua numa \u00e1rea visit\u00e1vel de milhares de metros quadrados. A \u00e1gua entra por portas e janelas, acumula-se nos corredores e galerias, e s\u00e3o espalhados sinais de perigo ao longo do circuito p\u00fablico.","og_url":"https:\/\/portaltela.pt\/noticias\/2026\/02\/13\/mafra-agua-escorre-nas-paredes-estuque-cai-e-pinturas-estremecem-com-o-vento\/","og_site_name":"Portal Tela Portugal","article_published_time":"2026-02-13T06:45:00+00:00","author":"Telinha","twitter_card":"summary_large_image","twitter_misc":{"Escrito por":"Telinha","Tempo estimado de leitura":"1 minuto"},"schema":{"@context":"https:\/\/schema.org","@graph":[{"@type":"Article","@id":"https:\/\/portaltela.pt\/noticias\/2026\/02\/13\/mafra-agua-escorre-nas-paredes-estuque-cai-e-pinturas-estremecem-com-o-vento\/#article","isPartOf":{"@id":"https:\/\/portaltela.pt\/noticias\/2026\/02\/13\/mafra-agua-escorre-nas-paredes-estuque-cai-e-pinturas-estremecem-com-o-vento\/"},"author":{"name":"Telinha","@id":"https:\/\/portaltela.pt\/#\/schema\/person\/c4278d4a6028830caff9ee44b42d32ed"},"headline":"Mafra: \u00e1gua escorre nas paredes, estuque cai e pinturas estremecem com o vento","datePublished":"2026-02-13T06:45:00+00:00","mainEntityOfPage":{"@id":"https:\/\/portaltela.pt\/noticias\/2026\/02\/13\/mafra-agua-escorre-nas-paredes-estuque-cai-e-pinturas-estremecem-com-o-vento\/"},"wordCount":251,"image":{"@id":"https:\/\/portaltela.pt\/noticias\/2026\/02\/13\/mafra-agua-escorre-nas-paredes-estuque-cai-e-pinturas-estremecem-com-o-vento\/#primaryimage"},"thumbnailUrl":"https:\/\/portaltela.pt\/s.01k8rhncp4jt1\/2026\/02\/2066921.jpg","keywords":["ambiente","hist\u00f3ria","infiltra\u00e7\u00f5es","patrim\u00f3nio","Patrim\u00f3nio Cultural","turismo"],"articleSection":["Not\u00edcias"],"inLanguage":"pt-PT"},{"@type":"WebPage","@id":"https:\/\/portaltela.pt\/noticias\/2026\/02\/13\/mafra-agua-escorre-nas-paredes-estuque-cai-e-pinturas-estremecem-com-o-vento\/","url":"https:\/\/portaltela.pt\/noticias\/2026\/02\/13\/mafra-agua-escorre-nas-paredes-estuque-cai-e-pinturas-estremecem-com-o-vento\/","name":"Mafra: \u00e1gua escorre nas paredes, estuque cai e pinturas estremecem com o vento - Portal Tela Portugal","isPartOf":{"@id":"https:\/\/portaltela.pt\/#website"},"primaryImageOfPage":{"@id":"https:\/\/portaltela.pt\/noticias\/2026\/02\/13\/mafra-agua-escorre-nas-paredes-estuque-cai-e-pinturas-estremecem-com-o-vento\/#primaryimage"},"image":{"@id":"https:\/\/portaltela.pt\/noticias\/2026\/02\/13\/mafra-agua-escorre-nas-paredes-estuque-cai-e-pinturas-estremecem-com-o-vento\/#primaryimage"},"thumbnailUrl":"https:\/\/portaltela.pt\/s.01k8rhncp4jt1\/2026\/02\/2066921.jpg","datePublished":"2026-02-13T06:45:00+00:00","author":{"@id":"https:\/\/portaltela.pt\/#\/schema\/person\/c4278d4a6028830caff9ee44b42d32ed"},"breadcrumb":{"@id":"https:\/\/portaltela.pt\/noticias\/2026\/02\/13\/mafra-agua-escorre-nas-paredes-estuque-cai-e-pinturas-estremecem-com-o-vento\/#breadcrumb"},"inLanguage":"pt-PT","potentialAction":[{"@type":"ReadAction","target":["https:\/\/portaltela.pt\/noticias\/2026\/02\/13\/mafra-agua-escorre-nas-paredes-estuque-cai-e-pinturas-estremecem-com-o-vento\/"]}]},{"@type":"ImageObject","inLanguage":"pt-PT","@id":"https:\/\/portaltela.pt\/noticias\/2026\/02\/13\/mafra-agua-escorre-nas-paredes-estuque-cai-e-pinturas-estremecem-com-o-vento\/#primaryimage","url":"https:\/\/portaltela.pt\/s.01k8rhncp4jt1\/2026\/02\/2066921.jpg","contentUrl":"https:\/\/portaltela.pt\/s.01k8rhncp4jt1\/2026\/02\/2066921.jpg","width":796,"height":448,"caption":"Nos apartamentos reais do torre\u00e3o Norte no Pal\u00e1cio Nacional de Mafra h\u00e1 \u00e1gua a escorrer pelas paredes, que t\u00eam tamb\u00e9m estuque a cair, assim como o tecto"},{"@type":"BreadcrumbList","@id":"https:\/\/portaltela.pt\/noticias\/2026\/02\/13\/mafra-agua-escorre-nas-paredes-estuque-cai-e-pinturas-estremecem-com-o-vento\/#breadcrumb","itemListElement":[{"@type":"ListItem","position":1,"name":"In\u00edcio","item":"https:\/\/portaltela.pt\/"},{"@type":"ListItem","position":2,"name":"Mafra: \u00e1gua escorre nas paredes, estuque cai e pinturas estremecem com o vento"}]},{"@type":"WebSite","@id":"https:\/\/portaltela.pt\/#website","url":"https:\/\/portaltela.pt\/","name":"Portal Tela Portugal","description":"","potentialAction":[{"@type":"SearchAction","target":{"@type":"EntryPoint","urlTemplate":"https:\/\/portaltela.pt\/?s={search_term_string}"},"query-input":{"@type":"PropertyValueSpecification","valueRequired":true,"valueName":"search_term_string"}}],"inLanguage":"pt-PT"},{"@type":"Person","@id":"https:\/\/portaltela.pt\/#\/schema\/person\/c4278d4a6028830caff9ee44b42d32ed","name":"Telinha","image":{"@type":"ImageObject","inLanguage":"pt-PT","@id":"https:\/\/portaltela.pt\/s.01k8rhncp4jt1\/2025\/11\/talking-bot-125x125.png","url":"https:\/\/portaltela.pt\/s.01k8rhncp4jt1\/2025\/11\/talking-bot-125x125.png","contentUrl":"https:\/\/portaltela.pt\/s.01k8rhncp4jt1\/2025\/11\/talking-bot-125x125.png","caption":"Telinha"},"sameAs":["https:\/\/portaltela.pt\/"],"url":"https:\/\/portaltela.pt\/por\/367410592786\/"}]}},"_links":{"self":[{"href":"https:\/\/portaltela.pt\/api\/wp\/v2\/posts\/210370","targetHints":{"allow":["GET"]}}],"collection":[{"href":"https:\/\/portaltela.pt\/api\/wp\/v2\/posts"}],"about":[{"href":"https:\/\/portaltela.pt\/api\/wp\/v2\/types\/post"}],"author":[{"embeddable":true,"href":"https:\/\/portaltela.pt\/api\/wp\/v2\/users\/2"}],"replies":[{"embeddable":true,"href":"https:\/\/portaltela.pt\/api\/wp\/v2\/comments?post=210370"}],"version-history":[{"count":0,"href":"https:\/\/portaltela.pt\/api\/wp\/v2\/posts\/210370\/revisions"}],"wp:featuredmedia":[{"embeddable":true,"href":"https:\/\/portaltela.pt\/api\/wp\/v2\/media\/210371"}],"wp:attachment":[{"href":"https:\/\/portaltela.pt\/api\/wp\/v2\/media?parent=210370"}],"wp:term":[{"taxonomy":"category","embeddable":true,"href":"https:\/\/portaltela.pt\/api\/wp\/v2\/categories?post=210370"},{"taxonomy":"post_tag","embeddable":true,"href":"https:\/\/portaltela.pt\/api\/wp\/v2\/tags?post=210370"}],"curies":[{"name":"wp","href":"https:\/\/api.w.org\/{rel}","templated":true}]}}