{"id":210287,"date":"2026-02-12T22:30:00","date_gmt":"2026-02-13T01:30:00","guid":{"rendered":"https:\/\/portaltela.pt\/noticias\/2026\/02\/12\/estarreja-mantem-festival-de-fantasia-com-700-mil-euros-mesmo-mau-tempo\/"},"modified":"2026-02-12T22:30:00","modified_gmt":"2026-02-13T01:30:00","slug":"estarreja-mantem-festival-de-fantasia-com-700-mil-euros-mesmo-mau-tempo","status":"publish","type":"post","link":"https:\/\/portaltela.pt\/noticias\/2026\/02\/12\/estarreja-mantem-festival-de-fantasia-com-700-mil-euros-mesmo-mau-tempo\/","title":{"rendered":"Estarreja mant\u00e9m festival de fantasia com 700 mil euros, mesmo mau tempo"},"content":{"rendered":"<p>O Carnaval de Estarreja volta a transformar o Parque Municipal de Antu\u00e3, apelidado de S\u00edtio do Carnaval, num grande palco de folia. Este ano, o evento re\u00fane 17 carros aleg\u00f3ricos e 13 grupos, incluindo 8 de folia, 4 de samba e 1 de passerelle, numa celebra\u00e7\u00e3o que atrai milhares de visitantes.<\/p>\n<p>Para esta edi\u00e7\u00e3o, a cidade \u00e9 palco de um Desfile Noturno das Escolas de Samba, marcado para esta sexta-feira, \u00e0s 21h30, no Espa\u00e7o Folia da Pra\u00e7a Francisco Barbosa. Os reis do Carnaval s\u00e3o os foli\u00f5es da terra, Jo\u00e3o Paulo Redinha e L\u00edlia Marques, que lideram os Grandes Corsos dominicais e da ter\u00e7a-feira.<\/p>\n<p>O investimento municipal, de 700 mil euros, pretende sustentar a qualidade do espet\u00e1culo e o envolvimento de encenadores, artistas e participantes. O objetivo \u00e9 manter a tradi\u00e7\u00e3o centen\u00e1ria com uma mostra de criatividade, talento e trabalho coletivo.<\/p>\n<h3>Investimento e desdobramentos<\/h3>\n<p>A C\u00e2mara Municipal refor\u00e7a que o Carnaval de Estarreja \u00e9 uma express\u00e3o da identidade local e da capacidade criativa da comunidade, refletida na organiza\u00e7\u00e3o e na participa\u00e7\u00e3o de cerca de 1500 pessoas nos desfiles.<\/p>\n<p>A edi\u00e7\u00e3o deste ano conta com uma programa\u00e7\u00e3o que se estende por diferentes dias, culminando nos grandes corsos de domingo e ter\u00e7a-feira, considerados o ponto alto da festa. A autarquia destaca o impacto cultural e tur\u00edstico do evento para a regi\u00e3o.<\/p>\n","protected":false},"excerpt":{"rendered":"<ul>\n<li>O munic\u00edpio de Estarreja investiu 700 mil euros no Carnaval, realizado no Parque Municipal de Antu\u00e3, conhecido como o &#8220;S\u00edtio do Carnaval&#8221;.<\/li>\n<li>O desfile contar\u00e1 com 17 carros aleg\u00f3ricos e 13 grupos (8 de folia, 4 de samba, 1 de passerelle), reunindo cerca de 1.500 participantes nos grandes corsos de domingo e ter\u00e7a-feira.<\/li>\n<li>Esta sexta-feira, \u00e0s 21h30, realiza-se o Desfile Noturno das Escolas de Samba no Espa\u00e7o Folia (Pra\u00e7a Francisco Barbosa).<\/li>\n<li>Os reis do Carnaval deste ano s\u00e3o os foli\u00f5es da terra Jo\u00e3o Paulo Redinha e L\u00edlia Marques, que v\u00e3o encabe\u00e7ar os grandes corsos.<\/li>\n<li>A presidente da C\u00e2mara Municipal, Isabel Sim\u00f5es Pinto, afirma que o Carnaval de Estarreja \u00e9 express\u00e3o da identidade local e que atrai milhares de pessoas.<\/li>\n<\/ul>\n","protected":false},"author":2,"featured_media":210293,"comment_status":"closed","ping_status":"closed","sticky":false,"template":"","format":"standard","meta":{"footnotes":""},"categories":[1],"tags":[145,3576,4919,3674,316,169],"class_list":["post-210287","post","type-post","status-publish","format-standard","has-post-thumbnail","hentry","category-noticias","tag-cultura","tag-estarreja","tag-festas","tag-festival","tag-investimento","tag-turismo"],"yoast_head":"<!-- This site is optimized with the Yoast SEO plugin v27.2 - https:\/\/yoast.com\/product\/yoast-seo-wordpress\/ -->\n<title>Estarreja mant\u00e9m festival de fantasia com 700 mil euros, mesmo mau tempo - Portal Tela Portugal<\/title>\n<meta name=\"robots\" content=\"index, follow, max-snippet:-1, max-image-preview:large, max-video-preview:-1\" \/>\n<meta property=\"og:locale\" content=\"pt_PT\" \/>\n<meta property=\"og:type\" content=\"article\" \/>\n<meta property=\"og:title\" content=\"Estarreja mant\u00e9m festival de fantasia com 700 mil euros, mesmo mau tempo - Portal Tela Portugal\" \/>\n<meta property=\"og:description\" content=\"O munic\u00edpio de Estarreja investiu 700 mil euros no Carnaval, realizado no Parque Municipal de Antu\u00e3, conhecido como o &quot;S\u00edtio do Carnaval&quot;. O desfile contar\u00e1 com 17 carros aleg\u00f3ricos e 13 grupos (8 de folia, 4 de samba, 1 de passerelle), reunindo cerca de 1.500 participantes nos grandes corsos de domingo e ter\u00e7a-feira. Esta sexta-feira, \u00e0s 21h30, realiza-se o Desfile Noturno das Escolas de Samba no Espa\u00e7o Folia (Pra\u00e7a Francisco Barbosa). Os reis do Carnaval deste ano s\u00e3o os foli\u00f5es da terra Jo\u00e3o Paulo Redinha e L\u00edlia Marques, que v\u00e3o encabe\u00e7ar os grandes corsos. A presidente da C\u00e2mara Municipal, Isabel Sim\u00f5es Pinto, afirma que o Carnaval de Estarreja \u00e9 express\u00e3o da identidade local e que atrai milhares de pessoas.\" \/>\n<meta property=\"og:url\" content=\"https:\/\/portaltela.pt\/noticias\/2026\/02\/12\/estarreja-mantem-festival-de-fantasia-com-700-mil-euros-mesmo-mau-tempo\/\" \/>\n<meta property=\"og:site_name\" content=\"Portal Tela Portugal\" \/>\n<meta property=\"article:published_time\" content=\"2026-02-13T01:30:00+00:00\" \/>\n<meta name=\"author\" content=\"Telinha\" \/>\n<meta name=\"twitter:card\" content=\"summary_large_image\" \/>\n<meta name=\"twitter:label1\" content=\"Escrito por\" \/>\n\t<meta name=\"twitter:data1\" content=\"Telinha\" \/>\n\t<meta name=\"twitter:label2\" content=\"Tempo estimado de leitura\" \/>\n\t<meta name=\"twitter:data2\" content=\"1 minuto\" \/>\n<script type=\"application\/ld+json\" class=\"yoast-schema-graph\">{\"@context\":\"https:\/\/schema.org\",\"@graph\":[{\"@type\":\"Article\",\"@id\":\"https:\/\/portaltela.pt\/noticias\/2026\/02\/12\/estarreja-mantem-festival-de-fantasia-com-700-mil-euros-mesmo-mau-tempo\/#article\",\"isPartOf\":{\"@id\":\"https:\/\/portaltela.pt\/noticias\/2026\/02\/12\/estarreja-mantem-festival-de-fantasia-com-700-mil-euros-mesmo-mau-tempo\/\"},\"author\":{\"name\":\"Telinha\",\"@id\":\"https:\/\/portaltela.pt\/#\/schema\/person\/c4278d4a6028830caff9ee44b42d32ed\"},\"headline\":\"Estarreja mant\u00e9m festival de fantasia com 700 mil euros, mesmo mau tempo\",\"datePublished\":\"2026-02-13T01:30:00+00:00\",\"mainEntityOfPage\":{\"@id\":\"https:\/\/portaltela.pt\/noticias\/2026\/02\/12\/estarreja-mantem-festival-de-fantasia-com-700-mil-euros-mesmo-mau-tempo\/\"},\"wordCount\":245,\"image\":{\"@id\":\"https:\/\/portaltela.pt\/noticias\/2026\/02\/12\/estarreja-mantem-festival-de-fantasia-com-700-mil-euros-mesmo-mau-tempo\/#primaryimage\"},\"thumbnailUrl\":\"https:\/\/portaltela.pt\/s.01k8rhncp4jt1\/2026\/02\/img_1280x721uu2026-02-11-15-10-18-2266270.jpg\",\"keywords\":[\"cultura\",\"Estarreja\",\"festas\",\"festival\",\"investimento\",\"turismo\"],\"articleSection\":[\"Not\u00edcias\"],\"inLanguage\":\"pt-PT\"},{\"@type\":\"WebPage\",\"@id\":\"https:\/\/portaltela.pt\/noticias\/2026\/02\/12\/estarreja-mantem-festival-de-fantasia-com-700-mil-euros-mesmo-mau-tempo\/\",\"url\":\"https:\/\/portaltela.pt\/noticias\/2026\/02\/12\/estarreja-mantem-festival-de-fantasia-com-700-mil-euros-mesmo-mau-tempo\/\",\"name\":\"Estarreja mant\u00e9m festival de fantasia com 700 mil euros, mesmo mau tempo - Portal Tela Portugal\",\"isPartOf\":{\"@id\":\"https:\/\/portaltela.pt\/#website\"},\"primaryImageOfPage\":{\"@id\":\"https:\/\/portaltela.pt\/noticias\/2026\/02\/12\/estarreja-mantem-festival-de-fantasia-com-700-mil-euros-mesmo-mau-tempo\/#primaryimage\"},\"image\":{\"@id\":\"https:\/\/portaltela.pt\/noticias\/2026\/02\/12\/estarreja-mantem-festival-de-fantasia-com-700-mil-euros-mesmo-mau-tempo\/#primaryimage\"},\"thumbnailUrl\":\"https:\/\/portaltela.pt\/s.01k8rhncp4jt1\/2026\/02\/img_1280x721uu2026-02-11-15-10-18-2266270.jpg\",\"datePublished\":\"2026-02-13T01:30:00+00:00\",\"author\":{\"@id\":\"https:\/\/portaltela.pt\/#\/schema\/person\/c4278d4a6028830caff9ee44b42d32ed\"},\"breadcrumb\":{\"@id\":\"https:\/\/portaltela.pt\/noticias\/2026\/02\/12\/estarreja-mantem-festival-de-fantasia-com-700-mil-euros-mesmo-mau-tempo\/#breadcrumb\"},\"inLanguage\":\"pt-PT\",\"potentialAction\":[{\"@type\":\"ReadAction\",\"target\":[\"https:\/\/portaltela.pt\/noticias\/2026\/02\/12\/estarreja-mantem-festival-de-fantasia-com-700-mil-euros-mesmo-mau-tempo\/\"]}]},{\"@type\":\"ImageObject\",\"inLanguage\":\"pt-PT\",\"@id\":\"https:\/\/portaltela.pt\/noticias\/2026\/02\/12\/estarreja-mantem-festival-de-fantasia-com-700-mil-euros-mesmo-mau-tempo\/#primaryimage\",\"url\":\"https:\/\/portaltela.pt\/s.01k8rhncp4jt1\/2026\/02\/img_1280x721uu2026-02-11-15-10-18-2266270.jpg\",\"contentUrl\":\"https:\/\/portaltela.pt\/s.01k8rhncp4jt1\/2026\/02\/img_1280x721uu2026-02-11-15-10-18-2266270.jpg\",\"width\":796,\"height\":448,\"caption\":\"Photo\"},{\"@type\":\"BreadcrumbList\",\"@id\":\"https:\/\/portaltela.pt\/noticias\/2026\/02\/12\/estarreja-mantem-festival-de-fantasia-com-700-mil-euros-mesmo-mau-tempo\/#breadcrumb\",\"itemListElement\":[{\"@type\":\"ListItem\",\"position\":1,\"name\":\"In\u00edcio\",\"item\":\"https:\/\/portaltela.pt\/\"},{\"@type\":\"ListItem\",\"position\":2,\"name\":\"Estarreja mant\u00e9m festival de fantasia com 700 mil euros, mesmo mau tempo\"}]},{\"@type\":\"WebSite\",\"@id\":\"https:\/\/portaltela.pt\/#website\",\"url\":\"https:\/\/portaltela.pt\/\",\"name\":\"Portal Tela Portugal\",\"description\":\"\",\"potentialAction\":[{\"@type\":\"SearchAction\",\"target\":{\"@type\":\"EntryPoint\",\"urlTemplate\":\"https:\/\/portaltela.pt\/?s={search_term_string}\"},\"query-input\":{\"@type\":\"PropertyValueSpecification\",\"valueRequired\":true,\"valueName\":\"search_term_string\"}}],\"inLanguage\":\"pt-PT\"},{\"@type\":\"Person\",\"@id\":\"https:\/\/portaltela.pt\/#\/schema\/person\/c4278d4a6028830caff9ee44b42d32ed\",\"name\":\"Telinha\",\"image\":{\"@type\":\"ImageObject\",\"inLanguage\":\"pt-PT\",\"@id\":\"https:\/\/portaltela.pt\/s.01k8rhncp4jt1\/2025\/11\/talking-bot-125x125.png\",\"url\":\"https:\/\/portaltela.pt\/s.01k8rhncp4jt1\/2025\/11\/talking-bot-125x125.png\",\"contentUrl\":\"https:\/\/portaltela.pt\/s.01k8rhncp4jt1\/2025\/11\/talking-bot-125x125.png\",\"caption\":\"Telinha\"},\"sameAs\":[\"https:\/\/portaltela.pt\/\"],\"url\":\"https:\/\/portaltela.pt\/por\/367410592786\/\"}]}<\/script>\n<!-- \/ Yoast SEO plugin. -->","yoast_head_json":{"title":"Estarreja mant\u00e9m festival de fantasia com 700 mil euros, mesmo mau tempo - Portal Tela Portugal","robots":{"index":"index","follow":"follow","max-snippet":"max-snippet:-1","max-image-preview":"max-image-preview:large","max-video-preview":"max-video-preview:-1"},"og_locale":"pt_PT","og_type":"article","og_title":"Estarreja mant\u00e9m festival de fantasia com 700 mil euros, mesmo mau tempo - Portal Tela Portugal","og_description":"O munic\u00edpio de Estarreja investiu 700 mil euros no Carnaval, realizado no Parque Municipal de Antu\u00e3, conhecido como o \"S\u00edtio do Carnaval\". O desfile contar\u00e1 com 17 carros aleg\u00f3ricos e 13 grupos (8 de folia, 4 de samba, 1 de passerelle), reunindo cerca de 1.500 participantes nos grandes corsos de domingo e ter\u00e7a-feira. Esta sexta-feira, \u00e0s 21h30, realiza-se o Desfile Noturno das Escolas de Samba no Espa\u00e7o Folia (Pra\u00e7a Francisco Barbosa). Os reis do Carnaval deste ano s\u00e3o os foli\u00f5es da terra Jo\u00e3o Paulo Redinha e L\u00edlia Marques, que v\u00e3o encabe\u00e7ar os grandes corsos. A presidente da C\u00e2mara Municipal, Isabel Sim\u00f5es Pinto, afirma que o Carnaval de Estarreja \u00e9 express\u00e3o da identidade local e que atrai milhares de pessoas.","og_url":"https:\/\/portaltela.pt\/noticias\/2026\/02\/12\/estarreja-mantem-festival-de-fantasia-com-700-mil-euros-mesmo-mau-tempo\/","og_site_name":"Portal Tela Portugal","article_published_time":"2026-02-13T01:30:00+00:00","author":"Telinha","twitter_card":"summary_large_image","twitter_misc":{"Escrito por":"Telinha","Tempo estimado de leitura":"1 minuto"},"schema":{"@context":"https:\/\/schema.org","@graph":[{"@type":"Article","@id":"https:\/\/portaltela.pt\/noticias\/2026\/02\/12\/estarreja-mantem-festival-de-fantasia-com-700-mil-euros-mesmo-mau-tempo\/#article","isPartOf":{"@id":"https:\/\/portaltela.pt\/noticias\/2026\/02\/12\/estarreja-mantem-festival-de-fantasia-com-700-mil-euros-mesmo-mau-tempo\/"},"author":{"name":"Telinha","@id":"https:\/\/portaltela.pt\/#\/schema\/person\/c4278d4a6028830caff9ee44b42d32ed"},"headline":"Estarreja mant\u00e9m festival de fantasia com 700 mil euros, mesmo mau tempo","datePublished":"2026-02-13T01:30:00+00:00","mainEntityOfPage":{"@id":"https:\/\/portaltela.pt\/noticias\/2026\/02\/12\/estarreja-mantem-festival-de-fantasia-com-700-mil-euros-mesmo-mau-tempo\/"},"wordCount":245,"image":{"@id":"https:\/\/portaltela.pt\/noticias\/2026\/02\/12\/estarreja-mantem-festival-de-fantasia-com-700-mil-euros-mesmo-mau-tempo\/#primaryimage"},"thumbnailUrl":"https:\/\/portaltela.pt\/s.01k8rhncp4jt1\/2026\/02\/img_1280x721uu2026-02-11-15-10-18-2266270.jpg","keywords":["cultura","Estarreja","festas","festival","investimento","turismo"],"articleSection":["Not\u00edcias"],"inLanguage":"pt-PT"},{"@type":"WebPage","@id":"https:\/\/portaltela.pt\/noticias\/2026\/02\/12\/estarreja-mantem-festival-de-fantasia-com-700-mil-euros-mesmo-mau-tempo\/","url":"https:\/\/portaltela.pt\/noticias\/2026\/02\/12\/estarreja-mantem-festival-de-fantasia-com-700-mil-euros-mesmo-mau-tempo\/","name":"Estarreja mant\u00e9m festival de fantasia com 700 mil euros, mesmo mau tempo - Portal Tela Portugal","isPartOf":{"@id":"https:\/\/portaltela.pt\/#website"},"primaryImageOfPage":{"@id":"https:\/\/portaltela.pt\/noticias\/2026\/02\/12\/estarreja-mantem-festival-de-fantasia-com-700-mil-euros-mesmo-mau-tempo\/#primaryimage"},"image":{"@id":"https:\/\/portaltela.pt\/noticias\/2026\/02\/12\/estarreja-mantem-festival-de-fantasia-com-700-mil-euros-mesmo-mau-tempo\/#primaryimage"},"thumbnailUrl":"https:\/\/portaltela.pt\/s.01k8rhncp4jt1\/2026\/02\/img_1280x721uu2026-02-11-15-10-18-2266270.jpg","datePublished":"2026-02-13T01:30:00+00:00","author":{"@id":"https:\/\/portaltela.pt\/#\/schema\/person\/c4278d4a6028830caff9ee44b42d32ed"},"breadcrumb":{"@id":"https:\/\/portaltela.pt\/noticias\/2026\/02\/12\/estarreja-mantem-festival-de-fantasia-com-700-mil-euros-mesmo-mau-tempo\/#breadcrumb"},"inLanguage":"pt-PT","potentialAction":[{"@type":"ReadAction","target":["https:\/\/portaltela.pt\/noticias\/2026\/02\/12\/estarreja-mantem-festival-de-fantasia-com-700-mil-euros-mesmo-mau-tempo\/"]}]},{"@type":"ImageObject","inLanguage":"pt-PT","@id":"https:\/\/portaltela.pt\/noticias\/2026\/02\/12\/estarreja-mantem-festival-de-fantasia-com-700-mil-euros-mesmo-mau-tempo\/#primaryimage","url":"https:\/\/portaltela.pt\/s.01k8rhncp4jt1\/2026\/02\/img_1280x721uu2026-02-11-15-10-18-2266270.jpg","contentUrl":"https:\/\/portaltela.pt\/s.01k8rhncp4jt1\/2026\/02\/img_1280x721uu2026-02-11-15-10-18-2266270.jpg","width":796,"height":448,"caption":"Photo"},{"@type":"BreadcrumbList","@id":"https:\/\/portaltela.pt\/noticias\/2026\/02\/12\/estarreja-mantem-festival-de-fantasia-com-700-mil-euros-mesmo-mau-tempo\/#breadcrumb","itemListElement":[{"@type":"ListItem","position":1,"name":"In\u00edcio","item":"https:\/\/portaltela.pt\/"},{"@type":"ListItem","position":2,"name":"Estarreja mant\u00e9m festival de fantasia com 700 mil euros, mesmo mau tempo"}]},{"@type":"WebSite","@id":"https:\/\/portaltela.pt\/#website","url":"https:\/\/portaltela.pt\/","name":"Portal Tela Portugal","description":"","potentialAction":[{"@type":"SearchAction","target":{"@type":"EntryPoint","urlTemplate":"https:\/\/portaltela.pt\/?s={search_term_string}"},"query-input":{"@type":"PropertyValueSpecification","valueRequired":true,"valueName":"search_term_string"}}],"inLanguage":"pt-PT"},{"@type":"Person","@id":"https:\/\/portaltela.pt\/#\/schema\/person\/c4278d4a6028830caff9ee44b42d32ed","name":"Telinha","image":{"@type":"ImageObject","inLanguage":"pt-PT","@id":"https:\/\/portaltela.pt\/s.01k8rhncp4jt1\/2025\/11\/talking-bot-125x125.png","url":"https:\/\/portaltela.pt\/s.01k8rhncp4jt1\/2025\/11\/talking-bot-125x125.png","contentUrl":"https:\/\/portaltela.pt\/s.01k8rhncp4jt1\/2025\/11\/talking-bot-125x125.png","caption":"Telinha"},"sameAs":["https:\/\/portaltela.pt\/"],"url":"https:\/\/portaltela.pt\/por\/367410592786\/"}]}},"_links":{"self":[{"href":"https:\/\/portaltela.pt\/api\/wp\/v2\/posts\/210287","targetHints":{"allow":["GET"]}}],"collection":[{"href":"https:\/\/portaltela.pt\/api\/wp\/v2\/posts"}],"about":[{"href":"https:\/\/portaltela.pt\/api\/wp\/v2\/types\/post"}],"author":[{"embeddable":true,"href":"https:\/\/portaltela.pt\/api\/wp\/v2\/users\/2"}],"replies":[{"embeddable":true,"href":"https:\/\/portaltela.pt\/api\/wp\/v2\/comments?post=210287"}],"version-history":[{"count":0,"href":"https:\/\/portaltela.pt\/api\/wp\/v2\/posts\/210287\/revisions"}],"wp:featuredmedia":[{"embeddable":true,"href":"https:\/\/portaltela.pt\/api\/wp\/v2\/media\/210293"}],"wp:attachment":[{"href":"https:\/\/portaltela.pt\/api\/wp\/v2\/media?parent=210287"}],"wp:term":[{"taxonomy":"category","embeddable":true,"href":"https:\/\/portaltela.pt\/api\/wp\/v2\/categories?post=210287"},{"taxonomy":"post_tag","embeddable":true,"href":"https:\/\/portaltela.pt\/api\/wp\/v2\/tags?post=210287"}],"curies":[{"name":"wp","href":"https:\/\/api.w.org\/{rel}","templated":true}]}}