{"id":210253,"date":"2026-02-12T21:17:00","date_gmt":"2026-02-13T00:17:00","guid":{"rendered":"https:\/\/portaltela.pt\/noticias\/2026\/02\/12\/mercado-global-da-atencao-cresce-na-era-digital\/"},"modified":"2026-02-12T21:17:00","modified_gmt":"2026-02-13T00:17:00","slug":"mercado-global-da-atencao-cresce-na-era-digital","status":"publish","type":"post","link":"https:\/\/portaltela.pt\/noticias\/politica\/2026\/02\/12\/mercado-global-da-atencao-cresce-na-era-digital\/","title":{"rendered":"Mercado global da aten\u00e7\u00e3o cresce na era digital"},"content":{"rendered":"<p>O debate sobre uma poss\u00edvel restri\u00e7\u00e3o de acesso de menores \u00e0s redes sociais volta a ganhar impulso. A proposta de lei pretende limitar a cria\u00e7\u00e3o de contas para jovens e refor\u00e7ar mecanismos de prote\u00e7\u00e3o, com base em evid\u00eancias sobre impactos no desenvolvimento. O objetivo \u00e9 reduzir riscos como aliciamento, cyberbullying e uso excessivo de conte\u00fados recomendados por algoritmos.<\/p>\n<p>A discuss\u00e3o envolve diferentes atores pol\u00edticos e sociais. Partidos de direita liberal temem um modelo de Estado tutor, enquanto partidos da esquerda receiam ampliar a recolha de dados por parte das plataformas. A medida \u00e9 encarada como um ponto de equil\u00edbrio entre liberdade individual e prote\u00e7\u00e3o de menores.<\/p>\n<p>Dados e precedentes indicam uma tend\u00eancia global. Pa\u00edses como Fran\u00e7a, Espanha, Reino Unido e Austr\u00e1lia j\u00e1 exploram regras para conter o alcance de plataformas. A experi\u00eancia europeia inspira debates sobre efeitos na privacidade, verifica\u00e7\u00e3o de idade e responsabilidade das empresas.<\/p>\n<h3>Contexto internacional<\/h3>\n<p>A verifica\u00e7\u00e3o de idade pode recorrer a Chave M\u00f3vel Digital ou outros mecanismos. Defende-se que o processo seja minimalista, audit\u00e1vel e sujeito a supervis\u00e3o independente. A necessidade de agir decorre do risco para o desenvolvimento cognitivo e emocional de menores.<\/p>\n<p>A proposta n\u00e3o pretende censurar conte\u00fados, mas estabelecer condi\u00e7\u00f5es materiais e estrat\u00e9gicas para a exposi\u00e7\u00e3o online. O foco \u00e9 evitar usos nocivos sem restringir direitos constitucionais de forma indiscriminada. A decis\u00e3o final depende de vota\u00e7\u00f5es e de acordos entre os agentes pol\u00edticos.<\/p>\n","protected":false},"excerpt":{"rendered":"<ul>\n<li>O texto discute a aprova\u00e7\u00e3o de um projeto que visa restringir o acesso de menores \u00e0s redes sociais, enquadrando-o como medida face ao mercado global da aten\u00e7\u00e3o.<\/li>\n<li>Defende que regular \u00e9 diferente de censurar e que a liberdade dos jovens depende de condi\u00e7\u00f5es materiais e simb\u00f3licas, incluindo uma verifica\u00e7\u00e3o de idade audit\u00e1vel.<\/li>\n<li>Aponta evid\u00eancia europeia, de Fran\u00e7a a Espanha, e exemplos como Reino Unido e Austr\u00e1lia, onde legisladores tentam reduzir a captura do olhar e a reten\u00e7\u00e3o de conte\u00fados pelas plataformas.<\/li>\n<li>O debate pol\u00edtico est\u00e1 marcado por tens\u00f5es: a direita liberal teme um Estado tutor; a esquerda teme ampliar a recolha de dados pelas plataformas; a linha entre paternalismo e censura \u00e9 t\u00e9nue.<\/li>\n<li>O objetivo \u00e9 proteger adolescentes contra aliciamento, cyberbullying e ansiedade associada aos algoritmos, reconhecendo o papel da fam\u00edlia e a necessidade de regula\u00e7\u00e3o respons\u00e1vel sem depender apenas da tecnologia ou do Estado.<\/li>\n<\/ul>\n","protected":false},"author":2,"featured_media":210254,"comment_status":"closed","ping_status":"closed","sticky":false,"template":"","format":"standard","meta":{"footnotes":""},"categories":[1,5],"tags":[3681,195,229,3562,3642],"class_list":["post-210253","post","type-post","status-publish","format-standard","has-post-thumbnail","hentry","category-noticias","category-politica","tag-cyberseguranca","tag-informacao","tag-politica-publica","tag-privacidade","tag-protecao-de-menores-dependente-ou-em-situacao-vulneravel"],"yoast_head":"<!-- This site is optimized with the Yoast SEO plugin v27.2 - https:\/\/yoast.com\/product\/yoast-seo-wordpress\/ -->\n<title>Mercado global da aten\u00e7\u00e3o cresce na era digital - Portal Tela Portugal<\/title>\n<meta name=\"robots\" content=\"index, follow, max-snippet:-1, max-image-preview:large, max-video-preview:-1\" \/>\n<meta property=\"og:locale\" content=\"pt_PT\" \/>\n<meta property=\"og:type\" content=\"article\" \/>\n<meta property=\"og:title\" content=\"Mercado global da aten\u00e7\u00e3o cresce na era digital - Portal Tela Portugal\" \/>\n<meta property=\"og:description\" content=\"O texto discute a aprova\u00e7\u00e3o de um projeto que visa restringir o acesso de menores \u00e0s redes sociais, enquadrando-o como medida face ao mercado global da aten\u00e7\u00e3o. Defende que regular \u00e9 diferente de censurar e que a liberdade dos jovens depende de condi\u00e7\u00f5es materiais e simb\u00f3licas, incluindo uma verifica\u00e7\u00e3o de idade audit\u00e1vel. Aponta evid\u00eancia europeia, de Fran\u00e7a a Espanha, e exemplos como Reino Unido e Austr\u00e1lia, onde legisladores tentam reduzir a captura do olhar e a reten\u00e7\u00e3o de conte\u00fados pelas plataformas. O debate pol\u00edtico est\u00e1 marcado por tens\u00f5es: a direita liberal teme um Estado tutor; a esquerda teme ampliar a recolha de dados pelas plataformas; a linha entre paternalismo e censura \u00e9 t\u00e9nue. O objetivo \u00e9 proteger adolescentes contra aliciamento, cyberbullying e ansiedade associada aos algoritmos, reconhecendo o papel da fam\u00edlia e a necessidade de regula\u00e7\u00e3o respons\u00e1vel sem depender apenas da tecnologia ou do Estado.\" \/>\n<meta property=\"og:url\" content=\"https:\/\/portaltela.pt\/noticias\/2026\/02\/12\/mercado-global-da-atencao-cresce-na-era-digital\/\" \/>\n<meta property=\"og:site_name\" content=\"Portal Tela Portugal\" \/>\n<meta property=\"article:published_time\" content=\"2026-02-13T00:17:00+00:00\" \/>\n<meta name=\"author\" content=\"Telinha\" \/>\n<meta name=\"twitter:card\" content=\"summary_large_image\" \/>\n<meta name=\"twitter:label1\" content=\"Escrito por\" \/>\n\t<meta name=\"twitter:data1\" content=\"Telinha\" \/>\n\t<meta name=\"twitter:label2\" content=\"Tempo estimado de leitura\" \/>\n\t<meta name=\"twitter:data2\" content=\"1 minuto\" \/>\n<script type=\"application\/ld+json\" class=\"yoast-schema-graph\">{\"@context\":\"https:\/\/schema.org\",\"@graph\":[{\"@type\":\"Article\",\"@id\":\"https:\/\/portaltela.pt\/noticias\/2026\/02\/12\/mercado-global-da-atencao-cresce-na-era-digital\/#article\",\"isPartOf\":{\"@id\":\"https:\/\/portaltela.pt\/noticias\/2026\/02\/12\/mercado-global-da-atencao-cresce-na-era-digital\/\"},\"author\":{\"name\":\"Telinha\",\"@id\":\"https:\/\/portaltela.pt\/#\/schema\/person\/c4278d4a6028830caff9ee44b42d32ed\"},\"headline\":\"Mercado global da aten\u00e7\u00e3o cresce na era digital\",\"datePublished\":\"2026-02-13T00:17:00+00:00\",\"mainEntityOfPage\":{\"@id\":\"https:\/\/portaltela.pt\/noticias\/2026\/02\/12\/mercado-global-da-atencao-cresce-na-era-digital\/\"},\"wordCount\":265,\"image\":{\"@id\":\"https:\/\/portaltela.pt\/noticias\/2026\/02\/12\/mercado-global-da-atencao-cresce-na-era-digital\/#primaryimage\"},\"thumbnailUrl\":\"https:\/\/portaltela.pt\/s.01k8rhncp4jt1\/2026\/02\/a849c1d5-afcd-4eb0-a548-ad4696ed0c58_1200x675-3.jpg\",\"keywords\":[\"cyberseguran\u00e7a\",\"informa\u00e7\u00e3o\",\"pol\u00edtica p\u00fablica\",\"privacidade\",\"prote\u00e7\u00e3o de menores dependente ou em situa\u00e7\u00e3o vulner\u00e1vel\"],\"articleSection\":[\"Not\u00edcias\",\"Pol\u00edtica\"],\"inLanguage\":\"pt-PT\"},{\"@type\":\"WebPage\",\"@id\":\"https:\/\/portaltela.pt\/noticias\/2026\/02\/12\/mercado-global-da-atencao-cresce-na-era-digital\/\",\"url\":\"https:\/\/portaltela.pt\/noticias\/2026\/02\/12\/mercado-global-da-atencao-cresce-na-era-digital\/\",\"name\":\"Mercado global da aten\u00e7\u00e3o cresce na era digital - Portal Tela Portugal\",\"isPartOf\":{\"@id\":\"https:\/\/portaltela.pt\/#website\"},\"primaryImageOfPage\":{\"@id\":\"https:\/\/portaltela.pt\/noticias\/2026\/02\/12\/mercado-global-da-atencao-cresce-na-era-digital\/#primaryimage\"},\"image\":{\"@id\":\"https:\/\/portaltela.pt\/noticias\/2026\/02\/12\/mercado-global-da-atencao-cresce-na-era-digital\/#primaryimage\"},\"thumbnailUrl\":\"https:\/\/portaltela.pt\/s.01k8rhncp4jt1\/2026\/02\/a849c1d5-afcd-4eb0-a548-ad4696ed0c58_1200x675-3.jpg\",\"datePublished\":\"2026-02-13T00:17:00+00:00\",\"author\":{\"@id\":\"https:\/\/portaltela.pt\/#\/schema\/person\/c4278d4a6028830caff9ee44b42d32ed\"},\"breadcrumb\":{\"@id\":\"https:\/\/portaltela.pt\/noticias\/2026\/02\/12\/mercado-global-da-atencao-cresce-na-era-digital\/#breadcrumb\"},\"inLanguage\":\"pt-PT\",\"potentialAction\":[{\"@type\":\"ReadAction\",\"target\":[\"https:\/\/portaltela.pt\/noticias\/2026\/02\/12\/mercado-global-da-atencao-cresce-na-era-digital\/\"]}]},{\"@type\":\"ImageObject\",\"inLanguage\":\"pt-PT\",\"@id\":\"https:\/\/portaltela.pt\/noticias\/2026\/02\/12\/mercado-global-da-atencao-cresce-na-era-digital\/#primaryimage\",\"url\":\"https:\/\/portaltela.pt\/s.01k8rhncp4jt1\/2026\/02\/a849c1d5-afcd-4eb0-a548-ad4696ed0c58_1200x675-3.jpg\",\"contentUrl\":\"https:\/\/portaltela.pt\/s.01k8rhncp4jt1\/2026\/02\/a849c1d5-afcd-4eb0-a548-ad4696ed0c58_1200x675-3.jpg\",\"width\":796,\"height\":448,\"caption\":\"Photo\"},{\"@type\":\"BreadcrumbList\",\"@id\":\"https:\/\/portaltela.pt\/noticias\/2026\/02\/12\/mercado-global-da-atencao-cresce-na-era-digital\/#breadcrumb\",\"itemListElement\":[{\"@type\":\"ListItem\",\"position\":1,\"name\":\"In\u00edcio\",\"item\":\"https:\/\/portaltela.pt\/\"},{\"@type\":\"ListItem\",\"position\":2,\"name\":\"Mercado global da aten\u00e7\u00e3o cresce na era digital\"}]},{\"@type\":\"WebSite\",\"@id\":\"https:\/\/portaltela.pt\/#website\",\"url\":\"https:\/\/portaltela.pt\/\",\"name\":\"Portal Tela Portugal\",\"description\":\"\",\"potentialAction\":[{\"@type\":\"SearchAction\",\"target\":{\"@type\":\"EntryPoint\",\"urlTemplate\":\"https:\/\/portaltela.pt\/?s={search_term_string}\"},\"query-input\":{\"@type\":\"PropertyValueSpecification\",\"valueRequired\":true,\"valueName\":\"search_term_string\"}}],\"inLanguage\":\"pt-PT\"},{\"@type\":\"Person\",\"@id\":\"https:\/\/portaltela.pt\/#\/schema\/person\/c4278d4a6028830caff9ee44b42d32ed\",\"name\":\"Telinha\",\"image\":{\"@type\":\"ImageObject\",\"inLanguage\":\"pt-PT\",\"@id\":\"https:\/\/portaltela.pt\/s.01k8rhncp4jt1\/2025\/11\/talking-bot-125x125.png\",\"url\":\"https:\/\/portaltela.pt\/s.01k8rhncp4jt1\/2025\/11\/talking-bot-125x125.png\",\"contentUrl\":\"https:\/\/portaltela.pt\/s.01k8rhncp4jt1\/2025\/11\/talking-bot-125x125.png\",\"caption\":\"Telinha\"},\"sameAs\":[\"https:\/\/portaltela.pt\/\"],\"url\":\"https:\/\/portaltela.pt\/por\/367410592786\/\"}]}<\/script>\n<!-- \/ Yoast SEO plugin. -->","yoast_head_json":{"title":"Mercado global da aten\u00e7\u00e3o cresce na era digital - Portal Tela Portugal","robots":{"index":"index","follow":"follow","max-snippet":"max-snippet:-1","max-image-preview":"max-image-preview:large","max-video-preview":"max-video-preview:-1"},"og_locale":"pt_PT","og_type":"article","og_title":"Mercado global da aten\u00e7\u00e3o cresce na era digital - Portal Tela Portugal","og_description":"O texto discute a aprova\u00e7\u00e3o de um projeto que visa restringir o acesso de menores \u00e0s redes sociais, enquadrando-o como medida face ao mercado global da aten\u00e7\u00e3o. Defende que regular \u00e9 diferente de censurar e que a liberdade dos jovens depende de condi\u00e7\u00f5es materiais e simb\u00f3licas, incluindo uma verifica\u00e7\u00e3o de idade audit\u00e1vel. Aponta evid\u00eancia europeia, de Fran\u00e7a a Espanha, e exemplos como Reino Unido e Austr\u00e1lia, onde legisladores tentam reduzir a captura do olhar e a reten\u00e7\u00e3o de conte\u00fados pelas plataformas. O debate pol\u00edtico est\u00e1 marcado por tens\u00f5es: a direita liberal teme um Estado tutor; a esquerda teme ampliar a recolha de dados pelas plataformas; a linha entre paternalismo e censura \u00e9 t\u00e9nue. O objetivo \u00e9 proteger adolescentes contra aliciamento, cyberbullying e ansiedade associada aos algoritmos, reconhecendo o papel da fam\u00edlia e a necessidade de regula\u00e7\u00e3o respons\u00e1vel sem depender apenas da tecnologia ou do Estado.","og_url":"https:\/\/portaltela.pt\/noticias\/2026\/02\/12\/mercado-global-da-atencao-cresce-na-era-digital\/","og_site_name":"Portal Tela Portugal","article_published_time":"2026-02-13T00:17:00+00:00","author":"Telinha","twitter_card":"summary_large_image","twitter_misc":{"Escrito por":"Telinha","Tempo estimado de leitura":"1 minuto"},"schema":{"@context":"https:\/\/schema.org","@graph":[{"@type":"Article","@id":"https:\/\/portaltela.pt\/noticias\/2026\/02\/12\/mercado-global-da-atencao-cresce-na-era-digital\/#article","isPartOf":{"@id":"https:\/\/portaltela.pt\/noticias\/2026\/02\/12\/mercado-global-da-atencao-cresce-na-era-digital\/"},"author":{"name":"Telinha","@id":"https:\/\/portaltela.pt\/#\/schema\/person\/c4278d4a6028830caff9ee44b42d32ed"},"headline":"Mercado global da aten\u00e7\u00e3o cresce na era digital","datePublished":"2026-02-13T00:17:00+00:00","mainEntityOfPage":{"@id":"https:\/\/portaltela.pt\/noticias\/2026\/02\/12\/mercado-global-da-atencao-cresce-na-era-digital\/"},"wordCount":265,"image":{"@id":"https:\/\/portaltela.pt\/noticias\/2026\/02\/12\/mercado-global-da-atencao-cresce-na-era-digital\/#primaryimage"},"thumbnailUrl":"https:\/\/portaltela.pt\/s.01k8rhncp4jt1\/2026\/02\/a849c1d5-afcd-4eb0-a548-ad4696ed0c58_1200x675-3.jpg","keywords":["cyberseguran\u00e7a","informa\u00e7\u00e3o","pol\u00edtica p\u00fablica","privacidade","prote\u00e7\u00e3o de menores dependente ou em situa\u00e7\u00e3o vulner\u00e1vel"],"articleSection":["Not\u00edcias","Pol\u00edtica"],"inLanguage":"pt-PT"},{"@type":"WebPage","@id":"https:\/\/portaltela.pt\/noticias\/2026\/02\/12\/mercado-global-da-atencao-cresce-na-era-digital\/","url":"https:\/\/portaltela.pt\/noticias\/2026\/02\/12\/mercado-global-da-atencao-cresce-na-era-digital\/","name":"Mercado global da aten\u00e7\u00e3o cresce na era digital - Portal Tela Portugal","isPartOf":{"@id":"https:\/\/portaltela.pt\/#website"},"primaryImageOfPage":{"@id":"https:\/\/portaltela.pt\/noticias\/2026\/02\/12\/mercado-global-da-atencao-cresce-na-era-digital\/#primaryimage"},"image":{"@id":"https:\/\/portaltela.pt\/noticias\/2026\/02\/12\/mercado-global-da-atencao-cresce-na-era-digital\/#primaryimage"},"thumbnailUrl":"https:\/\/portaltela.pt\/s.01k8rhncp4jt1\/2026\/02\/a849c1d5-afcd-4eb0-a548-ad4696ed0c58_1200x675-3.jpg","datePublished":"2026-02-13T00:17:00+00:00","author":{"@id":"https:\/\/portaltela.pt\/#\/schema\/person\/c4278d4a6028830caff9ee44b42d32ed"},"breadcrumb":{"@id":"https:\/\/portaltela.pt\/noticias\/2026\/02\/12\/mercado-global-da-atencao-cresce-na-era-digital\/#breadcrumb"},"inLanguage":"pt-PT","potentialAction":[{"@type":"ReadAction","target":["https:\/\/portaltela.pt\/noticias\/2026\/02\/12\/mercado-global-da-atencao-cresce-na-era-digital\/"]}]},{"@type":"ImageObject","inLanguage":"pt-PT","@id":"https:\/\/portaltela.pt\/noticias\/2026\/02\/12\/mercado-global-da-atencao-cresce-na-era-digital\/#primaryimage","url":"https:\/\/portaltela.pt\/s.01k8rhncp4jt1\/2026\/02\/a849c1d5-afcd-4eb0-a548-ad4696ed0c58_1200x675-3.jpg","contentUrl":"https:\/\/portaltela.pt\/s.01k8rhncp4jt1\/2026\/02\/a849c1d5-afcd-4eb0-a548-ad4696ed0c58_1200x675-3.jpg","width":796,"height":448,"caption":"Photo"},{"@type":"BreadcrumbList","@id":"https:\/\/portaltela.pt\/noticias\/2026\/02\/12\/mercado-global-da-atencao-cresce-na-era-digital\/#breadcrumb","itemListElement":[{"@type":"ListItem","position":1,"name":"In\u00edcio","item":"https:\/\/portaltela.pt\/"},{"@type":"ListItem","position":2,"name":"Mercado global da aten\u00e7\u00e3o cresce na era digital"}]},{"@type":"WebSite","@id":"https:\/\/portaltela.pt\/#website","url":"https:\/\/portaltela.pt\/","name":"Portal Tela Portugal","description":"","potentialAction":[{"@type":"SearchAction","target":{"@type":"EntryPoint","urlTemplate":"https:\/\/portaltela.pt\/?s={search_term_string}"},"query-input":{"@type":"PropertyValueSpecification","valueRequired":true,"valueName":"search_term_string"}}],"inLanguage":"pt-PT"},{"@type":"Person","@id":"https:\/\/portaltela.pt\/#\/schema\/person\/c4278d4a6028830caff9ee44b42d32ed","name":"Telinha","image":{"@type":"ImageObject","inLanguage":"pt-PT","@id":"https:\/\/portaltela.pt\/s.01k8rhncp4jt1\/2025\/11\/talking-bot-125x125.png","url":"https:\/\/portaltela.pt\/s.01k8rhncp4jt1\/2025\/11\/talking-bot-125x125.png","contentUrl":"https:\/\/portaltela.pt\/s.01k8rhncp4jt1\/2025\/11\/talking-bot-125x125.png","caption":"Telinha"},"sameAs":["https:\/\/portaltela.pt\/"],"url":"https:\/\/portaltela.pt\/por\/367410592786\/"}]}},"_links":{"self":[{"href":"https:\/\/portaltela.pt\/api\/wp\/v2\/posts\/210253","targetHints":{"allow":["GET"]}}],"collection":[{"href":"https:\/\/portaltela.pt\/api\/wp\/v2\/posts"}],"about":[{"href":"https:\/\/portaltela.pt\/api\/wp\/v2\/types\/post"}],"author":[{"embeddable":true,"href":"https:\/\/portaltela.pt\/api\/wp\/v2\/users\/2"}],"replies":[{"embeddable":true,"href":"https:\/\/portaltela.pt\/api\/wp\/v2\/comments?post=210253"}],"version-history":[{"count":0,"href":"https:\/\/portaltela.pt\/api\/wp\/v2\/posts\/210253\/revisions"}],"wp:featuredmedia":[{"embeddable":true,"href":"https:\/\/portaltela.pt\/api\/wp\/v2\/media\/210254"}],"wp:attachment":[{"href":"https:\/\/portaltela.pt\/api\/wp\/v2\/media?parent=210253"}],"wp:term":[{"taxonomy":"category","embeddable":true,"href":"https:\/\/portaltela.pt\/api\/wp\/v2\/categories?post=210253"},{"taxonomy":"post_tag","embeddable":true,"href":"https:\/\/portaltela.pt\/api\/wp\/v2\/tags?post=210253"}],"curies":[{"name":"wp","href":"https:\/\/api.w.org\/{rel}","templated":true}]}}