{"id":210205,"date":"2026-02-12T19:50:00","date_gmt":"2026-02-12T22:50:00","guid":{"rendered":"https:\/\/portaltela.pt\/noticias\/2026\/02\/12\/de-tentugal-a-sao-joao-do-campo-50-anos-sem-registos-de-afogamentos\/"},"modified":"2026-02-12T19:50:00","modified_gmt":"2026-02-12T22:50:00","slug":"de-tentugal-a-sao-joao-do-campo-50-anos-sem-registos-de-afogamentos","status":"publish","type":"post","link":"https:\/\/portaltela.pt\/noticias\/2026\/02\/12\/de-tentugal-a-sao-joao-do-campo-50-anos-sem-registos-de-afogamentos\/","title":{"rendered":"De Tent\u00fagal a S\u00e3o Jo\u00e3o do Campo, 50 anos sem registos de afogamentos"},"content":{"rendered":"<p>Ant\u00f3nio Lindim observa o espelho de \u00e1gua que invadiu a traseira da sua casa, uma habita\u00e7\u00e3o t\u00e9rrea em S\u00e3o Jo\u00e3o do Campo, no concelho de Coimbra. O pa\u00fal das traseiras transformou-se num lago, com \u00e1gua encostada \u00e0 parede.<\/p>\n<p>O morador de 50 anos diz ter visto tal cen\u00e1rio apenas em relatos de vizinhos e assim h\u00e1 50 anos n\u00e3o se registavam cheias t\u00e3o pronunciadas no local. O campo ao redor \u00e9 amplo e facilita o acumular de \u00e1gua. Ainda assim, o interior da casa n\u00e3o \u00e9 invadido.<\/p>\n<p>Na noite de quarta para quinta-feira, o cen\u00e1rio de alagamento obrigou moradores a abandonar temporariamente \u00e1reas mais baixas. As autoridades locais est\u00e3o a acompanhar a evolu\u00e7\u00e3o da situa\u00e7\u00e3o e a avaliar medidas de apoio aos residentes afetados.<\/p>\n<p>A situa\u00e7\u00e3o ocorre numa zona entre Tent\u00fagal e S\u00e3o Jo\u00e3o do Campo, em contexto de precipita\u00e7\u00e3o intensa. N\u00e3o h\u00e1 registo de feridos at\u00e9 ao momento, mas h\u00e1 necessidade de avalia\u00e7\u00e3o de acessos e servi\u00e7os pr\u00f3ximos.<\/p>\n<p>As causas evoluem com as condi\u00e7\u00f5es meteorol\u00f3gicas, e as autoridades pedem prud\u00eancia a quem reside em \u00e1reas de inunda\u00e7\u00e3o. N\u00e3o h\u00e1 indica\u00e7\u00f5es de danos estruturais graves reportadas at\u00e9 agora.<\/p>\n","protected":false},"excerpt":{"rendered":"<ul>\n<li>Ant\u00f3nio Lindim vive h\u00e1 50 anos em S\u00e3o Jo\u00e3o do Campo, Coimbra, e a traseira da casa ficou cercada por \u00e1gua.<\/li>\n<li>O terreno tornou-se um lago, com \u00e1gua junto \u00e0 parede da habita\u00e7\u00e3o e uma mancha de \u00e1gua que parece uma piscina acastanhada.<\/li>\n<li>O morador afirma que o campo \u00e9 grande e que a \u00e1gua leva muito volume, mas habitualmente n\u00e3o invade a casa.<\/li>\n<li>A noite de quarta para quinta-feira foi passada fora de casa devido ao avan\u00e7o da \u00e1gua rumo \u00e0 habita\u00e7\u00e3o.<\/li>\n<li>O relato tamb\u00e9m aponta que o seguro n\u00e3o resolveu a situa\u00e7\u00e3o.<\/li>\n<\/ul>\n","protected":false},"author":2,"featured_media":210209,"comment_status":"closed","ping_status":"closed","sticky":false,"template":"","format":"standard","meta":{"footnotes":""},"categories":[1],"tags":[3812,5215,1070,2293,5045],"class_list":["post-210205","post","type-post","status-publish","format-standard","has-post-thumbnail","hentry","category-noticias","tag-alagamentos","tag-catastrofes-naturais","tag-coimbra","tag-inundacoes","tag-precipitacao"],"yoast_head":"<!-- This site is optimized with the Yoast SEO plugin v27.2 - https:\/\/yoast.com\/product\/yoast-seo-wordpress\/ -->\n<title>De Tent\u00fagal a S\u00e3o Jo\u00e3o do Campo, 50 anos sem registos de afogamentos - Portal Tela Portugal<\/title>\n<meta name=\"robots\" content=\"index, follow, max-snippet:-1, max-image-preview:large, max-video-preview:-1\" \/>\n<meta property=\"og:locale\" content=\"pt_PT\" \/>\n<meta property=\"og:type\" content=\"article\" \/>\n<meta property=\"og:title\" content=\"De Tent\u00fagal a S\u00e3o Jo\u00e3o do Campo, 50 anos sem registos de afogamentos - Portal Tela Portugal\" \/>\n<meta property=\"og:description\" content=\"Ant\u00f3nio Lindim vive h\u00e1 50 anos em S\u00e3o Jo\u00e3o do Campo, Coimbra, e a traseira da casa ficou cercada por \u00e1gua. O terreno tornou-se um lago, com \u00e1gua junto \u00e0 parede da habita\u00e7\u00e3o e uma mancha de \u00e1gua que parece uma piscina acastanhada. O morador afirma que o campo \u00e9 grande e que a \u00e1gua leva muito volume, mas habitualmente n\u00e3o invade a casa. A noite de quarta para quinta-feira foi passada fora de casa devido ao avan\u00e7o da \u00e1gua rumo \u00e0 habita\u00e7\u00e3o. O relato tamb\u00e9m aponta que o seguro n\u00e3o resolveu a situa\u00e7\u00e3o.\" \/>\n<meta property=\"og:url\" content=\"https:\/\/portaltela.pt\/noticias\/2026\/02\/12\/de-tentugal-a-sao-joao-do-campo-50-anos-sem-registos-de-afogamentos\/\" \/>\n<meta property=\"og:site_name\" content=\"Portal Tela Portugal\" \/>\n<meta property=\"article:published_time\" content=\"2026-02-12T22:50:00+00:00\" \/>\n<meta name=\"author\" content=\"Telinha\" \/>\n<meta name=\"twitter:card\" content=\"summary_large_image\" \/>\n<meta name=\"twitter:label1\" content=\"Escrito por\" \/>\n\t<meta name=\"twitter:data1\" content=\"Telinha\" \/>\n\t<meta name=\"twitter:label2\" content=\"Tempo estimado de leitura\" \/>\n\t<meta name=\"twitter:data2\" content=\"1 minuto\" \/>\n<script type=\"application\/ld+json\" class=\"yoast-schema-graph\">{\"@context\":\"https:\/\/schema.org\",\"@graph\":[{\"@type\":\"Article\",\"@id\":\"https:\/\/portaltela.pt\/noticias\/2026\/02\/12\/de-tentugal-a-sao-joao-do-campo-50-anos-sem-registos-de-afogamentos\/#article\",\"isPartOf\":{\"@id\":\"https:\/\/portaltela.pt\/noticias\/2026\/02\/12\/de-tentugal-a-sao-joao-do-campo-50-anos-sem-registos-de-afogamentos\/\"},\"author\":{\"name\":\"Telinha\",\"@id\":\"https:\/\/portaltela.pt\/#\/schema\/person\/c4278d4a6028830caff9ee44b42d32ed\"},\"headline\":\"De Tent\u00fagal a S\u00e3o Jo\u00e3o do Campo, 50 anos sem registos de afogamentos\",\"datePublished\":\"2026-02-12T22:50:00+00:00\",\"mainEntityOfPage\":{\"@id\":\"https:\/\/portaltela.pt\/noticias\/2026\/02\/12\/de-tentugal-a-sao-joao-do-campo-50-anos-sem-registos-de-afogamentos\/\"},\"wordCount\":227,\"image\":{\"@id\":\"https:\/\/portaltela.pt\/noticias\/2026\/02\/12\/de-tentugal-a-sao-joao-do-campo-50-anos-sem-registos-de-afogamentos\/#primaryimage\"},\"thumbnailUrl\":\"https:\/\/portaltela.pt\/s.01k8rhncp4jt1\/2026\/02\/image-994.jpg\",\"keywords\":[\"alagamentos\",\"cat\u00e1strofes naturais\",\"Coimbra\",\"inunda\u00e7\u00f5es\",\"precipita\u00e7\u00e3o\"],\"articleSection\":[\"Not\u00edcias\"],\"inLanguage\":\"pt-PT\"},{\"@type\":\"WebPage\",\"@id\":\"https:\/\/portaltela.pt\/noticias\/2026\/02\/12\/de-tentugal-a-sao-joao-do-campo-50-anos-sem-registos-de-afogamentos\/\",\"url\":\"https:\/\/portaltela.pt\/noticias\/2026\/02\/12\/de-tentugal-a-sao-joao-do-campo-50-anos-sem-registos-de-afogamentos\/\",\"name\":\"De Tent\u00fagal a S\u00e3o Jo\u00e3o do Campo, 50 anos sem registos de afogamentos - Portal Tela Portugal\",\"isPartOf\":{\"@id\":\"https:\/\/portaltela.pt\/#website\"},\"primaryImageOfPage\":{\"@id\":\"https:\/\/portaltela.pt\/noticias\/2026\/02\/12\/de-tentugal-a-sao-joao-do-campo-50-anos-sem-registos-de-afogamentos\/#primaryimage\"},\"image\":{\"@id\":\"https:\/\/portaltela.pt\/noticias\/2026\/02\/12\/de-tentugal-a-sao-joao-do-campo-50-anos-sem-registos-de-afogamentos\/#primaryimage\"},\"thumbnailUrl\":\"https:\/\/portaltela.pt\/s.01k8rhncp4jt1\/2026\/02\/image-994.jpg\",\"datePublished\":\"2026-02-12T22:50:00+00:00\",\"author\":{\"@id\":\"https:\/\/portaltela.pt\/#\/schema\/person\/c4278d4a6028830caff9ee44b42d32ed\"},\"breadcrumb\":{\"@id\":\"https:\/\/portaltela.pt\/noticias\/2026\/02\/12\/de-tentugal-a-sao-joao-do-campo-50-anos-sem-registos-de-afogamentos\/#breadcrumb\"},\"inLanguage\":\"pt-PT\",\"potentialAction\":[{\"@type\":\"ReadAction\",\"target\":[\"https:\/\/portaltela.pt\/noticias\/2026\/02\/12\/de-tentugal-a-sao-joao-do-campo-50-anos-sem-registos-de-afogamentos\/\"]}]},{\"@type\":\"ImageObject\",\"inLanguage\":\"pt-PT\",\"@id\":\"https:\/\/portaltela.pt\/noticias\/2026\/02\/12\/de-tentugal-a-sao-joao-do-campo-50-anos-sem-registos-de-afogamentos\/#primaryimage\",\"url\":\"https:\/\/portaltela.pt\/s.01k8rhncp4jt1\/2026\/02\/image-994.jpg\",\"contentUrl\":\"https:\/\/portaltela.pt\/s.01k8rhncp4jt1\/2026\/02\/image-994.jpg\",\"width\":796,\"height\":448,\"caption\":\"Ant\u00f3nio Lindim olha o espelho de \u00e1gua da janela de casa\"},{\"@type\":\"BreadcrumbList\",\"@id\":\"https:\/\/portaltela.pt\/noticias\/2026\/02\/12\/de-tentugal-a-sao-joao-do-campo-50-anos-sem-registos-de-afogamentos\/#breadcrumb\",\"itemListElement\":[{\"@type\":\"ListItem\",\"position\":1,\"name\":\"In\u00edcio\",\"item\":\"https:\/\/portaltela.pt\/\"},{\"@type\":\"ListItem\",\"position\":2,\"name\":\"De Tent\u00fagal a S\u00e3o Jo\u00e3o do Campo, 50 anos sem registos de afogamentos\"}]},{\"@type\":\"WebSite\",\"@id\":\"https:\/\/portaltela.pt\/#website\",\"url\":\"https:\/\/portaltela.pt\/\",\"name\":\"Portal Tela Portugal\",\"description\":\"\",\"potentialAction\":[{\"@type\":\"SearchAction\",\"target\":{\"@type\":\"EntryPoint\",\"urlTemplate\":\"https:\/\/portaltela.pt\/?s={search_term_string}\"},\"query-input\":{\"@type\":\"PropertyValueSpecification\",\"valueRequired\":true,\"valueName\":\"search_term_string\"}}],\"inLanguage\":\"pt-PT\"},{\"@type\":\"Person\",\"@id\":\"https:\/\/portaltela.pt\/#\/schema\/person\/c4278d4a6028830caff9ee44b42d32ed\",\"name\":\"Telinha\",\"image\":{\"@type\":\"ImageObject\",\"inLanguage\":\"pt-PT\",\"@id\":\"https:\/\/portaltela.pt\/s.01k8rhncp4jt1\/2025\/11\/talking-bot-125x125.png\",\"url\":\"https:\/\/portaltela.pt\/s.01k8rhncp4jt1\/2025\/11\/talking-bot-125x125.png\",\"contentUrl\":\"https:\/\/portaltela.pt\/s.01k8rhncp4jt1\/2025\/11\/talking-bot-125x125.png\",\"caption\":\"Telinha\"},\"sameAs\":[\"https:\/\/portaltela.pt\/\"],\"url\":\"https:\/\/portaltela.pt\/por\/367410592786\/\"}]}<\/script>\n<!-- \/ Yoast SEO plugin. -->","yoast_head_json":{"title":"De Tent\u00fagal a S\u00e3o Jo\u00e3o do Campo, 50 anos sem registos de afogamentos - Portal Tela Portugal","robots":{"index":"index","follow":"follow","max-snippet":"max-snippet:-1","max-image-preview":"max-image-preview:large","max-video-preview":"max-video-preview:-1"},"og_locale":"pt_PT","og_type":"article","og_title":"De Tent\u00fagal a S\u00e3o Jo\u00e3o do Campo, 50 anos sem registos de afogamentos - Portal Tela Portugal","og_description":"Ant\u00f3nio Lindim vive h\u00e1 50 anos em S\u00e3o Jo\u00e3o do Campo, Coimbra, e a traseira da casa ficou cercada por \u00e1gua. O terreno tornou-se um lago, com \u00e1gua junto \u00e0 parede da habita\u00e7\u00e3o e uma mancha de \u00e1gua que parece uma piscina acastanhada. O morador afirma que o campo \u00e9 grande e que a \u00e1gua leva muito volume, mas habitualmente n\u00e3o invade a casa. A noite de quarta para quinta-feira foi passada fora de casa devido ao avan\u00e7o da \u00e1gua rumo \u00e0 habita\u00e7\u00e3o. O relato tamb\u00e9m aponta que o seguro n\u00e3o resolveu a situa\u00e7\u00e3o.","og_url":"https:\/\/portaltela.pt\/noticias\/2026\/02\/12\/de-tentugal-a-sao-joao-do-campo-50-anos-sem-registos-de-afogamentos\/","og_site_name":"Portal Tela Portugal","article_published_time":"2026-02-12T22:50:00+00:00","author":"Telinha","twitter_card":"summary_large_image","twitter_misc":{"Escrito por":"Telinha","Tempo estimado de leitura":"1 minuto"},"schema":{"@context":"https:\/\/schema.org","@graph":[{"@type":"Article","@id":"https:\/\/portaltela.pt\/noticias\/2026\/02\/12\/de-tentugal-a-sao-joao-do-campo-50-anos-sem-registos-de-afogamentos\/#article","isPartOf":{"@id":"https:\/\/portaltela.pt\/noticias\/2026\/02\/12\/de-tentugal-a-sao-joao-do-campo-50-anos-sem-registos-de-afogamentos\/"},"author":{"name":"Telinha","@id":"https:\/\/portaltela.pt\/#\/schema\/person\/c4278d4a6028830caff9ee44b42d32ed"},"headline":"De Tent\u00fagal a S\u00e3o Jo\u00e3o do Campo, 50 anos sem registos de afogamentos","datePublished":"2026-02-12T22:50:00+00:00","mainEntityOfPage":{"@id":"https:\/\/portaltela.pt\/noticias\/2026\/02\/12\/de-tentugal-a-sao-joao-do-campo-50-anos-sem-registos-de-afogamentos\/"},"wordCount":227,"image":{"@id":"https:\/\/portaltela.pt\/noticias\/2026\/02\/12\/de-tentugal-a-sao-joao-do-campo-50-anos-sem-registos-de-afogamentos\/#primaryimage"},"thumbnailUrl":"https:\/\/portaltela.pt\/s.01k8rhncp4jt1\/2026\/02\/image-994.jpg","keywords":["alagamentos","cat\u00e1strofes naturais","Coimbra","inunda\u00e7\u00f5es","precipita\u00e7\u00e3o"],"articleSection":["Not\u00edcias"],"inLanguage":"pt-PT"},{"@type":"WebPage","@id":"https:\/\/portaltela.pt\/noticias\/2026\/02\/12\/de-tentugal-a-sao-joao-do-campo-50-anos-sem-registos-de-afogamentos\/","url":"https:\/\/portaltela.pt\/noticias\/2026\/02\/12\/de-tentugal-a-sao-joao-do-campo-50-anos-sem-registos-de-afogamentos\/","name":"De Tent\u00fagal a S\u00e3o Jo\u00e3o do Campo, 50 anos sem registos de afogamentos - Portal Tela Portugal","isPartOf":{"@id":"https:\/\/portaltela.pt\/#website"},"primaryImageOfPage":{"@id":"https:\/\/portaltela.pt\/noticias\/2026\/02\/12\/de-tentugal-a-sao-joao-do-campo-50-anos-sem-registos-de-afogamentos\/#primaryimage"},"image":{"@id":"https:\/\/portaltela.pt\/noticias\/2026\/02\/12\/de-tentugal-a-sao-joao-do-campo-50-anos-sem-registos-de-afogamentos\/#primaryimage"},"thumbnailUrl":"https:\/\/portaltela.pt\/s.01k8rhncp4jt1\/2026\/02\/image-994.jpg","datePublished":"2026-02-12T22:50:00+00:00","author":{"@id":"https:\/\/portaltela.pt\/#\/schema\/person\/c4278d4a6028830caff9ee44b42d32ed"},"breadcrumb":{"@id":"https:\/\/portaltela.pt\/noticias\/2026\/02\/12\/de-tentugal-a-sao-joao-do-campo-50-anos-sem-registos-de-afogamentos\/#breadcrumb"},"inLanguage":"pt-PT","potentialAction":[{"@type":"ReadAction","target":["https:\/\/portaltela.pt\/noticias\/2026\/02\/12\/de-tentugal-a-sao-joao-do-campo-50-anos-sem-registos-de-afogamentos\/"]}]},{"@type":"ImageObject","inLanguage":"pt-PT","@id":"https:\/\/portaltela.pt\/noticias\/2026\/02\/12\/de-tentugal-a-sao-joao-do-campo-50-anos-sem-registos-de-afogamentos\/#primaryimage","url":"https:\/\/portaltela.pt\/s.01k8rhncp4jt1\/2026\/02\/image-994.jpg","contentUrl":"https:\/\/portaltela.pt\/s.01k8rhncp4jt1\/2026\/02\/image-994.jpg","width":796,"height":448,"caption":"Ant\u00f3nio Lindim olha o espelho de \u00e1gua da janela de casa"},{"@type":"BreadcrumbList","@id":"https:\/\/portaltela.pt\/noticias\/2026\/02\/12\/de-tentugal-a-sao-joao-do-campo-50-anos-sem-registos-de-afogamentos\/#breadcrumb","itemListElement":[{"@type":"ListItem","position":1,"name":"In\u00edcio","item":"https:\/\/portaltela.pt\/"},{"@type":"ListItem","position":2,"name":"De Tent\u00fagal a S\u00e3o Jo\u00e3o do Campo, 50 anos sem registos de afogamentos"}]},{"@type":"WebSite","@id":"https:\/\/portaltela.pt\/#website","url":"https:\/\/portaltela.pt\/","name":"Portal Tela Portugal","description":"","potentialAction":[{"@type":"SearchAction","target":{"@type":"EntryPoint","urlTemplate":"https:\/\/portaltela.pt\/?s={search_term_string}"},"query-input":{"@type":"PropertyValueSpecification","valueRequired":true,"valueName":"search_term_string"}}],"inLanguage":"pt-PT"},{"@type":"Person","@id":"https:\/\/portaltela.pt\/#\/schema\/person\/c4278d4a6028830caff9ee44b42d32ed","name":"Telinha","image":{"@type":"ImageObject","inLanguage":"pt-PT","@id":"https:\/\/portaltela.pt\/s.01k8rhncp4jt1\/2025\/11\/talking-bot-125x125.png","url":"https:\/\/portaltela.pt\/s.01k8rhncp4jt1\/2025\/11\/talking-bot-125x125.png","contentUrl":"https:\/\/portaltela.pt\/s.01k8rhncp4jt1\/2025\/11\/talking-bot-125x125.png","caption":"Telinha"},"sameAs":["https:\/\/portaltela.pt\/"],"url":"https:\/\/portaltela.pt\/por\/367410592786\/"}]}},"_links":{"self":[{"href":"https:\/\/portaltela.pt\/api\/wp\/v2\/posts\/210205","targetHints":{"allow":["GET"]}}],"collection":[{"href":"https:\/\/portaltela.pt\/api\/wp\/v2\/posts"}],"about":[{"href":"https:\/\/portaltela.pt\/api\/wp\/v2\/types\/post"}],"author":[{"embeddable":true,"href":"https:\/\/portaltela.pt\/api\/wp\/v2\/users\/2"}],"replies":[{"embeddable":true,"href":"https:\/\/portaltela.pt\/api\/wp\/v2\/comments?post=210205"}],"version-history":[{"count":0,"href":"https:\/\/portaltela.pt\/api\/wp\/v2\/posts\/210205\/revisions"}],"wp:featuredmedia":[{"embeddable":true,"href":"https:\/\/portaltela.pt\/api\/wp\/v2\/media\/210209"}],"wp:attachment":[{"href":"https:\/\/portaltela.pt\/api\/wp\/v2\/media?parent=210205"}],"wp:term":[{"taxonomy":"category","embeddable":true,"href":"https:\/\/portaltela.pt\/api\/wp\/v2\/categories?post=210205"},{"taxonomy":"post_tag","embeddable":true,"href":"https:\/\/portaltela.pt\/api\/wp\/v2\/tags?post=210205"}],"curies":[{"name":"wp","href":"https:\/\/api.w.org\/{rel}","templated":true}]}}