{"id":210171,"date":"2026-02-12T19:25:01","date_gmt":"2026-02-12T22:25:01","guid":{"rendered":"https:\/\/portaltela.pt\/noticias\/2026\/02\/12\/passos-critica-reforma-do-estado-com-powerpoints-e-exige-estudo-previo\/"},"modified":"2026-02-12T19:25:01","modified_gmt":"2026-02-12T22:25:01","slug":"passos-critica-reforma-do-estado-com-powerpoints-e-exige-estudo-previo","status":"publish","type":"post","link":"https:\/\/portaltela.pt\/noticias\/politica\/2026\/02\/12\/passos-critica-reforma-do-estado-com-powerpoints-e-exige-estudo-previo\/","title":{"rendered":"Passos critica reforma do Estado com PowerPoints e exige estudo pr\u00e9vio"},"content":{"rendered":"<p>Passos Coelho, antigo primeiro-ministro e ex-l\u00edder do PSD, criticou as reformas do Estado propostas para servir a cadeira de comunica\u00e7\u00e3o pol\u00edtica. A interven\u00e7\u00e3o ocorreu em Lisboa, durante a apresenta\u00e7\u00e3o do livro de Damasceno Dias, dedicada sobretudo \u00e0 transforma\u00e7\u00e3o dos servi\u00e7os p\u00fablicos.<\/p>\n<p>Segundo o ex-l\u00edder, reformas do Estado n\u00e3o se fazem com PowerPoints nem com a designa\u00e7\u00e3o de um ministro espec\u00edfico para liderar o processo. Defendeu que o tema deve ser estudado com anteced\u00eancia, antes de assumir fun\u00e7\u00f5es governativas.<\/p>\n<p>Passos Coelho considerou que a moderniza\u00e7\u00e3o da Administra\u00e7\u00e3o n\u00e3o deve depender de fatores circunstanciais, como o avan\u00e7o da IA, e insistiu numa vis\u00e3o cont\u00ednua. Afirmou que n\u00e3o \u00e9 preciso criar um novo espa\u00e7o ministerial para promover a ideia.<\/p>\n<p>O antigo chefe do Governo alegou que a reforma falha pela aus\u00eancia de um consenso sobre as fun\u00e7\u00f5es centrais do Estado. Enfatizou que o debate n\u00e3o deve limitar-se a fus\u00f5es ou cria\u00e7\u00e3o de organismos, mas a um entendimento pol\u00edtico s\u00f3lido.<\/p>\n<p>O ex-l\u00edder do PSD sublinhou que qualquer transforma\u00e7\u00e3o exige participa\u00e7\u00e3o das estruturas do Estado. Alertou que mudan\u00e7as impostas de cima para baixo tendem a falhar, e destacou a import\u00e2ncia de envolver dirigentes interm\u00e9dios.<\/p>\n","protected":false},"excerpt":{"rendered":"<ul>\n<li>Passos Coelho critica reformas do Estado feitas para \u201ccomunica\u00e7\u00e3o pol\u00edtica\u201d e diz que n\u00e3o se fazem com PowerPoints; pede estudo pr\u00e9vio antes de assumir fun\u00e7\u00f5es.<\/li>\n<li>Afirmou que a reforma n\u00e3o se prepara enquanto se est\u00e1 no Governo, devendo ser estudada antes de chegar ao poder para depois se adaptar e implementar.<\/li>\n<li>Defendeu que n\u00e3o \u00e9 necess\u00e1rio nomear um ministro para a moderniza\u00e7\u00e3o do Estado; o processo deve ser cont\u00ednuo e aberto \u00e0 inova\u00e7\u00e3o, sem depender apenas de fatores circunstanciais como a IA.<\/li>\n<li>Indicou que a reforma falha pela aus\u00eancia de uma vis\u00e3o consensual sobre as fun\u00e7\u00f5es essenciais do Estado, destacando a import\u00e2ncia de um denominador comum operativo.<\/li>\n<li>Acrescentou que transforma\u00e7\u00f5es na administra\u00e7\u00e3o p\u00fablica s\u00e3o dif\u00edceis sem o envolvimento das estruturas do Estado e sem participa\u00e7\u00e3o das estruturas interm\u00e9dias, evitando reformas \u201ctop-down\u201d.<\/li>\n<\/ul>\n","protected":false},"author":2,"featured_media":210177,"comment_status":"closed","ping_status":"closed","sticky":false,"template":"","format":"standard","meta":{"footnotes":""},"categories":[1,5],"tags":[4847,168,5334,34,229,36],"class_list":["post-210171","post","type-post","status-publish","format-standard","has-post-thumbnail","hentry","category-noticias","category-politica","tag-administracao-central","tag-administracao-publica","tag-gestao-publica","tag-governo","tag-politica-publica","tag-reforma"],"yoast_head":"<!-- This site is optimized with the Yoast SEO plugin v27.2 - https:\/\/yoast.com\/product\/yoast-seo-wordpress\/ -->\n<title>Passos critica reforma do Estado com PowerPoints e exige estudo pr\u00e9vio - Portal Tela Portugal<\/title>\n<meta name=\"robots\" content=\"index, follow, max-snippet:-1, max-image-preview:large, max-video-preview:-1\" \/>\n<meta property=\"og:locale\" content=\"pt_PT\" \/>\n<meta property=\"og:type\" content=\"article\" \/>\n<meta property=\"og:title\" content=\"Passos critica reforma do Estado com PowerPoints e exige estudo pr\u00e9vio - Portal Tela Portugal\" \/>\n<meta property=\"og:description\" content=\"Passos Coelho critica reformas do Estado feitas para \u201ccomunica\u00e7\u00e3o pol\u00edtica\u201d e diz que n\u00e3o se fazem com PowerPoints; pede estudo pr\u00e9vio antes de assumir fun\u00e7\u00f5es. Afirmou que a reforma n\u00e3o se prepara enquanto se est\u00e1 no Governo, devendo ser estudada antes de chegar ao poder para depois se adaptar e implementar. Defendeu que n\u00e3o \u00e9 necess\u00e1rio nomear um ministro para a moderniza\u00e7\u00e3o do Estado; o processo deve ser cont\u00ednuo e aberto \u00e0 inova\u00e7\u00e3o, sem depender apenas de fatores circunstanciais como a IA. Indicou que a reforma falha pela aus\u00eancia de uma vis\u00e3o consensual sobre as fun\u00e7\u00f5es essenciais do Estado, destacando a import\u00e2ncia de um denominador comum operativo. Acrescentou que transforma\u00e7\u00f5es na administra\u00e7\u00e3o p\u00fablica s\u00e3o dif\u00edceis sem o envolvimento das estruturas do Estado e sem participa\u00e7\u00e3o das estruturas interm\u00e9dias, evitando reformas \u201ctop-down\u201d.\" \/>\n<meta property=\"og:url\" content=\"https:\/\/portaltela.pt\/noticias\/2026\/02\/12\/passos-critica-reforma-do-estado-com-powerpoints-e-exige-estudo-previo\/\" \/>\n<meta property=\"og:site_name\" content=\"Portal Tela Portugal\" \/>\n<meta property=\"article:published_time\" content=\"2026-02-12T22:25:01+00:00\" \/>\n<meta name=\"author\" content=\"Telinha\" \/>\n<meta name=\"twitter:card\" content=\"summary_large_image\" \/>\n<meta name=\"twitter:label1\" content=\"Escrito por\" \/>\n\t<meta name=\"twitter:data1\" content=\"Telinha\" \/>\n\t<meta name=\"twitter:label2\" content=\"Tempo estimado de leitura\" \/>\n\t<meta name=\"twitter:data2\" content=\"1 minuto\" \/>\n<script type=\"application\/ld+json\" class=\"yoast-schema-graph\">{\"@context\":\"https:\/\/schema.org\",\"@graph\":[{\"@type\":\"Article\",\"@id\":\"https:\/\/portaltela.pt\/noticias\/2026\/02\/12\/passos-critica-reforma-do-estado-com-powerpoints-e-exige-estudo-previo\/#article\",\"isPartOf\":{\"@id\":\"https:\/\/portaltela.pt\/noticias\/2026\/02\/12\/passos-critica-reforma-do-estado-com-powerpoints-e-exige-estudo-previo\/\"},\"author\":{\"name\":\"Telinha\",\"@id\":\"https:\/\/portaltela.pt\/#\/schema\/person\/c4278d4a6028830caff9ee44b42d32ed\"},\"headline\":\"Passos critica reforma do Estado com PowerPoints e exige estudo pr\u00e9vio\",\"datePublished\":\"2026-02-12T22:25:01+00:00\",\"mainEntityOfPage\":{\"@id\":\"https:\/\/portaltela.pt\/noticias\/2026\/02\/12\/passos-critica-reforma-do-estado-com-powerpoints-e-exige-estudo-previo\/\"},\"wordCount\":234,\"image\":{\"@id\":\"https:\/\/portaltela.pt\/noticias\/2026\/02\/12\/passos-critica-reforma-do-estado-com-powerpoints-e-exige-estudo-previo\/#primaryimage\"},\"thumbnailUrl\":\"https:\/\/portaltela.pt\/s.01k8rhncp4jt1\/2026\/02\/img_1500x1000uu2025-10-02-21-26-24-2239101-im-639065315680533335.jpg\",\"keywords\":[\"Administra\u00e7\u00e3o Central\",\"administra\u00e7\u00e3o p\u00fablica\",\"gest\u00e3o p\u00fablica\",\"governo\",\"pol\u00edtica p\u00fablica\",\"reforma\"],\"articleSection\":[\"Not\u00edcias\",\"Pol\u00edtica\"],\"inLanguage\":\"pt-PT\"},{\"@type\":\"WebPage\",\"@id\":\"https:\/\/portaltela.pt\/noticias\/2026\/02\/12\/passos-critica-reforma-do-estado-com-powerpoints-e-exige-estudo-previo\/\",\"url\":\"https:\/\/portaltela.pt\/noticias\/2026\/02\/12\/passos-critica-reforma-do-estado-com-powerpoints-e-exige-estudo-previo\/\",\"name\":\"Passos critica reforma do Estado com PowerPoints e exige estudo pr\u00e9vio - Portal Tela Portugal\",\"isPartOf\":{\"@id\":\"https:\/\/portaltela.pt\/#website\"},\"primaryImageOfPage\":{\"@id\":\"https:\/\/portaltela.pt\/noticias\/2026\/02\/12\/passos-critica-reforma-do-estado-com-powerpoints-e-exige-estudo-previo\/#primaryimage\"},\"image\":{\"@id\":\"https:\/\/portaltela.pt\/noticias\/2026\/02\/12\/passos-critica-reforma-do-estado-com-powerpoints-e-exige-estudo-previo\/#primaryimage\"},\"thumbnailUrl\":\"https:\/\/portaltela.pt\/s.01k8rhncp4jt1\/2026\/02\/img_1500x1000uu2025-10-02-21-26-24-2239101-im-639065315680533335.jpg\",\"datePublished\":\"2026-02-12T22:25:01+00:00\",\"author\":{\"@id\":\"https:\/\/portaltela.pt\/#\/schema\/person\/c4278d4a6028830caff9ee44b42d32ed\"},\"breadcrumb\":{\"@id\":\"https:\/\/portaltela.pt\/noticias\/2026\/02\/12\/passos-critica-reforma-do-estado-com-powerpoints-e-exige-estudo-previo\/#breadcrumb\"},\"inLanguage\":\"pt-PT\",\"potentialAction\":[{\"@type\":\"ReadAction\",\"target\":[\"https:\/\/portaltela.pt\/noticias\/2026\/02\/12\/passos-critica-reforma-do-estado-com-powerpoints-e-exige-estudo-previo\/\"]}]},{\"@type\":\"ImageObject\",\"inLanguage\":\"pt-PT\",\"@id\":\"https:\/\/portaltela.pt\/noticias\/2026\/02\/12\/passos-critica-reforma-do-estado-com-powerpoints-e-exige-estudo-previo\/#primaryimage\",\"url\":\"https:\/\/portaltela.pt\/s.01k8rhncp4jt1\/2026\/02\/img_1500x1000uu2025-10-02-21-26-24-2239101-im-639065315680533335.jpg\",\"contentUrl\":\"https:\/\/portaltela.pt\/s.01k8rhncp4jt1\/2026\/02\/img_1500x1000uu2025-10-02-21-26-24-2239101-im-639065315680533335.jpg\",\"width\":796,\"height\":448,\"caption\":\"Passos Coelho\"},{\"@type\":\"BreadcrumbList\",\"@id\":\"https:\/\/portaltela.pt\/noticias\/2026\/02\/12\/passos-critica-reforma-do-estado-com-powerpoints-e-exige-estudo-previo\/#breadcrumb\",\"itemListElement\":[{\"@type\":\"ListItem\",\"position\":1,\"name\":\"In\u00edcio\",\"item\":\"https:\/\/portaltela.pt\/\"},{\"@type\":\"ListItem\",\"position\":2,\"name\":\"Passos critica reforma do Estado com PowerPoints e exige estudo pr\u00e9vio\"}]},{\"@type\":\"WebSite\",\"@id\":\"https:\/\/portaltela.pt\/#website\",\"url\":\"https:\/\/portaltela.pt\/\",\"name\":\"Portal Tela Portugal\",\"description\":\"\",\"potentialAction\":[{\"@type\":\"SearchAction\",\"target\":{\"@type\":\"EntryPoint\",\"urlTemplate\":\"https:\/\/portaltela.pt\/?s={search_term_string}\"},\"query-input\":{\"@type\":\"PropertyValueSpecification\",\"valueRequired\":true,\"valueName\":\"search_term_string\"}}],\"inLanguage\":\"pt-PT\"},{\"@type\":\"Person\",\"@id\":\"https:\/\/portaltela.pt\/#\/schema\/person\/c4278d4a6028830caff9ee44b42d32ed\",\"name\":\"Telinha\",\"image\":{\"@type\":\"ImageObject\",\"inLanguage\":\"pt-PT\",\"@id\":\"https:\/\/portaltela.pt\/s.01k8rhncp4jt1\/2025\/11\/talking-bot-125x125.png\",\"url\":\"https:\/\/portaltela.pt\/s.01k8rhncp4jt1\/2025\/11\/talking-bot-125x125.png\",\"contentUrl\":\"https:\/\/portaltela.pt\/s.01k8rhncp4jt1\/2025\/11\/talking-bot-125x125.png\",\"caption\":\"Telinha\"},\"sameAs\":[\"https:\/\/portaltela.pt\/\"],\"url\":\"https:\/\/portaltela.pt\/por\/367410592786\/\"}]}<\/script>\n<!-- \/ Yoast SEO plugin. -->","yoast_head_json":{"title":"Passos critica reforma do Estado com PowerPoints e exige estudo pr\u00e9vio - Portal Tela Portugal","robots":{"index":"index","follow":"follow","max-snippet":"max-snippet:-1","max-image-preview":"max-image-preview:large","max-video-preview":"max-video-preview:-1"},"og_locale":"pt_PT","og_type":"article","og_title":"Passos critica reforma do Estado com PowerPoints e exige estudo pr\u00e9vio - Portal Tela Portugal","og_description":"Passos Coelho critica reformas do Estado feitas para \u201ccomunica\u00e7\u00e3o pol\u00edtica\u201d e diz que n\u00e3o se fazem com PowerPoints; pede estudo pr\u00e9vio antes de assumir fun\u00e7\u00f5es. Afirmou que a reforma n\u00e3o se prepara enquanto se est\u00e1 no Governo, devendo ser estudada antes de chegar ao poder para depois se adaptar e implementar. Defendeu que n\u00e3o \u00e9 necess\u00e1rio nomear um ministro para a moderniza\u00e7\u00e3o do Estado; o processo deve ser cont\u00ednuo e aberto \u00e0 inova\u00e7\u00e3o, sem depender apenas de fatores circunstanciais como a IA. Indicou que a reforma falha pela aus\u00eancia de uma vis\u00e3o consensual sobre as fun\u00e7\u00f5es essenciais do Estado, destacando a import\u00e2ncia de um denominador comum operativo. Acrescentou que transforma\u00e7\u00f5es na administra\u00e7\u00e3o p\u00fablica s\u00e3o dif\u00edceis sem o envolvimento das estruturas do Estado e sem participa\u00e7\u00e3o das estruturas interm\u00e9dias, evitando reformas \u201ctop-down\u201d.","og_url":"https:\/\/portaltela.pt\/noticias\/2026\/02\/12\/passos-critica-reforma-do-estado-com-powerpoints-e-exige-estudo-previo\/","og_site_name":"Portal Tela Portugal","article_published_time":"2026-02-12T22:25:01+00:00","author":"Telinha","twitter_card":"summary_large_image","twitter_misc":{"Escrito por":"Telinha","Tempo estimado de leitura":"1 minuto"},"schema":{"@context":"https:\/\/schema.org","@graph":[{"@type":"Article","@id":"https:\/\/portaltela.pt\/noticias\/2026\/02\/12\/passos-critica-reforma-do-estado-com-powerpoints-e-exige-estudo-previo\/#article","isPartOf":{"@id":"https:\/\/portaltela.pt\/noticias\/2026\/02\/12\/passos-critica-reforma-do-estado-com-powerpoints-e-exige-estudo-previo\/"},"author":{"name":"Telinha","@id":"https:\/\/portaltela.pt\/#\/schema\/person\/c4278d4a6028830caff9ee44b42d32ed"},"headline":"Passos critica reforma do Estado com PowerPoints e exige estudo pr\u00e9vio","datePublished":"2026-02-12T22:25:01+00:00","mainEntityOfPage":{"@id":"https:\/\/portaltela.pt\/noticias\/2026\/02\/12\/passos-critica-reforma-do-estado-com-powerpoints-e-exige-estudo-previo\/"},"wordCount":234,"image":{"@id":"https:\/\/portaltela.pt\/noticias\/2026\/02\/12\/passos-critica-reforma-do-estado-com-powerpoints-e-exige-estudo-previo\/#primaryimage"},"thumbnailUrl":"https:\/\/portaltela.pt\/s.01k8rhncp4jt1\/2026\/02\/img_1500x1000uu2025-10-02-21-26-24-2239101-im-639065315680533335.jpg","keywords":["Administra\u00e7\u00e3o Central","administra\u00e7\u00e3o p\u00fablica","gest\u00e3o p\u00fablica","governo","pol\u00edtica p\u00fablica","reforma"],"articleSection":["Not\u00edcias","Pol\u00edtica"],"inLanguage":"pt-PT"},{"@type":"WebPage","@id":"https:\/\/portaltela.pt\/noticias\/2026\/02\/12\/passos-critica-reforma-do-estado-com-powerpoints-e-exige-estudo-previo\/","url":"https:\/\/portaltela.pt\/noticias\/2026\/02\/12\/passos-critica-reforma-do-estado-com-powerpoints-e-exige-estudo-previo\/","name":"Passos critica reforma do Estado com PowerPoints e exige estudo pr\u00e9vio - Portal Tela Portugal","isPartOf":{"@id":"https:\/\/portaltela.pt\/#website"},"primaryImageOfPage":{"@id":"https:\/\/portaltela.pt\/noticias\/2026\/02\/12\/passos-critica-reforma-do-estado-com-powerpoints-e-exige-estudo-previo\/#primaryimage"},"image":{"@id":"https:\/\/portaltela.pt\/noticias\/2026\/02\/12\/passos-critica-reforma-do-estado-com-powerpoints-e-exige-estudo-previo\/#primaryimage"},"thumbnailUrl":"https:\/\/portaltela.pt\/s.01k8rhncp4jt1\/2026\/02\/img_1500x1000uu2025-10-02-21-26-24-2239101-im-639065315680533335.jpg","datePublished":"2026-02-12T22:25:01+00:00","author":{"@id":"https:\/\/portaltela.pt\/#\/schema\/person\/c4278d4a6028830caff9ee44b42d32ed"},"breadcrumb":{"@id":"https:\/\/portaltela.pt\/noticias\/2026\/02\/12\/passos-critica-reforma-do-estado-com-powerpoints-e-exige-estudo-previo\/#breadcrumb"},"inLanguage":"pt-PT","potentialAction":[{"@type":"ReadAction","target":["https:\/\/portaltela.pt\/noticias\/2026\/02\/12\/passos-critica-reforma-do-estado-com-powerpoints-e-exige-estudo-previo\/"]}]},{"@type":"ImageObject","inLanguage":"pt-PT","@id":"https:\/\/portaltela.pt\/noticias\/2026\/02\/12\/passos-critica-reforma-do-estado-com-powerpoints-e-exige-estudo-previo\/#primaryimage","url":"https:\/\/portaltela.pt\/s.01k8rhncp4jt1\/2026\/02\/img_1500x1000uu2025-10-02-21-26-24-2239101-im-639065315680533335.jpg","contentUrl":"https:\/\/portaltela.pt\/s.01k8rhncp4jt1\/2026\/02\/img_1500x1000uu2025-10-02-21-26-24-2239101-im-639065315680533335.jpg","width":796,"height":448,"caption":"Passos Coelho"},{"@type":"BreadcrumbList","@id":"https:\/\/portaltela.pt\/noticias\/2026\/02\/12\/passos-critica-reforma-do-estado-com-powerpoints-e-exige-estudo-previo\/#breadcrumb","itemListElement":[{"@type":"ListItem","position":1,"name":"In\u00edcio","item":"https:\/\/portaltela.pt\/"},{"@type":"ListItem","position":2,"name":"Passos critica reforma do Estado com PowerPoints e exige estudo pr\u00e9vio"}]},{"@type":"WebSite","@id":"https:\/\/portaltela.pt\/#website","url":"https:\/\/portaltela.pt\/","name":"Portal Tela Portugal","description":"","potentialAction":[{"@type":"SearchAction","target":{"@type":"EntryPoint","urlTemplate":"https:\/\/portaltela.pt\/?s={search_term_string}"},"query-input":{"@type":"PropertyValueSpecification","valueRequired":true,"valueName":"search_term_string"}}],"inLanguage":"pt-PT"},{"@type":"Person","@id":"https:\/\/portaltela.pt\/#\/schema\/person\/c4278d4a6028830caff9ee44b42d32ed","name":"Telinha","image":{"@type":"ImageObject","inLanguage":"pt-PT","@id":"https:\/\/portaltela.pt\/s.01k8rhncp4jt1\/2025\/11\/talking-bot-125x125.png","url":"https:\/\/portaltela.pt\/s.01k8rhncp4jt1\/2025\/11\/talking-bot-125x125.png","contentUrl":"https:\/\/portaltela.pt\/s.01k8rhncp4jt1\/2025\/11\/talking-bot-125x125.png","caption":"Telinha"},"sameAs":["https:\/\/portaltela.pt\/"],"url":"https:\/\/portaltela.pt\/por\/367410592786\/"}]}},"_links":{"self":[{"href":"https:\/\/portaltela.pt\/api\/wp\/v2\/posts\/210171","targetHints":{"allow":["GET"]}}],"collection":[{"href":"https:\/\/portaltela.pt\/api\/wp\/v2\/posts"}],"about":[{"href":"https:\/\/portaltela.pt\/api\/wp\/v2\/types\/post"}],"author":[{"embeddable":true,"href":"https:\/\/portaltela.pt\/api\/wp\/v2\/users\/2"}],"replies":[{"embeddable":true,"href":"https:\/\/portaltela.pt\/api\/wp\/v2\/comments?post=210171"}],"version-history":[{"count":0,"href":"https:\/\/portaltela.pt\/api\/wp\/v2\/posts\/210171\/revisions"}],"wp:featuredmedia":[{"embeddable":true,"href":"https:\/\/portaltela.pt\/api\/wp\/v2\/media\/210177"}],"wp:attachment":[{"href":"https:\/\/portaltela.pt\/api\/wp\/v2\/media?parent=210171"}],"wp:term":[{"taxonomy":"category","embeddable":true,"href":"https:\/\/portaltela.pt\/api\/wp\/v2\/categories?post=210171"},{"taxonomy":"post_tag","embeddable":true,"href":"https:\/\/portaltela.pt\/api\/wp\/v2\/tags?post=210171"}],"curies":[{"name":"wp","href":"https:\/\/api.w.org\/{rel}","templated":true}]}}