{"id":210170,"date":"2026-02-12T19:07:00","date_gmt":"2026-02-12T22:07:00","guid":{"rendered":"https:\/\/portaltela.pt\/noticias\/2026\/02\/12\/mulher-atropelada-mortalmente-na-estrada-da-circunvalacao-porto\/"},"modified":"2026-02-12T19:07:00","modified_gmt":"2026-02-12T22:07:00","slug":"mulher-atropelada-mortalmente-na-estrada-da-circunvalacao-porto","status":"publish","type":"post","link":"https:\/\/portaltela.pt\/noticias\/2026\/02\/12\/mulher-atropelada-mortalmente-na-estrada-da-circunvalacao-porto\/","title":{"rendered":"Mulher atropelada mortalmente na Estrada da Circunvala\u00e7\u00e3o, Porto"},"content":{"rendered":"<p>Um atropelamento resultou na morte de uma mulher na Estrada da Circunvala\u00e7\u00e3o, no Porto, nesta quinta-feira. A v\u00edtima foi atingida por um ve\u00edculo na \u00e1rea do Monte dos Burgos, perto das 6h30, segundo informou o INEM.<\/p>\n<p>As equipas de socorro estiveram no local e realizaram manobras de reanima\u00e7\u00e3o, mas a v\u00edtima n\u00e3o resistiu aos ferimentos graves. O \u00f3bito foi confirmado no local.<\/p>\n<p>O corpo foi encaminhado ao Instituto de Medicina Legal do Porto para aut\u00f3psia, no \u00e2mbito dos procedimentos habituais de investiga\u00e7\u00e3o do acidente.<\/p>\n<h3>Investiga\u00e7\u00e3o em curso<\/h3>\n<p>As autoridades permanecem em investiga\u00e7\u00e3o para apurar as circunst\u00e2ncias do atropelamento, incluindo din\u00e2mica do acidente e eventual contributo de fatores externos. As informa\u00e7\u00f5es s\u00e3o fornecidas pelo INEM e fontes oficiais.<\/p>\n","protected":false},"excerpt":{"rendered":"<ul>\n<li>Mulher morreu ap\u00f3s atropelamento na Estrada da Circunvala\u00e7\u00e3o, no Porto, na zona do Monte dos Burgos.<\/li>\n<li>O acidente ocorreu por volta das 6h30 da manh\u00e3.<\/li>\n<li>As equipas de socorro tentaram reanimar a v\u00edtima no local, mas n\u00e3o foi poss\u00edvel.<\/li>\n<li>O corpo foi transportado para o Instituto de Medicina Legal do Porto para aut\u00f3psia.<\/li>\n<li>A informa\u00e7\u00e3o foi confirmada pelo INEM.<\/li>\n<\/ul>\n","protected":false},"author":2,"featured_media":210182,"comment_status":"closed","ping_status":"closed","sticky":false,"template":"","format":"standard","meta":{"footnotes":""},"categories":[1],"tags":[5487,4169,1083,1922,4850,982],"class_list":["post-210170","post","type-post","status-publish","format-standard","has-post-thumbnail","hentry","category-noticias","tag-acidente","tag-acidente-rodoviario","tag-estradas","tag-inem","tag-instituto-de-medicina-legal","tag-porto"],"yoast_head":"<!-- This site is optimized with the Yoast SEO plugin v27.2 - https:\/\/yoast.com\/product\/yoast-seo-wordpress\/ -->\n<title>Mulher atropelada mortalmente na Estrada da Circunvala\u00e7\u00e3o, Porto - Portal Tela Portugal<\/title>\n<meta name=\"robots\" content=\"index, follow, max-snippet:-1, max-image-preview:large, max-video-preview:-1\" \/>\n<meta property=\"og:locale\" content=\"pt_PT\" \/>\n<meta property=\"og:type\" content=\"article\" \/>\n<meta property=\"og:title\" content=\"Mulher atropelada mortalmente na Estrada da Circunvala\u00e7\u00e3o, Porto - Portal Tela Portugal\" \/>\n<meta property=\"og:description\" content=\"Mulher morreu ap\u00f3s atropelamento na Estrada da Circunvala\u00e7\u00e3o, no Porto, na zona do Monte dos Burgos. O acidente ocorreu por volta das 6h30 da manh\u00e3. As equipas de socorro tentaram reanimar a v\u00edtima no local, mas n\u00e3o foi poss\u00edvel. O corpo foi transportado para o Instituto de Medicina Legal do Porto para aut\u00f3psia. A informa\u00e7\u00e3o foi confirmada pelo INEM.\" \/>\n<meta property=\"og:url\" content=\"https:\/\/portaltela.pt\/noticias\/2026\/02\/12\/mulher-atropelada-mortalmente-na-estrada-da-circunvalacao-porto\/\" \/>\n<meta property=\"og:site_name\" content=\"Portal Tela Portugal\" \/>\n<meta property=\"article:published_time\" content=\"2026-02-12T22:07:00+00:00\" \/>\n<meta name=\"author\" content=\"Telinha\" \/>\n<meta name=\"twitter:card\" content=\"summary_large_image\" \/>\n<meta name=\"twitter:label1\" content=\"Escrito por\" \/>\n\t<meta name=\"twitter:data1\" content=\"Telinha\" \/>\n\t<meta name=\"twitter:label2\" content=\"Tempo estimado de leitura\" \/>\n\t<meta name=\"twitter:data2\" content=\"1 minuto\" \/>\n<script type=\"application\/ld+json\" class=\"yoast-schema-graph\">{\"@context\":\"https:\/\/schema.org\",\"@graph\":[{\"@type\":\"Article\",\"@id\":\"https:\/\/portaltela.pt\/noticias\/2026\/02\/12\/mulher-atropelada-mortalmente-na-estrada-da-circunvalacao-porto\/#article\",\"isPartOf\":{\"@id\":\"https:\/\/portaltela.pt\/noticias\/2026\/02\/12\/mulher-atropelada-mortalmente-na-estrada-da-circunvalacao-porto\/\"},\"author\":{\"name\":\"Telinha\",\"@id\":\"https:\/\/portaltela.pt\/#\/schema\/person\/c4278d4a6028830caff9ee44b42d32ed\"},\"headline\":\"Mulher atropelada mortalmente na Estrada da Circunvala\u00e7\u00e3o, Porto\",\"datePublished\":\"2026-02-12T22:07:00+00:00\",\"mainEntityOfPage\":{\"@id\":\"https:\/\/portaltela.pt\/noticias\/2026\/02\/12\/mulher-atropelada-mortalmente-na-estrada-da-circunvalacao-porto\/\"},\"wordCount\":140,\"image\":{\"@id\":\"https:\/\/portaltela.pt\/noticias\/2026\/02\/12\/mulher-atropelada-mortalmente-na-estrada-da-circunvalacao-porto\/#primaryimage\"},\"thumbnailUrl\":\"https:\/\/portaltela.pt\/s.01k8rhncp4jt1\/2026\/02\/image-992.jpg\",\"keywords\":[\"acidente\",\"acidente rodovi\u00e1rio\",\"estradas\",\"INEM\",\"Instituto de Medicina Legal\",\"Porto\"],\"articleSection\":[\"Not\u00edcias\"],\"inLanguage\":\"pt-PT\"},{\"@type\":\"WebPage\",\"@id\":\"https:\/\/portaltela.pt\/noticias\/2026\/02\/12\/mulher-atropelada-mortalmente-na-estrada-da-circunvalacao-porto\/\",\"url\":\"https:\/\/portaltela.pt\/noticias\/2026\/02\/12\/mulher-atropelada-mortalmente-na-estrada-da-circunvalacao-porto\/\",\"name\":\"Mulher atropelada mortalmente na Estrada da Circunvala\u00e7\u00e3o, Porto - Portal Tela Portugal\",\"isPartOf\":{\"@id\":\"https:\/\/portaltela.pt\/#website\"},\"primaryImageOfPage\":{\"@id\":\"https:\/\/portaltela.pt\/noticias\/2026\/02\/12\/mulher-atropelada-mortalmente-na-estrada-da-circunvalacao-porto\/#primaryimage\"},\"image\":{\"@id\":\"https:\/\/portaltela.pt\/noticias\/2026\/02\/12\/mulher-atropelada-mortalmente-na-estrada-da-circunvalacao-porto\/#primaryimage\"},\"thumbnailUrl\":\"https:\/\/portaltela.pt\/s.01k8rhncp4jt1\/2026\/02\/image-992.jpg\",\"datePublished\":\"2026-02-12T22:07:00+00:00\",\"author\":{\"@id\":\"https:\/\/portaltela.pt\/#\/schema\/person\/c4278d4a6028830caff9ee44b42d32ed\"},\"breadcrumb\":{\"@id\":\"https:\/\/portaltela.pt\/noticias\/2026\/02\/12\/mulher-atropelada-mortalmente-na-estrada-da-circunvalacao-porto\/#breadcrumb\"},\"inLanguage\":\"pt-PT\",\"potentialAction\":[{\"@type\":\"ReadAction\",\"target\":[\"https:\/\/portaltela.pt\/noticias\/2026\/02\/12\/mulher-atropelada-mortalmente-na-estrada-da-circunvalacao-porto\/\"]}]},{\"@type\":\"ImageObject\",\"inLanguage\":\"pt-PT\",\"@id\":\"https:\/\/portaltela.pt\/noticias\/2026\/02\/12\/mulher-atropelada-mortalmente-na-estrada-da-circunvalacao-porto\/#primaryimage\",\"url\":\"https:\/\/portaltela.pt\/s.01k8rhncp4jt1\/2026\/02\/image-992.jpg\",\"contentUrl\":\"https:\/\/portaltela.pt\/s.01k8rhncp4jt1\/2026\/02\/image-992.jpg\",\"width\":796,\"height\":448,\"caption\":\"Imagem de contexto do artigo Mulher morreu atropelada na Estrada da Circunvala\u00e7\u00e3o no Porto\"},{\"@type\":\"BreadcrumbList\",\"@id\":\"https:\/\/portaltela.pt\/noticias\/2026\/02\/12\/mulher-atropelada-mortalmente-na-estrada-da-circunvalacao-porto\/#breadcrumb\",\"itemListElement\":[{\"@type\":\"ListItem\",\"position\":1,\"name\":\"In\u00edcio\",\"item\":\"https:\/\/portaltela.pt\/\"},{\"@type\":\"ListItem\",\"position\":2,\"name\":\"Mulher atropelada mortalmente na Estrada da Circunvala\u00e7\u00e3o, Porto\"}]},{\"@type\":\"WebSite\",\"@id\":\"https:\/\/portaltela.pt\/#website\",\"url\":\"https:\/\/portaltela.pt\/\",\"name\":\"Portal Tela Portugal\",\"description\":\"\",\"potentialAction\":[{\"@type\":\"SearchAction\",\"target\":{\"@type\":\"EntryPoint\",\"urlTemplate\":\"https:\/\/portaltela.pt\/?s={search_term_string}\"},\"query-input\":{\"@type\":\"PropertyValueSpecification\",\"valueRequired\":true,\"valueName\":\"search_term_string\"}}],\"inLanguage\":\"pt-PT\"},{\"@type\":\"Person\",\"@id\":\"https:\/\/portaltela.pt\/#\/schema\/person\/c4278d4a6028830caff9ee44b42d32ed\",\"name\":\"Telinha\",\"image\":{\"@type\":\"ImageObject\",\"inLanguage\":\"pt-PT\",\"@id\":\"https:\/\/portaltela.pt\/s.01k8rhncp4jt1\/2025\/11\/talking-bot-125x125.png\",\"url\":\"https:\/\/portaltela.pt\/s.01k8rhncp4jt1\/2025\/11\/talking-bot-125x125.png\",\"contentUrl\":\"https:\/\/portaltela.pt\/s.01k8rhncp4jt1\/2025\/11\/talking-bot-125x125.png\",\"caption\":\"Telinha\"},\"sameAs\":[\"https:\/\/portaltela.pt\/\"],\"url\":\"https:\/\/portaltela.pt\/por\/367410592786\/\"}]}<\/script>\n<!-- \/ Yoast SEO plugin. -->","yoast_head_json":{"title":"Mulher atropelada mortalmente na Estrada da Circunvala\u00e7\u00e3o, Porto - Portal Tela Portugal","robots":{"index":"index","follow":"follow","max-snippet":"max-snippet:-1","max-image-preview":"max-image-preview:large","max-video-preview":"max-video-preview:-1"},"og_locale":"pt_PT","og_type":"article","og_title":"Mulher atropelada mortalmente na Estrada da Circunvala\u00e7\u00e3o, Porto - Portal Tela Portugal","og_description":"Mulher morreu ap\u00f3s atropelamento na Estrada da Circunvala\u00e7\u00e3o, no Porto, na zona do Monte dos Burgos. O acidente ocorreu por volta das 6h30 da manh\u00e3. As equipas de socorro tentaram reanimar a v\u00edtima no local, mas n\u00e3o foi poss\u00edvel. O corpo foi transportado para o Instituto de Medicina Legal do Porto para aut\u00f3psia. A informa\u00e7\u00e3o foi confirmada pelo INEM.","og_url":"https:\/\/portaltela.pt\/noticias\/2026\/02\/12\/mulher-atropelada-mortalmente-na-estrada-da-circunvalacao-porto\/","og_site_name":"Portal Tela Portugal","article_published_time":"2026-02-12T22:07:00+00:00","author":"Telinha","twitter_card":"summary_large_image","twitter_misc":{"Escrito por":"Telinha","Tempo estimado de leitura":"1 minuto"},"schema":{"@context":"https:\/\/schema.org","@graph":[{"@type":"Article","@id":"https:\/\/portaltela.pt\/noticias\/2026\/02\/12\/mulher-atropelada-mortalmente-na-estrada-da-circunvalacao-porto\/#article","isPartOf":{"@id":"https:\/\/portaltela.pt\/noticias\/2026\/02\/12\/mulher-atropelada-mortalmente-na-estrada-da-circunvalacao-porto\/"},"author":{"name":"Telinha","@id":"https:\/\/portaltela.pt\/#\/schema\/person\/c4278d4a6028830caff9ee44b42d32ed"},"headline":"Mulher atropelada mortalmente na Estrada da Circunvala\u00e7\u00e3o, Porto","datePublished":"2026-02-12T22:07:00+00:00","mainEntityOfPage":{"@id":"https:\/\/portaltela.pt\/noticias\/2026\/02\/12\/mulher-atropelada-mortalmente-na-estrada-da-circunvalacao-porto\/"},"wordCount":140,"image":{"@id":"https:\/\/portaltela.pt\/noticias\/2026\/02\/12\/mulher-atropelada-mortalmente-na-estrada-da-circunvalacao-porto\/#primaryimage"},"thumbnailUrl":"https:\/\/portaltela.pt\/s.01k8rhncp4jt1\/2026\/02\/image-992.jpg","keywords":["acidente","acidente rodovi\u00e1rio","estradas","INEM","Instituto de Medicina Legal","Porto"],"articleSection":["Not\u00edcias"],"inLanguage":"pt-PT"},{"@type":"WebPage","@id":"https:\/\/portaltela.pt\/noticias\/2026\/02\/12\/mulher-atropelada-mortalmente-na-estrada-da-circunvalacao-porto\/","url":"https:\/\/portaltela.pt\/noticias\/2026\/02\/12\/mulher-atropelada-mortalmente-na-estrada-da-circunvalacao-porto\/","name":"Mulher atropelada mortalmente na Estrada da Circunvala\u00e7\u00e3o, Porto - Portal Tela Portugal","isPartOf":{"@id":"https:\/\/portaltela.pt\/#website"},"primaryImageOfPage":{"@id":"https:\/\/portaltela.pt\/noticias\/2026\/02\/12\/mulher-atropelada-mortalmente-na-estrada-da-circunvalacao-porto\/#primaryimage"},"image":{"@id":"https:\/\/portaltela.pt\/noticias\/2026\/02\/12\/mulher-atropelada-mortalmente-na-estrada-da-circunvalacao-porto\/#primaryimage"},"thumbnailUrl":"https:\/\/portaltela.pt\/s.01k8rhncp4jt1\/2026\/02\/image-992.jpg","datePublished":"2026-02-12T22:07:00+00:00","author":{"@id":"https:\/\/portaltela.pt\/#\/schema\/person\/c4278d4a6028830caff9ee44b42d32ed"},"breadcrumb":{"@id":"https:\/\/portaltela.pt\/noticias\/2026\/02\/12\/mulher-atropelada-mortalmente-na-estrada-da-circunvalacao-porto\/#breadcrumb"},"inLanguage":"pt-PT","potentialAction":[{"@type":"ReadAction","target":["https:\/\/portaltela.pt\/noticias\/2026\/02\/12\/mulher-atropelada-mortalmente-na-estrada-da-circunvalacao-porto\/"]}]},{"@type":"ImageObject","inLanguage":"pt-PT","@id":"https:\/\/portaltela.pt\/noticias\/2026\/02\/12\/mulher-atropelada-mortalmente-na-estrada-da-circunvalacao-porto\/#primaryimage","url":"https:\/\/portaltela.pt\/s.01k8rhncp4jt1\/2026\/02\/image-992.jpg","contentUrl":"https:\/\/portaltela.pt\/s.01k8rhncp4jt1\/2026\/02\/image-992.jpg","width":796,"height":448,"caption":"Imagem de contexto do artigo Mulher morreu atropelada na Estrada da Circunvala\u00e7\u00e3o no Porto"},{"@type":"BreadcrumbList","@id":"https:\/\/portaltela.pt\/noticias\/2026\/02\/12\/mulher-atropelada-mortalmente-na-estrada-da-circunvalacao-porto\/#breadcrumb","itemListElement":[{"@type":"ListItem","position":1,"name":"In\u00edcio","item":"https:\/\/portaltela.pt\/"},{"@type":"ListItem","position":2,"name":"Mulher atropelada mortalmente na Estrada da Circunvala\u00e7\u00e3o, Porto"}]},{"@type":"WebSite","@id":"https:\/\/portaltela.pt\/#website","url":"https:\/\/portaltela.pt\/","name":"Portal Tela Portugal","description":"","potentialAction":[{"@type":"SearchAction","target":{"@type":"EntryPoint","urlTemplate":"https:\/\/portaltela.pt\/?s={search_term_string}"},"query-input":{"@type":"PropertyValueSpecification","valueRequired":true,"valueName":"search_term_string"}}],"inLanguage":"pt-PT"},{"@type":"Person","@id":"https:\/\/portaltela.pt\/#\/schema\/person\/c4278d4a6028830caff9ee44b42d32ed","name":"Telinha","image":{"@type":"ImageObject","inLanguage":"pt-PT","@id":"https:\/\/portaltela.pt\/s.01k8rhncp4jt1\/2025\/11\/talking-bot-125x125.png","url":"https:\/\/portaltela.pt\/s.01k8rhncp4jt1\/2025\/11\/talking-bot-125x125.png","contentUrl":"https:\/\/portaltela.pt\/s.01k8rhncp4jt1\/2025\/11\/talking-bot-125x125.png","caption":"Telinha"},"sameAs":["https:\/\/portaltela.pt\/"],"url":"https:\/\/portaltela.pt\/por\/367410592786\/"}]}},"_links":{"self":[{"href":"https:\/\/portaltela.pt\/api\/wp\/v2\/posts\/210170","targetHints":{"allow":["GET"]}}],"collection":[{"href":"https:\/\/portaltela.pt\/api\/wp\/v2\/posts"}],"about":[{"href":"https:\/\/portaltela.pt\/api\/wp\/v2\/types\/post"}],"author":[{"embeddable":true,"href":"https:\/\/portaltela.pt\/api\/wp\/v2\/users\/2"}],"replies":[{"embeddable":true,"href":"https:\/\/portaltela.pt\/api\/wp\/v2\/comments?post=210170"}],"version-history":[{"count":0,"href":"https:\/\/portaltela.pt\/api\/wp\/v2\/posts\/210170\/revisions"}],"wp:featuredmedia":[{"embeddable":true,"href":"https:\/\/portaltela.pt\/api\/wp\/v2\/media\/210182"}],"wp:attachment":[{"href":"https:\/\/portaltela.pt\/api\/wp\/v2\/media?parent=210170"}],"wp:term":[{"taxonomy":"category","embeddable":true,"href":"https:\/\/portaltela.pt\/api\/wp\/v2\/categories?post=210170"},{"taxonomy":"post_tag","embeddable":true,"href":"https:\/\/portaltela.pt\/api\/wp\/v2\/tags?post=210170"}],"curies":[{"name":"wp","href":"https:\/\/api.w.org\/{rel}","templated":true}]}}