{"id":210160,"date":"2026-02-12T19:05:56","date_gmt":"2026-02-12T22:05:56","guid":{"rendered":"https:\/\/portaltela.pt\/noticias\/2026\/02\/12\/presidente-preve-tarefa-ardua-na-recuperacao-apos-desvio-de-fundos-europeus\/"},"modified":"2026-02-12T19:05:56","modified_gmt":"2026-02-12T22:05:56","slug":"presidente-preve-tarefa-ardua-na-recuperacao-apos-desvio-de-fundos-europeus","status":"publish","type":"post","link":"https:\/\/portaltela.pt\/noticias\/politica\/2026\/02\/12\/presidente-preve-tarefa-ardua-na-recuperacao-apos-desvio-de-fundos-europeus\/","title":{"rendered":"Presidente prev\u00ea tarefa \u00e1rdua na recupera\u00e7\u00e3o ap\u00f3s desvio de fundos europeus"},"content":{"rendered":"<p>O Presidente da Rep\u00fablica afirmou hoje que a recupera\u00e7\u00e3o dos efeitos das recentes tempestades ser\u00e1 uma tarefa longa para autarquias e Governo, com custos superiores aos estimados e desvio de fundos europeus. A declara\u00e7\u00e3o ocorreu em Lisboa, no ISEG.<\/p>\n<p>Marcelo Rebelo de Sousa sublinhou a dificuldade de governar em tempos de calamidade, destacando danos em infraestruturas como a A1. Definiu o equil\u00edbrio entre evitar alarmismo e evitar facilitismos numa conjuntura complexa.<\/p>\n<p>O chefe de Estado estima que a recupera\u00e7\u00e3o ocupar\u00e1 a maior parte da pr\u00f3xima legislatura, com impacto em muitos autarcas e no Governo nos pr\u00f3ximos tr\u00eas a quatro anos. O cen\u00e1rio exige mais dinheiro e tempo.<\/p>\n<p>Questionado sobre d\u00e9fice or\u00e7amental, admitiu preocupa\u00e7\u00f5es quanto \u00e0 falta de recursos nos munic\u00edpios para enfrentar as consequ\u00eancias. O Estado est\u00e1 a recalcular os montantes necess\u00e1rios para assegurar as medidas de recupera\u00e7\u00e3o.<\/p>\n<p>Rebelo de Sousa apontou um desvio de fundos europeus, designadamente recursos previstos para o crescimento, que ser\u00e3o canalizados para a reconstru\u00e7\u00e3o das zonas afetadas, incluindo capacidades empresariais atingidas.<\/p>\n<p>Sobre o Plano de Recupera\u00e7\u00e3o e Resili\u00eancia exclusivamente portugu\u00eas, o Presidente disse que est\u00e1 correto pedir aos minist\u00e9rios elementos para um programa coerente, com coordena\u00e7\u00e3o do Governo e da Presid\u00eancia do Conselho de Ministros.<\/p>\n<h3>Contexto econ\u00f3mico<\/h3>\n<p>O Presidente referiu que os montantes necess\u00e1rios evoluem com cada momento da crise, com novos problemas a surgir quase diariamente e c\u00e1lculos ainda em fase inicial. A planifica\u00e7\u00e3o envolve v\u00e1rias institui\u00e7\u00f5es e prazos.<\/p>\n<h3>A\u00e7\u00e3o operacional e territ\u00f3rio<\/h3>\n<p>Marcelo Rebelo de Sousa indicou que regressar\u00e1 ao terreno no fim de semana para avaliar necessidades, ap\u00f3s reuni\u00f5es com operadores no terreno. Destacou a import\u00e2ncia de decis\u00f5es r\u00e1pidas, mas fundamentadas, em \u00e1reas como a A1 e acessos a viadutos.<\/p>\n<p>O chefe de Estado refor\u00e7ou a import\u00e2ncia de an\u00e1lise t\u00e9cnica r\u00e1pida pelos engenheiros nacionais e pelo LNEC, para indicar solu\u00e7\u00f5es adequadas ao futuro, mantendo o equil\u00edbrio entre interven\u00e7\u00e3o e previsibilidade.<\/p>\n","protected":false},"excerpt":{"rendered":"<ul>\n<li>O Presidente da Rep\u00fablica, Marcelo Rebelo de Sousa, antecipa que a recupera\u00e7\u00e3o das tempestades ser\u00e1 longa, com custos superiores ao esperado e desvio de fundos europeus para reconstru\u00e7\u00e3o.<\/li>\n<li>Atinge infraestruturas importantes, como a A1, e o regresso \u00e0 normalidade deve ser enfrentado sem alarmismo nem facilita\u00e7\u00e3o, mantendo o foco em dinheiro e tempo.<\/li>\n<li>Munic\u00edpios sem capacidade financeira para enfrentar as consequ\u00eancias, com o Estado a refazer c\u00e1lculos dos montantes necess\u00e1rios; tamb\u00e9m h\u00e1 desvio de fundos europeus para apoiar a reconstru\u00e7\u00e3o.<\/li>\n<li>Sobre o Plano de Recupera\u00e7\u00e3o e Resili\u00eancia exclusivamente portugu\u00eas (PTRR), o Governo pediu contribui\u00e7\u00f5es dos minist\u00e9rios para um programa que cubra tudo, com coordena\u00e7\u00e3o do Governo e da Presid\u00eancia do Conselho de Ministros.<\/li>\n<li>O chefe de Estado pretende regressar ao terreno no fim de semana para avaliar prioridades, destacando a import\u00e2ncia de an\u00e1lises t\u00e9cnicas r\u00e1pidas por especialistas, como o Laborat\u00f3rio Nacional de Engenharia Civil (LNEC).<\/li>\n<\/ul>\n","protected":false},"author":2,"featured_media":210162,"comment_status":"closed","ping_status":"closed","sticky":false,"template":"","format":"standard","meta":{"footnotes":""},"categories":[1,5],"tags":[2706,4687,865,34,1615,981],"class_list":["post-210160","post","type-post","status-publish","format-standard","has-post-thumbnail","hentry","category-noticias","category-politica","tag-autarquias","tag-calamidade-publica","tag-desvio-de-fundos","tag-governo","tag-infraestrutura","tag-lisboa"],"yoast_head":"<!-- This site is optimized with the Yoast SEO plugin v27.2 - https:\/\/yoast.com\/product\/yoast-seo-wordpress\/ -->\n<title>Presidente prev\u00ea tarefa \u00e1rdua na recupera\u00e7\u00e3o ap\u00f3s desvio de fundos europeus - Portal Tela Portugal<\/title>\n<meta name=\"robots\" content=\"index, follow, max-snippet:-1, max-image-preview:large, max-video-preview:-1\" \/>\n<meta property=\"og:locale\" content=\"pt_PT\" \/>\n<meta property=\"og:type\" content=\"article\" \/>\n<meta property=\"og:title\" content=\"Presidente prev\u00ea tarefa \u00e1rdua na recupera\u00e7\u00e3o ap\u00f3s desvio de fundos europeus - Portal Tela Portugal\" \/>\n<meta property=\"og:description\" content=\"O Presidente da Rep\u00fablica, Marcelo Rebelo de Sousa, antecipa que a recupera\u00e7\u00e3o das tempestades ser\u00e1 longa, com custos superiores ao esperado e desvio de fundos europeus para reconstru\u00e7\u00e3o. Atinge infraestruturas importantes, como a A1, e o regresso \u00e0 normalidade deve ser enfrentado sem alarmismo nem facilita\u00e7\u00e3o, mantendo o foco em dinheiro e tempo. Munic\u00edpios sem capacidade financeira para enfrentar as consequ\u00eancias, com o Estado a refazer c\u00e1lculos dos montantes necess\u00e1rios; tamb\u00e9m h\u00e1 desvio de fundos europeus para apoiar a reconstru\u00e7\u00e3o. Sobre o Plano de Recupera\u00e7\u00e3o e Resili\u00eancia exclusivamente portugu\u00eas (PTRR), o Governo pediu contribui\u00e7\u00f5es dos minist\u00e9rios para um programa que cubra tudo, com coordena\u00e7\u00e3o do Governo e da Presid\u00eancia do Conselho de Ministros. O chefe de Estado pretende regressar ao terreno no fim de semana para avaliar prioridades, destacando a import\u00e2ncia de an\u00e1lises t\u00e9cnicas r\u00e1pidas por especialistas, como o Laborat\u00f3rio Nacional de Engenharia Civil (LNEC).\" \/>\n<meta property=\"og:url\" content=\"https:\/\/portaltela.pt\/noticias\/2026\/02\/12\/presidente-preve-tarefa-ardua-na-recuperacao-apos-desvio-de-fundos-europeus\/\" \/>\n<meta property=\"og:site_name\" content=\"Portal Tela Portugal\" \/>\n<meta property=\"article:published_time\" content=\"2026-02-12T22:05:56+00:00\" \/>\n<meta name=\"author\" content=\"Telinha\" \/>\n<meta name=\"twitter:card\" content=\"summary_large_image\" \/>\n<meta name=\"twitter:label1\" content=\"Escrito por\" \/>\n\t<meta name=\"twitter:data1\" content=\"Telinha\" \/>\n\t<meta name=\"twitter:label2\" content=\"Tempo estimado de leitura\" \/>\n\t<meta name=\"twitter:data2\" content=\"2 minutos\" \/>\n<script type=\"application\/ld+json\" class=\"yoast-schema-graph\">{\"@context\":\"https:\/\/schema.org\",\"@graph\":[{\"@type\":\"Article\",\"@id\":\"https:\/\/portaltela.pt\/noticias\/2026\/02\/12\/presidente-preve-tarefa-ardua-na-recuperacao-apos-desvio-de-fundos-europeus\/#article\",\"isPartOf\":{\"@id\":\"https:\/\/portaltela.pt\/noticias\/2026\/02\/12\/presidente-preve-tarefa-ardua-na-recuperacao-apos-desvio-de-fundos-europeus\/\"},\"author\":{\"name\":\"Telinha\",\"@id\":\"https:\/\/portaltela.pt\/#\/schema\/person\/c4278d4a6028830caff9ee44b42d32ed\"},\"headline\":\"Presidente prev\u00ea tarefa \u00e1rdua na recupera\u00e7\u00e3o ap\u00f3s desvio de fundos europeus\",\"datePublished\":\"2026-02-12T22:05:56+00:00\",\"mainEntityOfPage\":{\"@id\":\"https:\/\/portaltela.pt\/noticias\/2026\/02\/12\/presidente-preve-tarefa-ardua-na-recuperacao-apos-desvio-de-fundos-europeus\/\"},\"wordCount\":365,\"image\":{\"@id\":\"https:\/\/portaltela.pt\/noticias\/2026\/02\/12\/presidente-preve-tarefa-ardua-na-recuperacao-apos-desvio-de-fundos-europeus\/#primaryimage\"},\"thumbnailUrl\":\"https:\/\/portaltela.pt\/s.01k8rhncp4jt1\/2026\/02\/img_1500x1000uu2025-12-07-09-47-32-2252998-8.jpg\",\"keywords\":[\"autarquias\",\"calamidade p\u00fablica\",\"desvio de fundos\",\"governo\",\"infraestrutura\",\"Lisboa\"],\"articleSection\":[\"Not\u00edcias\",\"Pol\u00edtica\"],\"inLanguage\":\"pt-PT\"},{\"@type\":\"WebPage\",\"@id\":\"https:\/\/portaltela.pt\/noticias\/2026\/02\/12\/presidente-preve-tarefa-ardua-na-recuperacao-apos-desvio-de-fundos-europeus\/\",\"url\":\"https:\/\/portaltela.pt\/noticias\/2026\/02\/12\/presidente-preve-tarefa-ardua-na-recuperacao-apos-desvio-de-fundos-europeus\/\",\"name\":\"Presidente prev\u00ea tarefa \u00e1rdua na recupera\u00e7\u00e3o ap\u00f3s desvio de fundos europeus - Portal Tela Portugal\",\"isPartOf\":{\"@id\":\"https:\/\/portaltela.pt\/#website\"},\"primaryImageOfPage\":{\"@id\":\"https:\/\/portaltela.pt\/noticias\/2026\/02\/12\/presidente-preve-tarefa-ardua-na-recuperacao-apos-desvio-de-fundos-europeus\/#primaryimage\"},\"image\":{\"@id\":\"https:\/\/portaltela.pt\/noticias\/2026\/02\/12\/presidente-preve-tarefa-ardua-na-recuperacao-apos-desvio-de-fundos-europeus\/#primaryimage\"},\"thumbnailUrl\":\"https:\/\/portaltela.pt\/s.01k8rhncp4jt1\/2026\/02\/img_1500x1000uu2025-12-07-09-47-32-2252998-8.jpg\",\"datePublished\":\"2026-02-12T22:05:56+00:00\",\"author\":{\"@id\":\"https:\/\/portaltela.pt\/#\/schema\/person\/c4278d4a6028830caff9ee44b42d32ed\"},\"breadcrumb\":{\"@id\":\"https:\/\/portaltela.pt\/noticias\/2026\/02\/12\/presidente-preve-tarefa-ardua-na-recuperacao-apos-desvio-de-fundos-europeus\/#breadcrumb\"},\"inLanguage\":\"pt-PT\",\"potentialAction\":[{\"@type\":\"ReadAction\",\"target\":[\"https:\/\/portaltela.pt\/noticias\/2026\/02\/12\/presidente-preve-tarefa-ardua-na-recuperacao-apos-desvio-de-fundos-europeus\/\"]}]},{\"@type\":\"ImageObject\",\"inLanguage\":\"pt-PT\",\"@id\":\"https:\/\/portaltela.pt\/noticias\/2026\/02\/12\/presidente-preve-tarefa-ardua-na-recuperacao-apos-desvio-de-fundos-europeus\/#primaryimage\",\"url\":\"https:\/\/portaltela.pt\/s.01k8rhncp4jt1\/2026\/02\/img_1500x1000uu2025-12-07-09-47-32-2252998-8.jpg\",\"contentUrl\":\"https:\/\/portaltela.pt\/s.01k8rhncp4jt1\/2026\/02\/img_1500x1000uu2025-12-07-09-47-32-2252998-8.jpg\",\"width\":796,\"height\":448,\"caption\":\"Marcelo Rebelo de Sousa\"},{\"@type\":\"BreadcrumbList\",\"@id\":\"https:\/\/portaltela.pt\/noticias\/2026\/02\/12\/presidente-preve-tarefa-ardua-na-recuperacao-apos-desvio-de-fundos-europeus\/#breadcrumb\",\"itemListElement\":[{\"@type\":\"ListItem\",\"position\":1,\"name\":\"In\u00edcio\",\"item\":\"https:\/\/portaltela.pt\/\"},{\"@type\":\"ListItem\",\"position\":2,\"name\":\"Presidente prev\u00ea tarefa \u00e1rdua na recupera\u00e7\u00e3o ap\u00f3s desvio de fundos europeus\"}]},{\"@type\":\"WebSite\",\"@id\":\"https:\/\/portaltela.pt\/#website\",\"url\":\"https:\/\/portaltela.pt\/\",\"name\":\"Portal Tela Portugal\",\"description\":\"\",\"potentialAction\":[{\"@type\":\"SearchAction\",\"target\":{\"@type\":\"EntryPoint\",\"urlTemplate\":\"https:\/\/portaltela.pt\/?s={search_term_string}\"},\"query-input\":{\"@type\":\"PropertyValueSpecification\",\"valueRequired\":true,\"valueName\":\"search_term_string\"}}],\"inLanguage\":\"pt-PT\"},{\"@type\":\"Person\",\"@id\":\"https:\/\/portaltela.pt\/#\/schema\/person\/c4278d4a6028830caff9ee44b42d32ed\",\"name\":\"Telinha\",\"image\":{\"@type\":\"ImageObject\",\"inLanguage\":\"pt-PT\",\"@id\":\"https:\/\/portaltela.pt\/s.01k8rhncp4jt1\/2025\/11\/talking-bot-125x125.png\",\"url\":\"https:\/\/portaltela.pt\/s.01k8rhncp4jt1\/2025\/11\/talking-bot-125x125.png\",\"contentUrl\":\"https:\/\/portaltela.pt\/s.01k8rhncp4jt1\/2025\/11\/talking-bot-125x125.png\",\"caption\":\"Telinha\"},\"sameAs\":[\"https:\/\/portaltela.pt\/\"],\"url\":\"https:\/\/portaltela.pt\/por\/367410592786\/\"}]}<\/script>\n<!-- \/ Yoast SEO plugin. -->","yoast_head_json":{"title":"Presidente prev\u00ea tarefa \u00e1rdua na recupera\u00e7\u00e3o ap\u00f3s desvio de fundos europeus - Portal Tela Portugal","robots":{"index":"index","follow":"follow","max-snippet":"max-snippet:-1","max-image-preview":"max-image-preview:large","max-video-preview":"max-video-preview:-1"},"og_locale":"pt_PT","og_type":"article","og_title":"Presidente prev\u00ea tarefa \u00e1rdua na recupera\u00e7\u00e3o ap\u00f3s desvio de fundos europeus - Portal Tela Portugal","og_description":"O Presidente da Rep\u00fablica, Marcelo Rebelo de Sousa, antecipa que a recupera\u00e7\u00e3o das tempestades ser\u00e1 longa, com custos superiores ao esperado e desvio de fundos europeus para reconstru\u00e7\u00e3o. Atinge infraestruturas importantes, como a A1, e o regresso \u00e0 normalidade deve ser enfrentado sem alarmismo nem facilita\u00e7\u00e3o, mantendo o foco em dinheiro e tempo. Munic\u00edpios sem capacidade financeira para enfrentar as consequ\u00eancias, com o Estado a refazer c\u00e1lculos dos montantes necess\u00e1rios; tamb\u00e9m h\u00e1 desvio de fundos europeus para apoiar a reconstru\u00e7\u00e3o. Sobre o Plano de Recupera\u00e7\u00e3o e Resili\u00eancia exclusivamente portugu\u00eas (PTRR), o Governo pediu contribui\u00e7\u00f5es dos minist\u00e9rios para um programa que cubra tudo, com coordena\u00e7\u00e3o do Governo e da Presid\u00eancia do Conselho de Ministros. O chefe de Estado pretende regressar ao terreno no fim de semana para avaliar prioridades, destacando a import\u00e2ncia de an\u00e1lises t\u00e9cnicas r\u00e1pidas por especialistas, como o Laborat\u00f3rio Nacional de Engenharia Civil (LNEC).","og_url":"https:\/\/portaltela.pt\/noticias\/2026\/02\/12\/presidente-preve-tarefa-ardua-na-recuperacao-apos-desvio-de-fundos-europeus\/","og_site_name":"Portal Tela Portugal","article_published_time":"2026-02-12T22:05:56+00:00","author":"Telinha","twitter_card":"summary_large_image","twitter_misc":{"Escrito por":"Telinha","Tempo estimado de leitura":"2 minutos"},"schema":{"@context":"https:\/\/schema.org","@graph":[{"@type":"Article","@id":"https:\/\/portaltela.pt\/noticias\/2026\/02\/12\/presidente-preve-tarefa-ardua-na-recuperacao-apos-desvio-de-fundos-europeus\/#article","isPartOf":{"@id":"https:\/\/portaltela.pt\/noticias\/2026\/02\/12\/presidente-preve-tarefa-ardua-na-recuperacao-apos-desvio-de-fundos-europeus\/"},"author":{"name":"Telinha","@id":"https:\/\/portaltela.pt\/#\/schema\/person\/c4278d4a6028830caff9ee44b42d32ed"},"headline":"Presidente prev\u00ea tarefa \u00e1rdua na recupera\u00e7\u00e3o ap\u00f3s desvio de fundos europeus","datePublished":"2026-02-12T22:05:56+00:00","mainEntityOfPage":{"@id":"https:\/\/portaltela.pt\/noticias\/2026\/02\/12\/presidente-preve-tarefa-ardua-na-recuperacao-apos-desvio-de-fundos-europeus\/"},"wordCount":365,"image":{"@id":"https:\/\/portaltela.pt\/noticias\/2026\/02\/12\/presidente-preve-tarefa-ardua-na-recuperacao-apos-desvio-de-fundos-europeus\/#primaryimage"},"thumbnailUrl":"https:\/\/portaltela.pt\/s.01k8rhncp4jt1\/2026\/02\/img_1500x1000uu2025-12-07-09-47-32-2252998-8.jpg","keywords":["autarquias","calamidade p\u00fablica","desvio de fundos","governo","infraestrutura","Lisboa"],"articleSection":["Not\u00edcias","Pol\u00edtica"],"inLanguage":"pt-PT"},{"@type":"WebPage","@id":"https:\/\/portaltela.pt\/noticias\/2026\/02\/12\/presidente-preve-tarefa-ardua-na-recuperacao-apos-desvio-de-fundos-europeus\/","url":"https:\/\/portaltela.pt\/noticias\/2026\/02\/12\/presidente-preve-tarefa-ardua-na-recuperacao-apos-desvio-de-fundos-europeus\/","name":"Presidente prev\u00ea tarefa \u00e1rdua na recupera\u00e7\u00e3o ap\u00f3s desvio de fundos europeus - Portal Tela Portugal","isPartOf":{"@id":"https:\/\/portaltela.pt\/#website"},"primaryImageOfPage":{"@id":"https:\/\/portaltela.pt\/noticias\/2026\/02\/12\/presidente-preve-tarefa-ardua-na-recuperacao-apos-desvio-de-fundos-europeus\/#primaryimage"},"image":{"@id":"https:\/\/portaltela.pt\/noticias\/2026\/02\/12\/presidente-preve-tarefa-ardua-na-recuperacao-apos-desvio-de-fundos-europeus\/#primaryimage"},"thumbnailUrl":"https:\/\/portaltela.pt\/s.01k8rhncp4jt1\/2026\/02\/img_1500x1000uu2025-12-07-09-47-32-2252998-8.jpg","datePublished":"2026-02-12T22:05:56+00:00","author":{"@id":"https:\/\/portaltela.pt\/#\/schema\/person\/c4278d4a6028830caff9ee44b42d32ed"},"breadcrumb":{"@id":"https:\/\/portaltela.pt\/noticias\/2026\/02\/12\/presidente-preve-tarefa-ardua-na-recuperacao-apos-desvio-de-fundos-europeus\/#breadcrumb"},"inLanguage":"pt-PT","potentialAction":[{"@type":"ReadAction","target":["https:\/\/portaltela.pt\/noticias\/2026\/02\/12\/presidente-preve-tarefa-ardua-na-recuperacao-apos-desvio-de-fundos-europeus\/"]}]},{"@type":"ImageObject","inLanguage":"pt-PT","@id":"https:\/\/portaltela.pt\/noticias\/2026\/02\/12\/presidente-preve-tarefa-ardua-na-recuperacao-apos-desvio-de-fundos-europeus\/#primaryimage","url":"https:\/\/portaltela.pt\/s.01k8rhncp4jt1\/2026\/02\/img_1500x1000uu2025-12-07-09-47-32-2252998-8.jpg","contentUrl":"https:\/\/portaltela.pt\/s.01k8rhncp4jt1\/2026\/02\/img_1500x1000uu2025-12-07-09-47-32-2252998-8.jpg","width":796,"height":448,"caption":"Marcelo Rebelo de Sousa"},{"@type":"BreadcrumbList","@id":"https:\/\/portaltela.pt\/noticias\/2026\/02\/12\/presidente-preve-tarefa-ardua-na-recuperacao-apos-desvio-de-fundos-europeus\/#breadcrumb","itemListElement":[{"@type":"ListItem","position":1,"name":"In\u00edcio","item":"https:\/\/portaltela.pt\/"},{"@type":"ListItem","position":2,"name":"Presidente prev\u00ea tarefa \u00e1rdua na recupera\u00e7\u00e3o ap\u00f3s desvio de fundos europeus"}]},{"@type":"WebSite","@id":"https:\/\/portaltela.pt\/#website","url":"https:\/\/portaltela.pt\/","name":"Portal Tela Portugal","description":"","potentialAction":[{"@type":"SearchAction","target":{"@type":"EntryPoint","urlTemplate":"https:\/\/portaltela.pt\/?s={search_term_string}"},"query-input":{"@type":"PropertyValueSpecification","valueRequired":true,"valueName":"search_term_string"}}],"inLanguage":"pt-PT"},{"@type":"Person","@id":"https:\/\/portaltela.pt\/#\/schema\/person\/c4278d4a6028830caff9ee44b42d32ed","name":"Telinha","image":{"@type":"ImageObject","inLanguage":"pt-PT","@id":"https:\/\/portaltela.pt\/s.01k8rhncp4jt1\/2025\/11\/talking-bot-125x125.png","url":"https:\/\/portaltela.pt\/s.01k8rhncp4jt1\/2025\/11\/talking-bot-125x125.png","contentUrl":"https:\/\/portaltela.pt\/s.01k8rhncp4jt1\/2025\/11\/talking-bot-125x125.png","caption":"Telinha"},"sameAs":["https:\/\/portaltela.pt\/"],"url":"https:\/\/portaltela.pt\/por\/367410592786\/"}]}},"_links":{"self":[{"href":"https:\/\/portaltela.pt\/api\/wp\/v2\/posts\/210160","targetHints":{"allow":["GET"]}}],"collection":[{"href":"https:\/\/portaltela.pt\/api\/wp\/v2\/posts"}],"about":[{"href":"https:\/\/portaltela.pt\/api\/wp\/v2\/types\/post"}],"author":[{"embeddable":true,"href":"https:\/\/portaltela.pt\/api\/wp\/v2\/users\/2"}],"replies":[{"embeddable":true,"href":"https:\/\/portaltela.pt\/api\/wp\/v2\/comments?post=210160"}],"version-history":[{"count":0,"href":"https:\/\/portaltela.pt\/api\/wp\/v2\/posts\/210160\/revisions"}],"wp:featuredmedia":[{"embeddable":true,"href":"https:\/\/portaltela.pt\/api\/wp\/v2\/media\/210162"}],"wp:attachment":[{"href":"https:\/\/portaltela.pt\/api\/wp\/v2\/media?parent=210160"}],"wp:term":[{"taxonomy":"category","embeddable":true,"href":"https:\/\/portaltela.pt\/api\/wp\/v2\/categories?post=210160"},{"taxonomy":"post_tag","embeddable":true,"href":"https:\/\/portaltela.pt\/api\/wp\/v2\/tags?post=210160"}],"curies":[{"name":"wp","href":"https:\/\/api.w.org\/{rel}","templated":true}]}}