{"id":210157,"date":"2026-02-12T19:05:37","date_gmt":"2026-02-12T22:05:37","guid":{"rendered":"https:\/\/portaltela.pt\/noticias\/2026\/02\/12\/pedras-assume-o-comando-tecnico-do-boavista-sad\/"},"modified":"2026-02-12T19:05:37","modified_gmt":"2026-02-12T22:05:37","slug":"pedras-assume-o-comando-tecnico-do-boavista-sad","status":"publish","type":"post","link":"https:\/\/portaltela.pt\/desporto\/futebol\/2026\/02\/12\/pedras-assume-o-comando-tecnico-do-boavista-sad\/","title":{"rendered":"Pedras assume o comando t\u00e9cnico do Boavista SAD"},"content":{"rendered":"<p>Pedras assumiu o comando t\u00e9cnico da Boavista SAD, substituindo Jorge Couto. A mudan\u00e7a ocorreu numa fase sens\u00edvel da AF Porto, com a equipa a lutar pela manuten\u00e7\u00e3o. O t\u00e9cnico j\u00e1 orientou o plantel na derrota de 2-1 frente ao Nogueirense.<\/p>\n<p>O antigo ponta-de-lan\u00e7a, com 45 anos, integra o desempenho do Boavista ap\u00f3s ter estado no banco de suplentes na derrota referida. Ele construiu a maior parte da forma\u00e7\u00e3o e carreira s\u00e9nior no Leix\u00f5es.<\/p>\n<p>Estando impedida de inscrever jogadores, a SAD tem utilizado atletas sub-19 na Liga Pro AF Porto, ocupando a \u00faltima posi\u00e7\u00e3o da classifica\u00e7\u00e3o e a 15 pontos de dist\u00e2ncia dos lugares de salva\u00e7\u00e3o. A situa\u00e7\u00e3o mant\u00e9m-se sob observa\u00e7\u00e3o.<\/p>\n<h3>Contexto atual da gest\u00e3o desportiva<\/h3>\n<p>Pedras encontra-se \u00e0 frente de uma equipa com dificuldades financeiras e desportivas, enfrentando uma reconstru\u00e7\u00e3o do plantel. A dire\u00e7\u00e3o pretende estabilizar o desempenho enquanto aguarda altera\u00e7\u00f5es administrativas.<\/p>\n","protected":false},"excerpt":{"rendered":"<ul>\n<li>Pedras passou a orientar tecnicamente a Boavista SAD, substituindo Jorge Couto, numa situa\u00e7\u00e3o muito delicada na AF Porto.<\/li>\n<li>O treinador de 45 anos j\u00e1 integrou o banco na derrota frente ao Nogueirense, por 2-1.<\/li>\n<li>Ex-jogador de ataque, Pedras formou grande parte da carreira no Leix\u00f5es e estava livre desde o fim da \u00e9poca transata.<\/li>\n<li>Antes disso, integrou a equipa B do Boavista durante duas temporadas e, em 2022\/23, conduziu o Coimbr\u00f5es \u00e0 fase de apuramento de campe\u00e3o da AF Porto.<\/li>\n<li>A SAD do Boavista n\u00e3o pode inscrever jogadores, mantendo-se com atletas sub-19 na Liga Pro da AF Porto, ocupando o \u00faltimo lugar a 15 pontos da linha de salva\u00e7\u00e3o.<\/li>\n<\/ul>\n","protected":false},"author":2,"featured_media":210159,"comment_status":"closed","ping_status":"closed","sticky":false,"template":"","format":"standard","meta":{"footnotes":""},"categories":[21,24],"tags":[4834,152,32,2415,2477],"class_list":["post-210157","post","type-post","status-publish","format-standard","has-post-thumbnail","hentry","category-desporto","category-futebol","tag-af-porto","tag-desporto","tag-futebol","tag-gestao","tag-treinadores"],"yoast_head":"<!-- This site is optimized with the Yoast SEO plugin v27.2 - https:\/\/yoast.com\/product\/yoast-seo-wordpress\/ -->\n<title>Pedras assume o comando t\u00e9cnico do Boavista SAD - Portal Tela Portugal<\/title>\n<meta name=\"robots\" content=\"index, follow, max-snippet:-1, max-image-preview:large, max-video-preview:-1\" \/>\n<meta property=\"og:locale\" content=\"pt_PT\" \/>\n<meta property=\"og:type\" content=\"article\" \/>\n<meta property=\"og:title\" content=\"Pedras assume o comando t\u00e9cnico do Boavista SAD - Portal Tela Portugal\" \/>\n<meta property=\"og:description\" content=\"Pedras passou a orientar tecnicamente a Boavista SAD, substituindo Jorge Couto, numa situa\u00e7\u00e3o muito delicada na AF Porto. O treinador de 45 anos j\u00e1 integrou o banco na derrota frente ao Nogueirense, por 2-1. Ex-jogador de ataque, Pedras formou grande parte da carreira no Leix\u00f5es e estava livre desde o fim da \u00e9poca transata. Antes disso, integrou a equipa B do Boavista durante duas temporadas e, em 2022\/23, conduziu o Coimbr\u00f5es \u00e0 fase de apuramento de campe\u00e3o da AF Porto. A SAD do Boavista n\u00e3o pode inscrever jogadores, mantendo-se com atletas sub-19 na Liga Pro da AF Porto, ocupando o \u00faltimo lugar a 15 pontos da linha de salva\u00e7\u00e3o.\" \/>\n<meta property=\"og:url\" content=\"https:\/\/portaltela.pt\/noticias\/2026\/02\/12\/pedras-assume-o-comando-tecnico-do-boavista-sad\/\" \/>\n<meta property=\"og:site_name\" content=\"Portal Tela Portugal\" \/>\n<meta property=\"article:published_time\" content=\"2026-02-12T22:05:37+00:00\" \/>\n<meta name=\"author\" content=\"Telinha\" \/>\n<meta name=\"twitter:card\" content=\"summary_large_image\" \/>\n<meta name=\"twitter:label1\" content=\"Escrito por\" \/>\n\t<meta name=\"twitter:data1\" content=\"Telinha\" \/>\n\t<meta name=\"twitter:label2\" content=\"Tempo estimado de leitura\" \/>\n\t<meta name=\"twitter:data2\" content=\"1 minuto\" \/>\n<script type=\"application\/ld+json\" class=\"yoast-schema-graph\">{\"@context\":\"https:\/\/schema.org\",\"@graph\":[{\"@type\":\"Article\",\"@id\":\"https:\/\/portaltela.pt\/noticias\/2026\/02\/12\/pedras-assume-o-comando-tecnico-do-boavista-sad\/#article\",\"isPartOf\":{\"@id\":\"https:\/\/portaltela.pt\/noticias\/2026\/02\/12\/pedras-assume-o-comando-tecnico-do-boavista-sad\/\"},\"author\":{\"name\":\"Telinha\",\"@id\":\"https:\/\/portaltela.pt\/#\/schema\/person\/c4278d4a6028830caff9ee44b42d32ed\"},\"headline\":\"Pedras assume o comando t\u00e9cnico do Boavista SAD\",\"datePublished\":\"2026-02-12T22:05:37+00:00\",\"mainEntityOfPage\":{\"@id\":\"https:\/\/portaltela.pt\/noticias\/2026\/02\/12\/pedras-assume-o-comando-tecnico-do-boavista-sad\/\"},\"wordCount\":169,\"image\":{\"@id\":\"https:\/\/portaltela.pt\/noticias\/2026\/02\/12\/pedras-assume-o-comando-tecnico-do-boavista-sad\/#primaryimage\"},\"thumbnailUrl\":\"https:\/\/portaltela.pt\/s.01k8rhncp4jt1\/2026\/02\/img_920x518uu2026-02-12-22-02-52-2421243-im-639065307233199642.jpg\",\"keywords\":[\"AF Porto\",\"desporto\",\"futebol\",\"gest\u00e3o\",\"treinadores\"],\"articleSection\":[\"Desporto\",\"Futebol\"],\"inLanguage\":\"pt-PT\"},{\"@type\":\"WebPage\",\"@id\":\"https:\/\/portaltela.pt\/noticias\/2026\/02\/12\/pedras-assume-o-comando-tecnico-do-boavista-sad\/\",\"url\":\"https:\/\/portaltela.pt\/noticias\/2026\/02\/12\/pedras-assume-o-comando-tecnico-do-boavista-sad\/\",\"name\":\"Pedras assume o comando t\u00e9cnico do Boavista SAD - Portal Tela Portugal\",\"isPartOf\":{\"@id\":\"https:\/\/portaltela.pt\/#website\"},\"primaryImageOfPage\":{\"@id\":\"https:\/\/portaltela.pt\/noticias\/2026\/02\/12\/pedras-assume-o-comando-tecnico-do-boavista-sad\/#primaryimage\"},\"image\":{\"@id\":\"https:\/\/portaltela.pt\/noticias\/2026\/02\/12\/pedras-assume-o-comando-tecnico-do-boavista-sad\/#primaryimage\"},\"thumbnailUrl\":\"https:\/\/portaltela.pt\/s.01k8rhncp4jt1\/2026\/02\/img_920x518uu2026-02-12-22-02-52-2421243-im-639065307233199642.jpg\",\"datePublished\":\"2026-02-12T22:05:37+00:00\",\"author\":{\"@id\":\"https:\/\/portaltela.pt\/#\/schema\/person\/c4278d4a6028830caff9ee44b42d32ed\"},\"breadcrumb\":{\"@id\":\"https:\/\/portaltela.pt\/noticias\/2026\/02\/12\/pedras-assume-o-comando-tecnico-do-boavista-sad\/#breadcrumb\"},\"inLanguage\":\"pt-PT\",\"potentialAction\":[{\"@type\":\"ReadAction\",\"target\":[\"https:\/\/portaltela.pt\/noticias\/2026\/02\/12\/pedras-assume-o-comando-tecnico-do-boavista-sad\/\"]}]},{\"@type\":\"ImageObject\",\"inLanguage\":\"pt-PT\",\"@id\":\"https:\/\/portaltela.pt\/noticias\/2026\/02\/12\/pedras-assume-o-comando-tecnico-do-boavista-sad\/#primaryimage\",\"url\":\"https:\/\/portaltela.pt\/s.01k8rhncp4jt1\/2026\/02\/img_920x518uu2026-02-12-22-02-52-2421243-im-639065307233199642.jpg\",\"contentUrl\":\"https:\/\/portaltela.pt\/s.01k8rhncp4jt1\/2026\/02\/img_920x518uu2026-02-12-22-02-52-2421243-im-639065307233199642.jpg\",\"width\":796,\"height\":448,\"caption\":\"Pedras orientou anteriormente o Leix\u00f5es B\"},{\"@type\":\"BreadcrumbList\",\"@id\":\"https:\/\/portaltela.pt\/noticias\/2026\/02\/12\/pedras-assume-o-comando-tecnico-do-boavista-sad\/#breadcrumb\",\"itemListElement\":[{\"@type\":\"ListItem\",\"position\":1,\"name\":\"In\u00edcio\",\"item\":\"https:\/\/portaltela.pt\/\"},{\"@type\":\"ListItem\",\"position\":2,\"name\":\"Pedras assume o comando t\u00e9cnico do Boavista SAD\"}]},{\"@type\":\"WebSite\",\"@id\":\"https:\/\/portaltela.pt\/#website\",\"url\":\"https:\/\/portaltela.pt\/\",\"name\":\"Portal Tela Portugal\",\"description\":\"\",\"potentialAction\":[{\"@type\":\"SearchAction\",\"target\":{\"@type\":\"EntryPoint\",\"urlTemplate\":\"https:\/\/portaltela.pt\/?s={search_term_string}\"},\"query-input\":{\"@type\":\"PropertyValueSpecification\",\"valueRequired\":true,\"valueName\":\"search_term_string\"}}],\"inLanguage\":\"pt-PT\"},{\"@type\":\"Person\",\"@id\":\"https:\/\/portaltela.pt\/#\/schema\/person\/c4278d4a6028830caff9ee44b42d32ed\",\"name\":\"Telinha\",\"image\":{\"@type\":\"ImageObject\",\"inLanguage\":\"pt-PT\",\"@id\":\"https:\/\/portaltela.pt\/s.01k8rhncp4jt1\/2025\/11\/talking-bot-125x125.png\",\"url\":\"https:\/\/portaltela.pt\/s.01k8rhncp4jt1\/2025\/11\/talking-bot-125x125.png\",\"contentUrl\":\"https:\/\/portaltela.pt\/s.01k8rhncp4jt1\/2025\/11\/talking-bot-125x125.png\",\"caption\":\"Telinha\"},\"sameAs\":[\"https:\/\/portaltela.pt\/\"],\"url\":\"https:\/\/portaltela.pt\/por\/367410592786\/\"}]}<\/script>\n<!-- \/ Yoast SEO plugin. -->","yoast_head_json":{"title":"Pedras assume o comando t\u00e9cnico do Boavista SAD - Portal Tela Portugal","robots":{"index":"index","follow":"follow","max-snippet":"max-snippet:-1","max-image-preview":"max-image-preview:large","max-video-preview":"max-video-preview:-1"},"og_locale":"pt_PT","og_type":"article","og_title":"Pedras assume o comando t\u00e9cnico do Boavista SAD - Portal Tela Portugal","og_description":"Pedras passou a orientar tecnicamente a Boavista SAD, substituindo Jorge Couto, numa situa\u00e7\u00e3o muito delicada na AF Porto. O treinador de 45 anos j\u00e1 integrou o banco na derrota frente ao Nogueirense, por 2-1. Ex-jogador de ataque, Pedras formou grande parte da carreira no Leix\u00f5es e estava livre desde o fim da \u00e9poca transata. Antes disso, integrou a equipa B do Boavista durante duas temporadas e, em 2022\/23, conduziu o Coimbr\u00f5es \u00e0 fase de apuramento de campe\u00e3o da AF Porto. A SAD do Boavista n\u00e3o pode inscrever jogadores, mantendo-se com atletas sub-19 na Liga Pro da AF Porto, ocupando o \u00faltimo lugar a 15 pontos da linha de salva\u00e7\u00e3o.","og_url":"https:\/\/portaltela.pt\/noticias\/2026\/02\/12\/pedras-assume-o-comando-tecnico-do-boavista-sad\/","og_site_name":"Portal Tela Portugal","article_published_time":"2026-02-12T22:05:37+00:00","author":"Telinha","twitter_card":"summary_large_image","twitter_misc":{"Escrito por":"Telinha","Tempo estimado de leitura":"1 minuto"},"schema":{"@context":"https:\/\/schema.org","@graph":[{"@type":"Article","@id":"https:\/\/portaltela.pt\/noticias\/2026\/02\/12\/pedras-assume-o-comando-tecnico-do-boavista-sad\/#article","isPartOf":{"@id":"https:\/\/portaltela.pt\/noticias\/2026\/02\/12\/pedras-assume-o-comando-tecnico-do-boavista-sad\/"},"author":{"name":"Telinha","@id":"https:\/\/portaltela.pt\/#\/schema\/person\/c4278d4a6028830caff9ee44b42d32ed"},"headline":"Pedras assume o comando t\u00e9cnico do Boavista SAD","datePublished":"2026-02-12T22:05:37+00:00","mainEntityOfPage":{"@id":"https:\/\/portaltela.pt\/noticias\/2026\/02\/12\/pedras-assume-o-comando-tecnico-do-boavista-sad\/"},"wordCount":169,"image":{"@id":"https:\/\/portaltela.pt\/noticias\/2026\/02\/12\/pedras-assume-o-comando-tecnico-do-boavista-sad\/#primaryimage"},"thumbnailUrl":"https:\/\/portaltela.pt\/s.01k8rhncp4jt1\/2026\/02\/img_920x518uu2026-02-12-22-02-52-2421243-im-639065307233199642.jpg","keywords":["AF Porto","desporto","futebol","gest\u00e3o","treinadores"],"articleSection":["Desporto","Futebol"],"inLanguage":"pt-PT"},{"@type":"WebPage","@id":"https:\/\/portaltela.pt\/noticias\/2026\/02\/12\/pedras-assume-o-comando-tecnico-do-boavista-sad\/","url":"https:\/\/portaltela.pt\/noticias\/2026\/02\/12\/pedras-assume-o-comando-tecnico-do-boavista-sad\/","name":"Pedras assume o comando t\u00e9cnico do Boavista SAD - Portal Tela Portugal","isPartOf":{"@id":"https:\/\/portaltela.pt\/#website"},"primaryImageOfPage":{"@id":"https:\/\/portaltela.pt\/noticias\/2026\/02\/12\/pedras-assume-o-comando-tecnico-do-boavista-sad\/#primaryimage"},"image":{"@id":"https:\/\/portaltela.pt\/noticias\/2026\/02\/12\/pedras-assume-o-comando-tecnico-do-boavista-sad\/#primaryimage"},"thumbnailUrl":"https:\/\/portaltela.pt\/s.01k8rhncp4jt1\/2026\/02\/img_920x518uu2026-02-12-22-02-52-2421243-im-639065307233199642.jpg","datePublished":"2026-02-12T22:05:37+00:00","author":{"@id":"https:\/\/portaltela.pt\/#\/schema\/person\/c4278d4a6028830caff9ee44b42d32ed"},"breadcrumb":{"@id":"https:\/\/portaltela.pt\/noticias\/2026\/02\/12\/pedras-assume-o-comando-tecnico-do-boavista-sad\/#breadcrumb"},"inLanguage":"pt-PT","potentialAction":[{"@type":"ReadAction","target":["https:\/\/portaltela.pt\/noticias\/2026\/02\/12\/pedras-assume-o-comando-tecnico-do-boavista-sad\/"]}]},{"@type":"ImageObject","inLanguage":"pt-PT","@id":"https:\/\/portaltela.pt\/noticias\/2026\/02\/12\/pedras-assume-o-comando-tecnico-do-boavista-sad\/#primaryimage","url":"https:\/\/portaltela.pt\/s.01k8rhncp4jt1\/2026\/02\/img_920x518uu2026-02-12-22-02-52-2421243-im-639065307233199642.jpg","contentUrl":"https:\/\/portaltela.pt\/s.01k8rhncp4jt1\/2026\/02\/img_920x518uu2026-02-12-22-02-52-2421243-im-639065307233199642.jpg","width":796,"height":448,"caption":"Pedras orientou anteriormente o Leix\u00f5es B"},{"@type":"BreadcrumbList","@id":"https:\/\/portaltela.pt\/noticias\/2026\/02\/12\/pedras-assume-o-comando-tecnico-do-boavista-sad\/#breadcrumb","itemListElement":[{"@type":"ListItem","position":1,"name":"In\u00edcio","item":"https:\/\/portaltela.pt\/"},{"@type":"ListItem","position":2,"name":"Pedras assume o comando t\u00e9cnico do Boavista SAD"}]},{"@type":"WebSite","@id":"https:\/\/portaltela.pt\/#website","url":"https:\/\/portaltela.pt\/","name":"Portal Tela Portugal","description":"","potentialAction":[{"@type":"SearchAction","target":{"@type":"EntryPoint","urlTemplate":"https:\/\/portaltela.pt\/?s={search_term_string}"},"query-input":{"@type":"PropertyValueSpecification","valueRequired":true,"valueName":"search_term_string"}}],"inLanguage":"pt-PT"},{"@type":"Person","@id":"https:\/\/portaltela.pt\/#\/schema\/person\/c4278d4a6028830caff9ee44b42d32ed","name":"Telinha","image":{"@type":"ImageObject","inLanguage":"pt-PT","@id":"https:\/\/portaltela.pt\/s.01k8rhncp4jt1\/2025\/11\/talking-bot-125x125.png","url":"https:\/\/portaltela.pt\/s.01k8rhncp4jt1\/2025\/11\/talking-bot-125x125.png","contentUrl":"https:\/\/portaltela.pt\/s.01k8rhncp4jt1\/2025\/11\/talking-bot-125x125.png","caption":"Telinha"},"sameAs":["https:\/\/portaltela.pt\/"],"url":"https:\/\/portaltela.pt\/por\/367410592786\/"}]}},"_links":{"self":[{"href":"https:\/\/portaltela.pt\/api\/wp\/v2\/posts\/210157","targetHints":{"allow":["GET"]}}],"collection":[{"href":"https:\/\/portaltela.pt\/api\/wp\/v2\/posts"}],"about":[{"href":"https:\/\/portaltela.pt\/api\/wp\/v2\/types\/post"}],"author":[{"embeddable":true,"href":"https:\/\/portaltela.pt\/api\/wp\/v2\/users\/2"}],"replies":[{"embeddable":true,"href":"https:\/\/portaltela.pt\/api\/wp\/v2\/comments?post=210157"}],"version-history":[{"count":0,"href":"https:\/\/portaltela.pt\/api\/wp\/v2\/posts\/210157\/revisions"}],"wp:featuredmedia":[{"embeddable":true,"href":"https:\/\/portaltela.pt\/api\/wp\/v2\/media\/210159"}],"wp:attachment":[{"href":"https:\/\/portaltela.pt\/api\/wp\/v2\/media?parent=210157"}],"wp:term":[{"taxonomy":"category","embeddable":true,"href":"https:\/\/portaltela.pt\/api\/wp\/v2\/categories?post=210157"},{"taxonomy":"post_tag","embeddable":true,"href":"https:\/\/portaltela.pt\/api\/wp\/v2\/tags?post=210157"}],"curies":[{"name":"wp","href":"https:\/\/api.w.org\/{rel}","templated":true}]}}