{"id":210152,"date":"2026-02-12T19:14:35","date_gmt":"2026-02-12T22:14:35","guid":{"rendered":"https:\/\/portaltela.pt\/noticias\/2026\/02\/12\/tuchel-aposta-em-jude-bellingham-para-jogos-da-selecao-inglesa-em-marco\/"},"modified":"2026-02-12T19:14:35","modified_gmt":"2026-02-12T22:14:35","slug":"tuchel-aposta-em-jude-bellingham-para-jogos-da-selecao-inglesa-em-marco","status":"publish","type":"post","link":"https:\/\/portaltela.pt\/desporto\/futebol\/2026\/02\/12\/tuchel-aposta-em-jude-bellingham-para-jogos-da-selecao-inglesa-em-marco\/","title":{"rendered":"Tuchel aposta em Jude Bellingham para jogos da sele\u00e7\u00e3o inglesa em mar\u00e7o"},"content":{"rendered":"<p>O selecionador ingl\u00eas, Thomas Tuchel, mostrou-se optimista sobre a recupera\u00e7\u00e3o de Jude Bellingham, jogador do Real Madrid, para os jogos internacionais de mar\u00e7o. O treinador falou em recupera\u00e7\u00e3o em curso, apesar da d\u00favida para os encontros com o Benfica na Liga dos Campe\u00f5es.<\/p>\n<p>O Real Madrid enfrenta o Benfica na ter\u00e7a-feira, em Lisboa, no primeiro jogo do playoff para os oitavos de final. O clube n\u00e3o confirmou oficialmente a indisponibilidade do m\u00e9dio devido a uma les\u00e3o nos isquiotibiais.<\/p>\n<h3>Perspectiva de Marcha(a) da Inglaterra<\/h3>\n<p>A Inglaterra prepara encontros particulares com o Uruguai (27 de mar\u00e7o) e o Jap\u00e3o (30 de mar\u00e7o). Bellingham tem estado presente nos \u00faltimos jogos da sele\u00e7\u00e3o, ap\u00f3s falhar as convocat\u00f3rias anteriores por les\u00e3o no ombro.<\/p>\n<p>Tuchel acrescentou que o tempo de recupera\u00e7\u00e3o \u00e9 incerto, mas o jogador est\u00e1 a trabalhar para estar dispon\u00edvel em mar\u00e7o. O t\u00e9cnico frisou que a orienta\u00e7\u00e3o do Real Madrid ser\u00e1 determinante para a decis\u00e3o final.<\/p>\n<h3>Outros ligados aos jogos da Champions<\/h3>\n<p>No Real Madrid, Rodrygo fica de fora dos jogos com o Benfica por suspens\u00e3o de dois jogos, ap\u00f3s incidentes com o \u00e1rbitro Davide Massa. Ra\u00fal Asencio foi expulso, mas apenas com um jogo de castigo.<\/p>\n","protected":false},"excerpt":{"rendered":"<ul>\n<li>Thomas Tuchel mostrou-se otimista quanto \u00e0 recupera\u00e7\u00e3o de Jude Bellingham para os jogos da Inglaterra em mar\u00e7o, embora permane\u00e7a em d\u00favida para o confronto com o Benfica.<\/li>\n<li>Bellingham sofreu uma les\u00e3o nos isquiotibiais frente ao Rayo Vallecano; o Real Madrid recebe o Benfica na ter\u00e7a-feira, na primeira m\u00e3o do playoff de acesso aos oitavos de final da Liga dos Campe\u00f5es.<\/li>\n<li>A Inglaterra vai disputar dois amistosos em mar\u00e7o: frente ao Uruguai, a 27 de mar\u00e7o, e frente ao Jap\u00e3o, a 31 de mar\u00e7o.<\/li>\n<li>O Real Madrid tem o Benfica como advers\u00e1rio nessa altura da \u00e9poca, com o jogo no est\u00e1dio da Luz a ocorrer no dia 25 de mar\u00e7o.<\/li>\n<li>Rodrygo est\u00e1 afastado por dois jogos, por suspens\u00e3o, no duelo com o Benfica; Ra\u00fal Asencio foi expulso e ter\u00e1 apenas um jogo de castigo.<\/li>\n<\/ul>\n","protected":false},"author":2,"featured_media":210154,"comment_status":"closed","ping_status":"closed","sticky":false,"template":"","format":"standard","meta":{"footnotes":""},"categories":[21,24],"tags":[1946,3577,4591,2967,2714,2057],"class_list":["post-210152","post","type-post","status-publish","format-standard","has-post-thumbnail","hentry","category-desporto","category-futebol","tag-benfica","tag-champions-league","tag-inglaterra","tag-jude-bellingham","tag-real-madrid","tag-selecao-nacional"],"yoast_head":"<!-- This site is optimized with the Yoast SEO plugin v27.2 - https:\/\/yoast.com\/product\/yoast-seo-wordpress\/ -->\n<title>Tuchel aposta em Jude Bellingham para jogos da sele\u00e7\u00e3o inglesa em mar\u00e7o - Portal Tela Portugal<\/title>\n<meta name=\"robots\" content=\"index, follow, max-snippet:-1, max-image-preview:large, max-video-preview:-1\" \/>\n<meta property=\"og:locale\" content=\"pt_PT\" \/>\n<meta property=\"og:type\" content=\"article\" \/>\n<meta property=\"og:title\" content=\"Tuchel aposta em Jude Bellingham para jogos da sele\u00e7\u00e3o inglesa em mar\u00e7o - Portal Tela Portugal\" \/>\n<meta property=\"og:description\" content=\"Thomas Tuchel mostrou-se otimista quanto \u00e0 recupera\u00e7\u00e3o de Jude Bellingham para os jogos da Inglaterra em mar\u00e7o, embora permane\u00e7a em d\u00favida para o confronto com o Benfica. Bellingham sofreu uma les\u00e3o nos isquiotibiais frente ao Rayo Vallecano; o Real Madrid recebe o Benfica na ter\u00e7a-feira, na primeira m\u00e3o do playoff de acesso aos oitavos de final da Liga dos Campe\u00f5es. A Inglaterra vai disputar dois amistosos em mar\u00e7o: frente ao Uruguai, a 27 de mar\u00e7o, e frente ao Jap\u00e3o, a 31 de mar\u00e7o. O Real Madrid tem o Benfica como advers\u00e1rio nessa altura da \u00e9poca, com o jogo no est\u00e1dio da Luz a ocorrer no dia 25 de mar\u00e7o. Rodrygo est\u00e1 afastado por dois jogos, por suspens\u00e3o, no duelo com o Benfica; Ra\u00fal Asencio foi expulso e ter\u00e1 apenas um jogo de castigo.\" \/>\n<meta property=\"og:url\" content=\"https:\/\/portaltela.pt\/noticias\/2026\/02\/12\/tuchel-aposta-em-jude-bellingham-para-jogos-da-selecao-inglesa-em-marco\/\" \/>\n<meta property=\"og:site_name\" content=\"Portal Tela Portugal\" \/>\n<meta property=\"article:published_time\" content=\"2026-02-12T22:14:35+00:00\" \/>\n<meta name=\"author\" content=\"Telinha\" \/>\n<meta name=\"twitter:card\" content=\"summary_large_image\" \/>\n<meta name=\"twitter:label1\" content=\"Escrito por\" \/>\n\t<meta name=\"twitter:data1\" content=\"Telinha\" \/>\n\t<meta name=\"twitter:label2\" content=\"Tempo estimado de leitura\" \/>\n\t<meta name=\"twitter:data2\" content=\"1 minuto\" \/>\n<script type=\"application\/ld+json\" class=\"yoast-schema-graph\">{\"@context\":\"https:\/\/schema.org\",\"@graph\":[{\"@type\":\"Article\",\"@id\":\"https:\/\/portaltela.pt\/noticias\/2026\/02\/12\/tuchel-aposta-em-jude-bellingham-para-jogos-da-selecao-inglesa-em-marco\/#article\",\"isPartOf\":{\"@id\":\"https:\/\/portaltela.pt\/noticias\/2026\/02\/12\/tuchel-aposta-em-jude-bellingham-para-jogos-da-selecao-inglesa-em-marco\/\"},\"author\":{\"name\":\"Telinha\",\"@id\":\"https:\/\/portaltela.pt\/#\/schema\/person\/c4278d4a6028830caff9ee44b42d32ed\"},\"headline\":\"Tuchel aposta em Jude Bellingham para jogos da sele\u00e7\u00e3o inglesa em mar\u00e7o\",\"datePublished\":\"2026-02-12T22:14:35+00:00\",\"mainEntityOfPage\":{\"@id\":\"https:\/\/portaltela.pt\/noticias\/2026\/02\/12\/tuchel-aposta-em-jude-bellingham-para-jogos-da-selecao-inglesa-em-marco\/\"},\"wordCount\":232,\"image\":{\"@id\":\"https:\/\/portaltela.pt\/noticias\/2026\/02\/12\/tuchel-aposta-em-jude-bellingham-para-jogos-da-selecao-inglesa-em-marco\/#primaryimage\"},\"thumbnailUrl\":\"https:\/\/portaltela.pt\/s.01k8rhncp4jt1\/2026\/02\/img_920x518uu2026-02-12-22-14-22-2421246.jpg\",\"keywords\":[\"Benfica\",\"Champions League\",\"Inglaterra\",\"Jude Bellingham\",\"Real Madrid\",\"Sele\u00e7\u00e3o Nacional\"],\"articleSection\":[\"Desporto\",\"Futebol\"],\"inLanguage\":\"pt-PT\"},{\"@type\":\"WebPage\",\"@id\":\"https:\/\/portaltela.pt\/noticias\/2026\/02\/12\/tuchel-aposta-em-jude-bellingham-para-jogos-da-selecao-inglesa-em-marco\/\",\"url\":\"https:\/\/portaltela.pt\/noticias\/2026\/02\/12\/tuchel-aposta-em-jude-bellingham-para-jogos-da-selecao-inglesa-em-marco\/\",\"name\":\"Tuchel aposta em Jude Bellingham para jogos da sele\u00e7\u00e3o inglesa em mar\u00e7o - Portal Tela Portugal\",\"isPartOf\":{\"@id\":\"https:\/\/portaltela.pt\/#website\"},\"primaryImageOfPage\":{\"@id\":\"https:\/\/portaltela.pt\/noticias\/2026\/02\/12\/tuchel-aposta-em-jude-bellingham-para-jogos-da-selecao-inglesa-em-marco\/#primaryimage\"},\"image\":{\"@id\":\"https:\/\/portaltela.pt\/noticias\/2026\/02\/12\/tuchel-aposta-em-jude-bellingham-para-jogos-da-selecao-inglesa-em-marco\/#primaryimage\"},\"thumbnailUrl\":\"https:\/\/portaltela.pt\/s.01k8rhncp4jt1\/2026\/02\/img_920x518uu2026-02-12-22-14-22-2421246.jpg\",\"datePublished\":\"2026-02-12T22:14:35+00:00\",\"author\":{\"@id\":\"https:\/\/portaltela.pt\/#\/schema\/person\/c4278d4a6028830caff9ee44b42d32ed\"},\"breadcrumb\":{\"@id\":\"https:\/\/portaltela.pt\/noticias\/2026\/02\/12\/tuchel-aposta-em-jude-bellingham-para-jogos-da-selecao-inglesa-em-marco\/#breadcrumb\"},\"inLanguage\":\"pt-PT\",\"potentialAction\":[{\"@type\":\"ReadAction\",\"target\":[\"https:\/\/portaltela.pt\/noticias\/2026\/02\/12\/tuchel-aposta-em-jude-bellingham-para-jogos-da-selecao-inglesa-em-marco\/\"]}]},{\"@type\":\"ImageObject\",\"inLanguage\":\"pt-PT\",\"@id\":\"https:\/\/portaltela.pt\/noticias\/2026\/02\/12\/tuchel-aposta-em-jude-bellingham-para-jogos-da-selecao-inglesa-em-marco\/#primaryimage\",\"url\":\"https:\/\/portaltela.pt\/s.01k8rhncp4jt1\/2026\/02\/img_920x518uu2026-02-12-22-14-22-2421246.jpg\",\"contentUrl\":\"https:\/\/portaltela.pt\/s.01k8rhncp4jt1\/2026\/02\/img_920x518uu2026-02-12-22-14-22-2421246.jpg\",\"width\":796,\"height\":448,\"caption\":\"Bellingham lesionou-se frente ao Rayo Vallecano\"},{\"@type\":\"BreadcrumbList\",\"@id\":\"https:\/\/portaltela.pt\/noticias\/2026\/02\/12\/tuchel-aposta-em-jude-bellingham-para-jogos-da-selecao-inglesa-em-marco\/#breadcrumb\",\"itemListElement\":[{\"@type\":\"ListItem\",\"position\":1,\"name\":\"In\u00edcio\",\"item\":\"https:\/\/portaltela.pt\/\"},{\"@type\":\"ListItem\",\"position\":2,\"name\":\"Tuchel aposta em Jude Bellingham para jogos da sele\u00e7\u00e3o inglesa em mar\u00e7o\"}]},{\"@type\":\"WebSite\",\"@id\":\"https:\/\/portaltela.pt\/#website\",\"url\":\"https:\/\/portaltela.pt\/\",\"name\":\"Portal Tela Portugal\",\"description\":\"\",\"potentialAction\":[{\"@type\":\"SearchAction\",\"target\":{\"@type\":\"EntryPoint\",\"urlTemplate\":\"https:\/\/portaltela.pt\/?s={search_term_string}\"},\"query-input\":{\"@type\":\"PropertyValueSpecification\",\"valueRequired\":true,\"valueName\":\"search_term_string\"}}],\"inLanguage\":\"pt-PT\"},{\"@type\":\"Person\",\"@id\":\"https:\/\/portaltela.pt\/#\/schema\/person\/c4278d4a6028830caff9ee44b42d32ed\",\"name\":\"Telinha\",\"image\":{\"@type\":\"ImageObject\",\"inLanguage\":\"pt-PT\",\"@id\":\"https:\/\/portaltela.pt\/s.01k8rhncp4jt1\/2025\/11\/talking-bot-125x125.png\",\"url\":\"https:\/\/portaltela.pt\/s.01k8rhncp4jt1\/2025\/11\/talking-bot-125x125.png\",\"contentUrl\":\"https:\/\/portaltela.pt\/s.01k8rhncp4jt1\/2025\/11\/talking-bot-125x125.png\",\"caption\":\"Telinha\"},\"sameAs\":[\"https:\/\/portaltela.pt\/\"],\"url\":\"https:\/\/portaltela.pt\/por\/367410592786\/\"}]}<\/script>\n<!-- \/ Yoast SEO plugin. -->","yoast_head_json":{"title":"Tuchel aposta em Jude Bellingham para jogos da sele\u00e7\u00e3o inglesa em mar\u00e7o - Portal Tela Portugal","robots":{"index":"index","follow":"follow","max-snippet":"max-snippet:-1","max-image-preview":"max-image-preview:large","max-video-preview":"max-video-preview:-1"},"og_locale":"pt_PT","og_type":"article","og_title":"Tuchel aposta em Jude Bellingham para jogos da sele\u00e7\u00e3o inglesa em mar\u00e7o - Portal Tela Portugal","og_description":"Thomas Tuchel mostrou-se otimista quanto \u00e0 recupera\u00e7\u00e3o de Jude Bellingham para os jogos da Inglaterra em mar\u00e7o, embora permane\u00e7a em d\u00favida para o confronto com o Benfica. Bellingham sofreu uma les\u00e3o nos isquiotibiais frente ao Rayo Vallecano; o Real Madrid recebe o Benfica na ter\u00e7a-feira, na primeira m\u00e3o do playoff de acesso aos oitavos de final da Liga dos Campe\u00f5es. A Inglaterra vai disputar dois amistosos em mar\u00e7o: frente ao Uruguai, a 27 de mar\u00e7o, e frente ao Jap\u00e3o, a 31 de mar\u00e7o. O Real Madrid tem o Benfica como advers\u00e1rio nessa altura da \u00e9poca, com o jogo no est\u00e1dio da Luz a ocorrer no dia 25 de mar\u00e7o. Rodrygo est\u00e1 afastado por dois jogos, por suspens\u00e3o, no duelo com o Benfica; Ra\u00fal Asencio foi expulso e ter\u00e1 apenas um jogo de castigo.","og_url":"https:\/\/portaltela.pt\/noticias\/2026\/02\/12\/tuchel-aposta-em-jude-bellingham-para-jogos-da-selecao-inglesa-em-marco\/","og_site_name":"Portal Tela Portugal","article_published_time":"2026-02-12T22:14:35+00:00","author":"Telinha","twitter_card":"summary_large_image","twitter_misc":{"Escrito por":"Telinha","Tempo estimado de leitura":"1 minuto"},"schema":{"@context":"https:\/\/schema.org","@graph":[{"@type":"Article","@id":"https:\/\/portaltela.pt\/noticias\/2026\/02\/12\/tuchel-aposta-em-jude-bellingham-para-jogos-da-selecao-inglesa-em-marco\/#article","isPartOf":{"@id":"https:\/\/portaltela.pt\/noticias\/2026\/02\/12\/tuchel-aposta-em-jude-bellingham-para-jogos-da-selecao-inglesa-em-marco\/"},"author":{"name":"Telinha","@id":"https:\/\/portaltela.pt\/#\/schema\/person\/c4278d4a6028830caff9ee44b42d32ed"},"headline":"Tuchel aposta em Jude Bellingham para jogos da sele\u00e7\u00e3o inglesa em mar\u00e7o","datePublished":"2026-02-12T22:14:35+00:00","mainEntityOfPage":{"@id":"https:\/\/portaltela.pt\/noticias\/2026\/02\/12\/tuchel-aposta-em-jude-bellingham-para-jogos-da-selecao-inglesa-em-marco\/"},"wordCount":232,"image":{"@id":"https:\/\/portaltela.pt\/noticias\/2026\/02\/12\/tuchel-aposta-em-jude-bellingham-para-jogos-da-selecao-inglesa-em-marco\/#primaryimage"},"thumbnailUrl":"https:\/\/portaltela.pt\/s.01k8rhncp4jt1\/2026\/02\/img_920x518uu2026-02-12-22-14-22-2421246.jpg","keywords":["Benfica","Champions League","Inglaterra","Jude Bellingham","Real Madrid","Sele\u00e7\u00e3o Nacional"],"articleSection":["Desporto","Futebol"],"inLanguage":"pt-PT"},{"@type":"WebPage","@id":"https:\/\/portaltela.pt\/noticias\/2026\/02\/12\/tuchel-aposta-em-jude-bellingham-para-jogos-da-selecao-inglesa-em-marco\/","url":"https:\/\/portaltela.pt\/noticias\/2026\/02\/12\/tuchel-aposta-em-jude-bellingham-para-jogos-da-selecao-inglesa-em-marco\/","name":"Tuchel aposta em Jude Bellingham para jogos da sele\u00e7\u00e3o inglesa em mar\u00e7o - Portal Tela Portugal","isPartOf":{"@id":"https:\/\/portaltela.pt\/#website"},"primaryImageOfPage":{"@id":"https:\/\/portaltela.pt\/noticias\/2026\/02\/12\/tuchel-aposta-em-jude-bellingham-para-jogos-da-selecao-inglesa-em-marco\/#primaryimage"},"image":{"@id":"https:\/\/portaltela.pt\/noticias\/2026\/02\/12\/tuchel-aposta-em-jude-bellingham-para-jogos-da-selecao-inglesa-em-marco\/#primaryimage"},"thumbnailUrl":"https:\/\/portaltela.pt\/s.01k8rhncp4jt1\/2026\/02\/img_920x518uu2026-02-12-22-14-22-2421246.jpg","datePublished":"2026-02-12T22:14:35+00:00","author":{"@id":"https:\/\/portaltela.pt\/#\/schema\/person\/c4278d4a6028830caff9ee44b42d32ed"},"breadcrumb":{"@id":"https:\/\/portaltela.pt\/noticias\/2026\/02\/12\/tuchel-aposta-em-jude-bellingham-para-jogos-da-selecao-inglesa-em-marco\/#breadcrumb"},"inLanguage":"pt-PT","potentialAction":[{"@type":"ReadAction","target":["https:\/\/portaltela.pt\/noticias\/2026\/02\/12\/tuchel-aposta-em-jude-bellingham-para-jogos-da-selecao-inglesa-em-marco\/"]}]},{"@type":"ImageObject","inLanguage":"pt-PT","@id":"https:\/\/portaltela.pt\/noticias\/2026\/02\/12\/tuchel-aposta-em-jude-bellingham-para-jogos-da-selecao-inglesa-em-marco\/#primaryimage","url":"https:\/\/portaltela.pt\/s.01k8rhncp4jt1\/2026\/02\/img_920x518uu2026-02-12-22-14-22-2421246.jpg","contentUrl":"https:\/\/portaltela.pt\/s.01k8rhncp4jt1\/2026\/02\/img_920x518uu2026-02-12-22-14-22-2421246.jpg","width":796,"height":448,"caption":"Bellingham lesionou-se frente ao Rayo Vallecano"},{"@type":"BreadcrumbList","@id":"https:\/\/portaltela.pt\/noticias\/2026\/02\/12\/tuchel-aposta-em-jude-bellingham-para-jogos-da-selecao-inglesa-em-marco\/#breadcrumb","itemListElement":[{"@type":"ListItem","position":1,"name":"In\u00edcio","item":"https:\/\/portaltela.pt\/"},{"@type":"ListItem","position":2,"name":"Tuchel aposta em Jude Bellingham para jogos da sele\u00e7\u00e3o inglesa em mar\u00e7o"}]},{"@type":"WebSite","@id":"https:\/\/portaltela.pt\/#website","url":"https:\/\/portaltela.pt\/","name":"Portal Tela Portugal","description":"","potentialAction":[{"@type":"SearchAction","target":{"@type":"EntryPoint","urlTemplate":"https:\/\/portaltela.pt\/?s={search_term_string}"},"query-input":{"@type":"PropertyValueSpecification","valueRequired":true,"valueName":"search_term_string"}}],"inLanguage":"pt-PT"},{"@type":"Person","@id":"https:\/\/portaltela.pt\/#\/schema\/person\/c4278d4a6028830caff9ee44b42d32ed","name":"Telinha","image":{"@type":"ImageObject","inLanguage":"pt-PT","@id":"https:\/\/portaltela.pt\/s.01k8rhncp4jt1\/2025\/11\/talking-bot-125x125.png","url":"https:\/\/portaltela.pt\/s.01k8rhncp4jt1\/2025\/11\/talking-bot-125x125.png","contentUrl":"https:\/\/portaltela.pt\/s.01k8rhncp4jt1\/2025\/11\/talking-bot-125x125.png","caption":"Telinha"},"sameAs":["https:\/\/portaltela.pt\/"],"url":"https:\/\/portaltela.pt\/por\/367410592786\/"}]}},"_links":{"self":[{"href":"https:\/\/portaltela.pt\/api\/wp\/v2\/posts\/210152","targetHints":{"allow":["GET"]}}],"collection":[{"href":"https:\/\/portaltela.pt\/api\/wp\/v2\/posts"}],"about":[{"href":"https:\/\/portaltela.pt\/api\/wp\/v2\/types\/post"}],"author":[{"embeddable":true,"href":"https:\/\/portaltela.pt\/api\/wp\/v2\/users\/2"}],"replies":[{"embeddable":true,"href":"https:\/\/portaltela.pt\/api\/wp\/v2\/comments?post=210152"}],"version-history":[{"count":0,"href":"https:\/\/portaltela.pt\/api\/wp\/v2\/posts\/210152\/revisions"}],"wp:featuredmedia":[{"embeddable":true,"href":"https:\/\/portaltela.pt\/api\/wp\/v2\/media\/210154"}],"wp:attachment":[{"href":"https:\/\/portaltela.pt\/api\/wp\/v2\/media?parent=210152"}],"wp:term":[{"taxonomy":"category","embeddable":true,"href":"https:\/\/portaltela.pt\/api\/wp\/v2\/categories?post=210152"},{"taxonomy":"post_tag","embeddable":true,"href":"https:\/\/portaltela.pt\/api\/wp\/v2\/tags?post=210152"}],"curies":[{"name":"wp","href":"https:\/\/api.w.org\/{rel}","templated":true}]}}