{"id":210118,"date":"2026-02-12T18:32:02","date_gmt":"2026-02-12T21:32:02","guid":{"rendered":"https:\/\/portaltela.pt\/noticias\/2026\/02\/12\/retailleau-anuncia-candidatura-as-presidenciais-de-2027-e-promete-referendos\/"},"modified":"2026-02-12T18:32:02","modified_gmt":"2026-02-12T21:32:02","slug":"retailleau-anuncia-candidatura-as-presidenciais-de-2027-e-promete-referendos","status":"publish","type":"post","link":"https:\/\/portaltela.pt\/noticias\/internacional\/2026\/02\/12\/retailleau-anuncia-candidatura-as-presidenciais-de-2027-e-promete-referendos\/","title":{"rendered":"Retailleau anuncia candidatura \u00e0s presidenciais de 2027 e promete referendos"},"content":{"rendered":"<p>Bruno Retailleau anunciou ontem, em direto no YouTube, a sua candidatura \u00e0 presid\u00eancia de Fran\u00e7a em 2027, pelo partido Les R\u00e9publicains (LR). Promete organizar referendos sobre imigra\u00e7\u00e3o e outras reformas, caso seja eleito. O antigo ministro do Interior afirma querer p\u00f4r ordem no pa\u00eds.<\/p>\n<p>No discurso, Retailleau apresentou-se como defensor da ordem p\u00fablica, da justi\u00e7a e do orgulho franc\u00eas. Afirmou que n\u00e3o atua movido pelo poder, mas pelo dever p\u00fablico, e que \u00e9 necess\u00e1rio enfrentar a desordem mundial protegendo os interesses nacionais.<\/p>\n<p>A campanha de Retailleau surge pouco antes das pr\u00f3ximas aut\u00e1rquicas de mar\u00e7o de 2026. O l\u00edder do LR tem mantido baixo o perfil desde a sua demiss\u00e3o, em outubro de 2025, mas agora retorna ao centro do debate p\u00fablico com propostas detalhadas.<\/p>\n<p>O pol\u00edtico voltou \u00e0 ribalta ap\u00f3s entrevistas ao Figaro e ao telejornal da TF1, onde exp\u00f4s o conjunto de propostas. Uma sondagem recente indica que Retailleau aparece como o candidato mais popular entre os apoiantes do seu campo.<\/p>\n<p>Entre as medidas, o candidato defende referendos para aprovar leis, come\u00e7ando por reduzir drasticamente a imigra\u00e7\u00e3o. Outros referendos visam reformar o sistema penal e reafirmar a lei nacional para proteger interesses estrat\u00e9gicos.<\/p>\n<p>Apesar da promessa de referendos, a Constitui\u00e7\u00e3o francesa pro\u00edbe vota\u00e7\u00f5es sobre imigra\u00e7\u00e3o e justi\u00e7a. Mesmo assim, Retailleau compromete-se a apresentar uma pol\u00edtica familiar ambiciosa e a reformar a educa\u00e7\u00e3o para reduzir desigualdades.<\/p>\n<p>Retailleau tornou-se senador em novembro de 2025, ap\u00f3s a sa\u00edda do governo. Aos 65 anos, destacou-se como ministro do Interior entre 2024 e 2025, sob tr\u00eas governos, marcando uma atua\u00e7\u00e3o firme em mat\u00e9ria migrat\u00f3ria.<\/p>\n<p>Durante esse mandato, a posi\u00e7\u00e3o frente \u00e0 imigra\u00e7\u00e3o gerou tens\u00f5es com a Arg\u00e9lia, ainda que a pol\u00edtica externa n\u00e3o esteja sob a sua al\u00e7ada. O epis\u00f3dio centrado na recusa de devolver cidad\u00e3os ao arquip\u00e9lago provocou cr\u00edticas internacionais.<\/p>\n<p>Quem mais poder\u00e1 entrar na corrida presidencial? Entre nomes j\u00e1 anunciados, edi\u00e7\u00f5es de autarquia e an\u00e1lise de cen\u00e1rios apontam para \u00c9douard Philippe, ex-primeiro-ministro, a muralha da direita com Gabriel Attal, Dominique de Villepin, Michel Barnier, Xavier Bertrand, G\u00e9rald Darmanin, David Lisnard e Laurent Wauquiez.<\/p>\n<p>No campo da extrema-direita, Marine Le Pen encontra-se sob an\u00e1lise por decis\u00e3o judicial prevista para julho, que pode inviabilizar a candidatura. Jordan Bardella surge como poss\u00edvel substituto, caso surja a inelegibilidade.<\/p>\n<p>\u00c9ric Zemmour, de Reconqu\u00eate, tamb\u00e9m \u00e9 apontado como candidato potencial, com resultados eleitorais pr\u00e9-2022 pr\u00f3ximos de 7%. \u00c0 esquerda, a panorama est\u00e1 dividido: a secret\u00e1ria-geral dos verdes confirmou a candidatura, Marine Tondelier, com outras possibilidades de prim\u00e1rias.<\/p>\n<p>Jean-Luc M\u00e9lenchon, da LFI, mant\u00e9m-se como figura aguardada no leque de candidatos \u00e0 esquerda, que continua fragmentado e em expectativa de alinhamentos at\u00e9 \u00e0s elei\u00e7\u00f5es de 2027. A situa\u00e7\u00e3o promete ser competitiva e bastante disputada.<\/p>\n","protected":false},"excerpt":{"rendered":"<ul>\n<li>Bruno Retailleau, presidente dos R\u00e9publicanos, anunciou no YouTube a candidatura \u00e0s presidenciais de 2027, prometendo realizar referendos sobre imigra\u00e7\u00e3o e outras reformas.<\/li>\n<li>Compromete\u2011se a reduzir drasticamente a imigra\u00e7\u00e3o e a usar referendos para aprovar novas leis, incluindo a reforma do sistema penal e a defesa do primado da lei nacional.<\/li>\n<li>Afirma ser \u201cpresidente da ordem p\u00fablica, da justi\u00e7a e do orgulho franc\u00eas\u201d, defendendo uma pol\u00edtica familiar audaciosa e uma reforma da educa\u00e7\u00e3o para combater desigualdades.<\/li>\n<li>Tem 65 anos, regressa \u00e0 vida p\u00fablica ap\u00f3s deixar o governo em outubro de 2025, tendo sido ministro do Interior entre 2024 e 2025.<\/li>\n<li>O an\u00fancio ocorre semanas antes das aut\u00e1rquicas de mar\u00e7o de 2026; a Constitui\u00e7\u00e3o francesa pro\u00edbe referendos sobre imigra\u00e7\u00e3o ou justi\u00e7a, o que pode influenciar a viabilidade das propostas.<\/li>\n<\/ul>\n","protected":false},"author":2,"featured_media":210119,"comment_status":"closed","ping_status":"closed","sticky":false,"template":"","format":"standard","meta":{"footnotes":""},"categories":[4,1],"tags":[68,1856,34,712,216,2832],"class_list":["post-210118","post","type-post","status-publish","format-standard","has-post-thumbnail","hentry","category-internacional","category-noticias","tag-eleicoes","tag-franca","tag-governo","tag-imigracao","tag-ordem-publica","tag-politica"],"yoast_head":"<!-- This site is optimized with the Yoast SEO plugin v27.2 - https:\/\/yoast.com\/product\/yoast-seo-wordpress\/ -->\n<title>Retailleau anuncia candidatura \u00e0s presidenciais de 2027 e promete referendos - Portal Tela Portugal<\/title>\n<meta name=\"robots\" content=\"index, follow, max-snippet:-1, max-image-preview:large, max-video-preview:-1\" \/>\n<meta property=\"og:locale\" content=\"pt_PT\" \/>\n<meta property=\"og:type\" content=\"article\" \/>\n<meta property=\"og:title\" content=\"Retailleau anuncia candidatura \u00e0s presidenciais de 2027 e promete referendos - Portal Tela Portugal\" \/>\n<meta property=\"og:description\" content=\"Bruno Retailleau, presidente dos R\u00e9publicanos, anunciou no YouTube a candidatura \u00e0s presidenciais de 2027, prometendo realizar referendos sobre imigra\u00e7\u00e3o e outras reformas. Compromete\u2011se a reduzir drasticamente a imigra\u00e7\u00e3o e a usar referendos para aprovar novas leis, incluindo a reforma do sistema penal e a defesa do primado da lei nacional. Afirma ser \u201cpresidente da ordem p\u00fablica, da justi\u00e7a e do orgulho franc\u00eas\u201d, defendendo uma pol\u00edtica familiar audaciosa e uma reforma da educa\u00e7\u00e3o para combater desigualdades. Tem 65 anos, regressa \u00e0 vida p\u00fablica ap\u00f3s deixar o governo em outubro de 2025, tendo sido ministro do Interior entre 2024 e 2025. O an\u00fancio ocorre semanas antes das aut\u00e1rquicas de mar\u00e7o de 2026; a Constitui\u00e7\u00e3o francesa pro\u00edbe referendos sobre imigra\u00e7\u00e3o ou justi\u00e7a, o que pode influenciar a viabilidade das propostas.\" \/>\n<meta property=\"og:url\" content=\"https:\/\/portaltela.pt\/noticias\/2026\/02\/12\/retailleau-anuncia-candidatura-as-presidenciais-de-2027-e-promete-referendos\/\" \/>\n<meta property=\"og:site_name\" content=\"Portal Tela Portugal\" \/>\n<meta property=\"article:published_time\" content=\"2026-02-12T21:32:02+00:00\" \/>\n<meta name=\"author\" content=\"Telinha\" \/>\n<meta name=\"twitter:card\" content=\"summary_large_image\" \/>\n<meta name=\"twitter:label1\" content=\"Escrito por\" \/>\n\t<meta name=\"twitter:data1\" content=\"Telinha\" \/>\n\t<meta name=\"twitter:label2\" content=\"Tempo estimado de leitura\" \/>\n\t<meta name=\"twitter:data2\" content=\"2 minutos\" \/>\n<script type=\"application\/ld+json\" class=\"yoast-schema-graph\">{\"@context\":\"https:\/\/schema.org\",\"@graph\":[{\"@type\":\"Article\",\"@id\":\"https:\/\/portaltela.pt\/noticias\/2026\/02\/12\/retailleau-anuncia-candidatura-as-presidenciais-de-2027-e-promete-referendos\/#article\",\"isPartOf\":{\"@id\":\"https:\/\/portaltela.pt\/noticias\/2026\/02\/12\/retailleau-anuncia-candidatura-as-presidenciais-de-2027-e-promete-referendos\/\"},\"author\":{\"name\":\"Telinha\",\"@id\":\"https:\/\/portaltela.pt\/#\/schema\/person\/c4278d4a6028830caff9ee44b42d32ed\"},\"headline\":\"Retailleau anuncia candidatura \u00e0s presidenciais de 2027 e promete referendos\",\"datePublished\":\"2026-02-12T21:32:02+00:00\",\"mainEntityOfPage\":{\"@id\":\"https:\/\/portaltela.pt\/noticias\/2026\/02\/12\/retailleau-anuncia-candidatura-as-presidenciais-de-2027-e-promete-referendos\/\"},\"wordCount\":502,\"image\":{\"@id\":\"https:\/\/portaltela.pt\/noticias\/2026\/02\/12\/retailleau-anuncia-candidatura-as-presidenciais-de-2027-e-promete-referendos\/#primaryimage\"},\"thumbnailUrl\":\"https:\/\/portaltela.pt\/s.01k8rhncp4jt1\/2026\/02\/1536x864_cmsv2_d56b1a74-f578-5f0a-8d5d-647adb69f54f-9649290.jpg\",\"keywords\":[\"elei\u00e7\u00f5es\",\"Fran\u00e7a\",\"governo\",\"imigra\u00e7\u00e3o\",\"ordem p\u00fablica\",\"pol\u00edtica\"],\"articleSection\":[\"Internacional\",\"Not\u00edcias\"],\"inLanguage\":\"pt-PT\"},{\"@type\":\"WebPage\",\"@id\":\"https:\/\/portaltela.pt\/noticias\/2026\/02\/12\/retailleau-anuncia-candidatura-as-presidenciais-de-2027-e-promete-referendos\/\",\"url\":\"https:\/\/portaltela.pt\/noticias\/2026\/02\/12\/retailleau-anuncia-candidatura-as-presidenciais-de-2027-e-promete-referendos\/\",\"name\":\"Retailleau anuncia candidatura \u00e0s presidenciais de 2027 e promete referendos - Portal Tela Portugal\",\"isPartOf\":{\"@id\":\"https:\/\/portaltela.pt\/#website\"},\"primaryImageOfPage\":{\"@id\":\"https:\/\/portaltela.pt\/noticias\/2026\/02\/12\/retailleau-anuncia-candidatura-as-presidenciais-de-2027-e-promete-referendos\/#primaryimage\"},\"image\":{\"@id\":\"https:\/\/portaltela.pt\/noticias\/2026\/02\/12\/retailleau-anuncia-candidatura-as-presidenciais-de-2027-e-promete-referendos\/#primaryimage\"},\"thumbnailUrl\":\"https:\/\/portaltela.pt\/s.01k8rhncp4jt1\/2026\/02\/1536x864_cmsv2_d56b1a74-f578-5f0a-8d5d-647adb69f54f-9649290.jpg\",\"datePublished\":\"2026-02-12T21:32:02+00:00\",\"author\":{\"@id\":\"https:\/\/portaltela.pt\/#\/schema\/person\/c4278d4a6028830caff9ee44b42d32ed\"},\"breadcrumb\":{\"@id\":\"https:\/\/portaltela.pt\/noticias\/2026\/02\/12\/retailleau-anuncia-candidatura-as-presidenciais-de-2027-e-promete-referendos\/#breadcrumb\"},\"inLanguage\":\"pt-PT\",\"potentialAction\":[{\"@type\":\"ReadAction\",\"target\":[\"https:\/\/portaltela.pt\/noticias\/2026\/02\/12\/retailleau-anuncia-candidatura-as-presidenciais-de-2027-e-promete-referendos\/\"]}]},{\"@type\":\"ImageObject\",\"inLanguage\":\"pt-PT\",\"@id\":\"https:\/\/portaltela.pt\/noticias\/2026\/02\/12\/retailleau-anuncia-candidatura-as-presidenciais-de-2027-e-promete-referendos\/#primaryimage\",\"url\":\"https:\/\/portaltela.pt\/s.01k8rhncp4jt1\/2026\/02\/1536x864_cmsv2_d56b1a74-f578-5f0a-8d5d-647adb69f54f-9649290.jpg\",\"contentUrl\":\"https:\/\/portaltela.pt\/s.01k8rhncp4jt1\/2026\/02\/1536x864_cmsv2_d56b1a74-f578-5f0a-8d5d-647adb69f54f-9649290.jpg\",\"width\":796,\"height\":448,\"caption\":\"Bruno Retailleau est\u00e1 a entrar na corrida ao Pal\u00e1cio do Eliseu.\"},{\"@type\":\"BreadcrumbList\",\"@id\":\"https:\/\/portaltela.pt\/noticias\/2026\/02\/12\/retailleau-anuncia-candidatura-as-presidenciais-de-2027-e-promete-referendos\/#breadcrumb\",\"itemListElement\":[{\"@type\":\"ListItem\",\"position\":1,\"name\":\"In\u00edcio\",\"item\":\"https:\/\/portaltela.pt\/\"},{\"@type\":\"ListItem\",\"position\":2,\"name\":\"Retailleau anuncia candidatura \u00e0s presidenciais de 2027 e promete referendos\"}]},{\"@type\":\"WebSite\",\"@id\":\"https:\/\/portaltela.pt\/#website\",\"url\":\"https:\/\/portaltela.pt\/\",\"name\":\"Portal Tela Portugal\",\"description\":\"\",\"potentialAction\":[{\"@type\":\"SearchAction\",\"target\":{\"@type\":\"EntryPoint\",\"urlTemplate\":\"https:\/\/portaltela.pt\/?s={search_term_string}\"},\"query-input\":{\"@type\":\"PropertyValueSpecification\",\"valueRequired\":true,\"valueName\":\"search_term_string\"}}],\"inLanguage\":\"pt-PT\"},{\"@type\":\"Person\",\"@id\":\"https:\/\/portaltela.pt\/#\/schema\/person\/c4278d4a6028830caff9ee44b42d32ed\",\"name\":\"Telinha\",\"image\":{\"@type\":\"ImageObject\",\"inLanguage\":\"pt-PT\",\"@id\":\"https:\/\/portaltela.pt\/s.01k8rhncp4jt1\/2025\/11\/talking-bot-125x125.png\",\"url\":\"https:\/\/portaltela.pt\/s.01k8rhncp4jt1\/2025\/11\/talking-bot-125x125.png\",\"contentUrl\":\"https:\/\/portaltela.pt\/s.01k8rhncp4jt1\/2025\/11\/talking-bot-125x125.png\",\"caption\":\"Telinha\"},\"sameAs\":[\"https:\/\/portaltela.pt\/\"],\"url\":\"https:\/\/portaltela.pt\/por\/367410592786\/\"}]}<\/script>\n<!-- \/ Yoast SEO plugin. -->","yoast_head_json":{"title":"Retailleau anuncia candidatura \u00e0s presidenciais de 2027 e promete referendos - Portal Tela Portugal","robots":{"index":"index","follow":"follow","max-snippet":"max-snippet:-1","max-image-preview":"max-image-preview:large","max-video-preview":"max-video-preview:-1"},"og_locale":"pt_PT","og_type":"article","og_title":"Retailleau anuncia candidatura \u00e0s presidenciais de 2027 e promete referendos - Portal Tela Portugal","og_description":"Bruno Retailleau, presidente dos R\u00e9publicanos, anunciou no YouTube a candidatura \u00e0s presidenciais de 2027, prometendo realizar referendos sobre imigra\u00e7\u00e3o e outras reformas. Compromete\u2011se a reduzir drasticamente a imigra\u00e7\u00e3o e a usar referendos para aprovar novas leis, incluindo a reforma do sistema penal e a defesa do primado da lei nacional. Afirma ser \u201cpresidente da ordem p\u00fablica, da justi\u00e7a e do orgulho franc\u00eas\u201d, defendendo uma pol\u00edtica familiar audaciosa e uma reforma da educa\u00e7\u00e3o para combater desigualdades. Tem 65 anos, regressa \u00e0 vida p\u00fablica ap\u00f3s deixar o governo em outubro de 2025, tendo sido ministro do Interior entre 2024 e 2025. O an\u00fancio ocorre semanas antes das aut\u00e1rquicas de mar\u00e7o de 2026; a Constitui\u00e7\u00e3o francesa pro\u00edbe referendos sobre imigra\u00e7\u00e3o ou justi\u00e7a, o que pode influenciar a viabilidade das propostas.","og_url":"https:\/\/portaltela.pt\/noticias\/2026\/02\/12\/retailleau-anuncia-candidatura-as-presidenciais-de-2027-e-promete-referendos\/","og_site_name":"Portal Tela Portugal","article_published_time":"2026-02-12T21:32:02+00:00","author":"Telinha","twitter_card":"summary_large_image","twitter_misc":{"Escrito por":"Telinha","Tempo estimado de leitura":"2 minutos"},"schema":{"@context":"https:\/\/schema.org","@graph":[{"@type":"Article","@id":"https:\/\/portaltela.pt\/noticias\/2026\/02\/12\/retailleau-anuncia-candidatura-as-presidenciais-de-2027-e-promete-referendos\/#article","isPartOf":{"@id":"https:\/\/portaltela.pt\/noticias\/2026\/02\/12\/retailleau-anuncia-candidatura-as-presidenciais-de-2027-e-promete-referendos\/"},"author":{"name":"Telinha","@id":"https:\/\/portaltela.pt\/#\/schema\/person\/c4278d4a6028830caff9ee44b42d32ed"},"headline":"Retailleau anuncia candidatura \u00e0s presidenciais de 2027 e promete referendos","datePublished":"2026-02-12T21:32:02+00:00","mainEntityOfPage":{"@id":"https:\/\/portaltela.pt\/noticias\/2026\/02\/12\/retailleau-anuncia-candidatura-as-presidenciais-de-2027-e-promete-referendos\/"},"wordCount":502,"image":{"@id":"https:\/\/portaltela.pt\/noticias\/2026\/02\/12\/retailleau-anuncia-candidatura-as-presidenciais-de-2027-e-promete-referendos\/#primaryimage"},"thumbnailUrl":"https:\/\/portaltela.pt\/s.01k8rhncp4jt1\/2026\/02\/1536x864_cmsv2_d56b1a74-f578-5f0a-8d5d-647adb69f54f-9649290.jpg","keywords":["elei\u00e7\u00f5es","Fran\u00e7a","governo","imigra\u00e7\u00e3o","ordem p\u00fablica","pol\u00edtica"],"articleSection":["Internacional","Not\u00edcias"],"inLanguage":"pt-PT"},{"@type":"WebPage","@id":"https:\/\/portaltela.pt\/noticias\/2026\/02\/12\/retailleau-anuncia-candidatura-as-presidenciais-de-2027-e-promete-referendos\/","url":"https:\/\/portaltela.pt\/noticias\/2026\/02\/12\/retailleau-anuncia-candidatura-as-presidenciais-de-2027-e-promete-referendos\/","name":"Retailleau anuncia candidatura \u00e0s presidenciais de 2027 e promete referendos - Portal Tela Portugal","isPartOf":{"@id":"https:\/\/portaltela.pt\/#website"},"primaryImageOfPage":{"@id":"https:\/\/portaltela.pt\/noticias\/2026\/02\/12\/retailleau-anuncia-candidatura-as-presidenciais-de-2027-e-promete-referendos\/#primaryimage"},"image":{"@id":"https:\/\/portaltela.pt\/noticias\/2026\/02\/12\/retailleau-anuncia-candidatura-as-presidenciais-de-2027-e-promete-referendos\/#primaryimage"},"thumbnailUrl":"https:\/\/portaltela.pt\/s.01k8rhncp4jt1\/2026\/02\/1536x864_cmsv2_d56b1a74-f578-5f0a-8d5d-647adb69f54f-9649290.jpg","datePublished":"2026-02-12T21:32:02+00:00","author":{"@id":"https:\/\/portaltela.pt\/#\/schema\/person\/c4278d4a6028830caff9ee44b42d32ed"},"breadcrumb":{"@id":"https:\/\/portaltela.pt\/noticias\/2026\/02\/12\/retailleau-anuncia-candidatura-as-presidenciais-de-2027-e-promete-referendos\/#breadcrumb"},"inLanguage":"pt-PT","potentialAction":[{"@type":"ReadAction","target":["https:\/\/portaltela.pt\/noticias\/2026\/02\/12\/retailleau-anuncia-candidatura-as-presidenciais-de-2027-e-promete-referendos\/"]}]},{"@type":"ImageObject","inLanguage":"pt-PT","@id":"https:\/\/portaltela.pt\/noticias\/2026\/02\/12\/retailleau-anuncia-candidatura-as-presidenciais-de-2027-e-promete-referendos\/#primaryimage","url":"https:\/\/portaltela.pt\/s.01k8rhncp4jt1\/2026\/02\/1536x864_cmsv2_d56b1a74-f578-5f0a-8d5d-647adb69f54f-9649290.jpg","contentUrl":"https:\/\/portaltela.pt\/s.01k8rhncp4jt1\/2026\/02\/1536x864_cmsv2_d56b1a74-f578-5f0a-8d5d-647adb69f54f-9649290.jpg","width":796,"height":448,"caption":"Bruno Retailleau est\u00e1 a entrar na corrida ao Pal\u00e1cio do Eliseu."},{"@type":"BreadcrumbList","@id":"https:\/\/portaltela.pt\/noticias\/2026\/02\/12\/retailleau-anuncia-candidatura-as-presidenciais-de-2027-e-promete-referendos\/#breadcrumb","itemListElement":[{"@type":"ListItem","position":1,"name":"In\u00edcio","item":"https:\/\/portaltela.pt\/"},{"@type":"ListItem","position":2,"name":"Retailleau anuncia candidatura \u00e0s presidenciais de 2027 e promete referendos"}]},{"@type":"WebSite","@id":"https:\/\/portaltela.pt\/#website","url":"https:\/\/portaltela.pt\/","name":"Portal Tela Portugal","description":"","potentialAction":[{"@type":"SearchAction","target":{"@type":"EntryPoint","urlTemplate":"https:\/\/portaltela.pt\/?s={search_term_string}"},"query-input":{"@type":"PropertyValueSpecification","valueRequired":true,"valueName":"search_term_string"}}],"inLanguage":"pt-PT"},{"@type":"Person","@id":"https:\/\/portaltela.pt\/#\/schema\/person\/c4278d4a6028830caff9ee44b42d32ed","name":"Telinha","image":{"@type":"ImageObject","inLanguage":"pt-PT","@id":"https:\/\/portaltela.pt\/s.01k8rhncp4jt1\/2025\/11\/talking-bot-125x125.png","url":"https:\/\/portaltela.pt\/s.01k8rhncp4jt1\/2025\/11\/talking-bot-125x125.png","contentUrl":"https:\/\/portaltela.pt\/s.01k8rhncp4jt1\/2025\/11\/talking-bot-125x125.png","caption":"Telinha"},"sameAs":["https:\/\/portaltela.pt\/"],"url":"https:\/\/portaltela.pt\/por\/367410592786\/"}]}},"_links":{"self":[{"href":"https:\/\/portaltela.pt\/api\/wp\/v2\/posts\/210118","targetHints":{"allow":["GET"]}}],"collection":[{"href":"https:\/\/portaltela.pt\/api\/wp\/v2\/posts"}],"about":[{"href":"https:\/\/portaltela.pt\/api\/wp\/v2\/types\/post"}],"author":[{"embeddable":true,"href":"https:\/\/portaltela.pt\/api\/wp\/v2\/users\/2"}],"replies":[{"embeddable":true,"href":"https:\/\/portaltela.pt\/api\/wp\/v2\/comments?post=210118"}],"version-history":[{"count":0,"href":"https:\/\/portaltela.pt\/api\/wp\/v2\/posts\/210118\/revisions"}],"wp:featuredmedia":[{"embeddable":true,"href":"https:\/\/portaltela.pt\/api\/wp\/v2\/media\/210119"}],"wp:attachment":[{"href":"https:\/\/portaltela.pt\/api\/wp\/v2\/media?parent=210118"}],"wp:term":[{"taxonomy":"category","embeddable":true,"href":"https:\/\/portaltela.pt\/api\/wp\/v2\/categories?post=210118"},{"taxonomy":"post_tag","embeddable":true,"href":"https:\/\/portaltela.pt\/api\/wp\/v2\/tags?post=210118"}],"curies":[{"name":"wp","href":"https:\/\/api.w.org\/{rel}","templated":true}]}}