{"id":210111,"date":"2026-02-12T18:20:00","date_gmt":"2026-02-12T21:20:00","guid":{"rendered":"https:\/\/portaltela.pt\/noticias\/2026\/02\/12\/mangala-explica-sucesso-de-ian-cathro-e-teimoso-no-bom-sentido\/"},"modified":"2026-02-12T18:20:00","modified_gmt":"2026-02-12T21:20:00","slug":"mangala-explica-sucesso-de-ian-cathro-e-teimoso-no-bom-sentido","status":"publish","type":"post","link":"https:\/\/portaltela.pt\/desporto\/futebol\/2026\/02\/12\/mangala-explica-sucesso-de-ian-cathro-e-teimoso-no-bom-sentido\/","title":{"rendered":"Mangala explica sucesso de Ian Cathro: \u00e9 teimoso, no bom sentido"},"content":{"rendered":"<p>Ian Cathro foi eleito o melhor treinador da 1.\u00aa Liga em janeiro, divulga\u00e7\u00e3o que chegou ap\u00f3s o Estoril passar a ter o reconhecimento nacional pelo seu desempenho. A dupla vit\u00f3ria e a gest\u00e3o do grupo contribu\u00edram para o pr\u00e9mio, anunciado pela organiza\u00e7\u00e3o da competi\u00e7\u00e3o.<\/p>\n<p>Mangala, antigo jogador orientado por Cathro no Estoril, explicou a Record o que distingue o t\u00e9cnico. Diz que a abordagem tem teimosia no bom sentido, caracter\u00edstica que, segundo o defesa, explica o sucesso recente. O foco recai sobre a forma de montar jogos com uma defesa organizada e um ataque eficiente.<\/p>\n<p>O t\u00e9cnico escoc\u00eas e o estilo que pretendeu no jogo foram descritos pela central que acompanhou o Estoril. O objetivo era um futebol arrojado, com margem de dom\u00ednio sem receio, apesar de a equipa ter mostrado algum receio em determinados momentos.<\/p>\n<h3>Reconhecimento para Cathro<\/h3>\n<p>A not\u00edcia refere ainda que Ferro voltou a marcar quase quatro anos depois, num momento que assinala a continuidade ofensiva do Estoril. O feito individual \u00e9 realce para a equipa, que soma resultados que sustentam o pr\u00e9mio ao treinador.<\/p>\n<p>Jo\u00e3o Carvalho foi distinguido como o melhor m\u00e9dio de janeiro da 1.\u00aa Liga, superando companheiros de equipa, Guitane, e Zalazar, do Sp. Braga. A elei\u00e7\u00e3o refor\u00e7a o impacto coletivo que o Estoril tem vindo a ver gerado ao longo da temporada.<\/p>\n<p>Jandro, m\u00e9dio formado no Barcelona, deve voltar ao onze diante do AVS SAD, segundo informa\u00e7\u00f5es associadas ao clube. O jogador tem sido pe\u00e7a-chave no meio-campo sob a orienta\u00e7\u00e3o de Cathro, contribuindo para o rendimento do grupo.<\/p>\n<h3>Desempenho e perspetivas<\/h3>\n<p>A imprensa destacou ainda a consist\u00eancia do Estoril sob a lideran\u00e7a de Cathro, com o conjunto a manter a press\u00e3o e a organiza\u00e7\u00e3o t\u00e1tica. O treinador de 39 anos continua a enfrentar desafios competitivos com uma filosofia de jogo arrojado e equil\u00edbrio defensivo.<\/p>\n","protected":false},"excerpt":{"rendered":"<ul>\n<li>Ian Cathro foi eleito o melhor treinador da I Liga em janeiro, \u00e0 frente de Farioli e Rui Borges.<\/li>\n<li>Mangala elogia Cathro, dizendo que \u00e9 teimoso \u2014 no bom sentido \u2014 e que o objetivo era um jogo \u201carrogante\u201d.<\/li>\n<li>A Estoril registou mais um pr\u00e9mio com Cathro, ap\u00f3s o reconhecimento de janeiro.<\/li>\n<li>Ferro marcou de novo quase quatro anos depois, numa das not\u00edcias associadas ao Estoril.<\/li>\n<li>Jo\u00e3o Carvalho foi eleito o melhor m\u00e9dio de janeiro na I Liga, superando Guitane e Zalazar.<\/li>\n<li>Jandro pode voltar ao onze para o jogo frente ao AVS SAD, mantendo-se como pe\u00e7a importante da equipa.<\/li>\n<\/ul>\n","protected":false},"author":2,"featured_media":210114,"comment_status":"closed","ping_status":"closed","sticky":false,"template":"","format":"standard","meta":{"footnotes":""},"categories":[21,24],"tags":[4143,152,999,32,242,280],"class_list":["post-210111","post","type-post","status-publish","format-standard","has-post-thumbnail","hentry","category-desporto","category-futebol","tag-1-liga","tag-desporto","tag-estoril","tag-futebol","tag-jogadores","tag-treinador-do-ano"],"yoast_head":"<!-- This site is optimized with the Yoast SEO plugin v27.2 - https:\/\/yoast.com\/product\/yoast-seo-wordpress\/ -->\n<title>Mangala explica sucesso de Ian Cathro: \u00e9 teimoso, no bom sentido - Portal Tela Portugal<\/title>\n<meta name=\"robots\" content=\"index, follow, max-snippet:-1, max-image-preview:large, max-video-preview:-1\" \/>\n<meta property=\"og:locale\" content=\"pt_PT\" \/>\n<meta property=\"og:type\" content=\"article\" \/>\n<meta property=\"og:title\" content=\"Mangala explica sucesso de Ian Cathro: \u00e9 teimoso, no bom sentido - Portal Tela Portugal\" \/>\n<meta property=\"og:description\" content=\"Ian Cathro foi eleito o melhor treinador da I Liga em janeiro, \u00e0 frente de Farioli e Rui Borges. Mangala elogia Cathro, dizendo que \u00e9 teimoso \u2014 no bom sentido \u2014 e que o objetivo era um jogo \u201carrogante\u201d. A Estoril registou mais um pr\u00e9mio com Cathro, ap\u00f3s o reconhecimento de janeiro. Ferro marcou de novo quase quatro anos depois, numa das not\u00edcias associadas ao Estoril. Jo\u00e3o Carvalho foi eleito o melhor m\u00e9dio de janeiro na I Liga, superando Guitane e Zalazar. Jandro pode voltar ao onze para o jogo frente ao AVS SAD, mantendo-se como pe\u00e7a importante da equipa.\" \/>\n<meta property=\"og:url\" content=\"https:\/\/portaltela.pt\/noticias\/2026\/02\/12\/mangala-explica-sucesso-de-ian-cathro-e-teimoso-no-bom-sentido\/\" \/>\n<meta property=\"og:site_name\" content=\"Portal Tela Portugal\" \/>\n<meta property=\"article:published_time\" content=\"2026-02-12T21:20:00+00:00\" \/>\n<meta name=\"author\" content=\"Telinha\" \/>\n<meta name=\"twitter:card\" content=\"summary_large_image\" \/>\n<meta name=\"twitter:label1\" content=\"Escrito por\" \/>\n\t<meta name=\"twitter:data1\" content=\"Telinha\" \/>\n\t<meta name=\"twitter:label2\" content=\"Tempo estimado de leitura\" \/>\n\t<meta name=\"twitter:data2\" content=\"2 minutos\" \/>\n<script type=\"application\/ld+json\" class=\"yoast-schema-graph\">{\"@context\":\"https:\/\/schema.org\",\"@graph\":[{\"@type\":\"Article\",\"@id\":\"https:\/\/portaltela.pt\/noticias\/2026\/02\/12\/mangala-explica-sucesso-de-ian-cathro-e-teimoso-no-bom-sentido\/#article\",\"isPartOf\":{\"@id\":\"https:\/\/portaltela.pt\/noticias\/2026\/02\/12\/mangala-explica-sucesso-de-ian-cathro-e-teimoso-no-bom-sentido\/\"},\"author\":{\"name\":\"Telinha\",\"@id\":\"https:\/\/portaltela.pt\/#\/schema\/person\/c4278d4a6028830caff9ee44b42d32ed\"},\"headline\":\"Mangala explica sucesso de Ian Cathro: \u00e9 teimoso, no bom sentido\",\"datePublished\":\"2026-02-12T21:20:00+00:00\",\"mainEntityOfPage\":{\"@id\":\"https:\/\/portaltela.pt\/noticias\/2026\/02\/12\/mangala-explica-sucesso-de-ian-cathro-e-teimoso-no-bom-sentido\/\"},\"wordCount\":336,\"image\":{\"@id\":\"https:\/\/portaltela.pt\/noticias\/2026\/02\/12\/mangala-explica-sucesso-de-ian-cathro-e-teimoso-no-bom-sentido\/#primaryimage\"},\"thumbnailUrl\":\"https:\/\/portaltela.pt\/s.01k8rhncp4jt1\/2026\/02\/img_920x518uu2026-02-12-21-22-57-2421235.jpg\",\"keywords\":[\"1. Liga\",\"desporto\",\"Estoril\",\"futebol\",\"jogadores\",\"Treinador do Ano\"],\"articleSection\":[\"Desporto\",\"Futebol\"],\"inLanguage\":\"pt-PT\"},{\"@type\":\"WebPage\",\"@id\":\"https:\/\/portaltela.pt\/noticias\/2026\/02\/12\/mangala-explica-sucesso-de-ian-cathro-e-teimoso-no-bom-sentido\/\",\"url\":\"https:\/\/portaltela.pt\/noticias\/2026\/02\/12\/mangala-explica-sucesso-de-ian-cathro-e-teimoso-no-bom-sentido\/\",\"name\":\"Mangala explica sucesso de Ian Cathro: \u00e9 teimoso, no bom sentido - Portal Tela Portugal\",\"isPartOf\":{\"@id\":\"https:\/\/portaltela.pt\/#website\"},\"primaryImageOfPage\":{\"@id\":\"https:\/\/portaltela.pt\/noticias\/2026\/02\/12\/mangala-explica-sucesso-de-ian-cathro-e-teimoso-no-bom-sentido\/#primaryimage\"},\"image\":{\"@id\":\"https:\/\/portaltela.pt\/noticias\/2026\/02\/12\/mangala-explica-sucesso-de-ian-cathro-e-teimoso-no-bom-sentido\/#primaryimage\"},\"thumbnailUrl\":\"https:\/\/portaltela.pt\/s.01k8rhncp4jt1\/2026\/02\/img_920x518uu2026-02-12-21-22-57-2421235.jpg\",\"datePublished\":\"2026-02-12T21:20:00+00:00\",\"author\":{\"@id\":\"https:\/\/portaltela.pt\/#\/schema\/person\/c4278d4a6028830caff9ee44b42d32ed\"},\"breadcrumb\":{\"@id\":\"https:\/\/portaltela.pt\/noticias\/2026\/02\/12\/mangala-explica-sucesso-de-ian-cathro-e-teimoso-no-bom-sentido\/#breadcrumb\"},\"inLanguage\":\"pt-PT\",\"potentialAction\":[{\"@type\":\"ReadAction\",\"target\":[\"https:\/\/portaltela.pt\/noticias\/2026\/02\/12\/mangala-explica-sucesso-de-ian-cathro-e-teimoso-no-bom-sentido\/\"]}]},{\"@type\":\"ImageObject\",\"inLanguage\":\"pt-PT\",\"@id\":\"https:\/\/portaltela.pt\/noticias\/2026\/02\/12\/mangala-explica-sucesso-de-ian-cathro-e-teimoso-no-bom-sentido\/#primaryimage\",\"url\":\"https:\/\/portaltela.pt\/s.01k8rhncp4jt1\/2026\/02\/img_920x518uu2026-02-12-21-22-57-2421235.jpg\",\"contentUrl\":\"https:\/\/portaltela.pt\/s.01k8rhncp4jt1\/2026\/02\/img_920x518uu2026-02-12-21-22-57-2421235.jpg\",\"width\":796,\"height\":448,\"caption\":\"Mangala elogia Ian Cathro pelo sucesso\"},{\"@type\":\"BreadcrumbList\",\"@id\":\"https:\/\/portaltela.pt\/noticias\/2026\/02\/12\/mangala-explica-sucesso-de-ian-cathro-e-teimoso-no-bom-sentido\/#breadcrumb\",\"itemListElement\":[{\"@type\":\"ListItem\",\"position\":1,\"name\":\"In\u00edcio\",\"item\":\"https:\/\/portaltela.pt\/\"},{\"@type\":\"ListItem\",\"position\":2,\"name\":\"Mangala explica sucesso de Ian Cathro: \u00e9 teimoso, no bom sentido\"}]},{\"@type\":\"WebSite\",\"@id\":\"https:\/\/portaltela.pt\/#website\",\"url\":\"https:\/\/portaltela.pt\/\",\"name\":\"Portal Tela Portugal\",\"description\":\"\",\"potentialAction\":[{\"@type\":\"SearchAction\",\"target\":{\"@type\":\"EntryPoint\",\"urlTemplate\":\"https:\/\/portaltela.pt\/?s={search_term_string}\"},\"query-input\":{\"@type\":\"PropertyValueSpecification\",\"valueRequired\":true,\"valueName\":\"search_term_string\"}}],\"inLanguage\":\"pt-PT\"},{\"@type\":\"Person\",\"@id\":\"https:\/\/portaltela.pt\/#\/schema\/person\/c4278d4a6028830caff9ee44b42d32ed\",\"name\":\"Telinha\",\"image\":{\"@type\":\"ImageObject\",\"inLanguage\":\"pt-PT\",\"@id\":\"https:\/\/portaltela.pt\/s.01k8rhncp4jt1\/2025\/11\/talking-bot-125x125.png\",\"url\":\"https:\/\/portaltela.pt\/s.01k8rhncp4jt1\/2025\/11\/talking-bot-125x125.png\",\"contentUrl\":\"https:\/\/portaltela.pt\/s.01k8rhncp4jt1\/2025\/11\/talking-bot-125x125.png\",\"caption\":\"Telinha\"},\"sameAs\":[\"https:\/\/portaltela.pt\/\"],\"url\":\"https:\/\/portaltela.pt\/por\/367410592786\/\"}]}<\/script>\n<!-- \/ Yoast SEO plugin. -->","yoast_head_json":{"title":"Mangala explica sucesso de Ian Cathro: \u00e9 teimoso, no bom sentido - Portal Tela Portugal","robots":{"index":"index","follow":"follow","max-snippet":"max-snippet:-1","max-image-preview":"max-image-preview:large","max-video-preview":"max-video-preview:-1"},"og_locale":"pt_PT","og_type":"article","og_title":"Mangala explica sucesso de Ian Cathro: \u00e9 teimoso, no bom sentido - Portal Tela Portugal","og_description":"Ian Cathro foi eleito o melhor treinador da I Liga em janeiro, \u00e0 frente de Farioli e Rui Borges. Mangala elogia Cathro, dizendo que \u00e9 teimoso \u2014 no bom sentido \u2014 e que o objetivo era um jogo \u201carrogante\u201d. A Estoril registou mais um pr\u00e9mio com Cathro, ap\u00f3s o reconhecimento de janeiro. Ferro marcou de novo quase quatro anos depois, numa das not\u00edcias associadas ao Estoril. Jo\u00e3o Carvalho foi eleito o melhor m\u00e9dio de janeiro na I Liga, superando Guitane e Zalazar. Jandro pode voltar ao onze para o jogo frente ao AVS SAD, mantendo-se como pe\u00e7a importante da equipa.","og_url":"https:\/\/portaltela.pt\/noticias\/2026\/02\/12\/mangala-explica-sucesso-de-ian-cathro-e-teimoso-no-bom-sentido\/","og_site_name":"Portal Tela Portugal","article_published_time":"2026-02-12T21:20:00+00:00","author":"Telinha","twitter_card":"summary_large_image","twitter_misc":{"Escrito por":"Telinha","Tempo estimado de leitura":"2 minutos"},"schema":{"@context":"https:\/\/schema.org","@graph":[{"@type":"Article","@id":"https:\/\/portaltela.pt\/noticias\/2026\/02\/12\/mangala-explica-sucesso-de-ian-cathro-e-teimoso-no-bom-sentido\/#article","isPartOf":{"@id":"https:\/\/portaltela.pt\/noticias\/2026\/02\/12\/mangala-explica-sucesso-de-ian-cathro-e-teimoso-no-bom-sentido\/"},"author":{"name":"Telinha","@id":"https:\/\/portaltela.pt\/#\/schema\/person\/c4278d4a6028830caff9ee44b42d32ed"},"headline":"Mangala explica sucesso de Ian Cathro: \u00e9 teimoso, no bom sentido","datePublished":"2026-02-12T21:20:00+00:00","mainEntityOfPage":{"@id":"https:\/\/portaltela.pt\/noticias\/2026\/02\/12\/mangala-explica-sucesso-de-ian-cathro-e-teimoso-no-bom-sentido\/"},"wordCount":336,"image":{"@id":"https:\/\/portaltela.pt\/noticias\/2026\/02\/12\/mangala-explica-sucesso-de-ian-cathro-e-teimoso-no-bom-sentido\/#primaryimage"},"thumbnailUrl":"https:\/\/portaltela.pt\/s.01k8rhncp4jt1\/2026\/02\/img_920x518uu2026-02-12-21-22-57-2421235.jpg","keywords":["1. Liga","desporto","Estoril","futebol","jogadores","Treinador do Ano"],"articleSection":["Desporto","Futebol"],"inLanguage":"pt-PT"},{"@type":"WebPage","@id":"https:\/\/portaltela.pt\/noticias\/2026\/02\/12\/mangala-explica-sucesso-de-ian-cathro-e-teimoso-no-bom-sentido\/","url":"https:\/\/portaltela.pt\/noticias\/2026\/02\/12\/mangala-explica-sucesso-de-ian-cathro-e-teimoso-no-bom-sentido\/","name":"Mangala explica sucesso de Ian Cathro: \u00e9 teimoso, no bom sentido - Portal Tela Portugal","isPartOf":{"@id":"https:\/\/portaltela.pt\/#website"},"primaryImageOfPage":{"@id":"https:\/\/portaltela.pt\/noticias\/2026\/02\/12\/mangala-explica-sucesso-de-ian-cathro-e-teimoso-no-bom-sentido\/#primaryimage"},"image":{"@id":"https:\/\/portaltela.pt\/noticias\/2026\/02\/12\/mangala-explica-sucesso-de-ian-cathro-e-teimoso-no-bom-sentido\/#primaryimage"},"thumbnailUrl":"https:\/\/portaltela.pt\/s.01k8rhncp4jt1\/2026\/02\/img_920x518uu2026-02-12-21-22-57-2421235.jpg","datePublished":"2026-02-12T21:20:00+00:00","author":{"@id":"https:\/\/portaltela.pt\/#\/schema\/person\/c4278d4a6028830caff9ee44b42d32ed"},"breadcrumb":{"@id":"https:\/\/portaltela.pt\/noticias\/2026\/02\/12\/mangala-explica-sucesso-de-ian-cathro-e-teimoso-no-bom-sentido\/#breadcrumb"},"inLanguage":"pt-PT","potentialAction":[{"@type":"ReadAction","target":["https:\/\/portaltela.pt\/noticias\/2026\/02\/12\/mangala-explica-sucesso-de-ian-cathro-e-teimoso-no-bom-sentido\/"]}]},{"@type":"ImageObject","inLanguage":"pt-PT","@id":"https:\/\/portaltela.pt\/noticias\/2026\/02\/12\/mangala-explica-sucesso-de-ian-cathro-e-teimoso-no-bom-sentido\/#primaryimage","url":"https:\/\/portaltela.pt\/s.01k8rhncp4jt1\/2026\/02\/img_920x518uu2026-02-12-21-22-57-2421235.jpg","contentUrl":"https:\/\/portaltela.pt\/s.01k8rhncp4jt1\/2026\/02\/img_920x518uu2026-02-12-21-22-57-2421235.jpg","width":796,"height":448,"caption":"Mangala elogia Ian Cathro pelo sucesso"},{"@type":"BreadcrumbList","@id":"https:\/\/portaltela.pt\/noticias\/2026\/02\/12\/mangala-explica-sucesso-de-ian-cathro-e-teimoso-no-bom-sentido\/#breadcrumb","itemListElement":[{"@type":"ListItem","position":1,"name":"In\u00edcio","item":"https:\/\/portaltela.pt\/"},{"@type":"ListItem","position":2,"name":"Mangala explica sucesso de Ian Cathro: \u00e9 teimoso, no bom sentido"}]},{"@type":"WebSite","@id":"https:\/\/portaltela.pt\/#website","url":"https:\/\/portaltela.pt\/","name":"Portal Tela Portugal","description":"","potentialAction":[{"@type":"SearchAction","target":{"@type":"EntryPoint","urlTemplate":"https:\/\/portaltela.pt\/?s={search_term_string}"},"query-input":{"@type":"PropertyValueSpecification","valueRequired":true,"valueName":"search_term_string"}}],"inLanguage":"pt-PT"},{"@type":"Person","@id":"https:\/\/portaltela.pt\/#\/schema\/person\/c4278d4a6028830caff9ee44b42d32ed","name":"Telinha","image":{"@type":"ImageObject","inLanguage":"pt-PT","@id":"https:\/\/portaltela.pt\/s.01k8rhncp4jt1\/2025\/11\/talking-bot-125x125.png","url":"https:\/\/portaltela.pt\/s.01k8rhncp4jt1\/2025\/11\/talking-bot-125x125.png","contentUrl":"https:\/\/portaltela.pt\/s.01k8rhncp4jt1\/2025\/11\/talking-bot-125x125.png","caption":"Telinha"},"sameAs":["https:\/\/portaltela.pt\/"],"url":"https:\/\/portaltela.pt\/por\/367410592786\/"}]}},"_links":{"self":[{"href":"https:\/\/portaltela.pt\/api\/wp\/v2\/posts\/210111","targetHints":{"allow":["GET"]}}],"collection":[{"href":"https:\/\/portaltela.pt\/api\/wp\/v2\/posts"}],"about":[{"href":"https:\/\/portaltela.pt\/api\/wp\/v2\/types\/post"}],"author":[{"embeddable":true,"href":"https:\/\/portaltela.pt\/api\/wp\/v2\/users\/2"}],"replies":[{"embeddable":true,"href":"https:\/\/portaltela.pt\/api\/wp\/v2\/comments?post=210111"}],"version-history":[{"count":0,"href":"https:\/\/portaltela.pt\/api\/wp\/v2\/posts\/210111\/revisions"}],"wp:featuredmedia":[{"embeddable":true,"href":"https:\/\/portaltela.pt\/api\/wp\/v2\/media\/210114"}],"wp:attachment":[{"href":"https:\/\/portaltela.pt\/api\/wp\/v2\/media?parent=210111"}],"wp:term":[{"taxonomy":"category","embeddable":true,"href":"https:\/\/portaltela.pt\/api\/wp\/v2\/categories?post=210111"},{"taxonomy":"post_tag","embeddable":true,"href":"https:\/\/portaltela.pt\/api\/wp\/v2\/tags?post=210111"}],"curies":[{"name":"wp","href":"https:\/\/api.w.org\/{rel}","templated":true}]}}