{"id":210103,"date":"2026-02-12T18:07:00","date_gmt":"2026-02-12T21:07:00","guid":{"rendered":"https:\/\/portaltela.pt\/noticias\/2026\/02\/12\/joao-galamba-ja-prestou-declaracoes-na-operacao-influencer\/"},"modified":"2026-02-12T18:07:00","modified_gmt":"2026-02-12T21:07:00","slug":"joao-galamba-ja-prestou-declaracoes-na-operacao-influencer","status":"publish","type":"post","link":"https:\/\/portaltela.pt\/noticias\/politica\/2026\/02\/12\/joao-galamba-ja-prestou-declaracoes-na-operacao-influencer\/","title":{"rendered":"Jo\u00e3o Galamba j\u00e1 prestou declara\u00e7\u00f5es na Opera\u00e7\u00e3o Influencer"},"content":{"rendered":"<p>Jo\u00e3o Galamba, antigo secret\u00e1rio de Estado da Energia, j\u00e1 foi ouvido pelo Minist\u00e9rio P\u00fablico no \u00e2mbito da Opera\u00e7\u00e3o Influencer. A audi\u00eancia ocorreu nas \u00faltimas semanas no Departamento Central de Investiga\u00e7\u00e3o e A\u00e7\u00e3o Penal, segundo apurou o NOW.<\/p>\n<p>O pol\u00edtico foi constitu\u00eddo arguido em novembro de 2023, mas ainda n\u00e3o tinha sido interrogado pela investiga\u00e7\u00e3o. Durante a dilig\u00eancia, Galamba prestou declara\u00e7\u00f5es sobre o processo de licenciamento do centro de dados em Sines.<\/p>\n<p>Contactado pelo NOW, o antigo governante recusou comentar ou confirmar a dilig\u00eancia.<\/p>\n<h3>Desenvolvimento<\/h3>\n<p>No \u00e2mbito da opera\u00e7\u00e3o, em 7 de novembro de 2023 foram detidas e libertadas cinco pessoas, incluindo o ent\u00e3o chefe de gabinete de Ant\u00f3nio Costa, V\u00edtor Esc\u00e1ria. Existem suspeitas de crime relacionados com o centro de dados em Sines, a explora\u00e7\u00e3o de l\u00edtio em Montalegre e Boticas, no distrito de Vila Real, e a produ\u00e7\u00e3o de energia a partir de hidrog\u00e9nio, tamb\u00e9m em Sines.<\/p>\n<p>O caso teve impactos pol\u00edticos relevantes, contribuindo para a decis\u00e3o de queda do Governo de maioria absoluta de Ant\u00f3nio Costa, que atualmente \u00e9 presidente do Conselho Europeu.<\/p>\n","protected":false},"excerpt":{"rendered":"<p>\u2022<\/p>\n<p>Jo\u00e3o Galamba j\u00e1 foi ouvido pelo Minist\u00e9rio P\u00fablico na Opera\u00e7\u00e3o Influencer, nas \u00faltimas semanas, no Departamento Central de Investiga\u00e7\u00e3o e A\u00e7\u00e3o Penal.<\/p>\n<p>\u2022<\/p>\n<p>Foi constitu\u00eddo arguido em novembro de 2023, mas ainda n\u00e3o tinha sido interrogado como tal pela investiga\u00e7\u00e3o.<\/p>\n<p>\u2022<\/p>\n<p>Galamba prestou declara\u00e7\u00f5es e explicou aos procuradores como decorreu o licenciamento do centro de dados em Sines.<\/p>\n<p>\u2022<\/p>\n<p>O antigo secret\u00e1rio de Estado recusou comentar ou confirmar a dilig\u00eancia quando contactado pelo NOW.<\/p>\n<p>\u2022<\/p>\n<p>A Opera\u00e7\u00e3o Influencer envolveu deten\u00e7\u00f5es a 7 de novembro de 2023, incluindo o chefe de gabinete de Ant\u00f3nio Costa, V\u00edtor Esc\u00e1ria, com suspeitas ligadas a data center em Sines, explora\u00e7\u00e3o de l\u00edtio em Montalegre e Boticas, e produ\u00e7\u00e3o de energia a partir de hidrog\u00e9nio em Sines, o que conduziu \u00e0 queda do Governo de Ant\u00f3nio Costa.<\/p>\n","protected":false},"author":2,"featured_media":210105,"comment_status":"closed","ping_status":"closed","sticky":false,"template":"","format":"standard","meta":{"footnotes":""},"categories":[1,5],"tags":[3777,2749,4224,215,3913,1892],"class_list":["post-210103","post","type-post","status-publish","format-standard","has-post-thumbnail","hentry","category-noticias","category-politica","tag-antonio-costa","tag-boticas","tag-hidrogenio-limpo","tag-investigacao","tag-montalegre","tag-sines"],"yoast_head":"<!-- This site is optimized with the Yoast SEO plugin v27.2 - https:\/\/yoast.com\/product\/yoast-seo-wordpress\/ -->\n<title>Jo\u00e3o Galamba j\u00e1 prestou declara\u00e7\u00f5es na Opera\u00e7\u00e3o Influencer - Portal Tela Portugal<\/title>\n<meta name=\"robots\" content=\"index, follow, max-snippet:-1, max-image-preview:large, max-video-preview:-1\" \/>\n<meta property=\"og:locale\" content=\"pt_PT\" \/>\n<meta property=\"og:type\" content=\"article\" \/>\n<meta property=\"og:title\" content=\"Jo\u00e3o Galamba j\u00e1 prestou declara\u00e7\u00f5es na Opera\u00e7\u00e3o Influencer - Portal Tela Portugal\" \/>\n<meta property=\"og:description\" content=\"\u2022 Jo\u00e3o Galamba j\u00e1 foi ouvido pelo Minist\u00e9rio P\u00fablico na Opera\u00e7\u00e3o Influencer, nas \u00faltimas semanas, no Departamento Central de Investiga\u00e7\u00e3o e A\u00e7\u00e3o Penal. \u2022 Foi constitu\u00eddo arguido em novembro de 2023, mas ainda n\u00e3o tinha sido interrogado como tal pela investiga\u00e7\u00e3o. \u2022 Galamba prestou declara\u00e7\u00f5es e explicou aos procuradores como decorreu o licenciamento do centro de dados em Sines. \u2022 O antigo secret\u00e1rio de Estado recusou comentar ou confirmar a dilig\u00eancia quando contactado pelo NOW. \u2022 A Opera\u00e7\u00e3o Influencer envolveu deten\u00e7\u00f5es a 7 de novembro de 2023, incluindo o chefe de gabinete de Ant\u00f3nio Costa, V\u00edtor Esc\u00e1ria, com suspeitas ligadas a data center em Sines, explora\u00e7\u00e3o de l\u00edtio em Montalegre e Boticas, e produ\u00e7\u00e3o de energia a partir de hidrog\u00e9nio em Sines, o que conduziu \u00e0 queda do Governo de Ant\u00f3nio Costa.\" \/>\n<meta property=\"og:url\" content=\"https:\/\/portaltela.pt\/noticias\/2026\/02\/12\/joao-galamba-ja-prestou-declaracoes-na-operacao-influencer\/\" \/>\n<meta property=\"og:site_name\" content=\"Portal Tela Portugal\" \/>\n<meta property=\"article:published_time\" content=\"2026-02-12T21:07:00+00:00\" \/>\n<meta name=\"author\" content=\"Telinha\" \/>\n<meta name=\"twitter:card\" content=\"summary_large_image\" \/>\n<meta name=\"twitter:label1\" content=\"Escrito por\" \/>\n\t<meta name=\"twitter:data1\" content=\"Telinha\" \/>\n\t<meta name=\"twitter:label2\" content=\"Tempo estimado de leitura\" \/>\n\t<meta name=\"twitter:data2\" content=\"1 minuto\" \/>\n<script type=\"application\/ld+json\" class=\"yoast-schema-graph\">{\"@context\":\"https:\/\/schema.org\",\"@graph\":[{\"@type\":\"Article\",\"@id\":\"https:\/\/portaltela.pt\/noticias\/2026\/02\/12\/joao-galamba-ja-prestou-declaracoes-na-operacao-influencer\/#article\",\"isPartOf\":{\"@id\":\"https:\/\/portaltela.pt\/noticias\/2026\/02\/12\/joao-galamba-ja-prestou-declaracoes-na-operacao-influencer\/\"},\"author\":{\"name\":\"Telinha\",\"@id\":\"https:\/\/portaltela.pt\/#\/schema\/person\/c4278d4a6028830caff9ee44b42d32ed\"},\"headline\":\"Jo\u00e3o Galamba j\u00e1 prestou declara\u00e7\u00f5es na Opera\u00e7\u00e3o Influencer\",\"datePublished\":\"2026-02-12T21:07:00+00:00\",\"mainEntityOfPage\":{\"@id\":\"https:\/\/portaltela.pt\/noticias\/2026\/02\/12\/joao-galamba-ja-prestou-declaracoes-na-operacao-influencer\/\"},\"wordCount\":210,\"image\":{\"@id\":\"https:\/\/portaltela.pt\/noticias\/2026\/02\/12\/joao-galamba-ja-prestou-declaracoes-na-operacao-influencer\/#primaryimage\"},\"thumbnailUrl\":\"https:\/\/portaltela.pt\/s.01k8rhncp4jt1\/2026\/02\/img_1500x1000uu2024-01-09-16-03-25-1535789.jpg\",\"keywords\":[\"Ant\u00f3nio Costa\",\"Boticas\",\"hidrog\u00e9nio limpo\",\"investiga\u00e7\u00e3o\",\"Montalegre\",\"Sines\"],\"articleSection\":[\"Not\u00edcias\",\"Pol\u00edtica\"],\"inLanguage\":\"pt-PT\"},{\"@type\":\"WebPage\",\"@id\":\"https:\/\/portaltela.pt\/noticias\/2026\/02\/12\/joao-galamba-ja-prestou-declaracoes-na-operacao-influencer\/\",\"url\":\"https:\/\/portaltela.pt\/noticias\/2026\/02\/12\/joao-galamba-ja-prestou-declaracoes-na-operacao-influencer\/\",\"name\":\"Jo\u00e3o Galamba j\u00e1 prestou declara\u00e7\u00f5es na Opera\u00e7\u00e3o Influencer - Portal Tela Portugal\",\"isPartOf\":{\"@id\":\"https:\/\/portaltela.pt\/#website\"},\"primaryImageOfPage\":{\"@id\":\"https:\/\/portaltela.pt\/noticias\/2026\/02\/12\/joao-galamba-ja-prestou-declaracoes-na-operacao-influencer\/#primaryimage\"},\"image\":{\"@id\":\"https:\/\/portaltela.pt\/noticias\/2026\/02\/12\/joao-galamba-ja-prestou-declaracoes-na-operacao-influencer\/#primaryimage\"},\"thumbnailUrl\":\"https:\/\/portaltela.pt\/s.01k8rhncp4jt1\/2026\/02\/img_1500x1000uu2024-01-09-16-03-25-1535789.jpg\",\"datePublished\":\"2026-02-12T21:07:00+00:00\",\"author\":{\"@id\":\"https:\/\/portaltela.pt\/#\/schema\/person\/c4278d4a6028830caff9ee44b42d32ed\"},\"breadcrumb\":{\"@id\":\"https:\/\/portaltela.pt\/noticias\/2026\/02\/12\/joao-galamba-ja-prestou-declaracoes-na-operacao-influencer\/#breadcrumb\"},\"inLanguage\":\"pt-PT\",\"potentialAction\":[{\"@type\":\"ReadAction\",\"target\":[\"https:\/\/portaltela.pt\/noticias\/2026\/02\/12\/joao-galamba-ja-prestou-declaracoes-na-operacao-influencer\/\"]}]},{\"@type\":\"ImageObject\",\"inLanguage\":\"pt-PT\",\"@id\":\"https:\/\/portaltela.pt\/noticias\/2026\/02\/12\/joao-galamba-ja-prestou-declaracoes-na-operacao-influencer\/#primaryimage\",\"url\":\"https:\/\/portaltela.pt\/s.01k8rhncp4jt1\/2026\/02\/img_1500x1000uu2024-01-09-16-03-25-1535789.jpg\",\"contentUrl\":\"https:\/\/portaltela.pt\/s.01k8rhncp4jt1\/2026\/02\/img_1500x1000uu2024-01-09-16-03-25-1535789.jpg\",\"width\":796,\"height\":448,\"caption\":\"Jo\u00e3o Galamba j\u00e1 prestou declara\u00e7\u00f5es na Opera\u00e7\u00e3o Influencer\"},{\"@type\":\"BreadcrumbList\",\"@id\":\"https:\/\/portaltela.pt\/noticias\/2026\/02\/12\/joao-galamba-ja-prestou-declaracoes-na-operacao-influencer\/#breadcrumb\",\"itemListElement\":[{\"@type\":\"ListItem\",\"position\":1,\"name\":\"In\u00edcio\",\"item\":\"https:\/\/portaltela.pt\/\"},{\"@type\":\"ListItem\",\"position\":2,\"name\":\"Jo\u00e3o Galamba j\u00e1 prestou declara\u00e7\u00f5es na Opera\u00e7\u00e3o Influencer\"}]},{\"@type\":\"WebSite\",\"@id\":\"https:\/\/portaltela.pt\/#website\",\"url\":\"https:\/\/portaltela.pt\/\",\"name\":\"Portal Tela Portugal\",\"description\":\"\",\"potentialAction\":[{\"@type\":\"SearchAction\",\"target\":{\"@type\":\"EntryPoint\",\"urlTemplate\":\"https:\/\/portaltela.pt\/?s={search_term_string}\"},\"query-input\":{\"@type\":\"PropertyValueSpecification\",\"valueRequired\":true,\"valueName\":\"search_term_string\"}}],\"inLanguage\":\"pt-PT\"},{\"@type\":\"Person\",\"@id\":\"https:\/\/portaltela.pt\/#\/schema\/person\/c4278d4a6028830caff9ee44b42d32ed\",\"name\":\"Telinha\",\"image\":{\"@type\":\"ImageObject\",\"inLanguage\":\"pt-PT\",\"@id\":\"https:\/\/portaltela.pt\/s.01k8rhncp4jt1\/2025\/11\/talking-bot-125x125.png\",\"url\":\"https:\/\/portaltela.pt\/s.01k8rhncp4jt1\/2025\/11\/talking-bot-125x125.png\",\"contentUrl\":\"https:\/\/portaltela.pt\/s.01k8rhncp4jt1\/2025\/11\/talking-bot-125x125.png\",\"caption\":\"Telinha\"},\"sameAs\":[\"https:\/\/portaltela.pt\/\"],\"url\":\"https:\/\/portaltela.pt\/por\/367410592786\/\"}]}<\/script>\n<!-- \/ Yoast SEO plugin. -->","yoast_head_json":{"title":"Jo\u00e3o Galamba j\u00e1 prestou declara\u00e7\u00f5es na Opera\u00e7\u00e3o Influencer - Portal Tela Portugal","robots":{"index":"index","follow":"follow","max-snippet":"max-snippet:-1","max-image-preview":"max-image-preview:large","max-video-preview":"max-video-preview:-1"},"og_locale":"pt_PT","og_type":"article","og_title":"Jo\u00e3o Galamba j\u00e1 prestou declara\u00e7\u00f5es na Opera\u00e7\u00e3o Influencer - Portal Tela Portugal","og_description":"\u2022 Jo\u00e3o Galamba j\u00e1 foi ouvido pelo Minist\u00e9rio P\u00fablico na Opera\u00e7\u00e3o Influencer, nas \u00faltimas semanas, no Departamento Central de Investiga\u00e7\u00e3o e A\u00e7\u00e3o Penal. \u2022 Foi constitu\u00eddo arguido em novembro de 2023, mas ainda n\u00e3o tinha sido interrogado como tal pela investiga\u00e7\u00e3o. \u2022 Galamba prestou declara\u00e7\u00f5es e explicou aos procuradores como decorreu o licenciamento do centro de dados em Sines. \u2022 O antigo secret\u00e1rio de Estado recusou comentar ou confirmar a dilig\u00eancia quando contactado pelo NOW. \u2022 A Opera\u00e7\u00e3o Influencer envolveu deten\u00e7\u00f5es a 7 de novembro de 2023, incluindo o chefe de gabinete de Ant\u00f3nio Costa, V\u00edtor Esc\u00e1ria, com suspeitas ligadas a data center em Sines, explora\u00e7\u00e3o de l\u00edtio em Montalegre e Boticas, e produ\u00e7\u00e3o de energia a partir de hidrog\u00e9nio em Sines, o que conduziu \u00e0 queda do Governo de Ant\u00f3nio Costa.","og_url":"https:\/\/portaltela.pt\/noticias\/2026\/02\/12\/joao-galamba-ja-prestou-declaracoes-na-operacao-influencer\/","og_site_name":"Portal Tela Portugal","article_published_time":"2026-02-12T21:07:00+00:00","author":"Telinha","twitter_card":"summary_large_image","twitter_misc":{"Escrito por":"Telinha","Tempo estimado de leitura":"1 minuto"},"schema":{"@context":"https:\/\/schema.org","@graph":[{"@type":"Article","@id":"https:\/\/portaltela.pt\/noticias\/2026\/02\/12\/joao-galamba-ja-prestou-declaracoes-na-operacao-influencer\/#article","isPartOf":{"@id":"https:\/\/portaltela.pt\/noticias\/2026\/02\/12\/joao-galamba-ja-prestou-declaracoes-na-operacao-influencer\/"},"author":{"name":"Telinha","@id":"https:\/\/portaltela.pt\/#\/schema\/person\/c4278d4a6028830caff9ee44b42d32ed"},"headline":"Jo\u00e3o Galamba j\u00e1 prestou declara\u00e7\u00f5es na Opera\u00e7\u00e3o Influencer","datePublished":"2026-02-12T21:07:00+00:00","mainEntityOfPage":{"@id":"https:\/\/portaltela.pt\/noticias\/2026\/02\/12\/joao-galamba-ja-prestou-declaracoes-na-operacao-influencer\/"},"wordCount":210,"image":{"@id":"https:\/\/portaltela.pt\/noticias\/2026\/02\/12\/joao-galamba-ja-prestou-declaracoes-na-operacao-influencer\/#primaryimage"},"thumbnailUrl":"https:\/\/portaltela.pt\/s.01k8rhncp4jt1\/2026\/02\/img_1500x1000uu2024-01-09-16-03-25-1535789.jpg","keywords":["Ant\u00f3nio Costa","Boticas","hidrog\u00e9nio limpo","investiga\u00e7\u00e3o","Montalegre","Sines"],"articleSection":["Not\u00edcias","Pol\u00edtica"],"inLanguage":"pt-PT"},{"@type":"WebPage","@id":"https:\/\/portaltela.pt\/noticias\/2026\/02\/12\/joao-galamba-ja-prestou-declaracoes-na-operacao-influencer\/","url":"https:\/\/portaltela.pt\/noticias\/2026\/02\/12\/joao-galamba-ja-prestou-declaracoes-na-operacao-influencer\/","name":"Jo\u00e3o Galamba j\u00e1 prestou declara\u00e7\u00f5es na Opera\u00e7\u00e3o Influencer - Portal Tela Portugal","isPartOf":{"@id":"https:\/\/portaltela.pt\/#website"},"primaryImageOfPage":{"@id":"https:\/\/portaltela.pt\/noticias\/2026\/02\/12\/joao-galamba-ja-prestou-declaracoes-na-operacao-influencer\/#primaryimage"},"image":{"@id":"https:\/\/portaltela.pt\/noticias\/2026\/02\/12\/joao-galamba-ja-prestou-declaracoes-na-operacao-influencer\/#primaryimage"},"thumbnailUrl":"https:\/\/portaltela.pt\/s.01k8rhncp4jt1\/2026\/02\/img_1500x1000uu2024-01-09-16-03-25-1535789.jpg","datePublished":"2026-02-12T21:07:00+00:00","author":{"@id":"https:\/\/portaltela.pt\/#\/schema\/person\/c4278d4a6028830caff9ee44b42d32ed"},"breadcrumb":{"@id":"https:\/\/portaltela.pt\/noticias\/2026\/02\/12\/joao-galamba-ja-prestou-declaracoes-na-operacao-influencer\/#breadcrumb"},"inLanguage":"pt-PT","potentialAction":[{"@type":"ReadAction","target":["https:\/\/portaltela.pt\/noticias\/2026\/02\/12\/joao-galamba-ja-prestou-declaracoes-na-operacao-influencer\/"]}]},{"@type":"ImageObject","inLanguage":"pt-PT","@id":"https:\/\/portaltela.pt\/noticias\/2026\/02\/12\/joao-galamba-ja-prestou-declaracoes-na-operacao-influencer\/#primaryimage","url":"https:\/\/portaltela.pt\/s.01k8rhncp4jt1\/2026\/02\/img_1500x1000uu2024-01-09-16-03-25-1535789.jpg","contentUrl":"https:\/\/portaltela.pt\/s.01k8rhncp4jt1\/2026\/02\/img_1500x1000uu2024-01-09-16-03-25-1535789.jpg","width":796,"height":448,"caption":"Jo\u00e3o Galamba j\u00e1 prestou declara\u00e7\u00f5es na Opera\u00e7\u00e3o Influencer"},{"@type":"BreadcrumbList","@id":"https:\/\/portaltela.pt\/noticias\/2026\/02\/12\/joao-galamba-ja-prestou-declaracoes-na-operacao-influencer\/#breadcrumb","itemListElement":[{"@type":"ListItem","position":1,"name":"In\u00edcio","item":"https:\/\/portaltela.pt\/"},{"@type":"ListItem","position":2,"name":"Jo\u00e3o Galamba j\u00e1 prestou declara\u00e7\u00f5es na Opera\u00e7\u00e3o Influencer"}]},{"@type":"WebSite","@id":"https:\/\/portaltela.pt\/#website","url":"https:\/\/portaltela.pt\/","name":"Portal Tela Portugal","description":"","potentialAction":[{"@type":"SearchAction","target":{"@type":"EntryPoint","urlTemplate":"https:\/\/portaltela.pt\/?s={search_term_string}"},"query-input":{"@type":"PropertyValueSpecification","valueRequired":true,"valueName":"search_term_string"}}],"inLanguage":"pt-PT"},{"@type":"Person","@id":"https:\/\/portaltela.pt\/#\/schema\/person\/c4278d4a6028830caff9ee44b42d32ed","name":"Telinha","image":{"@type":"ImageObject","inLanguage":"pt-PT","@id":"https:\/\/portaltela.pt\/s.01k8rhncp4jt1\/2025\/11\/talking-bot-125x125.png","url":"https:\/\/portaltela.pt\/s.01k8rhncp4jt1\/2025\/11\/talking-bot-125x125.png","contentUrl":"https:\/\/portaltela.pt\/s.01k8rhncp4jt1\/2025\/11\/talking-bot-125x125.png","caption":"Telinha"},"sameAs":["https:\/\/portaltela.pt\/"],"url":"https:\/\/portaltela.pt\/por\/367410592786\/"}]}},"_links":{"self":[{"href":"https:\/\/portaltela.pt\/api\/wp\/v2\/posts\/210103","targetHints":{"allow":["GET"]}}],"collection":[{"href":"https:\/\/portaltela.pt\/api\/wp\/v2\/posts"}],"about":[{"href":"https:\/\/portaltela.pt\/api\/wp\/v2\/types\/post"}],"author":[{"embeddable":true,"href":"https:\/\/portaltela.pt\/api\/wp\/v2\/users\/2"}],"replies":[{"embeddable":true,"href":"https:\/\/portaltela.pt\/api\/wp\/v2\/comments?post=210103"}],"version-history":[{"count":0,"href":"https:\/\/portaltela.pt\/api\/wp\/v2\/posts\/210103\/revisions"}],"wp:featuredmedia":[{"embeddable":true,"href":"https:\/\/portaltela.pt\/api\/wp\/v2\/media\/210105"}],"wp:attachment":[{"href":"https:\/\/portaltela.pt\/api\/wp\/v2\/media?parent=210103"}],"wp:term":[{"taxonomy":"category","embeddable":true,"href":"https:\/\/portaltela.pt\/api\/wp\/v2\/categories?post=210103"},{"taxonomy":"post_tag","embeddable":true,"href":"https:\/\/portaltela.pt\/api\/wp\/v2\/tags?post=210103"}],"curies":[{"name":"wp","href":"https:\/\/api.w.org\/{rel}","templated":true}]}}