{"id":210102,"date":"2026-02-12T18:06:00","date_gmt":"2026-02-12T21:06:00","guid":{"rendered":"https:\/\/portaltela.pt\/noticias\/2026\/02\/12\/depressao-oriana-provoca-chuva-intensa-ventos-fortes-e-risco-de-cheias\/"},"modified":"2026-02-12T18:06:00","modified_gmt":"2026-02-12T21:06:00","slug":"depressao-oriana-provoca-chuva-intensa-ventos-fortes-e-risco-de-cheias","status":"publish","type":"post","link":"https:\/\/portaltela.pt\/noticias\/2026\/02\/12\/depressao-oriana-provoca-chuva-intensa-ventos-fortes-e-risco-de-cheias\/","title":{"rendered":"Depress\u00e3o Oriana provoca chuva intensa, ventos fortes e risco de cheias"},"content":{"rendered":"<p>A depress\u00e3o Oriana intensificou ascondi\u00e7\u00f5es meteorol\u00f3gicas em Portugal desde esta quinta-feira, trazendo chuva persistente, vento forte e agita\u00e7\u00e3o mar\u00edtima. Os efeitos mais significativos concentram-se no litoral norte, centro, Lisboa e vale do Tejo, com previs\u00f5es de continuidade nos pr\u00f3ximos dias.<\/p>\n<p>O agravamento do tempo aumenta o risco de cheias em v\u00e1rias bacias hidrogr\u00e1ficas, com destaque para o Douro \u2014 Gondomar, Porto, Gaia, Lamego e R\u00e9gua \u2014 e o Ave, que amea\u00e7a Santo Tirso, Trofa e Famalic\u00e3o. A precipita\u00e7\u00e3o acumulada e a satura\u00e7\u00e3o dos solos elevam os caudais dos rios.<\/p>\n<p>A Ag\u00eancia Portuguesa do Ambiente prev\u00ea inunda\u00e7\u00f5es relevantes em diversos tro\u00e7os e refor\u00e7a a necessidade de vigil\u00e2ncia nos sistemas de drenagem. O Mondego pode afectar Cantanhede, Coimbra, Condeixa-a-Nova, Figueira da Foz, Miranda do Corvo, Montemor-o-Velho e Soure. No Tejo, quase duas dezenas de munic\u00edpios permanecem em alerta vermelho.<\/p>\n<h3>Submers\u00e3o de vias<\/h3>\n<p>O Vouga coloca Aveiro, \u00cdlhavo, Ovar e Cantanhede em alerta, entre outros locais. \u00c1gueda e Alc\u00e1cer do Sal aparecem na lista, assim como Mon\u00e7\u00e3o, Valen\u00e7a, Caminha, Arcos de Valdevez, Ponte da Barca e Ponte de Lima, por press\u00e3o de diversos cursos de \u00e1gua.<\/p>\n<p>Chaves, Amarante, Braga, Barcelos, Vila Verde, Esposende e outros concelhos podem enfrentar perturba\u00e7\u00f5es associadas aos rios T\u00e2mega, C\u00e1vado e Lima. Lis (Leiria), Nab\u00e3o (Tomar) e \u00e1reas de Guadiana em Alcoutim, Castro Marim e Vila Real de Santo Ant\u00f3nio tamb\u00e9m s\u00e3o afetadas pela subida de cheias.<\/p>\n<p>A Prote\u00e7\u00e3o Civil anunciou avisos sobre o risco de forma\u00e7\u00e3o de len\u00e7\u00f3is de \u00e1gua e poss\u00edvel interdi\u00e7\u00e3o de vias rodovi\u00e1rias devido \u00e0 submers\u00e3o de \u00e1reas adjacentes a cursos de \u00e1gua.<\/p>\n<h3>Mais de 16 mil ocorr\u00eancias<\/h3>\n<p>O comandante nacional da Prote\u00e7\u00e3o Civil, M\u00e1rio Silvestre, informou no in\u00edcio da noite que j\u00e1 foram registadas mais de 16 mil ocorr\u00eancias associadas \u00e0 depress\u00e3o Oriana.<\/p>\n<p>Ap\u00f3s atravessar o territ\u00f3rio portugu\u00eas, Oriana dever\u00e1 seguir para Espanha, segundo o Instituto Portugu\u00eas do Mar e da Atmosfera.<\/p>\n","protected":false},"excerpt":{"rendered":"<ul>\n<li>A depress\u00e3o Oriana traz chuva, vento forte e agita\u00e7\u00e3o mar\u00edtima em Portugal, com maior incid\u00eancia no litoral das regi\u00f5es Norte, Centro, Lisboa e Vale do Tejo.<\/li>\n<li>O agravamento das condi\u00e7\u00f5es aumenta o risco de inunda\u00e7\u00f5es nas bacias de v\u00e1rios rios, com Douro (Gondomar, Porto, Gaia, Lamego, R\u00e9gua) e Ave (Santo Tirso, Trofa, Famalic\u00e3o) entre os mais expostos.<\/li>\n<li>O risco de cheias no Mondego pode afetar Cantanhede, Coimbra, Condeixa-a-Nova, Figueira da Foz, Miranda do Corvo, Montemor-o-Velho e Soure; no Tejo, s\u00e3o quase duas dezenas de munic\u00edpios sob vigil\u00e2ncia, incluindo Abrantes, Cartaxo, Santar\u00e9m e Vila Franca de Xira.<\/li>\n<li>Outras \u00e1reas sob alerta incluem Vouga (Aveiro, \u00cdlhavo, Ovar, Cantanhede), \u00c1gueda, Alc\u00e1cer do Sal, Minho (Mon\u00e7\u00e3o, Valen\u00e7a), Coura (Caminha), Lima (Arcos de Valdevez, Ponte da Barca, Ponte de Lima), C\u00e1vado (Braga, Barcelos, Vila Verde, Esposende), Lis (Leiria) e Nab\u00e3o (Tomar), al\u00e9m de Guadiana (Alcoutim, Castro Marim, Vila Real de Santo Ant\u00f3nio).<\/li>\n<li>A Autoridade Nacional de Emerg\u00eancia e Prote\u00e7\u00e3o Civil alerta para submers\u00f5es de vias e forma\u00e7\u00e3o de len\u00e7\u00f3is de \u00e1gua; j\u00e1 foram registadas mais de dezasseis mil ocorr\u00eancias; Oriana dever\u00e1 seguir para Espanha ap\u00f3s atravessar o territ\u00f3rio.<\/li>\n<\/ul>\n","protected":false},"author":2,"featured_media":210104,"comment_status":"closed","ping_status":"closed","sticky":false,"template":"","format":"standard","meta":{"footnotes":""},"categories":[1],"tags":[3784,3701,5329,5224,2293,320],"class_list":["post-210102","post","type-post","status-publish","format-standard","has-post-thumbnail","hentry","category-noticias","tag-aviso-vermelho","tag-cheias","tag-chuva","tag-clima","tag-inundacoes","tag-protecao-civil"],"yoast_head":"<!-- This site is optimized with the Yoast SEO plugin v27.2 - https:\/\/yoast.com\/product\/yoast-seo-wordpress\/ -->\n<title>Depress\u00e3o Oriana provoca chuva intensa, ventos fortes e risco de cheias - Portal Tela Portugal<\/title>\n<meta name=\"robots\" content=\"index, follow, max-snippet:-1, max-image-preview:large, max-video-preview:-1\" \/>\n<meta property=\"og:locale\" content=\"pt_PT\" \/>\n<meta property=\"og:type\" content=\"article\" \/>\n<meta property=\"og:title\" content=\"Depress\u00e3o Oriana provoca chuva intensa, ventos fortes e risco de cheias - Portal Tela Portugal\" \/>\n<meta property=\"og:description\" content=\"A depress\u00e3o Oriana traz chuva, vento forte e agita\u00e7\u00e3o mar\u00edtima em Portugal, com maior incid\u00eancia no litoral das regi\u00f5es Norte, Centro, Lisboa e Vale do Tejo. O agravamento das condi\u00e7\u00f5es aumenta o risco de inunda\u00e7\u00f5es nas bacias de v\u00e1rios rios, com Douro (Gondomar, Porto, Gaia, Lamego, R\u00e9gua) e Ave (Santo Tirso, Trofa, Famalic\u00e3o) entre os mais expostos. O risco de cheias no Mondego pode afetar Cantanhede, Coimbra, Condeixa-a-Nova, Figueira da Foz, Miranda do Corvo, Montemor-o-Velho e Soure; no Tejo, s\u00e3o quase duas dezenas de munic\u00edpios sob vigil\u00e2ncia, incluindo Abrantes, Cartaxo, Santar\u00e9m e Vila Franca de Xira. Outras \u00e1reas sob alerta incluem Vouga (Aveiro, \u00cdlhavo, Ovar, Cantanhede), \u00c1gueda, Alc\u00e1cer do Sal, Minho (Mon\u00e7\u00e3o, Valen\u00e7a), Coura (Caminha), Lima (Arcos de Valdevez, Ponte da Barca, Ponte de Lima), C\u00e1vado (Braga, Barcelos, Vila Verde, Esposende), Lis (Leiria) e Nab\u00e3o (Tomar), al\u00e9m de Guadiana (Alcoutim, Castro Marim, Vila Real de Santo Ant\u00f3nio). A Autoridade Nacional de Emerg\u00eancia e Prote\u00e7\u00e3o Civil alerta para submers\u00f5es de vias e forma\u00e7\u00e3o de len\u00e7\u00f3is de \u00e1gua; j\u00e1 foram registadas mais de dezasseis mil ocorr\u00eancias; Oriana dever\u00e1 seguir para Espanha ap\u00f3s atravessar o territ\u00f3rio.\" \/>\n<meta property=\"og:url\" content=\"https:\/\/portaltela.pt\/noticias\/2026\/02\/12\/depressao-oriana-provoca-chuva-intensa-ventos-fortes-e-risco-de-cheias\/\" \/>\n<meta property=\"og:site_name\" content=\"Portal Tela Portugal\" \/>\n<meta property=\"article:published_time\" content=\"2026-02-12T21:06:00+00:00\" \/>\n<meta name=\"author\" content=\"Telinha\" \/>\n<meta name=\"twitter:card\" content=\"summary_large_image\" \/>\n<meta name=\"twitter:label1\" content=\"Escrito por\" \/>\n\t<meta name=\"twitter:data1\" content=\"Telinha\" \/>\n\t<meta name=\"twitter:label2\" content=\"Tempo estimado de leitura\" \/>\n\t<meta name=\"twitter:data2\" content=\"2 minutos\" \/>\n<script type=\"application\/ld+json\" class=\"yoast-schema-graph\">{\"@context\":\"https:\/\/schema.org\",\"@graph\":[{\"@type\":\"Article\",\"@id\":\"https:\/\/portaltela.pt\/noticias\/2026\/02\/12\/depressao-oriana-provoca-chuva-intensa-ventos-fortes-e-risco-de-cheias\/#article\",\"isPartOf\":{\"@id\":\"https:\/\/portaltela.pt\/noticias\/2026\/02\/12\/depressao-oriana-provoca-chuva-intensa-ventos-fortes-e-risco-de-cheias\/\"},\"author\":{\"name\":\"Telinha\",\"@id\":\"https:\/\/portaltela.pt\/#\/schema\/person\/c4278d4a6028830caff9ee44b42d32ed\"},\"headline\":\"Depress\u00e3o Oriana provoca chuva intensa, ventos fortes e risco de cheias\",\"datePublished\":\"2026-02-12T21:06:00+00:00\",\"mainEntityOfPage\":{\"@id\":\"https:\/\/portaltela.pt\/noticias\/2026\/02\/12\/depressao-oriana-provoca-chuva-intensa-ventos-fortes-e-risco-de-cheias\/\"},\"wordCount\":363,\"image\":{\"@id\":\"https:\/\/portaltela.pt\/noticias\/2026\/02\/12\/depressao-oriana-provoca-chuva-intensa-ventos-fortes-e-risco-de-cheias\/#primaryimage\"},\"thumbnailUrl\":\"https:\/\/portaltela.pt\/s.01k8rhncp4jt1\/2026\/02\/image-991.jpg\",\"keywords\":[\"aviso vermelho\",\"cheias\",\"chuva\",\"clima\",\"inunda\u00e7\u00f5es\",\"prote\u00e7\u00e3o civil\"],\"articleSection\":[\"Not\u00edcias\"],\"inLanguage\":\"pt-PT\"},{\"@type\":\"WebPage\",\"@id\":\"https:\/\/portaltela.pt\/noticias\/2026\/02\/12\/depressao-oriana-provoca-chuva-intensa-ventos-fortes-e-risco-de-cheias\/\",\"url\":\"https:\/\/portaltela.pt\/noticias\/2026\/02\/12\/depressao-oriana-provoca-chuva-intensa-ventos-fortes-e-risco-de-cheias\/\",\"name\":\"Depress\u00e3o Oriana provoca chuva intensa, ventos fortes e risco de cheias - Portal Tela Portugal\",\"isPartOf\":{\"@id\":\"https:\/\/portaltela.pt\/#website\"},\"primaryImageOfPage\":{\"@id\":\"https:\/\/portaltela.pt\/noticias\/2026\/02\/12\/depressao-oriana-provoca-chuva-intensa-ventos-fortes-e-risco-de-cheias\/#primaryimage\"},\"image\":{\"@id\":\"https:\/\/portaltela.pt\/noticias\/2026\/02\/12\/depressao-oriana-provoca-chuva-intensa-ventos-fortes-e-risco-de-cheias\/#primaryimage\"},\"thumbnailUrl\":\"https:\/\/portaltela.pt\/s.01k8rhncp4jt1\/2026\/02\/image-991.jpg\",\"datePublished\":\"2026-02-12T21:06:00+00:00\",\"author\":{\"@id\":\"https:\/\/portaltela.pt\/#\/schema\/person\/c4278d4a6028830caff9ee44b42d32ed\"},\"breadcrumb\":{\"@id\":\"https:\/\/portaltela.pt\/noticias\/2026\/02\/12\/depressao-oriana-provoca-chuva-intensa-ventos-fortes-e-risco-de-cheias\/#breadcrumb\"},\"inLanguage\":\"pt-PT\",\"potentialAction\":[{\"@type\":\"ReadAction\",\"target\":[\"https:\/\/portaltela.pt\/noticias\/2026\/02\/12\/depressao-oriana-provoca-chuva-intensa-ventos-fortes-e-risco-de-cheias\/\"]}]},{\"@type\":\"ImageObject\",\"inLanguage\":\"pt-PT\",\"@id\":\"https:\/\/portaltela.pt\/noticias\/2026\/02\/12\/depressao-oriana-provoca-chuva-intensa-ventos-fortes-e-risco-de-cheias\/#primaryimage\",\"url\":\"https:\/\/portaltela.pt\/s.01k8rhncp4jt1\/2026\/02\/image-991.jpg\",\"contentUrl\":\"https:\/\/portaltela.pt\/s.01k8rhncp4jt1\/2026\/02\/image-991.jpg\",\"width\":796,\"height\":448,\"caption\":\"Gaia \u00e9 um dos concelhos em risco de novas inunda\u00e7\u00f5es, como j\u00e1 aconteceu na freguesia de Avintes este m\u00eas, devido a um afluente do rio Douro\"},{\"@type\":\"BreadcrumbList\",\"@id\":\"https:\/\/portaltela.pt\/noticias\/2026\/02\/12\/depressao-oriana-provoca-chuva-intensa-ventos-fortes-e-risco-de-cheias\/#breadcrumb\",\"itemListElement\":[{\"@type\":\"ListItem\",\"position\":1,\"name\":\"In\u00edcio\",\"item\":\"https:\/\/portaltela.pt\/\"},{\"@type\":\"ListItem\",\"position\":2,\"name\":\"Depress\u00e3o Oriana provoca chuva intensa, ventos fortes e risco de cheias\"}]},{\"@type\":\"WebSite\",\"@id\":\"https:\/\/portaltela.pt\/#website\",\"url\":\"https:\/\/portaltela.pt\/\",\"name\":\"Portal Tela Portugal\",\"description\":\"\",\"potentialAction\":[{\"@type\":\"SearchAction\",\"target\":{\"@type\":\"EntryPoint\",\"urlTemplate\":\"https:\/\/portaltela.pt\/?s={search_term_string}\"},\"query-input\":{\"@type\":\"PropertyValueSpecification\",\"valueRequired\":true,\"valueName\":\"search_term_string\"}}],\"inLanguage\":\"pt-PT\"},{\"@type\":\"Person\",\"@id\":\"https:\/\/portaltela.pt\/#\/schema\/person\/c4278d4a6028830caff9ee44b42d32ed\",\"name\":\"Telinha\",\"image\":{\"@type\":\"ImageObject\",\"inLanguage\":\"pt-PT\",\"@id\":\"https:\/\/portaltela.pt\/s.01k8rhncp4jt1\/2025\/11\/talking-bot-125x125.png\",\"url\":\"https:\/\/portaltela.pt\/s.01k8rhncp4jt1\/2025\/11\/talking-bot-125x125.png\",\"contentUrl\":\"https:\/\/portaltela.pt\/s.01k8rhncp4jt1\/2025\/11\/talking-bot-125x125.png\",\"caption\":\"Telinha\"},\"sameAs\":[\"https:\/\/portaltela.pt\/\"],\"url\":\"https:\/\/portaltela.pt\/por\/367410592786\/\"}]}<\/script>\n<!-- \/ Yoast SEO plugin. -->","yoast_head_json":{"title":"Depress\u00e3o Oriana provoca chuva intensa, ventos fortes e risco de cheias - Portal Tela Portugal","robots":{"index":"index","follow":"follow","max-snippet":"max-snippet:-1","max-image-preview":"max-image-preview:large","max-video-preview":"max-video-preview:-1"},"og_locale":"pt_PT","og_type":"article","og_title":"Depress\u00e3o Oriana provoca chuva intensa, ventos fortes e risco de cheias - Portal Tela Portugal","og_description":"A depress\u00e3o Oriana traz chuva, vento forte e agita\u00e7\u00e3o mar\u00edtima em Portugal, com maior incid\u00eancia no litoral das regi\u00f5es Norte, Centro, Lisboa e Vale do Tejo. O agravamento das condi\u00e7\u00f5es aumenta o risco de inunda\u00e7\u00f5es nas bacias de v\u00e1rios rios, com Douro (Gondomar, Porto, Gaia, Lamego, R\u00e9gua) e Ave (Santo Tirso, Trofa, Famalic\u00e3o) entre os mais expostos. O risco de cheias no Mondego pode afetar Cantanhede, Coimbra, Condeixa-a-Nova, Figueira da Foz, Miranda do Corvo, Montemor-o-Velho e Soure; no Tejo, s\u00e3o quase duas dezenas de munic\u00edpios sob vigil\u00e2ncia, incluindo Abrantes, Cartaxo, Santar\u00e9m e Vila Franca de Xira. Outras \u00e1reas sob alerta incluem Vouga (Aveiro, \u00cdlhavo, Ovar, Cantanhede), \u00c1gueda, Alc\u00e1cer do Sal, Minho (Mon\u00e7\u00e3o, Valen\u00e7a), Coura (Caminha), Lima (Arcos de Valdevez, Ponte da Barca, Ponte de Lima), C\u00e1vado (Braga, Barcelos, Vila Verde, Esposende), Lis (Leiria) e Nab\u00e3o (Tomar), al\u00e9m de Guadiana (Alcoutim, Castro Marim, Vila Real de Santo Ant\u00f3nio). A Autoridade Nacional de Emerg\u00eancia e Prote\u00e7\u00e3o Civil alerta para submers\u00f5es de vias e forma\u00e7\u00e3o de len\u00e7\u00f3is de \u00e1gua; j\u00e1 foram registadas mais de dezasseis mil ocorr\u00eancias; Oriana dever\u00e1 seguir para Espanha ap\u00f3s atravessar o territ\u00f3rio.","og_url":"https:\/\/portaltela.pt\/noticias\/2026\/02\/12\/depressao-oriana-provoca-chuva-intensa-ventos-fortes-e-risco-de-cheias\/","og_site_name":"Portal Tela Portugal","article_published_time":"2026-02-12T21:06:00+00:00","author":"Telinha","twitter_card":"summary_large_image","twitter_misc":{"Escrito por":"Telinha","Tempo estimado de leitura":"2 minutos"},"schema":{"@context":"https:\/\/schema.org","@graph":[{"@type":"Article","@id":"https:\/\/portaltela.pt\/noticias\/2026\/02\/12\/depressao-oriana-provoca-chuva-intensa-ventos-fortes-e-risco-de-cheias\/#article","isPartOf":{"@id":"https:\/\/portaltela.pt\/noticias\/2026\/02\/12\/depressao-oriana-provoca-chuva-intensa-ventos-fortes-e-risco-de-cheias\/"},"author":{"name":"Telinha","@id":"https:\/\/portaltela.pt\/#\/schema\/person\/c4278d4a6028830caff9ee44b42d32ed"},"headline":"Depress\u00e3o Oriana provoca chuva intensa, ventos fortes e risco de cheias","datePublished":"2026-02-12T21:06:00+00:00","mainEntityOfPage":{"@id":"https:\/\/portaltela.pt\/noticias\/2026\/02\/12\/depressao-oriana-provoca-chuva-intensa-ventos-fortes-e-risco-de-cheias\/"},"wordCount":363,"image":{"@id":"https:\/\/portaltela.pt\/noticias\/2026\/02\/12\/depressao-oriana-provoca-chuva-intensa-ventos-fortes-e-risco-de-cheias\/#primaryimage"},"thumbnailUrl":"https:\/\/portaltela.pt\/s.01k8rhncp4jt1\/2026\/02\/image-991.jpg","keywords":["aviso vermelho","cheias","chuva","clima","inunda\u00e7\u00f5es","prote\u00e7\u00e3o civil"],"articleSection":["Not\u00edcias"],"inLanguage":"pt-PT"},{"@type":"WebPage","@id":"https:\/\/portaltela.pt\/noticias\/2026\/02\/12\/depressao-oriana-provoca-chuva-intensa-ventos-fortes-e-risco-de-cheias\/","url":"https:\/\/portaltela.pt\/noticias\/2026\/02\/12\/depressao-oriana-provoca-chuva-intensa-ventos-fortes-e-risco-de-cheias\/","name":"Depress\u00e3o Oriana provoca chuva intensa, ventos fortes e risco de cheias - Portal Tela Portugal","isPartOf":{"@id":"https:\/\/portaltela.pt\/#website"},"primaryImageOfPage":{"@id":"https:\/\/portaltela.pt\/noticias\/2026\/02\/12\/depressao-oriana-provoca-chuva-intensa-ventos-fortes-e-risco-de-cheias\/#primaryimage"},"image":{"@id":"https:\/\/portaltela.pt\/noticias\/2026\/02\/12\/depressao-oriana-provoca-chuva-intensa-ventos-fortes-e-risco-de-cheias\/#primaryimage"},"thumbnailUrl":"https:\/\/portaltela.pt\/s.01k8rhncp4jt1\/2026\/02\/image-991.jpg","datePublished":"2026-02-12T21:06:00+00:00","author":{"@id":"https:\/\/portaltela.pt\/#\/schema\/person\/c4278d4a6028830caff9ee44b42d32ed"},"breadcrumb":{"@id":"https:\/\/portaltela.pt\/noticias\/2026\/02\/12\/depressao-oriana-provoca-chuva-intensa-ventos-fortes-e-risco-de-cheias\/#breadcrumb"},"inLanguage":"pt-PT","potentialAction":[{"@type":"ReadAction","target":["https:\/\/portaltela.pt\/noticias\/2026\/02\/12\/depressao-oriana-provoca-chuva-intensa-ventos-fortes-e-risco-de-cheias\/"]}]},{"@type":"ImageObject","inLanguage":"pt-PT","@id":"https:\/\/portaltela.pt\/noticias\/2026\/02\/12\/depressao-oriana-provoca-chuva-intensa-ventos-fortes-e-risco-de-cheias\/#primaryimage","url":"https:\/\/portaltela.pt\/s.01k8rhncp4jt1\/2026\/02\/image-991.jpg","contentUrl":"https:\/\/portaltela.pt\/s.01k8rhncp4jt1\/2026\/02\/image-991.jpg","width":796,"height":448,"caption":"Gaia \u00e9 um dos concelhos em risco de novas inunda\u00e7\u00f5es, como j\u00e1 aconteceu na freguesia de Avintes este m\u00eas, devido a um afluente do rio Douro"},{"@type":"BreadcrumbList","@id":"https:\/\/portaltela.pt\/noticias\/2026\/02\/12\/depressao-oriana-provoca-chuva-intensa-ventos-fortes-e-risco-de-cheias\/#breadcrumb","itemListElement":[{"@type":"ListItem","position":1,"name":"In\u00edcio","item":"https:\/\/portaltela.pt\/"},{"@type":"ListItem","position":2,"name":"Depress\u00e3o Oriana provoca chuva intensa, ventos fortes e risco de cheias"}]},{"@type":"WebSite","@id":"https:\/\/portaltela.pt\/#website","url":"https:\/\/portaltela.pt\/","name":"Portal Tela Portugal","description":"","potentialAction":[{"@type":"SearchAction","target":{"@type":"EntryPoint","urlTemplate":"https:\/\/portaltela.pt\/?s={search_term_string}"},"query-input":{"@type":"PropertyValueSpecification","valueRequired":true,"valueName":"search_term_string"}}],"inLanguage":"pt-PT"},{"@type":"Person","@id":"https:\/\/portaltela.pt\/#\/schema\/person\/c4278d4a6028830caff9ee44b42d32ed","name":"Telinha","image":{"@type":"ImageObject","inLanguage":"pt-PT","@id":"https:\/\/portaltela.pt\/s.01k8rhncp4jt1\/2025\/11\/talking-bot-125x125.png","url":"https:\/\/portaltela.pt\/s.01k8rhncp4jt1\/2025\/11\/talking-bot-125x125.png","contentUrl":"https:\/\/portaltela.pt\/s.01k8rhncp4jt1\/2025\/11\/talking-bot-125x125.png","caption":"Telinha"},"sameAs":["https:\/\/portaltela.pt\/"],"url":"https:\/\/portaltela.pt\/por\/367410592786\/"}]}},"_links":{"self":[{"href":"https:\/\/portaltela.pt\/api\/wp\/v2\/posts\/210102","targetHints":{"allow":["GET"]}}],"collection":[{"href":"https:\/\/portaltela.pt\/api\/wp\/v2\/posts"}],"about":[{"href":"https:\/\/portaltela.pt\/api\/wp\/v2\/types\/post"}],"author":[{"embeddable":true,"href":"https:\/\/portaltela.pt\/api\/wp\/v2\/users\/2"}],"replies":[{"embeddable":true,"href":"https:\/\/portaltela.pt\/api\/wp\/v2\/comments?post=210102"}],"version-history":[{"count":0,"href":"https:\/\/portaltela.pt\/api\/wp\/v2\/posts\/210102\/revisions"}],"wp:featuredmedia":[{"embeddable":true,"href":"https:\/\/portaltela.pt\/api\/wp\/v2\/media\/210104"}],"wp:attachment":[{"href":"https:\/\/portaltela.pt\/api\/wp\/v2\/media?parent=210102"}],"wp:term":[{"taxonomy":"category","embeddable":true,"href":"https:\/\/portaltela.pt\/api\/wp\/v2\/categories?post=210102"},{"taxonomy":"post_tag","embeddable":true,"href":"https:\/\/portaltela.pt\/api\/wp\/v2\/tags?post=210102"}],"curies":[{"name":"wp","href":"https:\/\/api.w.org\/{rel}","templated":true}]}}