{"id":210065,"date":"2026-02-12T17:14:00","date_gmt":"2026-02-12T20:14:00","guid":{"rendered":"https:\/\/portaltela.pt\/noticias\/2026\/02\/12\/cao-que-viveu-dez-anos-junto-a-sepultura-da-dona-inspira-nova-lei-em-sp\/"},"modified":"2026-02-12T17:14:00","modified_gmt":"2026-02-12T20:14:00","slug":"cao-que-viveu-dez-anos-junto-a-sepultura-da-dona-inspira-nova-lei-em-sp","status":"publish","type":"post","link":"https:\/\/portaltela.pt\/noticias\/2026\/02\/12\/cao-que-viveu-dez-anos-junto-a-sepultura-da-dona-inspira-nova-lei-em-sp\/","title":{"rendered":"C\u00e3o que viveu dez anos junto \u00e0 sepultura da dona inspira nova lei em SP"},"content":{"rendered":"<p>O estado de S\u00e3o Paulo vai permitir, a partir de ter\u00e7a-feira, o enterro de animais de estima\u00e7\u00e3o em sepulturas familiares. A medida, sancionada pelo governo local, reconhece o v\u00ednculo afetivo entre tutores e animais, incluindo ap\u00f3s a morte.<\/p>\n<p>A lei, conhecida como Lei Bob Coveiro, tem igual alcance em todo o estado. Foi inspirada no caso de um c\u00e3o que viveu 10 anos num cemit\u00e9rio em Tabo\u00e3o da Serra, desde que a dona foi enterrada ali em 2011.<\/p>\n<p>Bob ficou no cemit\u00e9rio ap\u00f3s o funeral, recusando-se a deixar o local. Os familiares tentaram lev\u00e1-lo v\u00e1rias vezes, mas ele voltava; acabou por ser adotado pelos funcion\u00e1rios, que lhe ofereceram casota, alimenta\u00e7\u00e3o, banho e vacinas. Em 2021, morreu atropelado ao sair do cemit\u00e9rio. A C\u00e2mara de Tabo\u00e3o da Serra, ent\u00e3o, abriu exce\u00e7\u00e3o para o enterro junto \u00e0 dona.<\/p>\n<p>Contexto e alcance da medida<\/p>\n<p>A pr\u00e1tica passa a valer em \u00e2mbito estadual, permitindo que animais de estima\u00e7\u00e3o sejam sepultados em jazigos e mausol\u00e9us familiares, conforme a nova regulamenta\u00e7\u00e3o.<\/p>\n<p>Dados e contexto nacional<\/p>\n<p>No Brasil, a popula\u00e7\u00e3o de animais de estima\u00e7\u00e3o \u00e9 estimada em cerca de 160 milh\u00f5es, segundo o Instituto Pet Brasil, com c\u00e3es e gatos dominando a estat\u00edstica. As informa\u00e7\u00f5es destacam a import\u00e2ncia econ\u00f4mica e cultural desse v\u00ednculo no pa\u00eds.<\/p>\n","protected":false},"excerpt":{"rendered":"<ul>\n<li>A partir de ter\u00e7a-feira, o estado de S\u00e3o Paulo permite o enterro de animais de estima\u00e7\u00e3o em sepulturas familiares, conforme lei sancionada pelo governo local.<\/li>\n<li>A norma, conhecida como Lei Bob Coveiro, reconhece o v\u00ednculo afetivo entre tutores e animais e aplica-se tamb\u00e9m ap\u00f3s a morte.<\/li>\n<li>A lei foi inspirada no caso de Bob, um c\u00e3o que viveu dez anos no cemit\u00e9rio de Tabo\u00e3o da Serra junto da dona enterrada em 2011; ap\u00f3s a morte em 2021, o munic\u00edpio abriu exce\u00e7\u00e3o para o enterro conjunto.<\/li>\n<li>A pr\u00e1tica passa a abranger todo o estado, permitindo que animais de estima\u00e7\u00e3o sejam sepultados em jazigos e mausol\u00e9us familiares.<\/li>\n<li>O Brasil tem cerca de 160 milh\u00f5es de animais de estima\u00e7\u00e3o, na sua maioria c\u00e3es, segundo o Instituto Pet Brasil.<\/li>\n<\/ul>\n","protected":false},"author":2,"featured_media":210067,"comment_status":"closed","ping_status":"closed","sticky":false,"template":"","format":"standard","meta":{"footnotes":""},"categories":[1],"tags":[5722,3091,4577,2547,3819],"class_list":["post-210065","post","type-post","status-publish","format-standard","has-post-thumbnail","hentry","category-noticias","tag-abandono-de-animal-de-companhia","tag-animais","tag-animais-de-companhia","tag-brasil","tag-convencao-europeia-para-a-protecao-de-animais-de-companhia"],"yoast_head":"<!-- This site is optimized with the Yoast SEO plugin v27.2 - https:\/\/yoast.com\/product\/yoast-seo-wordpress\/ -->\n<title>C\u00e3o que viveu dez anos junto \u00e0 sepultura da dona inspira nova lei em SP - Portal Tela Portugal<\/title>\n<meta name=\"robots\" content=\"index, follow, max-snippet:-1, max-image-preview:large, max-video-preview:-1\" \/>\n<meta property=\"og:locale\" content=\"pt_PT\" \/>\n<meta property=\"og:type\" content=\"article\" \/>\n<meta property=\"og:title\" content=\"C\u00e3o que viveu dez anos junto \u00e0 sepultura da dona inspira nova lei em SP - Portal Tela Portugal\" \/>\n<meta property=\"og:description\" content=\"A partir de ter\u00e7a-feira, o estado de S\u00e3o Paulo permite o enterro de animais de estima\u00e7\u00e3o em sepulturas familiares, conforme lei sancionada pelo governo local. A norma, conhecida como Lei Bob Coveiro, reconhece o v\u00ednculo afetivo entre tutores e animais e aplica-se tamb\u00e9m ap\u00f3s a morte. A lei foi inspirada no caso de Bob, um c\u00e3o que viveu dez anos no cemit\u00e9rio de Tabo\u00e3o da Serra junto da dona enterrada em 2011; ap\u00f3s a morte em 2021, o munic\u00edpio abriu exce\u00e7\u00e3o para o enterro conjunto. A pr\u00e1tica passa a abranger todo o estado, permitindo que animais de estima\u00e7\u00e3o sejam sepultados em jazigos e mausol\u00e9us familiares. O Brasil tem cerca de 160 milh\u00f5es de animais de estima\u00e7\u00e3o, na sua maioria c\u00e3es, segundo o Instituto Pet Brasil.\" \/>\n<meta property=\"og:url\" content=\"https:\/\/portaltela.pt\/noticias\/2026\/02\/12\/cao-que-viveu-dez-anos-junto-a-sepultura-da-dona-inspira-nova-lei-em-sp\/\" \/>\n<meta property=\"og:site_name\" content=\"Portal Tela Portugal\" \/>\n<meta property=\"article:published_time\" content=\"2026-02-12T20:14:00+00:00\" \/>\n<meta name=\"author\" content=\"Telinha\" \/>\n<meta name=\"twitter:card\" content=\"summary_large_image\" \/>\n<meta name=\"twitter:label1\" content=\"Escrito por\" \/>\n\t<meta name=\"twitter:data1\" content=\"Telinha\" \/>\n\t<meta name=\"twitter:label2\" content=\"Tempo estimado de leitura\" \/>\n\t<meta name=\"twitter:data2\" content=\"1 minuto\" \/>\n<script type=\"application\/ld+json\" class=\"yoast-schema-graph\">{\"@context\":\"https:\/\/schema.org\",\"@graph\":[{\"@type\":\"Article\",\"@id\":\"https:\/\/portaltela.pt\/noticias\/2026\/02\/12\/cao-que-viveu-dez-anos-junto-a-sepultura-da-dona-inspira-nova-lei-em-sp\/#article\",\"isPartOf\":{\"@id\":\"https:\/\/portaltela.pt\/noticias\/2026\/02\/12\/cao-que-viveu-dez-anos-junto-a-sepultura-da-dona-inspira-nova-lei-em-sp\/\"},\"author\":{\"name\":\"Telinha\",\"@id\":\"https:\/\/portaltela.pt\/#\/schema\/person\/c4278d4a6028830caff9ee44b42d32ed\"},\"headline\":\"C\u00e3o que viveu dez anos junto \u00e0 sepultura da dona inspira nova lei em SP\",\"datePublished\":\"2026-02-12T20:14:00+00:00\",\"mainEntityOfPage\":{\"@id\":\"https:\/\/portaltela.pt\/noticias\/2026\/02\/12\/cao-que-viveu-dez-anos-junto-a-sepultura-da-dona-inspira-nova-lei-em-sp\/\"},\"wordCount\":250,\"image\":{\"@id\":\"https:\/\/portaltela.pt\/noticias\/2026\/02\/12\/cao-que-viveu-dez-anos-junto-a-sepultura-da-dona-inspira-nova-lei-em-sp\/#primaryimage\"},\"thumbnailUrl\":\"https:\/\/portaltela.pt\/s.01k8rhncp4jt1\/2026\/02\/image-990.jpg\",\"keywords\":[\"abandono de animal de companhia\",\"animais\",\"animais de companhia\",\"Brasil\",\"Conven\u00e7\u00e3o Europeia para a Prote\u00e7\u00e3o de Animais de Companhia\"],\"articleSection\":[\"Not\u00edcias\"],\"inLanguage\":\"pt-PT\"},{\"@type\":\"WebPage\",\"@id\":\"https:\/\/portaltela.pt\/noticias\/2026\/02\/12\/cao-que-viveu-dez-anos-junto-a-sepultura-da-dona-inspira-nova-lei-em-sp\/\",\"url\":\"https:\/\/portaltela.pt\/noticias\/2026\/02\/12\/cao-que-viveu-dez-anos-junto-a-sepultura-da-dona-inspira-nova-lei-em-sp\/\",\"name\":\"C\u00e3o que viveu dez anos junto \u00e0 sepultura da dona inspira nova lei em SP - Portal Tela Portugal\",\"isPartOf\":{\"@id\":\"https:\/\/portaltela.pt\/#website\"},\"primaryImageOfPage\":{\"@id\":\"https:\/\/portaltela.pt\/noticias\/2026\/02\/12\/cao-que-viveu-dez-anos-junto-a-sepultura-da-dona-inspira-nova-lei-em-sp\/#primaryimage\"},\"image\":{\"@id\":\"https:\/\/portaltela.pt\/noticias\/2026\/02\/12\/cao-que-viveu-dez-anos-junto-a-sepultura-da-dona-inspira-nova-lei-em-sp\/#primaryimage\"},\"thumbnailUrl\":\"https:\/\/portaltela.pt\/s.01k8rhncp4jt1\/2026\/02\/image-990.jpg\",\"datePublished\":\"2026-02-12T20:14:00+00:00\",\"author\":{\"@id\":\"https:\/\/portaltela.pt\/#\/schema\/person\/c4278d4a6028830caff9ee44b42d32ed\"},\"breadcrumb\":{\"@id\":\"https:\/\/portaltela.pt\/noticias\/2026\/02\/12\/cao-que-viveu-dez-anos-junto-a-sepultura-da-dona-inspira-nova-lei-em-sp\/#breadcrumb\"},\"inLanguage\":\"pt-PT\",\"potentialAction\":[{\"@type\":\"ReadAction\",\"target\":[\"https:\/\/portaltela.pt\/noticias\/2026\/02\/12\/cao-que-viveu-dez-anos-junto-a-sepultura-da-dona-inspira-nova-lei-em-sp\/\"]}]},{\"@type\":\"ImageObject\",\"inLanguage\":\"pt-PT\",\"@id\":\"https:\/\/portaltela.pt\/noticias\/2026\/02\/12\/cao-que-viveu-dez-anos-junto-a-sepultura-da-dona-inspira-nova-lei-em-sp\/#primaryimage\",\"url\":\"https:\/\/portaltela.pt\/s.01k8rhncp4jt1\/2026\/02\/image-990.jpg\",\"contentUrl\":\"https:\/\/portaltela.pt\/s.01k8rhncp4jt1\/2026\/02\/image-990.jpg\",\"width\":796,\"height\":448,\"caption\":\"Foto: Direitos Reservados\"},{\"@type\":\"BreadcrumbList\",\"@id\":\"https:\/\/portaltela.pt\/noticias\/2026\/02\/12\/cao-que-viveu-dez-anos-junto-a-sepultura-da-dona-inspira-nova-lei-em-sp\/#breadcrumb\",\"itemListElement\":[{\"@type\":\"ListItem\",\"position\":1,\"name\":\"In\u00edcio\",\"item\":\"https:\/\/portaltela.pt\/\"},{\"@type\":\"ListItem\",\"position\":2,\"name\":\"C\u00e3o que viveu dez anos junto \u00e0 sepultura da dona inspira nova lei em SP\"}]},{\"@type\":\"WebSite\",\"@id\":\"https:\/\/portaltela.pt\/#website\",\"url\":\"https:\/\/portaltela.pt\/\",\"name\":\"Portal Tela Portugal\",\"description\":\"\",\"potentialAction\":[{\"@type\":\"SearchAction\",\"target\":{\"@type\":\"EntryPoint\",\"urlTemplate\":\"https:\/\/portaltela.pt\/?s={search_term_string}\"},\"query-input\":{\"@type\":\"PropertyValueSpecification\",\"valueRequired\":true,\"valueName\":\"search_term_string\"}}],\"inLanguage\":\"pt-PT\"},{\"@type\":\"Person\",\"@id\":\"https:\/\/portaltela.pt\/#\/schema\/person\/c4278d4a6028830caff9ee44b42d32ed\",\"name\":\"Telinha\",\"image\":{\"@type\":\"ImageObject\",\"inLanguage\":\"pt-PT\",\"@id\":\"https:\/\/portaltela.pt\/s.01k8rhncp4jt1\/2025\/11\/talking-bot-125x125.png\",\"url\":\"https:\/\/portaltela.pt\/s.01k8rhncp4jt1\/2025\/11\/talking-bot-125x125.png\",\"contentUrl\":\"https:\/\/portaltela.pt\/s.01k8rhncp4jt1\/2025\/11\/talking-bot-125x125.png\",\"caption\":\"Telinha\"},\"sameAs\":[\"https:\/\/portaltela.pt\/\"],\"url\":\"https:\/\/portaltela.pt\/por\/367410592786\/\"}]}<\/script>\n<!-- \/ Yoast SEO plugin. -->","yoast_head_json":{"title":"C\u00e3o que viveu dez anos junto \u00e0 sepultura da dona inspira nova lei em SP - Portal Tela Portugal","robots":{"index":"index","follow":"follow","max-snippet":"max-snippet:-1","max-image-preview":"max-image-preview:large","max-video-preview":"max-video-preview:-1"},"og_locale":"pt_PT","og_type":"article","og_title":"C\u00e3o que viveu dez anos junto \u00e0 sepultura da dona inspira nova lei em SP - Portal Tela Portugal","og_description":"A partir de ter\u00e7a-feira, o estado de S\u00e3o Paulo permite o enterro de animais de estima\u00e7\u00e3o em sepulturas familiares, conforme lei sancionada pelo governo local. A norma, conhecida como Lei Bob Coveiro, reconhece o v\u00ednculo afetivo entre tutores e animais e aplica-se tamb\u00e9m ap\u00f3s a morte. A lei foi inspirada no caso de Bob, um c\u00e3o que viveu dez anos no cemit\u00e9rio de Tabo\u00e3o da Serra junto da dona enterrada em 2011; ap\u00f3s a morte em 2021, o munic\u00edpio abriu exce\u00e7\u00e3o para o enterro conjunto. A pr\u00e1tica passa a abranger todo o estado, permitindo que animais de estima\u00e7\u00e3o sejam sepultados em jazigos e mausol\u00e9us familiares. O Brasil tem cerca de 160 milh\u00f5es de animais de estima\u00e7\u00e3o, na sua maioria c\u00e3es, segundo o Instituto Pet Brasil.","og_url":"https:\/\/portaltela.pt\/noticias\/2026\/02\/12\/cao-que-viveu-dez-anos-junto-a-sepultura-da-dona-inspira-nova-lei-em-sp\/","og_site_name":"Portal Tela Portugal","article_published_time":"2026-02-12T20:14:00+00:00","author":"Telinha","twitter_card":"summary_large_image","twitter_misc":{"Escrito por":"Telinha","Tempo estimado de leitura":"1 minuto"},"schema":{"@context":"https:\/\/schema.org","@graph":[{"@type":"Article","@id":"https:\/\/portaltela.pt\/noticias\/2026\/02\/12\/cao-que-viveu-dez-anos-junto-a-sepultura-da-dona-inspira-nova-lei-em-sp\/#article","isPartOf":{"@id":"https:\/\/portaltela.pt\/noticias\/2026\/02\/12\/cao-que-viveu-dez-anos-junto-a-sepultura-da-dona-inspira-nova-lei-em-sp\/"},"author":{"name":"Telinha","@id":"https:\/\/portaltela.pt\/#\/schema\/person\/c4278d4a6028830caff9ee44b42d32ed"},"headline":"C\u00e3o que viveu dez anos junto \u00e0 sepultura da dona inspira nova lei em SP","datePublished":"2026-02-12T20:14:00+00:00","mainEntityOfPage":{"@id":"https:\/\/portaltela.pt\/noticias\/2026\/02\/12\/cao-que-viveu-dez-anos-junto-a-sepultura-da-dona-inspira-nova-lei-em-sp\/"},"wordCount":250,"image":{"@id":"https:\/\/portaltela.pt\/noticias\/2026\/02\/12\/cao-que-viveu-dez-anos-junto-a-sepultura-da-dona-inspira-nova-lei-em-sp\/#primaryimage"},"thumbnailUrl":"https:\/\/portaltela.pt\/s.01k8rhncp4jt1\/2026\/02\/image-990.jpg","keywords":["abandono de animal de companhia","animais","animais de companhia","Brasil","Conven\u00e7\u00e3o Europeia para a Prote\u00e7\u00e3o de Animais de Companhia"],"articleSection":["Not\u00edcias"],"inLanguage":"pt-PT"},{"@type":"WebPage","@id":"https:\/\/portaltela.pt\/noticias\/2026\/02\/12\/cao-que-viveu-dez-anos-junto-a-sepultura-da-dona-inspira-nova-lei-em-sp\/","url":"https:\/\/portaltela.pt\/noticias\/2026\/02\/12\/cao-que-viveu-dez-anos-junto-a-sepultura-da-dona-inspira-nova-lei-em-sp\/","name":"C\u00e3o que viveu dez anos junto \u00e0 sepultura da dona inspira nova lei em SP - Portal Tela Portugal","isPartOf":{"@id":"https:\/\/portaltela.pt\/#website"},"primaryImageOfPage":{"@id":"https:\/\/portaltela.pt\/noticias\/2026\/02\/12\/cao-que-viveu-dez-anos-junto-a-sepultura-da-dona-inspira-nova-lei-em-sp\/#primaryimage"},"image":{"@id":"https:\/\/portaltela.pt\/noticias\/2026\/02\/12\/cao-que-viveu-dez-anos-junto-a-sepultura-da-dona-inspira-nova-lei-em-sp\/#primaryimage"},"thumbnailUrl":"https:\/\/portaltela.pt\/s.01k8rhncp4jt1\/2026\/02\/image-990.jpg","datePublished":"2026-02-12T20:14:00+00:00","author":{"@id":"https:\/\/portaltela.pt\/#\/schema\/person\/c4278d4a6028830caff9ee44b42d32ed"},"breadcrumb":{"@id":"https:\/\/portaltela.pt\/noticias\/2026\/02\/12\/cao-que-viveu-dez-anos-junto-a-sepultura-da-dona-inspira-nova-lei-em-sp\/#breadcrumb"},"inLanguage":"pt-PT","potentialAction":[{"@type":"ReadAction","target":["https:\/\/portaltela.pt\/noticias\/2026\/02\/12\/cao-que-viveu-dez-anos-junto-a-sepultura-da-dona-inspira-nova-lei-em-sp\/"]}]},{"@type":"ImageObject","inLanguage":"pt-PT","@id":"https:\/\/portaltela.pt\/noticias\/2026\/02\/12\/cao-que-viveu-dez-anos-junto-a-sepultura-da-dona-inspira-nova-lei-em-sp\/#primaryimage","url":"https:\/\/portaltela.pt\/s.01k8rhncp4jt1\/2026\/02\/image-990.jpg","contentUrl":"https:\/\/portaltela.pt\/s.01k8rhncp4jt1\/2026\/02\/image-990.jpg","width":796,"height":448,"caption":"Foto: Direitos Reservados"},{"@type":"BreadcrumbList","@id":"https:\/\/portaltela.pt\/noticias\/2026\/02\/12\/cao-que-viveu-dez-anos-junto-a-sepultura-da-dona-inspira-nova-lei-em-sp\/#breadcrumb","itemListElement":[{"@type":"ListItem","position":1,"name":"In\u00edcio","item":"https:\/\/portaltela.pt\/"},{"@type":"ListItem","position":2,"name":"C\u00e3o que viveu dez anos junto \u00e0 sepultura da dona inspira nova lei em SP"}]},{"@type":"WebSite","@id":"https:\/\/portaltela.pt\/#website","url":"https:\/\/portaltela.pt\/","name":"Portal Tela Portugal","description":"","potentialAction":[{"@type":"SearchAction","target":{"@type":"EntryPoint","urlTemplate":"https:\/\/portaltela.pt\/?s={search_term_string}"},"query-input":{"@type":"PropertyValueSpecification","valueRequired":true,"valueName":"search_term_string"}}],"inLanguage":"pt-PT"},{"@type":"Person","@id":"https:\/\/portaltela.pt\/#\/schema\/person\/c4278d4a6028830caff9ee44b42d32ed","name":"Telinha","image":{"@type":"ImageObject","inLanguage":"pt-PT","@id":"https:\/\/portaltela.pt\/s.01k8rhncp4jt1\/2025\/11\/talking-bot-125x125.png","url":"https:\/\/portaltela.pt\/s.01k8rhncp4jt1\/2025\/11\/talking-bot-125x125.png","contentUrl":"https:\/\/portaltela.pt\/s.01k8rhncp4jt1\/2025\/11\/talking-bot-125x125.png","caption":"Telinha"},"sameAs":["https:\/\/portaltela.pt\/"],"url":"https:\/\/portaltela.pt\/por\/367410592786\/"}]}},"_links":{"self":[{"href":"https:\/\/portaltela.pt\/api\/wp\/v2\/posts\/210065","targetHints":{"allow":["GET"]}}],"collection":[{"href":"https:\/\/portaltela.pt\/api\/wp\/v2\/posts"}],"about":[{"href":"https:\/\/portaltela.pt\/api\/wp\/v2\/types\/post"}],"author":[{"embeddable":true,"href":"https:\/\/portaltela.pt\/api\/wp\/v2\/users\/2"}],"replies":[{"embeddable":true,"href":"https:\/\/portaltela.pt\/api\/wp\/v2\/comments?post=210065"}],"version-history":[{"count":0,"href":"https:\/\/portaltela.pt\/api\/wp\/v2\/posts\/210065\/revisions"}],"wp:featuredmedia":[{"embeddable":true,"href":"https:\/\/portaltela.pt\/api\/wp\/v2\/media\/210067"}],"wp:attachment":[{"href":"https:\/\/portaltela.pt\/api\/wp\/v2\/media?parent=210065"}],"wp:term":[{"taxonomy":"category","embeddable":true,"href":"https:\/\/portaltela.pt\/api\/wp\/v2\/categories?post=210065"},{"taxonomy":"post_tag","embeddable":true,"href":"https:\/\/portaltela.pt\/api\/wp\/v2\/tags?post=210065"}],"curies":[{"name":"wp","href":"https:\/\/api.w.org\/{rel}","templated":true}]}}