{"id":210018,"date":"2026-02-12T17:00:00","date_gmt":"2026-02-12T20:00:00","guid":{"rendered":"https:\/\/portaltela.pt\/noticias\/2026\/02\/12\/principe-andre-nao-pagou-13-milhoes-para-virginia-giuffre\/"},"modified":"2026-02-12T17:00:00","modified_gmt":"2026-02-12T20:00:00","slug":"principe-andre-nao-pagou-13-milhoes-para-virginia-giuffre","status":"publish","type":"post","link":"https:\/\/portaltela.pt\/noticias\/internacional\/2026\/02\/12\/principe-andre-nao-pagou-13-milhoes-para-virginia-giuffre\/","title":{"rendered":"Pr\u00edncipe Andr\u00e9 n\u00e3o pagou 13 milh\u00f5es para Virginia Giuffre"},"content":{"rendered":"<p>O pr\u00edncipe Andr\u00e9 est\u00e1 ligado a um acordo financeiro para resolver processos envolvendo Virginia Giuffre, uma das denunciantes associadas \u00e0 rede de Jeffrey Epstein. Segundo relatos, o filho da rainha Foi acusado de abuso e, ap\u00f3s a divulga\u00e7\u00e3o de documentos do caso, surgiram indica\u00e7\u00f5es de um acordo para evitar quest\u00f5es judiciais.<\/p>\n<p>A informa\u00e7\u00e3o indica que Andr\u00e9 pediu emprestado cerca de 12 milh\u00f5es de libras (aprox. 13 milh\u00f5es de euros) \u00e0 rainha falecida, ao pr\u00edncipe Filipe e ao ent\u00e3o pr\u00edncipe Carlos, com o objetivo de resolver a situa\u00e7\u00e3o com Giuffre. O acordo foi tornado oficial em 2022, ap\u00f3s um donativo considerado substancial.<\/p>\n<p>Uma fonte citada pelo jornal The Sun afirma que o pr\u00edncipe n\u00e3o devolveu parte do valor emprestado pela fam\u00edlia real. Tamb\u00e9m descreve tentativas de venda do chal\u00e9 de esqui de Andr\u00e9 em Verbier, Su\u00ed\u00e7a, avaliado em cerca de 19 milh\u00f5es de libras, para quitar a d\u00edvida, mas a opera\u00e7\u00e3o seria afetada pela hipoteca.<\/p>\n<p>Segundo informa\u00e7\u00f5es da fonte, a rainha Isabel II ter\u00e1 contribu\u00eddo com cerca de 7 milh\u00f5es de libras, o esp\u00f3lio do pr\u00edncipe Filipe com 3 milh\u00f5es de libras e o pr\u00edncipe Carlos, al\u00e9m de outros membros da fam\u00edlia, com aproximadamente 1,5 milh\u00e3o de libras para o acordo.<\/p>\n","protected":false},"excerpt":{"rendered":"<ul>\n<li>O pr\u00edncipe Andr\u00e9 foi associado ao milion\u00e1rio Jeffrey Epstein e foi acusado de abuso sexual por Virginia Giuffre, com revela\u00e7\u00e3o de liga\u00e7\u00f5es com a advogada que se suicidou.<\/li>\n<li>Relatos indicam que Andr\u00e9 pediu emprestadas cerca de 12 milh\u00f5es de libras (cerca de 13 milh\u00f5es de euros) \u00e0 rainha, ao pr\u00edncipe Filipe e ao ent\u00e3o pr\u00edncipe Carlos para tentar um acordo e evitar os tribunais.<\/li>\n<li>O acordo foi oficializado em 2022 ap\u00f3s um \u201cdonativo substancial\u201d, conforme chegou a referir a Sky News.<\/li>\n<li>Uma fonte ao The Sun afirma que Andr\u00e9 ainda n\u00e3o devolveu qualquer parte do dinheiro; tentou vender o chalet de esqui em Verbier, na Su\u00ed\u00e7a, avaliado em about 19 milh\u00f5es de libras, para liquidar a d\u00edvida, mas a venda rendeu pouco devido \u00e0 hipoteca.<\/li>\n<li>Segundo a fonte, Isabel II contribuiu com cerca de 7 milh\u00f5es de libras, o esp\u00f3lio do pr\u00edncipe Filipe com 3 milh\u00f5es e Carlos, entre outros membros da fam\u00edlia, com perto de 1,5 milh\u00e3o para o acordo.<\/li>\n<\/ul>\n","protected":false},"author":2,"featured_media":210021,"comment_status":"closed","ping_status":"closed","sticky":false,"template":"","format":"standard","meta":{"footnotes":""},"categories":[4,1],"tags":[5361,147,653,64,215,3428],"class_list":["post-210018","post","type-post","status-publish","format-standard","has-post-thumbnail","hentry","category-internacional","category-noticias","tag-a-familia","tag-crime","tag-dinheiro","tag-familia","tag-investigacao","tag-isabel-ii"],"yoast_head":"<!-- This site is optimized with the Yoast SEO plugin v27.2 - https:\/\/yoast.com\/product\/yoast-seo-wordpress\/ -->\n<title>Pr\u00edncipe Andr\u00e9 n\u00e3o pagou 13 milh\u00f5es para Virginia Giuffre - Portal Tela Portugal<\/title>\n<meta name=\"robots\" content=\"index, follow, max-snippet:-1, max-image-preview:large, max-video-preview:-1\" \/>\n<meta property=\"og:locale\" content=\"pt_PT\" \/>\n<meta property=\"og:type\" content=\"article\" \/>\n<meta property=\"og:title\" content=\"Pr\u00edncipe Andr\u00e9 n\u00e3o pagou 13 milh\u00f5es para Virginia Giuffre - Portal Tela Portugal\" \/>\n<meta property=\"og:description\" content=\"O pr\u00edncipe Andr\u00e9 foi associado ao milion\u00e1rio Jeffrey Epstein e foi acusado de abuso sexual por Virginia Giuffre, com revela\u00e7\u00e3o de liga\u00e7\u00f5es com a advogada que se suicidou. Relatos indicam que Andr\u00e9 pediu emprestadas cerca de 12 milh\u00f5es de libras (cerca de 13 milh\u00f5es de euros) \u00e0 rainha, ao pr\u00edncipe Filipe e ao ent\u00e3o pr\u00edncipe Carlos para tentar um acordo e evitar os tribunais. O acordo foi oficializado em 2022 ap\u00f3s um \u201cdonativo substancial\u201d, conforme chegou a referir a Sky News. Uma fonte ao The Sun afirma que Andr\u00e9 ainda n\u00e3o devolveu qualquer parte do dinheiro; tentou vender o chalet de esqui em Verbier, na Su\u00ed\u00e7a, avaliado em about 19 milh\u00f5es de libras, para liquidar a d\u00edvida, mas a venda rendeu pouco devido \u00e0 hipoteca. Segundo a fonte, Isabel II contribuiu com cerca de 7 milh\u00f5es de libras, o esp\u00f3lio do pr\u00edncipe Filipe com 3 milh\u00f5es e Carlos, entre outros membros da fam\u00edlia, com perto de 1,5 milh\u00e3o para o acordo.\" \/>\n<meta property=\"og:url\" content=\"https:\/\/portaltela.pt\/noticias\/2026\/02\/12\/principe-andre-nao-pagou-13-milhoes-para-virginia-giuffre\/\" \/>\n<meta property=\"og:site_name\" content=\"Portal Tela Portugal\" \/>\n<meta property=\"article:published_time\" content=\"2026-02-12T20:00:00+00:00\" \/>\n<meta name=\"author\" content=\"Telinha\" \/>\n<meta name=\"twitter:card\" content=\"summary_large_image\" \/>\n<meta name=\"twitter:label1\" content=\"Escrito por\" \/>\n\t<meta name=\"twitter:data1\" content=\"Telinha\" \/>\n\t<meta name=\"twitter:label2\" content=\"Tempo estimado de leitura\" \/>\n\t<meta name=\"twitter:data2\" content=\"1 minuto\" \/>\n<script type=\"application\/ld+json\" class=\"yoast-schema-graph\">{\"@context\":\"https:\/\/schema.org\",\"@graph\":[{\"@type\":\"Article\",\"@id\":\"https:\/\/portaltela.pt\/noticias\/2026\/02\/12\/principe-andre-nao-pagou-13-milhoes-para-virginia-giuffre\/#article\",\"isPartOf\":{\"@id\":\"https:\/\/portaltela.pt\/noticias\/2026\/02\/12\/principe-andre-nao-pagou-13-milhoes-para-virginia-giuffre\/\"},\"author\":{\"name\":\"Telinha\",\"@id\":\"https:\/\/portaltela.pt\/#\/schema\/person\/c4278d4a6028830caff9ee44b42d32ed\"},\"headline\":\"Pr\u00edncipe Andr\u00e9 n\u00e3o pagou 13 milh\u00f5es para Virginia Giuffre\",\"datePublished\":\"2026-02-12T20:00:00+00:00\",\"mainEntityOfPage\":{\"@id\":\"https:\/\/portaltela.pt\/noticias\/2026\/02\/12\/principe-andre-nao-pagou-13-milhoes-para-virginia-giuffre\/\"},\"wordCount\":233,\"image\":{\"@id\":\"https:\/\/portaltela.pt\/noticias\/2026\/02\/12\/principe-andre-nao-pagou-13-milhoes-para-virginia-giuffre\/#primaryimage\"},\"thumbnailUrl\":\"https:\/\/portaltela.pt\/s.01k8rhncp4jt1\/2026\/02\/img_1280x718uu2026-02-08-21-50-00-2264589.jpg\",\"keywords\":[\"A fam\u00edlia\",\"crime\",\"dinheiro\",\"fam\u00edlia\",\"investiga\u00e7\u00e3o\",\"Isabel II\"],\"articleSection\":[\"Internacional\",\"Not\u00edcias\"],\"inLanguage\":\"pt-PT\"},{\"@type\":\"WebPage\",\"@id\":\"https:\/\/portaltela.pt\/noticias\/2026\/02\/12\/principe-andre-nao-pagou-13-milhoes-para-virginia-giuffre\/\",\"url\":\"https:\/\/portaltela.pt\/noticias\/2026\/02\/12\/principe-andre-nao-pagou-13-milhoes-para-virginia-giuffre\/\",\"name\":\"Pr\u00edncipe Andr\u00e9 n\u00e3o pagou 13 milh\u00f5es para Virginia Giuffre - Portal Tela Portugal\",\"isPartOf\":{\"@id\":\"https:\/\/portaltela.pt\/#website\"},\"primaryImageOfPage\":{\"@id\":\"https:\/\/portaltela.pt\/noticias\/2026\/02\/12\/principe-andre-nao-pagou-13-milhoes-para-virginia-giuffre\/#primaryimage\"},\"image\":{\"@id\":\"https:\/\/portaltela.pt\/noticias\/2026\/02\/12\/principe-andre-nao-pagou-13-milhoes-para-virginia-giuffre\/#primaryimage\"},\"thumbnailUrl\":\"https:\/\/portaltela.pt\/s.01k8rhncp4jt1\/2026\/02\/img_1280x718uu2026-02-08-21-50-00-2264589.jpg\",\"datePublished\":\"2026-02-12T20:00:00+00:00\",\"author\":{\"@id\":\"https:\/\/portaltela.pt\/#\/schema\/person\/c4278d4a6028830caff9ee44b42d32ed\"},\"breadcrumb\":{\"@id\":\"https:\/\/portaltela.pt\/noticias\/2026\/02\/12\/principe-andre-nao-pagou-13-milhoes-para-virginia-giuffre\/#breadcrumb\"},\"inLanguage\":\"pt-PT\",\"potentialAction\":[{\"@type\":\"ReadAction\",\"target\":[\"https:\/\/portaltela.pt\/noticias\/2026\/02\/12\/principe-andre-nao-pagou-13-milhoes-para-virginia-giuffre\/\"]}]},{\"@type\":\"ImageObject\",\"inLanguage\":\"pt-PT\",\"@id\":\"https:\/\/portaltela.pt\/noticias\/2026\/02\/12\/principe-andre-nao-pagou-13-milhoes-para-virginia-giuffre\/#primaryimage\",\"url\":\"https:\/\/portaltela.pt\/s.01k8rhncp4jt1\/2026\/02\/img_1280x718uu2026-02-08-21-50-00-2264589.jpg\",\"contentUrl\":\"https:\/\/portaltela.pt\/s.01k8rhncp4jt1\/2026\/02\/img_1280x718uu2026-02-08-21-50-00-2264589.jpg\",\"width\":796,\"height\":448,\"caption\":\"Pr\u00edncipe Andr\u00e9\"},{\"@type\":\"BreadcrumbList\",\"@id\":\"https:\/\/portaltela.pt\/noticias\/2026\/02\/12\/principe-andre-nao-pagou-13-milhoes-para-virginia-giuffre\/#breadcrumb\",\"itemListElement\":[{\"@type\":\"ListItem\",\"position\":1,\"name\":\"In\u00edcio\",\"item\":\"https:\/\/portaltela.pt\/\"},{\"@type\":\"ListItem\",\"position\":2,\"name\":\"Pr\u00edncipe Andr\u00e9 n\u00e3o pagou 13 milh\u00f5es para Virginia Giuffre\"}]},{\"@type\":\"WebSite\",\"@id\":\"https:\/\/portaltela.pt\/#website\",\"url\":\"https:\/\/portaltela.pt\/\",\"name\":\"Portal Tela Portugal\",\"description\":\"\",\"potentialAction\":[{\"@type\":\"SearchAction\",\"target\":{\"@type\":\"EntryPoint\",\"urlTemplate\":\"https:\/\/portaltela.pt\/?s={search_term_string}\"},\"query-input\":{\"@type\":\"PropertyValueSpecification\",\"valueRequired\":true,\"valueName\":\"search_term_string\"}}],\"inLanguage\":\"pt-PT\"},{\"@type\":\"Person\",\"@id\":\"https:\/\/portaltela.pt\/#\/schema\/person\/c4278d4a6028830caff9ee44b42d32ed\",\"name\":\"Telinha\",\"image\":{\"@type\":\"ImageObject\",\"inLanguage\":\"pt-PT\",\"@id\":\"https:\/\/portaltela.pt\/s.01k8rhncp4jt1\/2025\/11\/talking-bot-125x125.png\",\"url\":\"https:\/\/portaltela.pt\/s.01k8rhncp4jt1\/2025\/11\/talking-bot-125x125.png\",\"contentUrl\":\"https:\/\/portaltela.pt\/s.01k8rhncp4jt1\/2025\/11\/talking-bot-125x125.png\",\"caption\":\"Telinha\"},\"sameAs\":[\"https:\/\/portaltela.pt\/\"],\"url\":\"https:\/\/portaltela.pt\/por\/367410592786\/\"}]}<\/script>\n<!-- \/ Yoast SEO plugin. -->","yoast_head_json":{"title":"Pr\u00edncipe Andr\u00e9 n\u00e3o pagou 13 milh\u00f5es para Virginia Giuffre - Portal Tela Portugal","robots":{"index":"index","follow":"follow","max-snippet":"max-snippet:-1","max-image-preview":"max-image-preview:large","max-video-preview":"max-video-preview:-1"},"og_locale":"pt_PT","og_type":"article","og_title":"Pr\u00edncipe Andr\u00e9 n\u00e3o pagou 13 milh\u00f5es para Virginia Giuffre - Portal Tela Portugal","og_description":"O pr\u00edncipe Andr\u00e9 foi associado ao milion\u00e1rio Jeffrey Epstein e foi acusado de abuso sexual por Virginia Giuffre, com revela\u00e7\u00e3o de liga\u00e7\u00f5es com a advogada que se suicidou. Relatos indicam que Andr\u00e9 pediu emprestadas cerca de 12 milh\u00f5es de libras (cerca de 13 milh\u00f5es de euros) \u00e0 rainha, ao pr\u00edncipe Filipe e ao ent\u00e3o pr\u00edncipe Carlos para tentar um acordo e evitar os tribunais. O acordo foi oficializado em 2022 ap\u00f3s um \u201cdonativo substancial\u201d, conforme chegou a referir a Sky News. Uma fonte ao The Sun afirma que Andr\u00e9 ainda n\u00e3o devolveu qualquer parte do dinheiro; tentou vender o chalet de esqui em Verbier, na Su\u00ed\u00e7a, avaliado em about 19 milh\u00f5es de libras, para liquidar a d\u00edvida, mas a venda rendeu pouco devido \u00e0 hipoteca. Segundo a fonte, Isabel II contribuiu com cerca de 7 milh\u00f5es de libras, o esp\u00f3lio do pr\u00edncipe Filipe com 3 milh\u00f5es e Carlos, entre outros membros da fam\u00edlia, com perto de 1,5 milh\u00e3o para o acordo.","og_url":"https:\/\/portaltela.pt\/noticias\/2026\/02\/12\/principe-andre-nao-pagou-13-milhoes-para-virginia-giuffre\/","og_site_name":"Portal Tela Portugal","article_published_time":"2026-02-12T20:00:00+00:00","author":"Telinha","twitter_card":"summary_large_image","twitter_misc":{"Escrito por":"Telinha","Tempo estimado de leitura":"1 minuto"},"schema":{"@context":"https:\/\/schema.org","@graph":[{"@type":"Article","@id":"https:\/\/portaltela.pt\/noticias\/2026\/02\/12\/principe-andre-nao-pagou-13-milhoes-para-virginia-giuffre\/#article","isPartOf":{"@id":"https:\/\/portaltela.pt\/noticias\/2026\/02\/12\/principe-andre-nao-pagou-13-milhoes-para-virginia-giuffre\/"},"author":{"name":"Telinha","@id":"https:\/\/portaltela.pt\/#\/schema\/person\/c4278d4a6028830caff9ee44b42d32ed"},"headline":"Pr\u00edncipe Andr\u00e9 n\u00e3o pagou 13 milh\u00f5es para Virginia Giuffre","datePublished":"2026-02-12T20:00:00+00:00","mainEntityOfPage":{"@id":"https:\/\/portaltela.pt\/noticias\/2026\/02\/12\/principe-andre-nao-pagou-13-milhoes-para-virginia-giuffre\/"},"wordCount":233,"image":{"@id":"https:\/\/portaltela.pt\/noticias\/2026\/02\/12\/principe-andre-nao-pagou-13-milhoes-para-virginia-giuffre\/#primaryimage"},"thumbnailUrl":"https:\/\/portaltela.pt\/s.01k8rhncp4jt1\/2026\/02\/img_1280x718uu2026-02-08-21-50-00-2264589.jpg","keywords":["A fam\u00edlia","crime","dinheiro","fam\u00edlia","investiga\u00e7\u00e3o","Isabel II"],"articleSection":["Internacional","Not\u00edcias"],"inLanguage":"pt-PT"},{"@type":"WebPage","@id":"https:\/\/portaltela.pt\/noticias\/2026\/02\/12\/principe-andre-nao-pagou-13-milhoes-para-virginia-giuffre\/","url":"https:\/\/portaltela.pt\/noticias\/2026\/02\/12\/principe-andre-nao-pagou-13-milhoes-para-virginia-giuffre\/","name":"Pr\u00edncipe Andr\u00e9 n\u00e3o pagou 13 milh\u00f5es para Virginia Giuffre - Portal Tela Portugal","isPartOf":{"@id":"https:\/\/portaltela.pt\/#website"},"primaryImageOfPage":{"@id":"https:\/\/portaltela.pt\/noticias\/2026\/02\/12\/principe-andre-nao-pagou-13-milhoes-para-virginia-giuffre\/#primaryimage"},"image":{"@id":"https:\/\/portaltela.pt\/noticias\/2026\/02\/12\/principe-andre-nao-pagou-13-milhoes-para-virginia-giuffre\/#primaryimage"},"thumbnailUrl":"https:\/\/portaltela.pt\/s.01k8rhncp4jt1\/2026\/02\/img_1280x718uu2026-02-08-21-50-00-2264589.jpg","datePublished":"2026-02-12T20:00:00+00:00","author":{"@id":"https:\/\/portaltela.pt\/#\/schema\/person\/c4278d4a6028830caff9ee44b42d32ed"},"breadcrumb":{"@id":"https:\/\/portaltela.pt\/noticias\/2026\/02\/12\/principe-andre-nao-pagou-13-milhoes-para-virginia-giuffre\/#breadcrumb"},"inLanguage":"pt-PT","potentialAction":[{"@type":"ReadAction","target":["https:\/\/portaltela.pt\/noticias\/2026\/02\/12\/principe-andre-nao-pagou-13-milhoes-para-virginia-giuffre\/"]}]},{"@type":"ImageObject","inLanguage":"pt-PT","@id":"https:\/\/portaltela.pt\/noticias\/2026\/02\/12\/principe-andre-nao-pagou-13-milhoes-para-virginia-giuffre\/#primaryimage","url":"https:\/\/portaltela.pt\/s.01k8rhncp4jt1\/2026\/02\/img_1280x718uu2026-02-08-21-50-00-2264589.jpg","contentUrl":"https:\/\/portaltela.pt\/s.01k8rhncp4jt1\/2026\/02\/img_1280x718uu2026-02-08-21-50-00-2264589.jpg","width":796,"height":448,"caption":"Pr\u00edncipe Andr\u00e9"},{"@type":"BreadcrumbList","@id":"https:\/\/portaltela.pt\/noticias\/2026\/02\/12\/principe-andre-nao-pagou-13-milhoes-para-virginia-giuffre\/#breadcrumb","itemListElement":[{"@type":"ListItem","position":1,"name":"In\u00edcio","item":"https:\/\/portaltela.pt\/"},{"@type":"ListItem","position":2,"name":"Pr\u00edncipe Andr\u00e9 n\u00e3o pagou 13 milh\u00f5es para Virginia Giuffre"}]},{"@type":"WebSite","@id":"https:\/\/portaltela.pt\/#website","url":"https:\/\/portaltela.pt\/","name":"Portal Tela Portugal","description":"","potentialAction":[{"@type":"SearchAction","target":{"@type":"EntryPoint","urlTemplate":"https:\/\/portaltela.pt\/?s={search_term_string}"},"query-input":{"@type":"PropertyValueSpecification","valueRequired":true,"valueName":"search_term_string"}}],"inLanguage":"pt-PT"},{"@type":"Person","@id":"https:\/\/portaltela.pt\/#\/schema\/person\/c4278d4a6028830caff9ee44b42d32ed","name":"Telinha","image":{"@type":"ImageObject","inLanguage":"pt-PT","@id":"https:\/\/portaltela.pt\/s.01k8rhncp4jt1\/2025\/11\/talking-bot-125x125.png","url":"https:\/\/portaltela.pt\/s.01k8rhncp4jt1\/2025\/11\/talking-bot-125x125.png","contentUrl":"https:\/\/portaltela.pt\/s.01k8rhncp4jt1\/2025\/11\/talking-bot-125x125.png","caption":"Telinha"},"sameAs":["https:\/\/portaltela.pt\/"],"url":"https:\/\/portaltela.pt\/por\/367410592786\/"}]}},"_links":{"self":[{"href":"https:\/\/portaltela.pt\/api\/wp\/v2\/posts\/210018","targetHints":{"allow":["GET"]}}],"collection":[{"href":"https:\/\/portaltela.pt\/api\/wp\/v2\/posts"}],"about":[{"href":"https:\/\/portaltela.pt\/api\/wp\/v2\/types\/post"}],"author":[{"embeddable":true,"href":"https:\/\/portaltela.pt\/api\/wp\/v2\/users\/2"}],"replies":[{"embeddable":true,"href":"https:\/\/portaltela.pt\/api\/wp\/v2\/comments?post=210018"}],"version-history":[{"count":0,"href":"https:\/\/portaltela.pt\/api\/wp\/v2\/posts\/210018\/revisions"}],"wp:featuredmedia":[{"embeddable":true,"href":"https:\/\/portaltela.pt\/api\/wp\/v2\/media\/210021"}],"wp:attachment":[{"href":"https:\/\/portaltela.pt\/api\/wp\/v2\/media?parent=210018"}],"wp:term":[{"taxonomy":"category","embeddable":true,"href":"https:\/\/portaltela.pt\/api\/wp\/v2\/categories?post=210018"},{"taxonomy":"post_tag","embeddable":true,"href":"https:\/\/portaltela.pt\/api\/wp\/v2\/tags?post=210018"}],"curies":[{"name":"wp","href":"https:\/\/api.w.org\/{rel}","templated":true}]}}