{"id":209993,"date":"2026-02-12T16:23:00","date_gmt":"2026-02-12T19:23:00","guid":{"rendered":"https:\/\/portaltela.pt\/noticias\/2026\/02\/12\/sandra-cavaca-transferida-para-a-uls-amadora-sintra-goes-pinheiro-regressa-aos-spms\/"},"modified":"2026-02-12T16:23:00","modified_gmt":"2026-02-12T19:23:00","slug":"sandra-cavaca-transferida-para-a-uls-amadora-sintra-goes-pinheiro-regressa-aos-spms","status":"publish","type":"post","link":"https:\/\/portaltela.pt\/noticias\/2026\/02\/12\/sandra-cavaca-transferida-para-a-uls-amadora-sintra-goes-pinheiro-regressa-aos-spms\/","title":{"rendered":"Sandra Cavaca transferida para a ULS Amadora-Sintra; Goes Pinheiro regressa aos SPMS"},"content":{"rendered":"<p>O Conselho de Ministros de 12 de Fevereiro nomeou Sandra Cavaca para presidir a ULS Amadora-Sintra. Lu\u00eds Goes Pinheiro regressa aos SPMS, ap\u00f3s liderar a entidade entre 2020 e 2023. O Governo escolheu ainda Miguel Paiva para presidir a ULS de S\u00e3o Jos\u00e9, vindo da ULS Entre Douro e Vouga.<\/p>\n<p>Sandra Cavaca \u00e9 licenciada em Organiza\u00e7\u00e3o e Gest\u00e3o de Empresas pelo ISCTE. A nomea\u00e7\u00e3o n\u00e3o inclui experi\u00eancia de gest\u00e3o hospitalar. Vai ocupar o lugar de Carlos S\u00e1, que apresentou demiss\u00e3o em Novembro, ap\u00f3s alegada informa\u00e7\u00e3o incompleta \u00e0 ministra da Sa\u00fade no caso da morte de uma gr\u00e1vida.<\/p>\n<p>A ULS Amadora-Sintra enfrenta pedidos de demiss\u00e3o internos, atribu\u00eddos \u00e0 press\u00e3o nas urg\u00eancias e \u00e0s limita\u00e7\u00f5es na cobertura de cuidados. No fim de 2024 registava mais de 191 mil utentes sem m\u00e9dico de fam\u00edlia.<\/p>\n<h3>Mudan\u00e7as na gest\u00e3o da ULS Amadora-Sintra e da SPMS<\/h3>\n<p>Goes Pinheiro, que deixa a presid\u00eancia dos SPMS, retorna \u00e0 institui\u00e7\u00e3o onde j\u00e1 liderou entre 2020 e 2023. O Conselho de Administra\u00e7\u00e3o fica completo com Joaquim Rodrigues e Isabel da Silva Baptista como vogais.<\/p>\n<p>Miguel Paiva assume a presid\u00eancia da ULS de S\u00e3o Jos\u00e9, substituindo Rosa Valente Matos, que n\u00e3o seria reconduzida. De fora ficam tamb\u00e9m mudan\u00e7as nos vogais Lu\u00eds Campos Pinheiro, Miguel Marques Ferreira, Eduardo de Brito Al\u00e7ada Castela, Teresa Cristina Vaz Fernandes e Susana Maria Sardinha Vieira Ramos.<\/p>\n","protected":false},"excerpt":{"rendered":"<ul>\n<li>Sandra Cavaca vai ser presidente da ULS Amadora-Sintra; Lu\u00eds Goes Pinheiro regressa aos Servi\u00e7os Partilhados do Minist\u00e9rio da Sa\u00fade (SPMS) para chefiar a ULS.<\/li>\n<li>O Conselho de Ministros nomeou vogais para a ULS Amadora-Sintra: Jo\u00e3o Serra, Ana Miranda, Nuno Ramos da Costa, Paulo Freitas e Gra\u00e7a de F\u00e1tima Gon\u00e7alves do Nascimento.<\/li>\n<li>Miguel Paiva \u00e9 nomeado presidente da ULS de S\u00e3o Jos\u00e9, substituindo Rosa Valente Matos.<\/li>\n<li>A equipa de gest\u00e3o da ULS de S\u00e3o Jos\u00e9 fica completa com os vogais Lu\u00eds Campos Pinheiro, Miguel Marques Ferreira, Eduardo de Brito Al\u00e7ada Castela, Teresa Cristina Vaz Fernandes e Susana Maria Sardinha Vieira Ramos.<\/li>\n<li>Contexto: Cavaca \u00e9 licenciada em Organiza\u00e7\u00e3o e Gest\u00e3o de Empresas pelo ISCTE; a ULS Amadora-Sintra tem press\u00e3o nas urg\u00eancias e sem m\u00e9dico de fam\u00edlia para mais de 191 mil utentes.<\/li>\n<\/ul>\n","protected":false},"author":2,"featured_media":209997,"comment_status":"closed","ping_status":"closed","sticky":false,"template":"","format":"standard","meta":{"footnotes":""},"categories":[1],"tags":[5837,168,2415,172,271,5836],"class_list":["post-209993","post","type-post","status-publish","format-standard","has-post-thumbnail","hentry","category-noticias","tag-a-amadora","tag-administracao-publica","tag-gestao","tag-saude","tag-saude-publica","tag-spms"],"yoast_head":"<!-- This site is optimized with the Yoast SEO plugin v27.2 - https:\/\/yoast.com\/product\/yoast-seo-wordpress\/ -->\n<title>Sandra Cavaca transferida para a ULS Amadora-Sintra; Goes Pinheiro regressa aos SPMS - Portal Tela Portugal<\/title>\n<meta name=\"robots\" content=\"index, follow, max-snippet:-1, max-image-preview:large, max-video-preview:-1\" \/>\n<meta property=\"og:locale\" content=\"pt_PT\" \/>\n<meta property=\"og:type\" content=\"article\" \/>\n<meta property=\"og:title\" content=\"Sandra Cavaca transferida para a ULS Amadora-Sintra; Goes Pinheiro regressa aos SPMS - Portal Tela Portugal\" \/>\n<meta property=\"og:description\" content=\"Sandra Cavaca vai ser presidente da ULS Amadora-Sintra; Lu\u00eds Goes Pinheiro regressa aos Servi\u00e7os Partilhados do Minist\u00e9rio da Sa\u00fade (SPMS) para chefiar a ULS. O Conselho de Ministros nomeou vogais para a ULS Amadora-Sintra: Jo\u00e3o Serra, Ana Miranda, Nuno Ramos da Costa, Paulo Freitas e Gra\u00e7a de F\u00e1tima Gon\u00e7alves do Nascimento. Miguel Paiva \u00e9 nomeado presidente da ULS de S\u00e3o Jos\u00e9, substituindo Rosa Valente Matos. A equipa de gest\u00e3o da ULS de S\u00e3o Jos\u00e9 fica completa com os vogais Lu\u00eds Campos Pinheiro, Miguel Marques Ferreira, Eduardo de Brito Al\u00e7ada Castela, Teresa Cristina Vaz Fernandes e Susana Maria Sardinha Vieira Ramos. Contexto: Cavaca \u00e9 licenciada em Organiza\u00e7\u00e3o e Gest\u00e3o de Empresas pelo ISCTE; a ULS Amadora-Sintra tem press\u00e3o nas urg\u00eancias e sem m\u00e9dico de fam\u00edlia para mais de 191 mil utentes.\" \/>\n<meta property=\"og:url\" content=\"https:\/\/portaltela.pt\/noticias\/2026\/02\/12\/sandra-cavaca-transferida-para-a-uls-amadora-sintra-goes-pinheiro-regressa-aos-spms\/\" \/>\n<meta property=\"og:site_name\" content=\"Portal Tela Portugal\" \/>\n<meta property=\"article:published_time\" content=\"2026-02-12T19:23:00+00:00\" \/>\n<meta name=\"author\" content=\"Telinha\" \/>\n<meta name=\"twitter:card\" content=\"summary_large_image\" \/>\n<meta name=\"twitter:label1\" content=\"Escrito por\" \/>\n\t<meta name=\"twitter:data1\" content=\"Telinha\" \/>\n\t<meta name=\"twitter:label2\" content=\"Tempo estimado de leitura\" \/>\n\t<meta name=\"twitter:data2\" content=\"1 minuto\" \/>\n<script type=\"application\/ld+json\" class=\"yoast-schema-graph\">{\"@context\":\"https:\/\/schema.org\",\"@graph\":[{\"@type\":\"Article\",\"@id\":\"https:\/\/portaltela.pt\/noticias\/2026\/02\/12\/sandra-cavaca-transferida-para-a-uls-amadora-sintra-goes-pinheiro-regressa-aos-spms\/#article\",\"isPartOf\":{\"@id\":\"https:\/\/portaltela.pt\/noticias\/2026\/02\/12\/sandra-cavaca-transferida-para-a-uls-amadora-sintra-goes-pinheiro-regressa-aos-spms\/\"},\"author\":{\"name\":\"Telinha\",\"@id\":\"https:\/\/portaltela.pt\/#\/schema\/person\/c4278d4a6028830caff9ee44b42d32ed\"},\"headline\":\"Sandra Cavaca transferida para a ULS Amadora-Sintra; Goes Pinheiro regressa aos SPMS\",\"datePublished\":\"2026-02-12T19:23:00+00:00\",\"mainEntityOfPage\":{\"@id\":\"https:\/\/portaltela.pt\/noticias\/2026\/02\/12\/sandra-cavaca-transferida-para-a-uls-amadora-sintra-goes-pinheiro-regressa-aos-spms\/\"},\"wordCount\":254,\"image\":{\"@id\":\"https:\/\/portaltela.pt\/noticias\/2026\/02\/12\/sandra-cavaca-transferida-para-a-uls-amadora-sintra-goes-pinheiro-regressa-aos-spms\/#primaryimage\"},\"thumbnailUrl\":\"https:\/\/portaltela.pt\/s.01k8rhncp4jt1\/2026\/02\/2066897.jpg\",\"keywords\":[\"A Amadora\",\"administra\u00e7\u00e3o p\u00fablica\",\"gest\u00e3o\",\"sa\u00fade\",\"sa\u00fade p\u00fablica\",\"SPMS\"],\"articleSection\":[\"Not\u00edcias\"],\"inLanguage\":\"pt-PT\"},{\"@type\":\"WebPage\",\"@id\":\"https:\/\/portaltela.pt\/noticias\/2026\/02\/12\/sandra-cavaca-transferida-para-a-uls-amadora-sintra-goes-pinheiro-regressa-aos-spms\/\",\"url\":\"https:\/\/portaltela.pt\/noticias\/2026\/02\/12\/sandra-cavaca-transferida-para-a-uls-amadora-sintra-goes-pinheiro-regressa-aos-spms\/\",\"name\":\"Sandra Cavaca transferida para a ULS Amadora-Sintra; Goes Pinheiro regressa aos SPMS - Portal Tela Portugal\",\"isPartOf\":{\"@id\":\"https:\/\/portaltela.pt\/#website\"},\"primaryImageOfPage\":{\"@id\":\"https:\/\/portaltela.pt\/noticias\/2026\/02\/12\/sandra-cavaca-transferida-para-a-uls-amadora-sintra-goes-pinheiro-regressa-aos-spms\/#primaryimage\"},\"image\":{\"@id\":\"https:\/\/portaltela.pt\/noticias\/2026\/02\/12\/sandra-cavaca-transferida-para-a-uls-amadora-sintra-goes-pinheiro-regressa-aos-spms\/#primaryimage\"},\"thumbnailUrl\":\"https:\/\/portaltela.pt\/s.01k8rhncp4jt1\/2026\/02\/2066897.jpg\",\"datePublished\":\"2026-02-12T19:23:00+00:00\",\"author\":{\"@id\":\"https:\/\/portaltela.pt\/#\/schema\/person\/c4278d4a6028830caff9ee44b42d32ed\"},\"breadcrumb\":{\"@id\":\"https:\/\/portaltela.pt\/noticias\/2026\/02\/12\/sandra-cavaca-transferida-para-a-uls-amadora-sintra-goes-pinheiro-regressa-aos-spms\/#breadcrumb\"},\"inLanguage\":\"pt-PT\",\"potentialAction\":[{\"@type\":\"ReadAction\",\"target\":[\"https:\/\/portaltela.pt\/noticias\/2026\/02\/12\/sandra-cavaca-transferida-para-a-uls-amadora-sintra-goes-pinheiro-regressa-aos-spms\/\"]}]},{\"@type\":\"ImageObject\",\"inLanguage\":\"pt-PT\",\"@id\":\"https:\/\/portaltela.pt\/noticias\/2026\/02\/12\/sandra-cavaca-transferida-para-a-uls-amadora-sintra-goes-pinheiro-regressa-aos-spms\/#primaryimage\",\"url\":\"https:\/\/portaltela.pt\/s.01k8rhncp4jt1\/2026\/02\/2066897.jpg\",\"contentUrl\":\"https:\/\/portaltela.pt\/s.01k8rhncp4jt1\/2026\/02\/2066897.jpg\",\"width\":796,\"height\":448,\"caption\":\"A ULS Amadora-Sintra tem enfrentado v\u00e1rios pedidos de demiss\u00e3o internos, em parte devido \u00e0 grande press\u00e3o que recai sobre as urg\u00eancias daquele hospital\"},{\"@type\":\"BreadcrumbList\",\"@id\":\"https:\/\/portaltela.pt\/noticias\/2026\/02\/12\/sandra-cavaca-transferida-para-a-uls-amadora-sintra-goes-pinheiro-regressa-aos-spms\/#breadcrumb\",\"itemListElement\":[{\"@type\":\"ListItem\",\"position\":1,\"name\":\"In\u00edcio\",\"item\":\"https:\/\/portaltela.pt\/\"},{\"@type\":\"ListItem\",\"position\":2,\"name\":\"Sandra Cavaca transferida para a ULS Amadora-Sintra; Goes Pinheiro regressa aos SPMS\"}]},{\"@type\":\"WebSite\",\"@id\":\"https:\/\/portaltela.pt\/#website\",\"url\":\"https:\/\/portaltela.pt\/\",\"name\":\"Portal Tela Portugal\",\"description\":\"\",\"potentialAction\":[{\"@type\":\"SearchAction\",\"target\":{\"@type\":\"EntryPoint\",\"urlTemplate\":\"https:\/\/portaltela.pt\/?s={search_term_string}\"},\"query-input\":{\"@type\":\"PropertyValueSpecification\",\"valueRequired\":true,\"valueName\":\"search_term_string\"}}],\"inLanguage\":\"pt-PT\"},{\"@type\":\"Person\",\"@id\":\"https:\/\/portaltela.pt\/#\/schema\/person\/c4278d4a6028830caff9ee44b42d32ed\",\"name\":\"Telinha\",\"image\":{\"@type\":\"ImageObject\",\"inLanguage\":\"pt-PT\",\"@id\":\"https:\/\/portaltela.pt\/s.01k8rhncp4jt1\/2025\/11\/talking-bot-125x125.png\",\"url\":\"https:\/\/portaltela.pt\/s.01k8rhncp4jt1\/2025\/11\/talking-bot-125x125.png\",\"contentUrl\":\"https:\/\/portaltela.pt\/s.01k8rhncp4jt1\/2025\/11\/talking-bot-125x125.png\",\"caption\":\"Telinha\"},\"sameAs\":[\"https:\/\/portaltela.pt\/\"],\"url\":\"https:\/\/portaltela.pt\/por\/367410592786\/\"}]}<\/script>\n<!-- \/ Yoast SEO plugin. -->","yoast_head_json":{"title":"Sandra Cavaca transferida para a ULS Amadora-Sintra; Goes Pinheiro regressa aos SPMS - Portal Tela Portugal","robots":{"index":"index","follow":"follow","max-snippet":"max-snippet:-1","max-image-preview":"max-image-preview:large","max-video-preview":"max-video-preview:-1"},"og_locale":"pt_PT","og_type":"article","og_title":"Sandra Cavaca transferida para a ULS Amadora-Sintra; Goes Pinheiro regressa aos SPMS - Portal Tela Portugal","og_description":"Sandra Cavaca vai ser presidente da ULS Amadora-Sintra; Lu\u00eds Goes Pinheiro regressa aos Servi\u00e7os Partilhados do Minist\u00e9rio da Sa\u00fade (SPMS) para chefiar a ULS. O Conselho de Ministros nomeou vogais para a ULS Amadora-Sintra: Jo\u00e3o Serra, Ana Miranda, Nuno Ramos da Costa, Paulo Freitas e Gra\u00e7a de F\u00e1tima Gon\u00e7alves do Nascimento. Miguel Paiva \u00e9 nomeado presidente da ULS de S\u00e3o Jos\u00e9, substituindo Rosa Valente Matos. A equipa de gest\u00e3o da ULS de S\u00e3o Jos\u00e9 fica completa com os vogais Lu\u00eds Campos Pinheiro, Miguel Marques Ferreira, Eduardo de Brito Al\u00e7ada Castela, Teresa Cristina Vaz Fernandes e Susana Maria Sardinha Vieira Ramos. Contexto: Cavaca \u00e9 licenciada em Organiza\u00e7\u00e3o e Gest\u00e3o de Empresas pelo ISCTE; a ULS Amadora-Sintra tem press\u00e3o nas urg\u00eancias e sem m\u00e9dico de fam\u00edlia para mais de 191 mil utentes.","og_url":"https:\/\/portaltela.pt\/noticias\/2026\/02\/12\/sandra-cavaca-transferida-para-a-uls-amadora-sintra-goes-pinheiro-regressa-aos-spms\/","og_site_name":"Portal Tela Portugal","article_published_time":"2026-02-12T19:23:00+00:00","author":"Telinha","twitter_card":"summary_large_image","twitter_misc":{"Escrito por":"Telinha","Tempo estimado de leitura":"1 minuto"},"schema":{"@context":"https:\/\/schema.org","@graph":[{"@type":"Article","@id":"https:\/\/portaltela.pt\/noticias\/2026\/02\/12\/sandra-cavaca-transferida-para-a-uls-amadora-sintra-goes-pinheiro-regressa-aos-spms\/#article","isPartOf":{"@id":"https:\/\/portaltela.pt\/noticias\/2026\/02\/12\/sandra-cavaca-transferida-para-a-uls-amadora-sintra-goes-pinheiro-regressa-aos-spms\/"},"author":{"name":"Telinha","@id":"https:\/\/portaltela.pt\/#\/schema\/person\/c4278d4a6028830caff9ee44b42d32ed"},"headline":"Sandra Cavaca transferida para a ULS Amadora-Sintra; Goes Pinheiro regressa aos SPMS","datePublished":"2026-02-12T19:23:00+00:00","mainEntityOfPage":{"@id":"https:\/\/portaltela.pt\/noticias\/2026\/02\/12\/sandra-cavaca-transferida-para-a-uls-amadora-sintra-goes-pinheiro-regressa-aos-spms\/"},"wordCount":254,"image":{"@id":"https:\/\/portaltela.pt\/noticias\/2026\/02\/12\/sandra-cavaca-transferida-para-a-uls-amadora-sintra-goes-pinheiro-regressa-aos-spms\/#primaryimage"},"thumbnailUrl":"https:\/\/portaltela.pt\/s.01k8rhncp4jt1\/2026\/02\/2066897.jpg","keywords":["A Amadora","administra\u00e7\u00e3o p\u00fablica","gest\u00e3o","sa\u00fade","sa\u00fade p\u00fablica","SPMS"],"articleSection":["Not\u00edcias"],"inLanguage":"pt-PT"},{"@type":"WebPage","@id":"https:\/\/portaltela.pt\/noticias\/2026\/02\/12\/sandra-cavaca-transferida-para-a-uls-amadora-sintra-goes-pinheiro-regressa-aos-spms\/","url":"https:\/\/portaltela.pt\/noticias\/2026\/02\/12\/sandra-cavaca-transferida-para-a-uls-amadora-sintra-goes-pinheiro-regressa-aos-spms\/","name":"Sandra Cavaca transferida para a ULS Amadora-Sintra; Goes Pinheiro regressa aos SPMS - Portal Tela Portugal","isPartOf":{"@id":"https:\/\/portaltela.pt\/#website"},"primaryImageOfPage":{"@id":"https:\/\/portaltela.pt\/noticias\/2026\/02\/12\/sandra-cavaca-transferida-para-a-uls-amadora-sintra-goes-pinheiro-regressa-aos-spms\/#primaryimage"},"image":{"@id":"https:\/\/portaltela.pt\/noticias\/2026\/02\/12\/sandra-cavaca-transferida-para-a-uls-amadora-sintra-goes-pinheiro-regressa-aos-spms\/#primaryimage"},"thumbnailUrl":"https:\/\/portaltela.pt\/s.01k8rhncp4jt1\/2026\/02\/2066897.jpg","datePublished":"2026-02-12T19:23:00+00:00","author":{"@id":"https:\/\/portaltela.pt\/#\/schema\/person\/c4278d4a6028830caff9ee44b42d32ed"},"breadcrumb":{"@id":"https:\/\/portaltela.pt\/noticias\/2026\/02\/12\/sandra-cavaca-transferida-para-a-uls-amadora-sintra-goes-pinheiro-regressa-aos-spms\/#breadcrumb"},"inLanguage":"pt-PT","potentialAction":[{"@type":"ReadAction","target":["https:\/\/portaltela.pt\/noticias\/2026\/02\/12\/sandra-cavaca-transferida-para-a-uls-amadora-sintra-goes-pinheiro-regressa-aos-spms\/"]}]},{"@type":"ImageObject","inLanguage":"pt-PT","@id":"https:\/\/portaltela.pt\/noticias\/2026\/02\/12\/sandra-cavaca-transferida-para-a-uls-amadora-sintra-goes-pinheiro-regressa-aos-spms\/#primaryimage","url":"https:\/\/portaltela.pt\/s.01k8rhncp4jt1\/2026\/02\/2066897.jpg","contentUrl":"https:\/\/portaltela.pt\/s.01k8rhncp4jt1\/2026\/02\/2066897.jpg","width":796,"height":448,"caption":"A ULS Amadora-Sintra tem enfrentado v\u00e1rios pedidos de demiss\u00e3o internos, em parte devido \u00e0 grande press\u00e3o que recai sobre as urg\u00eancias daquele hospital"},{"@type":"BreadcrumbList","@id":"https:\/\/portaltela.pt\/noticias\/2026\/02\/12\/sandra-cavaca-transferida-para-a-uls-amadora-sintra-goes-pinheiro-regressa-aos-spms\/#breadcrumb","itemListElement":[{"@type":"ListItem","position":1,"name":"In\u00edcio","item":"https:\/\/portaltela.pt\/"},{"@type":"ListItem","position":2,"name":"Sandra Cavaca transferida para a ULS Amadora-Sintra; Goes Pinheiro regressa aos SPMS"}]},{"@type":"WebSite","@id":"https:\/\/portaltela.pt\/#website","url":"https:\/\/portaltela.pt\/","name":"Portal Tela Portugal","description":"","potentialAction":[{"@type":"SearchAction","target":{"@type":"EntryPoint","urlTemplate":"https:\/\/portaltela.pt\/?s={search_term_string}"},"query-input":{"@type":"PropertyValueSpecification","valueRequired":true,"valueName":"search_term_string"}}],"inLanguage":"pt-PT"},{"@type":"Person","@id":"https:\/\/portaltela.pt\/#\/schema\/person\/c4278d4a6028830caff9ee44b42d32ed","name":"Telinha","image":{"@type":"ImageObject","inLanguage":"pt-PT","@id":"https:\/\/portaltela.pt\/s.01k8rhncp4jt1\/2025\/11\/talking-bot-125x125.png","url":"https:\/\/portaltela.pt\/s.01k8rhncp4jt1\/2025\/11\/talking-bot-125x125.png","contentUrl":"https:\/\/portaltela.pt\/s.01k8rhncp4jt1\/2025\/11\/talking-bot-125x125.png","caption":"Telinha"},"sameAs":["https:\/\/portaltela.pt\/"],"url":"https:\/\/portaltela.pt\/por\/367410592786\/"}]}},"_links":{"self":[{"href":"https:\/\/portaltela.pt\/api\/wp\/v2\/posts\/209993","targetHints":{"allow":["GET"]}}],"collection":[{"href":"https:\/\/portaltela.pt\/api\/wp\/v2\/posts"}],"about":[{"href":"https:\/\/portaltela.pt\/api\/wp\/v2\/types\/post"}],"author":[{"embeddable":true,"href":"https:\/\/portaltela.pt\/api\/wp\/v2\/users\/2"}],"replies":[{"embeddable":true,"href":"https:\/\/portaltela.pt\/api\/wp\/v2\/comments?post=209993"}],"version-history":[{"count":0,"href":"https:\/\/portaltela.pt\/api\/wp\/v2\/posts\/209993\/revisions"}],"wp:featuredmedia":[{"embeddable":true,"href":"https:\/\/portaltela.pt\/api\/wp\/v2\/media\/209997"}],"wp:attachment":[{"href":"https:\/\/portaltela.pt\/api\/wp\/v2\/media?parent=209993"}],"wp:term":[{"taxonomy":"category","embeddable":true,"href":"https:\/\/portaltela.pt\/api\/wp\/v2\/categories?post=209993"},{"taxonomy":"post_tag","embeddable":true,"href":"https:\/\/portaltela.pt\/api\/wp\/v2\/tags?post=209993"}],"curies":[{"name":"wp","href":"https:\/\/api.w.org\/{rel}","templated":true}]}}