{"id":209984,"date":"2026-02-12T16:13:00","date_gmt":"2026-02-12T19:13:00","guid":{"rendered":"https:\/\/portaltela.pt\/noticias\/2026\/02\/12\/camaras-nas-creches-beneficios-e-riscos-em-debate\/"},"modified":"2026-02-12T16:13:00","modified_gmt":"2026-02-12T19:13:00","slug":"camaras-nas-creches-beneficios-e-riscos-em-debate","status":"publish","type":"post","link":"https:\/\/portaltela.pt\/noticias\/2026\/02\/12\/camaras-nas-creches-beneficios-e-riscos-em-debate\/","title":{"rendered":"C\u00e2maras nas creches: benef\u00edcios e riscos em debate"},"content":{"rendered":"<p>Um caso de alegados maus-tratos numa creche de Lisboa provocou indigna\u00e7\u00e3o nas redes sociais, com cr\u00edticas \u00e0 atua\u00e7\u00e3o da institui\u00e7\u00e3o. O epis\u00f3dio levou a pedidos de vigil\u00e2ncia por c\u00e2maras nos infant\u00e1rios e jardins-de-inf\u00e2ncia, que ganharam popularidade entre os utilizadores.<\/p>\n<p>Sociedade civil e familiares t\u00eam debatido o tema nas redes, entre defensores da monitoriza\u00e7\u00e3o cont\u00ednua e quem aponta riscos de privacidade. Enquanto a PSP abriu uma investiga\u00e7\u00e3o, a creche envolve-se numa investiga\u00e7\u00e3o j\u00e1 em curso. O caso ganhou eco nacional, gerando v\u00e1rios lonas de opini\u00e3o.<\/p>\n<p>Birras de M\u00e3e, o podcast semanal, decidiu abordar o assunto, explorando os pr\u00f3s e os contras da vigil\u00e2ncia do dia-a-dia das crian\u00e7as. O programa procura apresentar dados de estudos sobre o assunto, sem emitir julgamentos, com o objetivo de esclarecer o tema.<\/p>\n<h3>Estudos sobre vigil\u00e2ncia em creches<\/h3>\n<p>O epis\u00f3dio analisa evid\u00eancias cient\u00edficas dispon\u00edveis sobre monitoriza\u00e7\u00e3o em contextos de inf\u00e2ncia. A equipa do podcast pretende comparar benef\u00edcios de seguran\u00e7a com potenciais impactos na privacidade e na autonomia das crian\u00e7as. O tema \u00e9 explorado a partir de v\u00e1rias perspetivas.<\/p>\n<p>O Birras de M\u00e3e est\u00e1 dispon\u00edvel todas as quintas-feiras em plataformas como Apple Podcasts e Spotify, com conte\u00fados que visam explicar conceitos e facilitar o entendimento p\u00fablico. A produ\u00e7\u00e3o mant\u00e9m o foco informativo e n\u00e3o assume posi\u00e7\u00e3o definitiva sobre o tema.<\/p>\n","protected":false},"excerpt":{"rendered":"<ul>\n<li>Um caso de alegados maus-tratos numa creche em Lisboa provocou indigna\u00e7\u00e3o nas redes e pedidos por c\u00e2maras nos infant\u00e1rios.<\/li>\n<li>Algumas pessoas questionam os pr\u00f3s e contras da vigil\u00e2ncia, tema que a dupla Birras de M\u00e3e investiga.<\/li>\n<li>O epis\u00f3dio de hoje aborda, de forma serena, o que os estudos dizem sobre vigiar o dia-a-dia dos filhos.<\/li>\n<li>Birras de M\u00e3e \u00e9 lan\u00e7ado todas as quintas-feiras e est\u00e1 dispon\u00edvel em Apple Podcasts, Spotify e outras apps de podcasts.<\/li>\n<li>O p\u00fablico \u00e9 convidado a partilhar a sua opini\u00e3o sobre o tema.<\/li>\n<\/ul>\n","protected":false},"author":2,"featured_media":209992,"comment_status":"closed","ping_status":"closed","sticky":false,"template":"","format":"standard","meta":{"footnotes":""},"categories":[1],"tags":[1759,1698,3562,2181,250,3045],"class_list":["post-209984","post","type-post","status-publish","format-standard","has-post-thumbnail","hentry","category-noticias","tag-infancia","tag-infantil","tag-privacidade","tag-protecao-de-menores","tag-seguranca-publica","tag-vigilancia-electronica"],"yoast_head":"<!-- This site is optimized with the Yoast SEO plugin v27.2 - https:\/\/yoast.com\/product\/yoast-seo-wordpress\/ -->\n<title>C\u00e2maras nas creches: benef\u00edcios e riscos em debate - Portal Tela Portugal<\/title>\n<meta name=\"robots\" content=\"index, follow, max-snippet:-1, max-image-preview:large, max-video-preview:-1\" \/>\n<meta property=\"og:locale\" content=\"pt_PT\" \/>\n<meta property=\"og:type\" content=\"article\" \/>\n<meta property=\"og:title\" content=\"C\u00e2maras nas creches: benef\u00edcios e riscos em debate - Portal Tela Portugal\" \/>\n<meta property=\"og:description\" content=\"Um caso de alegados maus-tratos numa creche em Lisboa provocou indigna\u00e7\u00e3o nas redes e pedidos por c\u00e2maras nos infant\u00e1rios. Algumas pessoas questionam os pr\u00f3s e contras da vigil\u00e2ncia, tema que a dupla Birras de M\u00e3e investiga. O epis\u00f3dio de hoje aborda, de forma serena, o que os estudos dizem sobre vigiar o dia-a-dia dos filhos. Birras de M\u00e3e \u00e9 lan\u00e7ado todas as quintas-feiras e est\u00e1 dispon\u00edvel em Apple Podcasts, Spotify e outras apps de podcasts. O p\u00fablico \u00e9 convidado a partilhar a sua opini\u00e3o sobre o tema.\" \/>\n<meta property=\"og:url\" content=\"https:\/\/portaltela.pt\/noticias\/2026\/02\/12\/camaras-nas-creches-beneficios-e-riscos-em-debate\/\" \/>\n<meta property=\"og:site_name\" content=\"Portal Tela Portugal\" \/>\n<meta property=\"article:published_time\" content=\"2026-02-12T19:13:00+00:00\" \/>\n<meta name=\"author\" content=\"Telinha\" \/>\n<meta name=\"twitter:card\" content=\"summary_large_image\" \/>\n<meta name=\"twitter:label1\" content=\"Escrito por\" \/>\n\t<meta name=\"twitter:data1\" content=\"Telinha\" \/>\n\t<meta name=\"twitter:label2\" content=\"Tempo estimado de leitura\" \/>\n\t<meta name=\"twitter:data2\" content=\"1 minuto\" \/>\n<script type=\"application\/ld+json\" class=\"yoast-schema-graph\">{\"@context\":\"https:\/\/schema.org\",\"@graph\":[{\"@type\":\"Article\",\"@id\":\"https:\/\/portaltela.pt\/noticias\/2026\/02\/12\/camaras-nas-creches-beneficios-e-riscos-em-debate\/#article\",\"isPartOf\":{\"@id\":\"https:\/\/portaltela.pt\/noticias\/2026\/02\/12\/camaras-nas-creches-beneficios-e-riscos-em-debate\/\"},\"author\":{\"name\":\"Telinha\",\"@id\":\"https:\/\/portaltela.pt\/#\/schema\/person\/c4278d4a6028830caff9ee44b42d32ed\"},\"headline\":\"C\u00e2maras nas creches: benef\u00edcios e riscos em debate\",\"datePublished\":\"2026-02-12T19:13:00+00:00\",\"mainEntityOfPage\":{\"@id\":\"https:\/\/portaltela.pt\/noticias\/2026\/02\/12\/camaras-nas-creches-beneficios-e-riscos-em-debate\/\"},\"wordCount\":259,\"image\":{\"@id\":\"https:\/\/portaltela.pt\/noticias\/2026\/02\/12\/camaras-nas-creches-beneficios-e-riscos-em-debate\/#primaryimage\"},\"thumbnailUrl\":\"https:\/\/portaltela.pt\/s.01k8rhncp4jt1\/2026\/02\/2066817.jpg\",\"keywords\":[\"inf\u00e2ncia\",\"infantil\",\"privacidade\",\"prote\u00e7\u00e3o de menores\",\"seguran\u00e7a p\u00fablica\",\"vigil\u00e2ncia electr\u00f3nica\"],\"articleSection\":[\"Not\u00edcias\"],\"inLanguage\":\"pt-PT\"},{\"@type\":\"WebPage\",\"@id\":\"https:\/\/portaltela.pt\/noticias\/2026\/02\/12\/camaras-nas-creches-beneficios-e-riscos-em-debate\/\",\"url\":\"https:\/\/portaltela.pt\/noticias\/2026\/02\/12\/camaras-nas-creches-beneficios-e-riscos-em-debate\/\",\"name\":\"C\u00e2maras nas creches: benef\u00edcios e riscos em debate - Portal Tela Portugal\",\"isPartOf\":{\"@id\":\"https:\/\/portaltela.pt\/#website\"},\"primaryImageOfPage\":{\"@id\":\"https:\/\/portaltela.pt\/noticias\/2026\/02\/12\/camaras-nas-creches-beneficios-e-riscos-em-debate\/#primaryimage\"},\"image\":{\"@id\":\"https:\/\/portaltela.pt\/noticias\/2026\/02\/12\/camaras-nas-creches-beneficios-e-riscos-em-debate\/#primaryimage\"},\"thumbnailUrl\":\"https:\/\/portaltela.pt\/s.01k8rhncp4jt1\/2026\/02\/2066817.jpg\",\"datePublished\":\"2026-02-12T19:13:00+00:00\",\"author\":{\"@id\":\"https:\/\/portaltela.pt\/#\/schema\/person\/c4278d4a6028830caff9ee44b42d32ed\"},\"breadcrumb\":{\"@id\":\"https:\/\/portaltela.pt\/noticias\/2026\/02\/12\/camaras-nas-creches-beneficios-e-riscos-em-debate\/#breadcrumb\"},\"inLanguage\":\"pt-PT\",\"potentialAction\":[{\"@type\":\"ReadAction\",\"target\":[\"https:\/\/portaltela.pt\/noticias\/2026\/02\/12\/camaras-nas-creches-beneficios-e-riscos-em-debate\/\"]}]},{\"@type\":\"ImageObject\",\"inLanguage\":\"pt-PT\",\"@id\":\"https:\/\/portaltela.pt\/noticias\/2026\/02\/12\/camaras-nas-creches-beneficios-e-riscos-em-debate\/#primaryimage\",\"url\":\"https:\/\/portaltela.pt\/s.01k8rhncp4jt1\/2026\/02\/2066817.jpg\",\"contentUrl\":\"https:\/\/portaltela.pt\/s.01k8rhncp4jt1\/2026\/02\/2066817.jpg\",\"width\":796,\"height\":448,\"caption\":\"Photo\"},{\"@type\":\"BreadcrumbList\",\"@id\":\"https:\/\/portaltela.pt\/noticias\/2026\/02\/12\/camaras-nas-creches-beneficios-e-riscos-em-debate\/#breadcrumb\",\"itemListElement\":[{\"@type\":\"ListItem\",\"position\":1,\"name\":\"In\u00edcio\",\"item\":\"https:\/\/portaltela.pt\/\"},{\"@type\":\"ListItem\",\"position\":2,\"name\":\"C\u00e2maras nas creches: benef\u00edcios e riscos em debate\"}]},{\"@type\":\"WebSite\",\"@id\":\"https:\/\/portaltela.pt\/#website\",\"url\":\"https:\/\/portaltela.pt\/\",\"name\":\"Portal Tela Portugal\",\"description\":\"\",\"potentialAction\":[{\"@type\":\"SearchAction\",\"target\":{\"@type\":\"EntryPoint\",\"urlTemplate\":\"https:\/\/portaltela.pt\/?s={search_term_string}\"},\"query-input\":{\"@type\":\"PropertyValueSpecification\",\"valueRequired\":true,\"valueName\":\"search_term_string\"}}],\"inLanguage\":\"pt-PT\"},{\"@type\":\"Person\",\"@id\":\"https:\/\/portaltela.pt\/#\/schema\/person\/c4278d4a6028830caff9ee44b42d32ed\",\"name\":\"Telinha\",\"image\":{\"@type\":\"ImageObject\",\"inLanguage\":\"pt-PT\",\"@id\":\"https:\/\/portaltela.pt\/s.01k8rhncp4jt1\/2025\/11\/talking-bot-125x125.png\",\"url\":\"https:\/\/portaltela.pt\/s.01k8rhncp4jt1\/2025\/11\/talking-bot-125x125.png\",\"contentUrl\":\"https:\/\/portaltela.pt\/s.01k8rhncp4jt1\/2025\/11\/talking-bot-125x125.png\",\"caption\":\"Telinha\"},\"sameAs\":[\"https:\/\/portaltela.pt\/\"],\"url\":\"https:\/\/portaltela.pt\/por\/367410592786\/\"}]}<\/script>\n<!-- \/ Yoast SEO plugin. -->","yoast_head_json":{"title":"C\u00e2maras nas creches: benef\u00edcios e riscos em debate - Portal Tela Portugal","robots":{"index":"index","follow":"follow","max-snippet":"max-snippet:-1","max-image-preview":"max-image-preview:large","max-video-preview":"max-video-preview:-1"},"og_locale":"pt_PT","og_type":"article","og_title":"C\u00e2maras nas creches: benef\u00edcios e riscos em debate - Portal Tela Portugal","og_description":"Um caso de alegados maus-tratos numa creche em Lisboa provocou indigna\u00e7\u00e3o nas redes e pedidos por c\u00e2maras nos infant\u00e1rios. Algumas pessoas questionam os pr\u00f3s e contras da vigil\u00e2ncia, tema que a dupla Birras de M\u00e3e investiga. O epis\u00f3dio de hoje aborda, de forma serena, o que os estudos dizem sobre vigiar o dia-a-dia dos filhos. Birras de M\u00e3e \u00e9 lan\u00e7ado todas as quintas-feiras e est\u00e1 dispon\u00edvel em Apple Podcasts, Spotify e outras apps de podcasts. O p\u00fablico \u00e9 convidado a partilhar a sua opini\u00e3o sobre o tema.","og_url":"https:\/\/portaltela.pt\/noticias\/2026\/02\/12\/camaras-nas-creches-beneficios-e-riscos-em-debate\/","og_site_name":"Portal Tela Portugal","article_published_time":"2026-02-12T19:13:00+00:00","author":"Telinha","twitter_card":"summary_large_image","twitter_misc":{"Escrito por":"Telinha","Tempo estimado de leitura":"1 minuto"},"schema":{"@context":"https:\/\/schema.org","@graph":[{"@type":"Article","@id":"https:\/\/portaltela.pt\/noticias\/2026\/02\/12\/camaras-nas-creches-beneficios-e-riscos-em-debate\/#article","isPartOf":{"@id":"https:\/\/portaltela.pt\/noticias\/2026\/02\/12\/camaras-nas-creches-beneficios-e-riscos-em-debate\/"},"author":{"name":"Telinha","@id":"https:\/\/portaltela.pt\/#\/schema\/person\/c4278d4a6028830caff9ee44b42d32ed"},"headline":"C\u00e2maras nas creches: benef\u00edcios e riscos em debate","datePublished":"2026-02-12T19:13:00+00:00","mainEntityOfPage":{"@id":"https:\/\/portaltela.pt\/noticias\/2026\/02\/12\/camaras-nas-creches-beneficios-e-riscos-em-debate\/"},"wordCount":259,"image":{"@id":"https:\/\/portaltela.pt\/noticias\/2026\/02\/12\/camaras-nas-creches-beneficios-e-riscos-em-debate\/#primaryimage"},"thumbnailUrl":"https:\/\/portaltela.pt\/s.01k8rhncp4jt1\/2026\/02\/2066817.jpg","keywords":["inf\u00e2ncia","infantil","privacidade","prote\u00e7\u00e3o de menores","seguran\u00e7a p\u00fablica","vigil\u00e2ncia electr\u00f3nica"],"articleSection":["Not\u00edcias"],"inLanguage":"pt-PT"},{"@type":"WebPage","@id":"https:\/\/portaltela.pt\/noticias\/2026\/02\/12\/camaras-nas-creches-beneficios-e-riscos-em-debate\/","url":"https:\/\/portaltela.pt\/noticias\/2026\/02\/12\/camaras-nas-creches-beneficios-e-riscos-em-debate\/","name":"C\u00e2maras nas creches: benef\u00edcios e riscos em debate - Portal Tela Portugal","isPartOf":{"@id":"https:\/\/portaltela.pt\/#website"},"primaryImageOfPage":{"@id":"https:\/\/portaltela.pt\/noticias\/2026\/02\/12\/camaras-nas-creches-beneficios-e-riscos-em-debate\/#primaryimage"},"image":{"@id":"https:\/\/portaltela.pt\/noticias\/2026\/02\/12\/camaras-nas-creches-beneficios-e-riscos-em-debate\/#primaryimage"},"thumbnailUrl":"https:\/\/portaltela.pt\/s.01k8rhncp4jt1\/2026\/02\/2066817.jpg","datePublished":"2026-02-12T19:13:00+00:00","author":{"@id":"https:\/\/portaltela.pt\/#\/schema\/person\/c4278d4a6028830caff9ee44b42d32ed"},"breadcrumb":{"@id":"https:\/\/portaltela.pt\/noticias\/2026\/02\/12\/camaras-nas-creches-beneficios-e-riscos-em-debate\/#breadcrumb"},"inLanguage":"pt-PT","potentialAction":[{"@type":"ReadAction","target":["https:\/\/portaltela.pt\/noticias\/2026\/02\/12\/camaras-nas-creches-beneficios-e-riscos-em-debate\/"]}]},{"@type":"ImageObject","inLanguage":"pt-PT","@id":"https:\/\/portaltela.pt\/noticias\/2026\/02\/12\/camaras-nas-creches-beneficios-e-riscos-em-debate\/#primaryimage","url":"https:\/\/portaltela.pt\/s.01k8rhncp4jt1\/2026\/02\/2066817.jpg","contentUrl":"https:\/\/portaltela.pt\/s.01k8rhncp4jt1\/2026\/02\/2066817.jpg","width":796,"height":448,"caption":"Photo"},{"@type":"BreadcrumbList","@id":"https:\/\/portaltela.pt\/noticias\/2026\/02\/12\/camaras-nas-creches-beneficios-e-riscos-em-debate\/#breadcrumb","itemListElement":[{"@type":"ListItem","position":1,"name":"In\u00edcio","item":"https:\/\/portaltela.pt\/"},{"@type":"ListItem","position":2,"name":"C\u00e2maras nas creches: benef\u00edcios e riscos em debate"}]},{"@type":"WebSite","@id":"https:\/\/portaltela.pt\/#website","url":"https:\/\/portaltela.pt\/","name":"Portal Tela Portugal","description":"","potentialAction":[{"@type":"SearchAction","target":{"@type":"EntryPoint","urlTemplate":"https:\/\/portaltela.pt\/?s={search_term_string}"},"query-input":{"@type":"PropertyValueSpecification","valueRequired":true,"valueName":"search_term_string"}}],"inLanguage":"pt-PT"},{"@type":"Person","@id":"https:\/\/portaltela.pt\/#\/schema\/person\/c4278d4a6028830caff9ee44b42d32ed","name":"Telinha","image":{"@type":"ImageObject","inLanguage":"pt-PT","@id":"https:\/\/portaltela.pt\/s.01k8rhncp4jt1\/2025\/11\/talking-bot-125x125.png","url":"https:\/\/portaltela.pt\/s.01k8rhncp4jt1\/2025\/11\/talking-bot-125x125.png","contentUrl":"https:\/\/portaltela.pt\/s.01k8rhncp4jt1\/2025\/11\/talking-bot-125x125.png","caption":"Telinha"},"sameAs":["https:\/\/portaltela.pt\/"],"url":"https:\/\/portaltela.pt\/por\/367410592786\/"}]}},"_links":{"self":[{"href":"https:\/\/portaltela.pt\/api\/wp\/v2\/posts\/209984","targetHints":{"allow":["GET"]}}],"collection":[{"href":"https:\/\/portaltela.pt\/api\/wp\/v2\/posts"}],"about":[{"href":"https:\/\/portaltela.pt\/api\/wp\/v2\/types\/post"}],"author":[{"embeddable":true,"href":"https:\/\/portaltela.pt\/api\/wp\/v2\/users\/2"}],"replies":[{"embeddable":true,"href":"https:\/\/portaltela.pt\/api\/wp\/v2\/comments?post=209984"}],"version-history":[{"count":0,"href":"https:\/\/portaltela.pt\/api\/wp\/v2\/posts\/209984\/revisions"}],"wp:featuredmedia":[{"embeddable":true,"href":"https:\/\/portaltela.pt\/api\/wp\/v2\/media\/209992"}],"wp:attachment":[{"href":"https:\/\/portaltela.pt\/api\/wp\/v2\/media?parent=209984"}],"wp:term":[{"taxonomy":"category","embeddable":true,"href":"https:\/\/portaltela.pt\/api\/wp\/v2\/categories?post=209984"},{"taxonomy":"post_tag","embeddable":true,"href":"https:\/\/portaltela.pt\/api\/wp\/v2\/tags?post=209984"}],"curies":[{"name":"wp","href":"https:\/\/api.w.org\/{rel}","templated":true}]}}