{"id":209949,"date":"2026-02-12T16:14:20","date_gmt":"2026-02-12T19:14:20","guid":{"rendered":"https:\/\/portaltela.pt\/noticias\/2026\/02\/12\/marcelo-antecipa-tarefa-longa-para-recuperar-fundos-europeus-desviados\/"},"modified":"2026-02-12T16:14:20","modified_gmt":"2026-02-12T19:14:20","slug":"marcelo-antecipa-tarefa-longa-para-recuperar-fundos-europeus-desviados","status":"publish","type":"post","link":"https:\/\/portaltela.pt\/noticias\/politica\/2026\/02\/12\/marcelo-antecipa-tarefa-longa-para-recuperar-fundos-europeus-desviados\/","title":{"rendered":"Marcelo antecipa tarefa longa para recuperar fundos europeus desviados"},"content":{"rendered":"<p>Marcelo Rebelo de Sousa afirmou hoje que a recupera\u00e7\u00e3o dos efeitos das tempestades ser\u00e1 longa e exigir\u00e1 apoio de autarquias e do Governo, com custos acima do inicialmente estimado. O Presidente falou no ISEG, em Lisboa.<\/p>\n<p>Entre reconhecimentos, apontou danos significativos em infraestruturas importantes, destacando a A1, cuja repara\u00e7\u00e3o requer abordagem cautelosa sem alarmismo, mas sem facilitarismos. A ideia \u00e9 enfrentar o impacto com seriedade.<\/p>\n<p>O chefe de Estado salientou que a tarefa vai ocupar a vida de muitos autarcas e uma parte relevante do tempo do Governo nos pr\u00f3ximos anos. O desafio inclui planeamento financeiro e coordena\u00e7\u00e3o entre entidades p\u00fablicas.<\/p>\n<p>Marcelo Rebelo de Sousa sublinhou ainda que as comunidades locais enfrentam constrangimentos de tesouraria, necessitando de refor\u00e7os substanciais para responder \u00e0s consequ\u00eancias das vagas de intemp\u00e9ries.<\/p>\n<p>Sobre os montantes, o Presidente referiu um desvio de fundos europeus, que estavam destinados a projetos de crescimento e inova\u00e7\u00e3o, mas que poder\u00e3o ser canalizados para a reconstru\u00e7\u00e3o das zonas afetadas, incluindo capacita\u00e7\u00f5es empresariais atingidas.<\/p>\n","protected":false},"excerpt":{"rendered":"<ul>\n<li>O Presidente da Rep\u00fablica, Marcelo Rebelo de Sousa, afirmou que a recupera\u00e7\u00e3o das tempestades ser\u00e1 longa para autarquias e Governo, com custos mais altos e desvio de fundos europeus.<\/li>\n<li>Real\u00e7ou danos em infraestruturas importantes, como a A1, e pediu que a resposta seja enfrentada sem alarmismo nem facilitismo.<\/li>\n<li>Anteviu que a tarefa vai ocupar praticamente a vida de muitos autarcas e uma parte significativa da vida do Governo nos pr\u00f3ximos tr\u00eas a quatro anos.<\/li>\n<li>Observou que os munic\u00edpios n\u00e3o t\u00eam dinheiro sem refor\u00e7o, e o Estado est\u00e1 a refazer os c\u00e1lculos dos montantes necess\u00e1rios.<\/li>\n<li>Segundo o chefe de Estado, haver\u00e1 desvio de fundos europeus, que ficariam noutros investimentos, para a reconstru\u00e7\u00e3o das zonas afetadas, incluindo capacidades empresariais \u062a\u0623 atingidas.<\/li>\n<\/ul>\n","protected":false},"author":2,"featured_media":209967,"comment_status":"closed","ping_status":"closed","sticky":false,"template":"","format":"standard","meta":{"footnotes":""},"categories":[1,5],"tags":[168,2706,865,2417,2501,34],"class_list":["post-209949","post","type-post","status-publish","format-standard","has-post-thumbnail","hentry","category-noticias","category-politica","tag-administracao-publica","tag-autarquias","tag-desvio-de-fundos","tag-financiamento","tag-fundos-europeus","tag-governo"],"yoast_head":"<!-- This site is optimized with the Yoast SEO plugin v27.2 - https:\/\/yoast.com\/product\/yoast-seo-wordpress\/ -->\n<title>Marcelo antecipa tarefa longa para recuperar fundos europeus desviados - Portal Tela Portugal<\/title>\n<meta name=\"robots\" content=\"index, follow, max-snippet:-1, max-image-preview:large, max-video-preview:-1\" \/>\n<meta property=\"og:locale\" content=\"pt_PT\" \/>\n<meta property=\"og:type\" content=\"article\" \/>\n<meta property=\"og:title\" content=\"Marcelo antecipa tarefa longa para recuperar fundos europeus desviados - Portal Tela Portugal\" \/>\n<meta property=\"og:description\" content=\"O Presidente da Rep\u00fablica, Marcelo Rebelo de Sousa, afirmou que a recupera\u00e7\u00e3o das tempestades ser\u00e1 longa para autarquias e Governo, com custos mais altos e desvio de fundos europeus. Real\u00e7ou danos em infraestruturas importantes, como a A1, e pediu que a resposta seja enfrentada sem alarmismo nem facilitismo. Anteviu que a tarefa vai ocupar praticamente a vida de muitos autarcas e uma parte significativa da vida do Governo nos pr\u00f3ximos tr\u00eas a quatro anos. Observou que os munic\u00edpios n\u00e3o t\u00eam dinheiro sem refor\u00e7o, e o Estado est\u00e1 a refazer os c\u00e1lculos dos montantes necess\u00e1rios. Segundo o chefe de Estado, haver\u00e1 desvio de fundos europeus, que ficariam noutros investimentos, para a reconstru\u00e7\u00e3o das zonas afetadas, incluindo capacidades empresariais \u062a\u0623 atingidas.\" \/>\n<meta property=\"og:url\" content=\"https:\/\/portaltela.pt\/noticias\/2026\/02\/12\/marcelo-antecipa-tarefa-longa-para-recuperar-fundos-europeus-desviados\/\" \/>\n<meta property=\"og:site_name\" content=\"Portal Tela Portugal\" \/>\n<meta property=\"article:published_time\" content=\"2026-02-12T19:14:20+00:00\" \/>\n<meta name=\"author\" content=\"Telinha\" \/>\n<meta name=\"twitter:card\" content=\"summary_large_image\" \/>\n<meta name=\"twitter:label1\" content=\"Escrito por\" \/>\n\t<meta name=\"twitter:data1\" content=\"Telinha\" \/>\n\t<meta name=\"twitter:label2\" content=\"Tempo estimado de leitura\" \/>\n\t<meta name=\"twitter:data2\" content=\"1 minuto\" \/>\n<script type=\"application\/ld+json\" class=\"yoast-schema-graph\">{\"@context\":\"https:\/\/schema.org\",\"@graph\":[{\"@type\":\"Article\",\"@id\":\"https:\/\/portaltela.pt\/noticias\/2026\/02\/12\/marcelo-antecipa-tarefa-longa-para-recuperar-fundos-europeus-desviados\/#article\",\"isPartOf\":{\"@id\":\"https:\/\/portaltela.pt\/noticias\/2026\/02\/12\/marcelo-antecipa-tarefa-longa-para-recuperar-fundos-europeus-desviados\/\"},\"author\":{\"name\":\"Telinha\",\"@id\":\"https:\/\/portaltela.pt\/#\/schema\/person\/c4278d4a6028830caff9ee44b42d32ed\"},\"headline\":\"Marcelo antecipa tarefa longa para recuperar fundos europeus desviados\",\"datePublished\":\"2026-02-12T19:14:20+00:00\",\"mainEntityOfPage\":{\"@id\":\"https:\/\/portaltela.pt\/noticias\/2026\/02\/12\/marcelo-antecipa-tarefa-longa-para-recuperar-fundos-europeus-desviados\/\"},\"wordCount\":182,\"image\":{\"@id\":\"https:\/\/portaltela.pt\/noticias\/2026\/02\/12\/marcelo-antecipa-tarefa-longa-para-recuperar-fundos-europeus-desviados\/#primaryimage\"},\"thumbnailUrl\":\"https:\/\/portaltela.pt\/s.01k8rhncp4jt1\/2026\/02\/img_1500x1000uu2026-02-11-20-37-17-2266352.jpg\",\"keywords\":[\"administra\u00e7\u00e3o p\u00fablica\",\"autarquias\",\"desvio de fundos\",\"financiamento\",\"Fundos Europeus\",\"governo\"],\"articleSection\":[\"Not\u00edcias\",\"Pol\u00edtica\"],\"inLanguage\":\"pt-PT\"},{\"@type\":\"WebPage\",\"@id\":\"https:\/\/portaltela.pt\/noticias\/2026\/02\/12\/marcelo-antecipa-tarefa-longa-para-recuperar-fundos-europeus-desviados\/\",\"url\":\"https:\/\/portaltela.pt\/noticias\/2026\/02\/12\/marcelo-antecipa-tarefa-longa-para-recuperar-fundos-europeus-desviados\/\",\"name\":\"Marcelo antecipa tarefa longa para recuperar fundos europeus desviados - Portal Tela Portugal\",\"isPartOf\":{\"@id\":\"https:\/\/portaltela.pt\/#website\"},\"primaryImageOfPage\":{\"@id\":\"https:\/\/portaltela.pt\/noticias\/2026\/02\/12\/marcelo-antecipa-tarefa-longa-para-recuperar-fundos-europeus-desviados\/#primaryimage\"},\"image\":{\"@id\":\"https:\/\/portaltela.pt\/noticias\/2026\/02\/12\/marcelo-antecipa-tarefa-longa-para-recuperar-fundos-europeus-desviados\/#primaryimage\"},\"thumbnailUrl\":\"https:\/\/portaltela.pt\/s.01k8rhncp4jt1\/2026\/02\/img_1500x1000uu2026-02-11-20-37-17-2266352.jpg\",\"datePublished\":\"2026-02-12T19:14:20+00:00\",\"author\":{\"@id\":\"https:\/\/portaltela.pt\/#\/schema\/person\/c4278d4a6028830caff9ee44b42d32ed\"},\"breadcrumb\":{\"@id\":\"https:\/\/portaltela.pt\/noticias\/2026\/02\/12\/marcelo-antecipa-tarefa-longa-para-recuperar-fundos-europeus-desviados\/#breadcrumb\"},\"inLanguage\":\"pt-PT\",\"potentialAction\":[{\"@type\":\"ReadAction\",\"target\":[\"https:\/\/portaltela.pt\/noticias\/2026\/02\/12\/marcelo-antecipa-tarefa-longa-para-recuperar-fundos-europeus-desviados\/\"]}]},{\"@type\":\"ImageObject\",\"inLanguage\":\"pt-PT\",\"@id\":\"https:\/\/portaltela.pt\/noticias\/2026\/02\/12\/marcelo-antecipa-tarefa-longa-para-recuperar-fundos-europeus-desviados\/#primaryimage\",\"url\":\"https:\/\/portaltela.pt\/s.01k8rhncp4jt1\/2026\/02\/img_1500x1000uu2026-02-11-20-37-17-2266352.jpg\",\"contentUrl\":\"https:\/\/portaltela.pt\/s.01k8rhncp4jt1\/2026\/02\/img_1500x1000uu2026-02-11-20-37-17-2266352.jpg\",\"width\":796,\"height\":448,\"caption\":\"Marcelo Rebelo de Sousa\"},{\"@type\":\"BreadcrumbList\",\"@id\":\"https:\/\/portaltela.pt\/noticias\/2026\/02\/12\/marcelo-antecipa-tarefa-longa-para-recuperar-fundos-europeus-desviados\/#breadcrumb\",\"itemListElement\":[{\"@type\":\"ListItem\",\"position\":1,\"name\":\"In\u00edcio\",\"item\":\"https:\/\/portaltela.pt\/\"},{\"@type\":\"ListItem\",\"position\":2,\"name\":\"Marcelo antecipa tarefa longa para recuperar fundos europeus desviados\"}]},{\"@type\":\"WebSite\",\"@id\":\"https:\/\/portaltela.pt\/#website\",\"url\":\"https:\/\/portaltela.pt\/\",\"name\":\"Portal Tela Portugal\",\"description\":\"\",\"potentialAction\":[{\"@type\":\"SearchAction\",\"target\":{\"@type\":\"EntryPoint\",\"urlTemplate\":\"https:\/\/portaltela.pt\/?s={search_term_string}\"},\"query-input\":{\"@type\":\"PropertyValueSpecification\",\"valueRequired\":true,\"valueName\":\"search_term_string\"}}],\"inLanguage\":\"pt-PT\"},{\"@type\":\"Person\",\"@id\":\"https:\/\/portaltela.pt\/#\/schema\/person\/c4278d4a6028830caff9ee44b42d32ed\",\"name\":\"Telinha\",\"image\":{\"@type\":\"ImageObject\",\"inLanguage\":\"pt-PT\",\"@id\":\"https:\/\/portaltela.pt\/s.01k8rhncp4jt1\/2025\/11\/talking-bot-125x125.png\",\"url\":\"https:\/\/portaltela.pt\/s.01k8rhncp4jt1\/2025\/11\/talking-bot-125x125.png\",\"contentUrl\":\"https:\/\/portaltela.pt\/s.01k8rhncp4jt1\/2025\/11\/talking-bot-125x125.png\",\"caption\":\"Telinha\"},\"sameAs\":[\"https:\/\/portaltela.pt\/\"],\"url\":\"https:\/\/portaltela.pt\/por\/367410592786\/\"}]}<\/script>\n<!-- \/ Yoast SEO plugin. -->","yoast_head_json":{"title":"Marcelo antecipa tarefa longa para recuperar fundos europeus desviados - Portal Tela Portugal","robots":{"index":"index","follow":"follow","max-snippet":"max-snippet:-1","max-image-preview":"max-image-preview:large","max-video-preview":"max-video-preview:-1"},"og_locale":"pt_PT","og_type":"article","og_title":"Marcelo antecipa tarefa longa para recuperar fundos europeus desviados - Portal Tela Portugal","og_description":"O Presidente da Rep\u00fablica, Marcelo Rebelo de Sousa, afirmou que a recupera\u00e7\u00e3o das tempestades ser\u00e1 longa para autarquias e Governo, com custos mais altos e desvio de fundos europeus. Real\u00e7ou danos em infraestruturas importantes, como a A1, e pediu que a resposta seja enfrentada sem alarmismo nem facilitismo. Anteviu que a tarefa vai ocupar praticamente a vida de muitos autarcas e uma parte significativa da vida do Governo nos pr\u00f3ximos tr\u00eas a quatro anos. Observou que os munic\u00edpios n\u00e3o t\u00eam dinheiro sem refor\u00e7o, e o Estado est\u00e1 a refazer os c\u00e1lculos dos montantes necess\u00e1rios. Segundo o chefe de Estado, haver\u00e1 desvio de fundos europeus, que ficariam noutros investimentos, para a reconstru\u00e7\u00e3o das zonas afetadas, incluindo capacidades empresariais \u062a\u0623 atingidas.","og_url":"https:\/\/portaltela.pt\/noticias\/2026\/02\/12\/marcelo-antecipa-tarefa-longa-para-recuperar-fundos-europeus-desviados\/","og_site_name":"Portal Tela Portugal","article_published_time":"2026-02-12T19:14:20+00:00","author":"Telinha","twitter_card":"summary_large_image","twitter_misc":{"Escrito por":"Telinha","Tempo estimado de leitura":"1 minuto"},"schema":{"@context":"https:\/\/schema.org","@graph":[{"@type":"Article","@id":"https:\/\/portaltela.pt\/noticias\/2026\/02\/12\/marcelo-antecipa-tarefa-longa-para-recuperar-fundos-europeus-desviados\/#article","isPartOf":{"@id":"https:\/\/portaltela.pt\/noticias\/2026\/02\/12\/marcelo-antecipa-tarefa-longa-para-recuperar-fundos-europeus-desviados\/"},"author":{"name":"Telinha","@id":"https:\/\/portaltela.pt\/#\/schema\/person\/c4278d4a6028830caff9ee44b42d32ed"},"headline":"Marcelo antecipa tarefa longa para recuperar fundos europeus desviados","datePublished":"2026-02-12T19:14:20+00:00","mainEntityOfPage":{"@id":"https:\/\/portaltela.pt\/noticias\/2026\/02\/12\/marcelo-antecipa-tarefa-longa-para-recuperar-fundos-europeus-desviados\/"},"wordCount":182,"image":{"@id":"https:\/\/portaltela.pt\/noticias\/2026\/02\/12\/marcelo-antecipa-tarefa-longa-para-recuperar-fundos-europeus-desviados\/#primaryimage"},"thumbnailUrl":"https:\/\/portaltela.pt\/s.01k8rhncp4jt1\/2026\/02\/img_1500x1000uu2026-02-11-20-37-17-2266352.jpg","keywords":["administra\u00e7\u00e3o p\u00fablica","autarquias","desvio de fundos","financiamento","Fundos Europeus","governo"],"articleSection":["Not\u00edcias","Pol\u00edtica"],"inLanguage":"pt-PT"},{"@type":"WebPage","@id":"https:\/\/portaltela.pt\/noticias\/2026\/02\/12\/marcelo-antecipa-tarefa-longa-para-recuperar-fundos-europeus-desviados\/","url":"https:\/\/portaltela.pt\/noticias\/2026\/02\/12\/marcelo-antecipa-tarefa-longa-para-recuperar-fundos-europeus-desviados\/","name":"Marcelo antecipa tarefa longa para recuperar fundos europeus desviados - Portal Tela Portugal","isPartOf":{"@id":"https:\/\/portaltela.pt\/#website"},"primaryImageOfPage":{"@id":"https:\/\/portaltela.pt\/noticias\/2026\/02\/12\/marcelo-antecipa-tarefa-longa-para-recuperar-fundos-europeus-desviados\/#primaryimage"},"image":{"@id":"https:\/\/portaltela.pt\/noticias\/2026\/02\/12\/marcelo-antecipa-tarefa-longa-para-recuperar-fundos-europeus-desviados\/#primaryimage"},"thumbnailUrl":"https:\/\/portaltela.pt\/s.01k8rhncp4jt1\/2026\/02\/img_1500x1000uu2026-02-11-20-37-17-2266352.jpg","datePublished":"2026-02-12T19:14:20+00:00","author":{"@id":"https:\/\/portaltela.pt\/#\/schema\/person\/c4278d4a6028830caff9ee44b42d32ed"},"breadcrumb":{"@id":"https:\/\/portaltela.pt\/noticias\/2026\/02\/12\/marcelo-antecipa-tarefa-longa-para-recuperar-fundos-europeus-desviados\/#breadcrumb"},"inLanguage":"pt-PT","potentialAction":[{"@type":"ReadAction","target":["https:\/\/portaltela.pt\/noticias\/2026\/02\/12\/marcelo-antecipa-tarefa-longa-para-recuperar-fundos-europeus-desviados\/"]}]},{"@type":"ImageObject","inLanguage":"pt-PT","@id":"https:\/\/portaltela.pt\/noticias\/2026\/02\/12\/marcelo-antecipa-tarefa-longa-para-recuperar-fundos-europeus-desviados\/#primaryimage","url":"https:\/\/portaltela.pt\/s.01k8rhncp4jt1\/2026\/02\/img_1500x1000uu2026-02-11-20-37-17-2266352.jpg","contentUrl":"https:\/\/portaltela.pt\/s.01k8rhncp4jt1\/2026\/02\/img_1500x1000uu2026-02-11-20-37-17-2266352.jpg","width":796,"height":448,"caption":"Marcelo Rebelo de Sousa"},{"@type":"BreadcrumbList","@id":"https:\/\/portaltela.pt\/noticias\/2026\/02\/12\/marcelo-antecipa-tarefa-longa-para-recuperar-fundos-europeus-desviados\/#breadcrumb","itemListElement":[{"@type":"ListItem","position":1,"name":"In\u00edcio","item":"https:\/\/portaltela.pt\/"},{"@type":"ListItem","position":2,"name":"Marcelo antecipa tarefa longa para recuperar fundos europeus desviados"}]},{"@type":"WebSite","@id":"https:\/\/portaltela.pt\/#website","url":"https:\/\/portaltela.pt\/","name":"Portal Tela Portugal","description":"","potentialAction":[{"@type":"SearchAction","target":{"@type":"EntryPoint","urlTemplate":"https:\/\/portaltela.pt\/?s={search_term_string}"},"query-input":{"@type":"PropertyValueSpecification","valueRequired":true,"valueName":"search_term_string"}}],"inLanguage":"pt-PT"},{"@type":"Person","@id":"https:\/\/portaltela.pt\/#\/schema\/person\/c4278d4a6028830caff9ee44b42d32ed","name":"Telinha","image":{"@type":"ImageObject","inLanguage":"pt-PT","@id":"https:\/\/portaltela.pt\/s.01k8rhncp4jt1\/2025\/11\/talking-bot-125x125.png","url":"https:\/\/portaltela.pt\/s.01k8rhncp4jt1\/2025\/11\/talking-bot-125x125.png","contentUrl":"https:\/\/portaltela.pt\/s.01k8rhncp4jt1\/2025\/11\/talking-bot-125x125.png","caption":"Telinha"},"sameAs":["https:\/\/portaltela.pt\/"],"url":"https:\/\/portaltela.pt\/por\/367410592786\/"}]}},"_links":{"self":[{"href":"https:\/\/portaltela.pt\/api\/wp\/v2\/posts\/209949","targetHints":{"allow":["GET"]}}],"collection":[{"href":"https:\/\/portaltela.pt\/api\/wp\/v2\/posts"}],"about":[{"href":"https:\/\/portaltela.pt\/api\/wp\/v2\/types\/post"}],"author":[{"embeddable":true,"href":"https:\/\/portaltela.pt\/api\/wp\/v2\/users\/2"}],"replies":[{"embeddable":true,"href":"https:\/\/portaltela.pt\/api\/wp\/v2\/comments?post=209949"}],"version-history":[{"count":0,"href":"https:\/\/portaltela.pt\/api\/wp\/v2\/posts\/209949\/revisions"}],"wp:featuredmedia":[{"embeddable":true,"href":"https:\/\/portaltela.pt\/api\/wp\/v2\/media\/209967"}],"wp:attachment":[{"href":"https:\/\/portaltela.pt\/api\/wp\/v2\/media?parent=209949"}],"wp:term":[{"taxonomy":"category","embeddable":true,"href":"https:\/\/portaltela.pt\/api\/wp\/v2\/categories?post=209949"},{"taxonomy":"post_tag","embeddable":true,"href":"https:\/\/portaltela.pt\/api\/wp\/v2\/tags?post=209949"}],"curies":[{"name":"wp","href":"https:\/\/api.w.org\/{rel}","templated":true}]}}