{"id":209923,"date":"2026-02-12T16:04:43","date_gmt":"2026-02-12T19:04:43","guid":{"rendered":"https:\/\/portaltela.pt\/noticias\/2026\/02\/12\/jose-bizarro-regressa-ao-comando-do-moncarapachense\/"},"modified":"2026-02-12T16:04:43","modified_gmt":"2026-02-12T19:04:43","slug":"jose-bizarro-regressa-ao-comando-do-moncarapachense","status":"publish","type":"post","link":"https:\/\/portaltela.pt\/desporto\/futebol\/2026\/02\/12\/jose-bizarro-regressa-ao-comando-do-moncarapachense\/","title":{"rendered":"Jos\u00e9 Bizarro regressa ao comando do Moncarapachense"},"content":{"rendered":"<p>O Moncarapachense anunciou Jos\u00e9 Bizarro como novo treinador da equipa principal. A nomea\u00e7\u00e3o sucede \u00e0 sa\u00edda de Ricardo Estrelado, que substitu\u00edra Jo\u00e3o Nivea.<\/p>\n<p>Bizarro j\u00e1 conhecia o clube, tendo orientado o Moncarapachense nas \u00e9pocas 2022\/23, 2023\/24 e 2024\/25, sempre cumprindo os objetivos propostos.<\/p>\n<p>No arranque da presente temporada, o t\u00e9cnico assumiu o Sporting da Covilh\u00e3, mas abandonou os serranos em novembro.<\/p>\n<h3>Nomea\u00e7\u00e3o e contexto<\/h3>\n<p>A agremia\u00e7\u00e3o explica que a escolha de Bizarro responde \u00e0 necessidade de estabilidade t\u00e9cnica ap\u00f3s mudan\u00e7as recentes. O 12\u00ba lugar da S\u00e9rie D permanece como refer\u00eancia para a gest\u00e3o desportiva.<\/p>\n","protected":false},"excerpt":{"rendered":"<ul>\n<li>Jos\u00e9 Bizarro torna-se o treinador do Moncarapachense, 12.\u00ba classificado da S\u00e9rie D do Campeonato de Portugal, sucedendo a Ricardo Estrelado, que substitu\u00edra Jo\u00e3o Nivea.<\/li>\n<li>Bizarro j\u00e1 trabalhou no Moncarapachense nas \u00e9pocas de 2022\/23, 2023\/24 e 2024\/25, sempre atingindo os objetivos propostos.<\/li>\n<li>No arranque da presente temporada, Bizarro assumiu o Sporting da Covilh\u00e3, de onde saiu em novembro.<\/li>\n<\/ul>\n","protected":false},"author":2,"featured_media":209926,"comment_status":"closed","ping_status":"closed","sticky":false,"template":"","format":"standard","meta":{"footnotes":""},"categories":[21,24],"tags":[3956,1306,32,3808,2477],"class_list":["post-209923","post","type-post","status-publish","format-standard","has-post-thumbnail","hentry","category-desporto","category-futebol","tag-1-a-divisao-serie-d","tag-covilha","tag-futebol","tag-moncarapachense","tag-treinadores"],"yoast_head":"<!-- This site is optimized with the Yoast SEO plugin v27.2 - https:\/\/yoast.com\/product\/yoast-seo-wordpress\/ -->\n<title>Jos\u00e9 Bizarro regressa ao comando do Moncarapachense - Portal Tela Portugal<\/title>\n<meta name=\"robots\" content=\"index, follow, max-snippet:-1, max-image-preview:large, max-video-preview:-1\" \/>\n<meta property=\"og:locale\" content=\"pt_PT\" \/>\n<meta property=\"og:type\" content=\"article\" \/>\n<meta property=\"og:title\" content=\"Jos\u00e9 Bizarro regressa ao comando do Moncarapachense - Portal Tela Portugal\" \/>\n<meta property=\"og:description\" content=\"Jos\u00e9 Bizarro torna-se o treinador do Moncarapachense, 12.\u00ba classificado da S\u00e9rie D do Campeonato de Portugal, sucedendo a Ricardo Estrelado, que substitu\u00edra Jo\u00e3o Nivea. Bizarro j\u00e1 trabalhou no Moncarapachense nas \u00e9pocas de 2022\/23, 2023\/24 e 2024\/25, sempre atingindo os objetivos propostos. No arranque da presente temporada, Bizarro assumiu o Sporting da Covilh\u00e3, de onde saiu em novembro.\" \/>\n<meta property=\"og:url\" content=\"https:\/\/portaltela.pt\/noticias\/2026\/02\/12\/jose-bizarro-regressa-ao-comando-do-moncarapachense\/\" \/>\n<meta property=\"og:site_name\" content=\"Portal Tela Portugal\" \/>\n<meta property=\"article:published_time\" content=\"2026-02-12T19:04:43+00:00\" \/>\n<meta name=\"author\" content=\"Telinha\" \/>\n<meta name=\"twitter:card\" content=\"summary_large_image\" \/>\n<meta name=\"twitter:label1\" content=\"Escrito por\" \/>\n\t<meta name=\"twitter:data1\" content=\"Telinha\" \/>\n\t<meta name=\"twitter:label2\" content=\"Tempo estimado de leitura\" \/>\n\t<meta name=\"twitter:data2\" content=\"1 minuto\" \/>\n<script type=\"application\/ld+json\" class=\"yoast-schema-graph\">{\"@context\":\"https:\/\/schema.org\",\"@graph\":[{\"@type\":\"Article\",\"@id\":\"https:\/\/portaltela.pt\/noticias\/2026\/02\/12\/jose-bizarro-regressa-ao-comando-do-moncarapachense\/#article\",\"isPartOf\":{\"@id\":\"https:\/\/portaltela.pt\/noticias\/2026\/02\/12\/jose-bizarro-regressa-ao-comando-do-moncarapachense\/\"},\"author\":{\"name\":\"Telinha\",\"@id\":\"https:\/\/portaltela.pt\/#\/schema\/person\/c4278d4a6028830caff9ee44b42d32ed\"},\"headline\":\"Jos\u00e9 Bizarro regressa ao comando do Moncarapachense\",\"datePublished\":\"2026-02-12T19:04:43+00:00\",\"mainEntityOfPage\":{\"@id\":\"https:\/\/portaltela.pt\/noticias\/2026\/02\/12\/jose-bizarro-regressa-ao-comando-do-moncarapachense\/\"},\"wordCount\":108,\"image\":{\"@id\":\"https:\/\/portaltela.pt\/noticias\/2026\/02\/12\/jose-bizarro-regressa-ao-comando-do-moncarapachense\/#primaryimage\"},\"thumbnailUrl\":\"https:\/\/portaltela.pt\/s.01k8rhncp4jt1\/2026\/02\/img_920x518uu2025-03-10-19-30-08-2347884.jpg\",\"keywords\":[\"1.\u00aa Divis\u00e3o \u2014 S\u00e9rie D\",\"Covilh\u00e3\",\"futebol\",\"Moncarapachense\",\"treinadores\"],\"articleSection\":[\"Desporto\",\"Futebol\"],\"inLanguage\":\"pt-PT\"},{\"@type\":\"WebPage\",\"@id\":\"https:\/\/portaltela.pt\/noticias\/2026\/02\/12\/jose-bizarro-regressa-ao-comando-do-moncarapachense\/\",\"url\":\"https:\/\/portaltela.pt\/noticias\/2026\/02\/12\/jose-bizarro-regressa-ao-comando-do-moncarapachense\/\",\"name\":\"Jos\u00e9 Bizarro regressa ao comando do Moncarapachense - Portal Tela Portugal\",\"isPartOf\":{\"@id\":\"https:\/\/portaltela.pt\/#website\"},\"primaryImageOfPage\":{\"@id\":\"https:\/\/portaltela.pt\/noticias\/2026\/02\/12\/jose-bizarro-regressa-ao-comando-do-moncarapachense\/#primaryimage\"},\"image\":{\"@id\":\"https:\/\/portaltela.pt\/noticias\/2026\/02\/12\/jose-bizarro-regressa-ao-comando-do-moncarapachense\/#primaryimage\"},\"thumbnailUrl\":\"https:\/\/portaltela.pt\/s.01k8rhncp4jt1\/2026\/02\/img_920x518uu2025-03-10-19-30-08-2347884.jpg\",\"datePublished\":\"2026-02-12T19:04:43+00:00\",\"author\":{\"@id\":\"https:\/\/portaltela.pt\/#\/schema\/person\/c4278d4a6028830caff9ee44b42d32ed\"},\"breadcrumb\":{\"@id\":\"https:\/\/portaltela.pt\/noticias\/2026\/02\/12\/jose-bizarro-regressa-ao-comando-do-moncarapachense\/#breadcrumb\"},\"inLanguage\":\"pt-PT\",\"potentialAction\":[{\"@type\":\"ReadAction\",\"target\":[\"https:\/\/portaltela.pt\/noticias\/2026\/02\/12\/jose-bizarro-regressa-ao-comando-do-moncarapachense\/\"]}]},{\"@type\":\"ImageObject\",\"inLanguage\":\"pt-PT\",\"@id\":\"https:\/\/portaltela.pt\/noticias\/2026\/02\/12\/jose-bizarro-regressa-ao-comando-do-moncarapachense\/#primaryimage\",\"url\":\"https:\/\/portaltela.pt\/s.01k8rhncp4jt1\/2026\/02\/img_920x518uu2025-03-10-19-30-08-2347884.jpg\",\"contentUrl\":\"https:\/\/portaltela.pt\/s.01k8rhncp4jt1\/2026\/02\/img_920x518uu2025-03-10-19-30-08-2347884.jpg\",\"width\":796,\"height\":448,\"caption\":\"Jos\u00e9 Bizarro volta a uma casa conhecida\"},{\"@type\":\"BreadcrumbList\",\"@id\":\"https:\/\/portaltela.pt\/noticias\/2026\/02\/12\/jose-bizarro-regressa-ao-comando-do-moncarapachense\/#breadcrumb\",\"itemListElement\":[{\"@type\":\"ListItem\",\"position\":1,\"name\":\"In\u00edcio\",\"item\":\"https:\/\/portaltela.pt\/\"},{\"@type\":\"ListItem\",\"position\":2,\"name\":\"Jos\u00e9 Bizarro regressa ao comando do Moncarapachense\"}]},{\"@type\":\"WebSite\",\"@id\":\"https:\/\/portaltela.pt\/#website\",\"url\":\"https:\/\/portaltela.pt\/\",\"name\":\"Portal Tela Portugal\",\"description\":\"\",\"potentialAction\":[{\"@type\":\"SearchAction\",\"target\":{\"@type\":\"EntryPoint\",\"urlTemplate\":\"https:\/\/portaltela.pt\/?s={search_term_string}\"},\"query-input\":{\"@type\":\"PropertyValueSpecification\",\"valueRequired\":true,\"valueName\":\"search_term_string\"}}],\"inLanguage\":\"pt-PT\"},{\"@type\":\"Person\",\"@id\":\"https:\/\/portaltela.pt\/#\/schema\/person\/c4278d4a6028830caff9ee44b42d32ed\",\"name\":\"Telinha\",\"image\":{\"@type\":\"ImageObject\",\"inLanguage\":\"pt-PT\",\"@id\":\"https:\/\/portaltela.pt\/s.01k8rhncp4jt1\/2025\/11\/talking-bot-125x125.png\",\"url\":\"https:\/\/portaltela.pt\/s.01k8rhncp4jt1\/2025\/11\/talking-bot-125x125.png\",\"contentUrl\":\"https:\/\/portaltela.pt\/s.01k8rhncp4jt1\/2025\/11\/talking-bot-125x125.png\",\"caption\":\"Telinha\"},\"sameAs\":[\"https:\/\/portaltela.pt\/\"],\"url\":\"https:\/\/portaltela.pt\/por\/367410592786\/\"}]}<\/script>\n<!-- \/ Yoast SEO plugin. -->","yoast_head_json":{"title":"Jos\u00e9 Bizarro regressa ao comando do Moncarapachense - Portal Tela Portugal","robots":{"index":"index","follow":"follow","max-snippet":"max-snippet:-1","max-image-preview":"max-image-preview:large","max-video-preview":"max-video-preview:-1"},"og_locale":"pt_PT","og_type":"article","og_title":"Jos\u00e9 Bizarro regressa ao comando do Moncarapachense - Portal Tela Portugal","og_description":"Jos\u00e9 Bizarro torna-se o treinador do Moncarapachense, 12.\u00ba classificado da S\u00e9rie D do Campeonato de Portugal, sucedendo a Ricardo Estrelado, que substitu\u00edra Jo\u00e3o Nivea. Bizarro j\u00e1 trabalhou no Moncarapachense nas \u00e9pocas de 2022\/23, 2023\/24 e 2024\/25, sempre atingindo os objetivos propostos. No arranque da presente temporada, Bizarro assumiu o Sporting da Covilh\u00e3, de onde saiu em novembro.","og_url":"https:\/\/portaltela.pt\/noticias\/2026\/02\/12\/jose-bizarro-regressa-ao-comando-do-moncarapachense\/","og_site_name":"Portal Tela Portugal","article_published_time":"2026-02-12T19:04:43+00:00","author":"Telinha","twitter_card":"summary_large_image","twitter_misc":{"Escrito por":"Telinha","Tempo estimado de leitura":"1 minuto"},"schema":{"@context":"https:\/\/schema.org","@graph":[{"@type":"Article","@id":"https:\/\/portaltela.pt\/noticias\/2026\/02\/12\/jose-bizarro-regressa-ao-comando-do-moncarapachense\/#article","isPartOf":{"@id":"https:\/\/portaltela.pt\/noticias\/2026\/02\/12\/jose-bizarro-regressa-ao-comando-do-moncarapachense\/"},"author":{"name":"Telinha","@id":"https:\/\/portaltela.pt\/#\/schema\/person\/c4278d4a6028830caff9ee44b42d32ed"},"headline":"Jos\u00e9 Bizarro regressa ao comando do Moncarapachense","datePublished":"2026-02-12T19:04:43+00:00","mainEntityOfPage":{"@id":"https:\/\/portaltela.pt\/noticias\/2026\/02\/12\/jose-bizarro-regressa-ao-comando-do-moncarapachense\/"},"wordCount":108,"image":{"@id":"https:\/\/portaltela.pt\/noticias\/2026\/02\/12\/jose-bizarro-regressa-ao-comando-do-moncarapachense\/#primaryimage"},"thumbnailUrl":"https:\/\/portaltela.pt\/s.01k8rhncp4jt1\/2026\/02\/img_920x518uu2025-03-10-19-30-08-2347884.jpg","keywords":["1.\u00aa Divis\u00e3o \u2014 S\u00e9rie D","Covilh\u00e3","futebol","Moncarapachense","treinadores"],"articleSection":["Desporto","Futebol"],"inLanguage":"pt-PT"},{"@type":"WebPage","@id":"https:\/\/portaltela.pt\/noticias\/2026\/02\/12\/jose-bizarro-regressa-ao-comando-do-moncarapachense\/","url":"https:\/\/portaltela.pt\/noticias\/2026\/02\/12\/jose-bizarro-regressa-ao-comando-do-moncarapachense\/","name":"Jos\u00e9 Bizarro regressa ao comando do Moncarapachense - Portal Tela Portugal","isPartOf":{"@id":"https:\/\/portaltela.pt\/#website"},"primaryImageOfPage":{"@id":"https:\/\/portaltela.pt\/noticias\/2026\/02\/12\/jose-bizarro-regressa-ao-comando-do-moncarapachense\/#primaryimage"},"image":{"@id":"https:\/\/portaltela.pt\/noticias\/2026\/02\/12\/jose-bizarro-regressa-ao-comando-do-moncarapachense\/#primaryimage"},"thumbnailUrl":"https:\/\/portaltela.pt\/s.01k8rhncp4jt1\/2026\/02\/img_920x518uu2025-03-10-19-30-08-2347884.jpg","datePublished":"2026-02-12T19:04:43+00:00","author":{"@id":"https:\/\/portaltela.pt\/#\/schema\/person\/c4278d4a6028830caff9ee44b42d32ed"},"breadcrumb":{"@id":"https:\/\/portaltela.pt\/noticias\/2026\/02\/12\/jose-bizarro-regressa-ao-comando-do-moncarapachense\/#breadcrumb"},"inLanguage":"pt-PT","potentialAction":[{"@type":"ReadAction","target":["https:\/\/portaltela.pt\/noticias\/2026\/02\/12\/jose-bizarro-regressa-ao-comando-do-moncarapachense\/"]}]},{"@type":"ImageObject","inLanguage":"pt-PT","@id":"https:\/\/portaltela.pt\/noticias\/2026\/02\/12\/jose-bizarro-regressa-ao-comando-do-moncarapachense\/#primaryimage","url":"https:\/\/portaltela.pt\/s.01k8rhncp4jt1\/2026\/02\/img_920x518uu2025-03-10-19-30-08-2347884.jpg","contentUrl":"https:\/\/portaltela.pt\/s.01k8rhncp4jt1\/2026\/02\/img_920x518uu2025-03-10-19-30-08-2347884.jpg","width":796,"height":448,"caption":"Jos\u00e9 Bizarro volta a uma casa conhecida"},{"@type":"BreadcrumbList","@id":"https:\/\/portaltela.pt\/noticias\/2026\/02\/12\/jose-bizarro-regressa-ao-comando-do-moncarapachense\/#breadcrumb","itemListElement":[{"@type":"ListItem","position":1,"name":"In\u00edcio","item":"https:\/\/portaltela.pt\/"},{"@type":"ListItem","position":2,"name":"Jos\u00e9 Bizarro regressa ao comando do Moncarapachense"}]},{"@type":"WebSite","@id":"https:\/\/portaltela.pt\/#website","url":"https:\/\/portaltela.pt\/","name":"Portal Tela Portugal","description":"","potentialAction":[{"@type":"SearchAction","target":{"@type":"EntryPoint","urlTemplate":"https:\/\/portaltela.pt\/?s={search_term_string}"},"query-input":{"@type":"PropertyValueSpecification","valueRequired":true,"valueName":"search_term_string"}}],"inLanguage":"pt-PT"},{"@type":"Person","@id":"https:\/\/portaltela.pt\/#\/schema\/person\/c4278d4a6028830caff9ee44b42d32ed","name":"Telinha","image":{"@type":"ImageObject","inLanguage":"pt-PT","@id":"https:\/\/portaltela.pt\/s.01k8rhncp4jt1\/2025\/11\/talking-bot-125x125.png","url":"https:\/\/portaltela.pt\/s.01k8rhncp4jt1\/2025\/11\/talking-bot-125x125.png","contentUrl":"https:\/\/portaltela.pt\/s.01k8rhncp4jt1\/2025\/11\/talking-bot-125x125.png","caption":"Telinha"},"sameAs":["https:\/\/portaltela.pt\/"],"url":"https:\/\/portaltela.pt\/por\/367410592786\/"}]}},"_links":{"self":[{"href":"https:\/\/portaltela.pt\/api\/wp\/v2\/posts\/209923","targetHints":{"allow":["GET"]}}],"collection":[{"href":"https:\/\/portaltela.pt\/api\/wp\/v2\/posts"}],"about":[{"href":"https:\/\/portaltela.pt\/api\/wp\/v2\/types\/post"}],"author":[{"embeddable":true,"href":"https:\/\/portaltela.pt\/api\/wp\/v2\/users\/2"}],"replies":[{"embeddable":true,"href":"https:\/\/portaltela.pt\/api\/wp\/v2\/comments?post=209923"}],"version-history":[{"count":0,"href":"https:\/\/portaltela.pt\/api\/wp\/v2\/posts\/209923\/revisions"}],"wp:featuredmedia":[{"embeddable":true,"href":"https:\/\/portaltela.pt\/api\/wp\/v2\/media\/209926"}],"wp:attachment":[{"href":"https:\/\/portaltela.pt\/api\/wp\/v2\/media?parent=209923"}],"wp:term":[{"taxonomy":"category","embeddable":true,"href":"https:\/\/portaltela.pt\/api\/wp\/v2\/categories?post=209923"},{"taxonomy":"post_tag","embeddable":true,"href":"https:\/\/portaltela.pt\/api\/wp\/v2\/tags?post=209923"}],"curies":[{"name":"wp","href":"https:\/\/api.w.org\/{rel}","templated":true}]}}