{"id":209918,"date":"2026-02-12T15:57:00","date_gmt":"2026-02-12T18:57:00","guid":{"rendered":"https:\/\/portaltela.pt\/noticias\/2026\/02\/12\/mocambique-em-aviso-vermelho-devido-a-ciclone-tropical-no-sul\/"},"modified":"2026-02-12T15:57:00","modified_gmt":"2026-02-12T18:57:00","slug":"mocambique-em-aviso-vermelho-devido-a-ciclone-tropical-no-sul","status":"publish","type":"post","link":"https:\/\/portaltela.pt\/noticias\/2026\/02\/12\/mocambique-em-aviso-vermelho-devido-a-ciclone-tropical-no-sul\/","title":{"rendered":"Mo\u00e7ambique em aviso vermelho devido a ciclone tropical no sul"},"content":{"rendered":"<p>O Instituto Nacional de Meteorologia (Inam) de Mo\u00e7ambique emitiu hoje um aviso vermelho ap\u00f3s a tempestade tropical Gezani evoluir para ciclone tropical. O organismo prev\u00ea que o fen\u00f3meno atinja prov\u00edncias do sul do pa\u00eds, impondo medidas de prepara\u00e7\u00e3o.<\/p>\n<p>Segundo o Inam, Gezani deixou de ser tempestade tropical para se tornar ciclone tropical nas \u00faltimas horas. O alerta vermelho indica risco elevado de fen\u00f3meno meteorol\u00f3gico com impactos significativos, incluindo ventos fortes, chuvas intensas e inunda\u00e7\u00f5es.<\/p>\n<p>As autoridades mo\u00e7ambicanas aguardam que a zona sul do pa\u00eds seja afetada, com foco em \u00e1reas urbanas e zonas ribeirinhas. O objetivo \u00e9 alertar a popula\u00e7\u00e3o e coordenar a\u00e7\u00f5es de resposta e evacua\u00e7\u00e3o, quando necess\u00e1rio, para minimizar danos.<\/p>\n","protected":false},"excerpt":{"rendered":"<ul>\n<li>O Instituto Nacional de Meteorologia (Inam) mo\u00e7ambicano emitiu hoje um aviso vermelho.<\/li>\n<li>A tempestade tropical Gezani evoluiu para ciclone tropical.<\/li>\n<li>Prev\u00ea-se que o ciclone afete prov\u00edncias mo\u00e7ambicanas do sul.<\/li>\n<li>A situa\u00e7\u00e3o \u00e9 acompanhada pelas autoridades competentes.<\/li>\n<\/ul>\n","protected":false},"author":2,"featured_media":209919,"comment_status":"closed","ping_status":"closed","sticky":false,"template":"","format":"standard","meta":{"footnotes":""},"categories":[1],"tags":[3812,3784,5215,5329,2051,1911],"class_list":["post-209918","post","type-post","status-publish","format-standard","has-post-thumbnail","hentry","category-noticias","tag-alagamentos","tag-aviso-vermelho","tag-catastrofes-naturais","tag-chuva","tag-inundacao","tag-mocambique"],"yoast_head":"<!-- This site is optimized with the Yoast SEO plugin v27.2 - https:\/\/yoast.com\/product\/yoast-seo-wordpress\/ -->\n<title>Mo\u00e7ambique em aviso vermelho devido a ciclone tropical no sul - Portal Tela Portugal<\/title>\n<meta name=\"robots\" content=\"index, follow, max-snippet:-1, max-image-preview:large, max-video-preview:-1\" \/>\n<meta property=\"og:locale\" content=\"pt_PT\" \/>\n<meta property=\"og:type\" content=\"article\" \/>\n<meta property=\"og:title\" content=\"Mo\u00e7ambique em aviso vermelho devido a ciclone tropical no sul - Portal Tela Portugal\" \/>\n<meta property=\"og:description\" content=\"O Instituto Nacional de Meteorologia (Inam) mo\u00e7ambicano emitiu hoje um aviso vermelho. A tempestade tropical Gezani evoluiu para ciclone tropical. Prev\u00ea-se que o ciclone afete prov\u00edncias mo\u00e7ambicanas do sul. A situa\u00e7\u00e3o \u00e9 acompanhada pelas autoridades competentes.\" \/>\n<meta property=\"og:url\" content=\"https:\/\/portaltela.pt\/noticias\/2026\/02\/12\/mocambique-em-aviso-vermelho-devido-a-ciclone-tropical-no-sul\/\" \/>\n<meta property=\"og:site_name\" content=\"Portal Tela Portugal\" \/>\n<meta property=\"article:published_time\" content=\"2026-02-12T18:57:00+00:00\" \/>\n<meta name=\"author\" content=\"Telinha\" \/>\n<meta name=\"twitter:card\" content=\"summary_large_image\" \/>\n<meta name=\"twitter:label1\" content=\"Escrito por\" \/>\n\t<meta name=\"twitter:data1\" content=\"Telinha\" \/>\n\t<meta name=\"twitter:label2\" content=\"Tempo estimado de leitura\" \/>\n\t<meta name=\"twitter:data2\" content=\"1 minuto\" \/>\n<script type=\"application\/ld+json\" class=\"yoast-schema-graph\">{\"@context\":\"https:\/\/schema.org\",\"@graph\":[{\"@type\":\"Article\",\"@id\":\"https:\/\/portaltela.pt\/noticias\/2026\/02\/12\/mocambique-em-aviso-vermelho-devido-a-ciclone-tropical-no-sul\/#article\",\"isPartOf\":{\"@id\":\"https:\/\/portaltela.pt\/noticias\/2026\/02\/12\/mocambique-em-aviso-vermelho-devido-a-ciclone-tropical-no-sul\/\"},\"author\":{\"name\":\"Telinha\",\"@id\":\"https:\/\/portaltela.pt\/#\/schema\/person\/c4278d4a6028830caff9ee44b42d32ed\"},\"headline\":\"Mo\u00e7ambique em aviso vermelho devido a ciclone tropical no sul\",\"datePublished\":\"2026-02-12T18:57:00+00:00\",\"mainEntityOfPage\":{\"@id\":\"https:\/\/portaltela.pt\/noticias\/2026\/02\/12\/mocambique-em-aviso-vermelho-devido-a-ciclone-tropical-no-sul\/\"},\"wordCount\":137,\"image\":{\"@id\":\"https:\/\/portaltela.pt\/noticias\/2026\/02\/12\/mocambique-em-aviso-vermelho-devido-a-ciclone-tropical-no-sul\/#primaryimage\"},\"thumbnailUrl\":\"https:\/\/portaltela.pt\/s.01k8rhncp4jt1\/2026\/02\/CACHE_780X1200_ANALOG_WATERMARKED_46460086_5370408_30012026074616.jpg\",\"keywords\":[\"alagamentos\",\"aviso vermelho\",\"cat\u00e1strofes naturais\",\"chuva\",\"inunda\u00e7\u00e3o\",\"Mo\u00e7ambique\"],\"articleSection\":[\"Not\u00edcias\"],\"inLanguage\":\"pt-PT\"},{\"@type\":\"WebPage\",\"@id\":\"https:\/\/portaltela.pt\/noticias\/2026\/02\/12\/mocambique-em-aviso-vermelho-devido-a-ciclone-tropical-no-sul\/\",\"url\":\"https:\/\/portaltela.pt\/noticias\/2026\/02\/12\/mocambique-em-aviso-vermelho-devido-a-ciclone-tropical-no-sul\/\",\"name\":\"Mo\u00e7ambique em aviso vermelho devido a ciclone tropical no sul - Portal Tela Portugal\",\"isPartOf\":{\"@id\":\"https:\/\/portaltela.pt\/#website\"},\"primaryImageOfPage\":{\"@id\":\"https:\/\/portaltela.pt\/noticias\/2026\/02\/12\/mocambique-em-aviso-vermelho-devido-a-ciclone-tropical-no-sul\/#primaryimage\"},\"image\":{\"@id\":\"https:\/\/portaltela.pt\/noticias\/2026\/02\/12\/mocambique-em-aviso-vermelho-devido-a-ciclone-tropical-no-sul\/#primaryimage\"},\"thumbnailUrl\":\"https:\/\/portaltela.pt\/s.01k8rhncp4jt1\/2026\/02\/CACHE_780X1200_ANALOG_WATERMARKED_46460086_5370408_30012026074616.jpg\",\"datePublished\":\"2026-02-12T18:57:00+00:00\",\"author\":{\"@id\":\"https:\/\/portaltela.pt\/#\/schema\/person\/c4278d4a6028830caff9ee44b42d32ed\"},\"breadcrumb\":{\"@id\":\"https:\/\/portaltela.pt\/noticias\/2026\/02\/12\/mocambique-em-aviso-vermelho-devido-a-ciclone-tropical-no-sul\/#breadcrumb\"},\"inLanguage\":\"pt-PT\",\"potentialAction\":[{\"@type\":\"ReadAction\",\"target\":[\"https:\/\/portaltela.pt\/noticias\/2026\/02\/12\/mocambique-em-aviso-vermelho-devido-a-ciclone-tropical-no-sul\/\"]}]},{\"@type\":\"ImageObject\",\"inLanguage\":\"pt-PT\",\"@id\":\"https:\/\/portaltela.pt\/noticias\/2026\/02\/12\/mocambique-em-aviso-vermelho-devido-a-ciclone-tropical-no-sul\/#primaryimage\",\"url\":\"https:\/\/portaltela.pt\/s.01k8rhncp4jt1\/2026\/02\/CACHE_780X1200_ANALOG_WATERMARKED_46460086_5370408_30012026074616.jpg\",\"contentUrl\":\"https:\/\/portaltela.pt\/s.01k8rhncp4jt1\/2026\/02\/CACHE_780X1200_ANALOG_WATERMARKED_46460086_5370408_30012026074616.jpg\",\"width\":768,\"height\":512,\"caption\":\"Mo\u00e7ambique sob aviso vermelho face ao ciclone tropical no sul do pa\u00eds\"},{\"@type\":\"BreadcrumbList\",\"@id\":\"https:\/\/portaltela.pt\/noticias\/2026\/02\/12\/mocambique-em-aviso-vermelho-devido-a-ciclone-tropical-no-sul\/#breadcrumb\",\"itemListElement\":[{\"@type\":\"ListItem\",\"position\":1,\"name\":\"In\u00edcio\",\"item\":\"https:\/\/portaltela.pt\/\"},{\"@type\":\"ListItem\",\"position\":2,\"name\":\"Mo\u00e7ambique em aviso vermelho devido a ciclone tropical no sul\"}]},{\"@type\":\"WebSite\",\"@id\":\"https:\/\/portaltela.pt\/#website\",\"url\":\"https:\/\/portaltela.pt\/\",\"name\":\"Portal Tela Portugal\",\"description\":\"\",\"potentialAction\":[{\"@type\":\"SearchAction\",\"target\":{\"@type\":\"EntryPoint\",\"urlTemplate\":\"https:\/\/portaltela.pt\/?s={search_term_string}\"},\"query-input\":{\"@type\":\"PropertyValueSpecification\",\"valueRequired\":true,\"valueName\":\"search_term_string\"}}],\"inLanguage\":\"pt-PT\"},{\"@type\":\"Person\",\"@id\":\"https:\/\/portaltela.pt\/#\/schema\/person\/c4278d4a6028830caff9ee44b42d32ed\",\"name\":\"Telinha\",\"image\":{\"@type\":\"ImageObject\",\"inLanguage\":\"pt-PT\",\"@id\":\"https:\/\/portaltela.pt\/s.01k8rhncp4jt1\/2025\/11\/talking-bot-125x125.png\",\"url\":\"https:\/\/portaltela.pt\/s.01k8rhncp4jt1\/2025\/11\/talking-bot-125x125.png\",\"contentUrl\":\"https:\/\/portaltela.pt\/s.01k8rhncp4jt1\/2025\/11\/talking-bot-125x125.png\",\"caption\":\"Telinha\"},\"sameAs\":[\"https:\/\/portaltela.pt\/\"],\"url\":\"https:\/\/portaltela.pt\/por\/367410592786\/\"}]}<\/script>\n<!-- \/ Yoast SEO plugin. -->","yoast_head_json":{"title":"Mo\u00e7ambique em aviso vermelho devido a ciclone tropical no sul - Portal Tela Portugal","robots":{"index":"index","follow":"follow","max-snippet":"max-snippet:-1","max-image-preview":"max-image-preview:large","max-video-preview":"max-video-preview:-1"},"og_locale":"pt_PT","og_type":"article","og_title":"Mo\u00e7ambique em aviso vermelho devido a ciclone tropical no sul - Portal Tela Portugal","og_description":"O Instituto Nacional de Meteorologia (Inam) mo\u00e7ambicano emitiu hoje um aviso vermelho. A tempestade tropical Gezani evoluiu para ciclone tropical. Prev\u00ea-se que o ciclone afete prov\u00edncias mo\u00e7ambicanas do sul. A situa\u00e7\u00e3o \u00e9 acompanhada pelas autoridades competentes.","og_url":"https:\/\/portaltela.pt\/noticias\/2026\/02\/12\/mocambique-em-aviso-vermelho-devido-a-ciclone-tropical-no-sul\/","og_site_name":"Portal Tela Portugal","article_published_time":"2026-02-12T18:57:00+00:00","author":"Telinha","twitter_card":"summary_large_image","twitter_misc":{"Escrito por":"Telinha","Tempo estimado de leitura":"1 minuto"},"schema":{"@context":"https:\/\/schema.org","@graph":[{"@type":"Article","@id":"https:\/\/portaltela.pt\/noticias\/2026\/02\/12\/mocambique-em-aviso-vermelho-devido-a-ciclone-tropical-no-sul\/#article","isPartOf":{"@id":"https:\/\/portaltela.pt\/noticias\/2026\/02\/12\/mocambique-em-aviso-vermelho-devido-a-ciclone-tropical-no-sul\/"},"author":{"name":"Telinha","@id":"https:\/\/portaltela.pt\/#\/schema\/person\/c4278d4a6028830caff9ee44b42d32ed"},"headline":"Mo\u00e7ambique em aviso vermelho devido a ciclone tropical no sul","datePublished":"2026-02-12T18:57:00+00:00","mainEntityOfPage":{"@id":"https:\/\/portaltela.pt\/noticias\/2026\/02\/12\/mocambique-em-aviso-vermelho-devido-a-ciclone-tropical-no-sul\/"},"wordCount":137,"image":{"@id":"https:\/\/portaltela.pt\/noticias\/2026\/02\/12\/mocambique-em-aviso-vermelho-devido-a-ciclone-tropical-no-sul\/#primaryimage"},"thumbnailUrl":"https:\/\/portaltela.pt\/s.01k8rhncp4jt1\/2026\/02\/CACHE_780X1200_ANALOG_WATERMARKED_46460086_5370408_30012026074616.jpg","keywords":["alagamentos","aviso vermelho","cat\u00e1strofes naturais","chuva","inunda\u00e7\u00e3o","Mo\u00e7ambique"],"articleSection":["Not\u00edcias"],"inLanguage":"pt-PT"},{"@type":"WebPage","@id":"https:\/\/portaltela.pt\/noticias\/2026\/02\/12\/mocambique-em-aviso-vermelho-devido-a-ciclone-tropical-no-sul\/","url":"https:\/\/portaltela.pt\/noticias\/2026\/02\/12\/mocambique-em-aviso-vermelho-devido-a-ciclone-tropical-no-sul\/","name":"Mo\u00e7ambique em aviso vermelho devido a ciclone tropical no sul - Portal Tela Portugal","isPartOf":{"@id":"https:\/\/portaltela.pt\/#website"},"primaryImageOfPage":{"@id":"https:\/\/portaltela.pt\/noticias\/2026\/02\/12\/mocambique-em-aviso-vermelho-devido-a-ciclone-tropical-no-sul\/#primaryimage"},"image":{"@id":"https:\/\/portaltela.pt\/noticias\/2026\/02\/12\/mocambique-em-aviso-vermelho-devido-a-ciclone-tropical-no-sul\/#primaryimage"},"thumbnailUrl":"https:\/\/portaltela.pt\/s.01k8rhncp4jt1\/2026\/02\/CACHE_780X1200_ANALOG_WATERMARKED_46460086_5370408_30012026074616.jpg","datePublished":"2026-02-12T18:57:00+00:00","author":{"@id":"https:\/\/portaltela.pt\/#\/schema\/person\/c4278d4a6028830caff9ee44b42d32ed"},"breadcrumb":{"@id":"https:\/\/portaltela.pt\/noticias\/2026\/02\/12\/mocambique-em-aviso-vermelho-devido-a-ciclone-tropical-no-sul\/#breadcrumb"},"inLanguage":"pt-PT","potentialAction":[{"@type":"ReadAction","target":["https:\/\/portaltela.pt\/noticias\/2026\/02\/12\/mocambique-em-aviso-vermelho-devido-a-ciclone-tropical-no-sul\/"]}]},{"@type":"ImageObject","inLanguage":"pt-PT","@id":"https:\/\/portaltela.pt\/noticias\/2026\/02\/12\/mocambique-em-aviso-vermelho-devido-a-ciclone-tropical-no-sul\/#primaryimage","url":"https:\/\/portaltela.pt\/s.01k8rhncp4jt1\/2026\/02\/CACHE_780X1200_ANALOG_WATERMARKED_46460086_5370408_30012026074616.jpg","contentUrl":"https:\/\/portaltela.pt\/s.01k8rhncp4jt1\/2026\/02\/CACHE_780X1200_ANALOG_WATERMARKED_46460086_5370408_30012026074616.jpg","width":768,"height":512,"caption":"Mo\u00e7ambique sob aviso vermelho face ao ciclone tropical no sul do pa\u00eds"},{"@type":"BreadcrumbList","@id":"https:\/\/portaltela.pt\/noticias\/2026\/02\/12\/mocambique-em-aviso-vermelho-devido-a-ciclone-tropical-no-sul\/#breadcrumb","itemListElement":[{"@type":"ListItem","position":1,"name":"In\u00edcio","item":"https:\/\/portaltela.pt\/"},{"@type":"ListItem","position":2,"name":"Mo\u00e7ambique em aviso vermelho devido a ciclone tropical no sul"}]},{"@type":"WebSite","@id":"https:\/\/portaltela.pt\/#website","url":"https:\/\/portaltela.pt\/","name":"Portal Tela Portugal","description":"","potentialAction":[{"@type":"SearchAction","target":{"@type":"EntryPoint","urlTemplate":"https:\/\/portaltela.pt\/?s={search_term_string}"},"query-input":{"@type":"PropertyValueSpecification","valueRequired":true,"valueName":"search_term_string"}}],"inLanguage":"pt-PT"},{"@type":"Person","@id":"https:\/\/portaltela.pt\/#\/schema\/person\/c4278d4a6028830caff9ee44b42d32ed","name":"Telinha","image":{"@type":"ImageObject","inLanguage":"pt-PT","@id":"https:\/\/portaltela.pt\/s.01k8rhncp4jt1\/2025\/11\/talking-bot-125x125.png","url":"https:\/\/portaltela.pt\/s.01k8rhncp4jt1\/2025\/11\/talking-bot-125x125.png","contentUrl":"https:\/\/portaltela.pt\/s.01k8rhncp4jt1\/2025\/11\/talking-bot-125x125.png","caption":"Telinha"},"sameAs":["https:\/\/portaltela.pt\/"],"url":"https:\/\/portaltela.pt\/por\/367410592786\/"}]}},"_links":{"self":[{"href":"https:\/\/portaltela.pt\/api\/wp\/v2\/posts\/209918","targetHints":{"allow":["GET"]}}],"collection":[{"href":"https:\/\/portaltela.pt\/api\/wp\/v2\/posts"}],"about":[{"href":"https:\/\/portaltela.pt\/api\/wp\/v2\/types\/post"}],"author":[{"embeddable":true,"href":"https:\/\/portaltela.pt\/api\/wp\/v2\/users\/2"}],"replies":[{"embeddable":true,"href":"https:\/\/portaltela.pt\/api\/wp\/v2\/comments?post=209918"}],"version-history":[{"count":0,"href":"https:\/\/portaltela.pt\/api\/wp\/v2\/posts\/209918\/revisions"}],"wp:featuredmedia":[{"embeddable":true,"href":"https:\/\/portaltela.pt\/api\/wp\/v2\/media\/209919"}],"wp:attachment":[{"href":"https:\/\/portaltela.pt\/api\/wp\/v2\/media?parent=209918"}],"wp:term":[{"taxonomy":"category","embeddable":true,"href":"https:\/\/portaltela.pt\/api\/wp\/v2\/categories?post=209918"},{"taxonomy":"post_tag","embeddable":true,"href":"https:\/\/portaltela.pt\/api\/wp\/v2\/tags?post=209918"}],"curies":[{"name":"wp","href":"https:\/\/api.w.org\/{rel}","templated":true}]}}