{"id":209871,"date":"2026-02-12T15:36:00","date_gmt":"2026-02-12T18:36:00","guid":{"rendered":"https:\/\/portaltela.pt\/noticias\/2026\/02\/12\/maat-encerra-galeria-por-mau-tempo-e-adia-exposicao-para-2027\/"},"modified":"2026-02-12T15:36:00","modified_gmt":"2026-02-12T18:36:00","slug":"maat-encerra-galeria-por-mau-tempo-e-adia-exposicao-para-2027","status":"publish","type":"post","link":"https:\/\/portaltela.pt\/noticias\/2026\/02\/12\/maat-encerra-galeria-por-mau-tempo-e-adia-exposicao-para-2027\/","title":{"rendered":"MAAT encerra galeria por mau tempo e adia exposi\u00e7\u00e3o para 2027"},"content":{"rendered":"<p>O MAAT encerrou a galeria onde estavam expostas obras, devido ao mau tempo, e adiou para 2027 uma exposi\u00e7\u00e3o anunciada anteriormente.<\/p>\n<p>A decis\u00e3o envolve a dire\u00e7\u00e3o do MAAT e o corpo curatorial, que optaram por interromper temporariamente a apresenta\u00e7\u00e3o p\u00fablica das obras.<\/p>\n<p>A mostra prevista no calend\u00e1rio foi reagendada para 2027, sem divulga\u00e7\u00e3o de novas datas espec\u00edficas ou de altera\u00e7\u00f5es adicionais no programa.<\/p>\n<p>O museu informou que n\u00e3o ser\u00e3o fornecidos detalhes adicionais de momento, mantendo a comunica\u00e7\u00e3o apenas sobre o adiamento e o encerramento da galeria.<\/p>\n","protected":false},"excerpt":{"rendered":"<ul>\n<li>O MAAT encerrou a galeria onde estavam obras devido ao mau tempo.<\/li>\n<li>A exposi\u00e7\u00e3o prevista foi adiada para 2027.<\/li>\n<li>A medida afeta a programa\u00e7\u00e3o expo\u00adsitiva do museu neste per\u00edodo.<\/li>\n<li>N\u00e3o foram anunciadas novas datas de reabertura no momento.<\/li>\n<\/ul>\n","protected":false},"author":2,"featured_media":209874,"comment_status":"closed","ping_status":"closed","sticky":false,"template":"","format":"standard","meta":{"footnotes":""},"categories":[1],"tags":[70,145,2923,5751],"class_list":["post-209871","post","type-post","status-publish","format-standard","has-post-thumbnail","hentry","category-noticias","tag-arte","tag-cultura","tag-galerias-arquivos","tag-museus-e-arquivos"],"yoast_head":"<!-- This site is optimized with the Yoast SEO plugin v27.2 - https:\/\/yoast.com\/product\/yoast-seo-wordpress\/ -->\n<title>MAAT encerra galeria por mau tempo e adia exposi\u00e7\u00e3o para 2027 - Portal Tela Portugal<\/title>\n<meta name=\"robots\" content=\"index, follow, max-snippet:-1, max-image-preview:large, max-video-preview:-1\" \/>\n<meta property=\"og:locale\" content=\"pt_PT\" \/>\n<meta property=\"og:type\" content=\"article\" \/>\n<meta property=\"og:title\" content=\"MAAT encerra galeria por mau tempo e adia exposi\u00e7\u00e3o para 2027 - Portal Tela Portugal\" \/>\n<meta property=\"og:description\" content=\"O MAAT encerrou a galeria onde estavam obras devido ao mau tempo. A exposi\u00e7\u00e3o prevista foi adiada para 2027. A medida afeta a programa\u00e7\u00e3o expo\u00adsitiva do museu neste per\u00edodo. N\u00e3o foram anunciadas novas datas de reabertura no momento.\" \/>\n<meta property=\"og:url\" content=\"https:\/\/portaltela.pt\/noticias\/2026\/02\/12\/maat-encerra-galeria-por-mau-tempo-e-adia-exposicao-para-2027\/\" \/>\n<meta property=\"og:site_name\" content=\"Portal Tela Portugal\" \/>\n<meta property=\"article:published_time\" content=\"2026-02-12T18:36:00+00:00\" \/>\n<meta name=\"author\" content=\"Telinha\" \/>\n<meta name=\"twitter:card\" content=\"summary_large_image\" \/>\n<meta name=\"twitter:label1\" content=\"Escrito por\" \/>\n\t<meta name=\"twitter:data1\" content=\"Telinha\" \/>\n<script type=\"application\/ld+json\" class=\"yoast-schema-graph\">{\"@context\":\"https:\/\/schema.org\",\"@graph\":[{\"@type\":\"Article\",\"@id\":\"https:\/\/portaltela.pt\/noticias\/2026\/02\/12\/maat-encerra-galeria-por-mau-tempo-e-adia-exposicao-para-2027\/#article\",\"isPartOf\":{\"@id\":\"https:\/\/portaltela.pt\/noticias\/2026\/02\/12\/maat-encerra-galeria-por-mau-tempo-e-adia-exposicao-para-2027\/\"},\"author\":{\"name\":\"Telinha\",\"@id\":\"https:\/\/portaltela.pt\/#\/schema\/person\/c4278d4a6028830caff9ee44b42d32ed\"},\"headline\":\"MAAT encerra galeria por mau tempo e adia exposi\u00e7\u00e3o para 2027\",\"datePublished\":\"2026-02-12T18:36:00+00:00\",\"mainEntityOfPage\":{\"@id\":\"https:\/\/portaltela.pt\/noticias\/2026\/02\/12\/maat-encerra-galeria-por-mau-tempo-e-adia-exposicao-para-2027\/\"},\"wordCount\":107,\"image\":{\"@id\":\"https:\/\/portaltela.pt\/noticias\/2026\/02\/12\/maat-encerra-galeria-por-mau-tempo-e-adia-exposicao-para-2027\/#primaryimage\"},\"thumbnailUrl\":\"https:\/\/portaltela.pt\/s.01k8rhncp4jt1\/2026\/02\/CACHE_780X1200_ANALOG_WATERMARKED_21338217_1462183_06032019090444.jpg\",\"keywords\":[\"arte\",\"cultura\",\"galerias\/arquivos\",\"museus e arquivos\"],\"articleSection\":[\"Not\u00edcias\"],\"inLanguage\":\"pt-PT\"},{\"@type\":\"WebPage\",\"@id\":\"https:\/\/portaltela.pt\/noticias\/2026\/02\/12\/maat-encerra-galeria-por-mau-tempo-e-adia-exposicao-para-2027\/\",\"url\":\"https:\/\/portaltela.pt\/noticias\/2026\/02\/12\/maat-encerra-galeria-por-mau-tempo-e-adia-exposicao-para-2027\/\",\"name\":\"MAAT encerra galeria por mau tempo e adia exposi\u00e7\u00e3o para 2027 - Portal Tela Portugal\",\"isPartOf\":{\"@id\":\"https:\/\/portaltela.pt\/#website\"},\"primaryImageOfPage\":{\"@id\":\"https:\/\/portaltela.pt\/noticias\/2026\/02\/12\/maat-encerra-galeria-por-mau-tempo-e-adia-exposicao-para-2027\/#primaryimage\"},\"image\":{\"@id\":\"https:\/\/portaltela.pt\/noticias\/2026\/02\/12\/maat-encerra-galeria-por-mau-tempo-e-adia-exposicao-para-2027\/#primaryimage\"},\"thumbnailUrl\":\"https:\/\/portaltela.pt\/s.01k8rhncp4jt1\/2026\/02\/CACHE_780X1200_ANALOG_WATERMARKED_21338217_1462183_06032019090444.jpg\",\"datePublished\":\"2026-02-12T18:36:00+00:00\",\"author\":{\"@id\":\"https:\/\/portaltela.pt\/#\/schema\/person\/c4278d4a6028830caff9ee44b42d32ed\"},\"breadcrumb\":{\"@id\":\"https:\/\/portaltela.pt\/noticias\/2026\/02\/12\/maat-encerra-galeria-por-mau-tempo-e-adia-exposicao-para-2027\/#breadcrumb\"},\"inLanguage\":\"pt-PT\",\"potentialAction\":[{\"@type\":\"ReadAction\",\"target\":[\"https:\/\/portaltela.pt\/noticias\/2026\/02\/12\/maat-encerra-galeria-por-mau-tempo-e-adia-exposicao-para-2027\/\"]}]},{\"@type\":\"ImageObject\",\"inLanguage\":\"pt-PT\",\"@id\":\"https:\/\/portaltela.pt\/noticias\/2026\/02\/12\/maat-encerra-galeria-por-mau-tempo-e-adia-exposicao-para-2027\/#primaryimage\",\"url\":\"https:\/\/portaltela.pt\/s.01k8rhncp4jt1\/2026\/02\/CACHE_780X1200_ANALOG_WATERMARKED_21338217_1462183_06032019090444.jpg\",\"contentUrl\":\"https:\/\/portaltela.pt\/s.01k8rhncp4jt1\/2026\/02\/CACHE_780X1200_ANALOG_WATERMARKED_21338217_1462183_06032019090444.jpg\",\"width\":796,\"height\":448,\"caption\":\"MAAT encerra galeria para obras devido ao mau tempo e adia uma exposi\u00e7\u00e3o para 2027\"},{\"@type\":\"BreadcrumbList\",\"@id\":\"https:\/\/portaltela.pt\/noticias\/2026\/02\/12\/maat-encerra-galeria-por-mau-tempo-e-adia-exposicao-para-2027\/#breadcrumb\",\"itemListElement\":[{\"@type\":\"ListItem\",\"position\":1,\"name\":\"In\u00edcio\",\"item\":\"https:\/\/portaltela.pt\/\"},{\"@type\":\"ListItem\",\"position\":2,\"name\":\"MAAT encerra galeria por mau tempo e adia exposi\u00e7\u00e3o para 2027\"}]},{\"@type\":\"WebSite\",\"@id\":\"https:\/\/portaltela.pt\/#website\",\"url\":\"https:\/\/portaltela.pt\/\",\"name\":\"Portal Tela Portugal\",\"description\":\"\",\"potentialAction\":[{\"@type\":\"SearchAction\",\"target\":{\"@type\":\"EntryPoint\",\"urlTemplate\":\"https:\/\/portaltela.pt\/?s={search_term_string}\"},\"query-input\":{\"@type\":\"PropertyValueSpecification\",\"valueRequired\":true,\"valueName\":\"search_term_string\"}}],\"inLanguage\":\"pt-PT\"},{\"@type\":\"Person\",\"@id\":\"https:\/\/portaltela.pt\/#\/schema\/person\/c4278d4a6028830caff9ee44b42d32ed\",\"name\":\"Telinha\",\"image\":{\"@type\":\"ImageObject\",\"inLanguage\":\"pt-PT\",\"@id\":\"https:\/\/portaltela.pt\/s.01k8rhncp4jt1\/2025\/11\/talking-bot-125x125.png\",\"url\":\"https:\/\/portaltela.pt\/s.01k8rhncp4jt1\/2025\/11\/talking-bot-125x125.png\",\"contentUrl\":\"https:\/\/portaltela.pt\/s.01k8rhncp4jt1\/2025\/11\/talking-bot-125x125.png\",\"caption\":\"Telinha\"},\"sameAs\":[\"https:\/\/portaltela.pt\/\"],\"url\":\"https:\/\/portaltela.pt\/por\/367410592786\/\"}]}<\/script>\n<!-- \/ Yoast SEO plugin. -->","yoast_head_json":{"title":"MAAT encerra galeria por mau tempo e adia exposi\u00e7\u00e3o para 2027 - Portal Tela Portugal","robots":{"index":"index","follow":"follow","max-snippet":"max-snippet:-1","max-image-preview":"max-image-preview:large","max-video-preview":"max-video-preview:-1"},"og_locale":"pt_PT","og_type":"article","og_title":"MAAT encerra galeria por mau tempo e adia exposi\u00e7\u00e3o para 2027 - Portal Tela Portugal","og_description":"O MAAT encerrou a galeria onde estavam obras devido ao mau tempo. A exposi\u00e7\u00e3o prevista foi adiada para 2027. A medida afeta a programa\u00e7\u00e3o expo\u00adsitiva do museu neste per\u00edodo. N\u00e3o foram anunciadas novas datas de reabertura no momento.","og_url":"https:\/\/portaltela.pt\/noticias\/2026\/02\/12\/maat-encerra-galeria-por-mau-tempo-e-adia-exposicao-para-2027\/","og_site_name":"Portal Tela Portugal","article_published_time":"2026-02-12T18:36:00+00:00","author":"Telinha","twitter_card":"summary_large_image","twitter_misc":{"Escrito por":"Telinha"},"schema":{"@context":"https:\/\/schema.org","@graph":[{"@type":"Article","@id":"https:\/\/portaltela.pt\/noticias\/2026\/02\/12\/maat-encerra-galeria-por-mau-tempo-e-adia-exposicao-para-2027\/#article","isPartOf":{"@id":"https:\/\/portaltela.pt\/noticias\/2026\/02\/12\/maat-encerra-galeria-por-mau-tempo-e-adia-exposicao-para-2027\/"},"author":{"name":"Telinha","@id":"https:\/\/portaltela.pt\/#\/schema\/person\/c4278d4a6028830caff9ee44b42d32ed"},"headline":"MAAT encerra galeria por mau tempo e adia exposi\u00e7\u00e3o para 2027","datePublished":"2026-02-12T18:36:00+00:00","mainEntityOfPage":{"@id":"https:\/\/portaltela.pt\/noticias\/2026\/02\/12\/maat-encerra-galeria-por-mau-tempo-e-adia-exposicao-para-2027\/"},"wordCount":107,"image":{"@id":"https:\/\/portaltela.pt\/noticias\/2026\/02\/12\/maat-encerra-galeria-por-mau-tempo-e-adia-exposicao-para-2027\/#primaryimage"},"thumbnailUrl":"https:\/\/portaltela.pt\/s.01k8rhncp4jt1\/2026\/02\/CACHE_780X1200_ANALOG_WATERMARKED_21338217_1462183_06032019090444.jpg","keywords":["arte","cultura","galerias\/arquivos","museus e arquivos"],"articleSection":["Not\u00edcias"],"inLanguage":"pt-PT"},{"@type":"WebPage","@id":"https:\/\/portaltela.pt\/noticias\/2026\/02\/12\/maat-encerra-galeria-por-mau-tempo-e-adia-exposicao-para-2027\/","url":"https:\/\/portaltela.pt\/noticias\/2026\/02\/12\/maat-encerra-galeria-por-mau-tempo-e-adia-exposicao-para-2027\/","name":"MAAT encerra galeria por mau tempo e adia exposi\u00e7\u00e3o para 2027 - Portal Tela Portugal","isPartOf":{"@id":"https:\/\/portaltela.pt\/#website"},"primaryImageOfPage":{"@id":"https:\/\/portaltela.pt\/noticias\/2026\/02\/12\/maat-encerra-galeria-por-mau-tempo-e-adia-exposicao-para-2027\/#primaryimage"},"image":{"@id":"https:\/\/portaltela.pt\/noticias\/2026\/02\/12\/maat-encerra-galeria-por-mau-tempo-e-adia-exposicao-para-2027\/#primaryimage"},"thumbnailUrl":"https:\/\/portaltela.pt\/s.01k8rhncp4jt1\/2026\/02\/CACHE_780X1200_ANALOG_WATERMARKED_21338217_1462183_06032019090444.jpg","datePublished":"2026-02-12T18:36:00+00:00","author":{"@id":"https:\/\/portaltela.pt\/#\/schema\/person\/c4278d4a6028830caff9ee44b42d32ed"},"breadcrumb":{"@id":"https:\/\/portaltela.pt\/noticias\/2026\/02\/12\/maat-encerra-galeria-por-mau-tempo-e-adia-exposicao-para-2027\/#breadcrumb"},"inLanguage":"pt-PT","potentialAction":[{"@type":"ReadAction","target":["https:\/\/portaltela.pt\/noticias\/2026\/02\/12\/maat-encerra-galeria-por-mau-tempo-e-adia-exposicao-para-2027\/"]}]},{"@type":"ImageObject","inLanguage":"pt-PT","@id":"https:\/\/portaltela.pt\/noticias\/2026\/02\/12\/maat-encerra-galeria-por-mau-tempo-e-adia-exposicao-para-2027\/#primaryimage","url":"https:\/\/portaltela.pt\/s.01k8rhncp4jt1\/2026\/02\/CACHE_780X1200_ANALOG_WATERMARKED_21338217_1462183_06032019090444.jpg","contentUrl":"https:\/\/portaltela.pt\/s.01k8rhncp4jt1\/2026\/02\/CACHE_780X1200_ANALOG_WATERMARKED_21338217_1462183_06032019090444.jpg","width":796,"height":448,"caption":"MAAT encerra galeria para obras devido ao mau tempo e adia uma exposi\u00e7\u00e3o para 2027"},{"@type":"BreadcrumbList","@id":"https:\/\/portaltela.pt\/noticias\/2026\/02\/12\/maat-encerra-galeria-por-mau-tempo-e-adia-exposicao-para-2027\/#breadcrumb","itemListElement":[{"@type":"ListItem","position":1,"name":"In\u00edcio","item":"https:\/\/portaltela.pt\/"},{"@type":"ListItem","position":2,"name":"MAAT encerra galeria por mau tempo e adia exposi\u00e7\u00e3o para 2027"}]},{"@type":"WebSite","@id":"https:\/\/portaltela.pt\/#website","url":"https:\/\/portaltela.pt\/","name":"Portal Tela Portugal","description":"","potentialAction":[{"@type":"SearchAction","target":{"@type":"EntryPoint","urlTemplate":"https:\/\/portaltela.pt\/?s={search_term_string}"},"query-input":{"@type":"PropertyValueSpecification","valueRequired":true,"valueName":"search_term_string"}}],"inLanguage":"pt-PT"},{"@type":"Person","@id":"https:\/\/portaltela.pt\/#\/schema\/person\/c4278d4a6028830caff9ee44b42d32ed","name":"Telinha","image":{"@type":"ImageObject","inLanguage":"pt-PT","@id":"https:\/\/portaltela.pt\/s.01k8rhncp4jt1\/2025\/11\/talking-bot-125x125.png","url":"https:\/\/portaltela.pt\/s.01k8rhncp4jt1\/2025\/11\/talking-bot-125x125.png","contentUrl":"https:\/\/portaltela.pt\/s.01k8rhncp4jt1\/2025\/11\/talking-bot-125x125.png","caption":"Telinha"},"sameAs":["https:\/\/portaltela.pt\/"],"url":"https:\/\/portaltela.pt\/por\/367410592786\/"}]}},"_links":{"self":[{"href":"https:\/\/portaltela.pt\/api\/wp\/v2\/posts\/209871","targetHints":{"allow":["GET"]}}],"collection":[{"href":"https:\/\/portaltela.pt\/api\/wp\/v2\/posts"}],"about":[{"href":"https:\/\/portaltela.pt\/api\/wp\/v2\/types\/post"}],"author":[{"embeddable":true,"href":"https:\/\/portaltela.pt\/api\/wp\/v2\/users\/2"}],"replies":[{"embeddable":true,"href":"https:\/\/portaltela.pt\/api\/wp\/v2\/comments?post=209871"}],"version-history":[{"count":0,"href":"https:\/\/portaltela.pt\/api\/wp\/v2\/posts\/209871\/revisions"}],"wp:featuredmedia":[{"embeddable":true,"href":"https:\/\/portaltela.pt\/api\/wp\/v2\/media\/209874"}],"wp:attachment":[{"href":"https:\/\/portaltela.pt\/api\/wp\/v2\/media?parent=209871"}],"wp:term":[{"taxonomy":"category","embeddable":true,"href":"https:\/\/portaltela.pt\/api\/wp\/v2\/categories?post=209871"},{"taxonomy":"post_tag","embeddable":true,"href":"https:\/\/portaltela.pt\/api\/wp\/v2\/tags?post=209871"}],"curies":[{"name":"wp","href":"https:\/\/api.w.org\/{rel}","templated":true}]}}