{"id":209870,"date":"2026-02-12T15:33:00","date_gmt":"2026-02-12T18:33:00","guid":{"rendered":"https:\/\/portaltela.pt\/noticias\/2026\/02\/12\/ex-lateral-do-benfica-reforca-o-eibar\/"},"modified":"2026-02-12T15:33:00","modified_gmt":"2026-02-12T18:33:00","slug":"ex-lateral-do-benfica-reforca-o-eibar","status":"publish","type":"post","link":"https:\/\/portaltela.pt\/desporto\/futebol\/2026\/02\/12\/ex-lateral-do-benfica-reforca-o-eibar\/","title":{"rendered":"Ex-lateral do Benfica refor\u00e7a o Eibar"},"content":{"rendered":"<p>O Eibar anunciou a contrata\u00e7\u00e3o de Juan Bernat, lateral-esquerdo espanhol de 32 anos, que refor\u00e7a o 14.\u00ba colocado da Liga espanhola. O acordo coloca Bernat no clube basco para a temporada em curso.<\/p>\n<p>O jogador, que chega sem clube desde o fim do v\u00ednculo com o Getafe em junho de 2025, assina pelos itens que ainda n\u00e3o foram revelados pela equipa. A estreia e os termos contratuais n\u00e3o foram detalhados.<\/p>\n<p>Em 2023\/24, Bernat atuou por empr\u00e9stimo do PSG ao Benfica, disputando 7 jogos pela equipa portuguesa. A passagem marcaria o seu regresso aos palcos onde j\u00e1 atuou com destaque.<\/p>\n<p>A mudan\u00e7a ocorre ap\u00f3s a recupera\u00e7\u00e3o f\u00edsica do futebolista e o objetivo do Eibar \u00e9 refor\u00e7ar a lateral esquerda para o campeonato espanhol. Bernat chega com experi\u00eancia internacional e presen\u00e7a no plantel.<\/p>\n","protected":false},"excerpt":{"rendered":"<ul>\n<li>Juan Bernat \u00e9 refor\u00e7o do Eibar, 14.\u00ba classificado da Liga espanhola.<\/li>\n<li>O lateral-esquerdo espanhol tem 32 anos.<\/li>\n<li>Estava sem clube desde que terminou o contrato com o Getafe em junho de 2025.<\/li>\n<li>Em 2023\/24 vestiu a camisola do Benfica por empr\u00e9stimo do Paris Saint-Germain, tendo disputado apenas sete jogos.<\/li>\n<li>O an\u00fancio destaca a liga\u00e7\u00e3o recente ao Eibar como novo atleta do clube.<\/li>\n<\/ul>\n","protected":false},"author":2,"featured_media":209872,"comment_status":"closed","ping_status":"closed","sticky":false,"template":"","format":"standard","meta":{"footnotes":""},"categories":[21,24],"tags":[1946,3972,2031,32,1715,1789],"class_list":["post-209870","post","type-post","status-publish","format-standard","has-post-thumbnail","hentry","category-desporto","category-futebol","tag-benfica","tag-benfica-sad","tag-espanha","tag-futebol","tag-getafe","tag-la-liga"],"yoast_head":"<!-- This site is optimized with the Yoast SEO plugin v27.2 - https:\/\/yoast.com\/product\/yoast-seo-wordpress\/ -->\n<title>Ex-lateral do Benfica refor\u00e7a o Eibar - Portal Tela Portugal<\/title>\n<meta name=\"robots\" content=\"index, follow, max-snippet:-1, max-image-preview:large, max-video-preview:-1\" \/>\n<meta property=\"og:locale\" content=\"pt_PT\" \/>\n<meta property=\"og:type\" content=\"article\" \/>\n<meta property=\"og:title\" content=\"Ex-lateral do Benfica refor\u00e7a o Eibar - Portal Tela Portugal\" \/>\n<meta property=\"og:description\" content=\"Juan Bernat \u00e9 refor\u00e7o do Eibar, 14.\u00ba classificado da Liga espanhola. O lateral-esquerdo espanhol tem 32 anos. Estava sem clube desde que terminou o contrato com o Getafe em junho de 2025. Em 2023\/24 vestiu a camisola do Benfica por empr\u00e9stimo do Paris Saint-Germain, tendo disputado apenas sete jogos. O an\u00fancio destaca a liga\u00e7\u00e3o recente ao Eibar como novo atleta do clube.\" \/>\n<meta property=\"og:url\" content=\"https:\/\/portaltela.pt\/noticias\/2026\/02\/12\/ex-lateral-do-benfica-reforca-o-eibar\/\" \/>\n<meta property=\"og:site_name\" content=\"Portal Tela Portugal\" \/>\n<meta property=\"article:published_time\" content=\"2026-02-12T18:33:00+00:00\" \/>\n<meta name=\"author\" content=\"Telinha\" \/>\n<meta name=\"twitter:card\" content=\"summary_large_image\" \/>\n<meta name=\"twitter:label1\" content=\"Escrito por\" \/>\n\t<meta name=\"twitter:data1\" content=\"Telinha\" \/>\n\t<meta name=\"twitter:label2\" content=\"Tempo estimado de leitura\" \/>\n\t<meta name=\"twitter:data2\" content=\"1 minuto\" \/>\n<script type=\"application\/ld+json\" class=\"yoast-schema-graph\">{\"@context\":\"https:\/\/schema.org\",\"@graph\":[{\"@type\":\"Article\",\"@id\":\"https:\/\/portaltela.pt\/noticias\/2026\/02\/12\/ex-lateral-do-benfica-reforca-o-eibar\/#article\",\"isPartOf\":{\"@id\":\"https:\/\/portaltela.pt\/noticias\/2026\/02\/12\/ex-lateral-do-benfica-reforca-o-eibar\/\"},\"author\":{\"name\":\"Telinha\",\"@id\":\"https:\/\/portaltela.pt\/#\/schema\/person\/c4278d4a6028830caff9ee44b42d32ed\"},\"headline\":\"Ex-lateral do Benfica refor\u00e7a o Eibar\",\"datePublished\":\"2026-02-12T18:33:00+00:00\",\"mainEntityOfPage\":{\"@id\":\"https:\/\/portaltela.pt\/noticias\/2026\/02\/12\/ex-lateral-do-benfica-reforca-o-eibar\/\"},\"wordCount\":145,\"image\":{\"@id\":\"https:\/\/portaltela.pt\/noticias\/2026\/02\/12\/ex-lateral-do-benfica-reforca-o-eibar\/#primaryimage\"},\"thumbnailUrl\":\"https:\/\/portaltela.pt\/s.01k8rhncp4jt1\/2026\/02\/img_920x518uu2026-02-12-18-32-57-2421191.jpg\",\"keywords\":[\"Benfica\",\"Benfica SAD\",\"Espanha\",\"futebol\",\"Getafe\",\"La Liga\"],\"articleSection\":[\"Desporto\",\"Futebol\"],\"inLanguage\":\"pt-PT\"},{\"@type\":\"WebPage\",\"@id\":\"https:\/\/portaltela.pt\/noticias\/2026\/02\/12\/ex-lateral-do-benfica-reforca-o-eibar\/\",\"url\":\"https:\/\/portaltela.pt\/noticias\/2026\/02\/12\/ex-lateral-do-benfica-reforca-o-eibar\/\",\"name\":\"Ex-lateral do Benfica refor\u00e7a o Eibar - Portal Tela Portugal\",\"isPartOf\":{\"@id\":\"https:\/\/portaltela.pt\/#website\"},\"primaryImageOfPage\":{\"@id\":\"https:\/\/portaltela.pt\/noticias\/2026\/02\/12\/ex-lateral-do-benfica-reforca-o-eibar\/#primaryimage\"},\"image\":{\"@id\":\"https:\/\/portaltela.pt\/noticias\/2026\/02\/12\/ex-lateral-do-benfica-reforca-o-eibar\/#primaryimage\"},\"thumbnailUrl\":\"https:\/\/portaltela.pt\/s.01k8rhncp4jt1\/2026\/02\/img_920x518uu2026-02-12-18-32-57-2421191.jpg\",\"datePublished\":\"2026-02-12T18:33:00+00:00\",\"author\":{\"@id\":\"https:\/\/portaltela.pt\/#\/schema\/person\/c4278d4a6028830caff9ee44b42d32ed\"},\"breadcrumb\":{\"@id\":\"https:\/\/portaltela.pt\/noticias\/2026\/02\/12\/ex-lateral-do-benfica-reforca-o-eibar\/#breadcrumb\"},\"inLanguage\":\"pt-PT\",\"potentialAction\":[{\"@type\":\"ReadAction\",\"target\":[\"https:\/\/portaltela.pt\/noticias\/2026\/02\/12\/ex-lateral-do-benfica-reforca-o-eibar\/\"]}]},{\"@type\":\"ImageObject\",\"inLanguage\":\"pt-PT\",\"@id\":\"https:\/\/portaltela.pt\/noticias\/2026\/02\/12\/ex-lateral-do-benfica-reforca-o-eibar\/#primaryimage\",\"url\":\"https:\/\/portaltela.pt\/s.01k8rhncp4jt1\/2026\/02\/img_920x518uu2026-02-12-18-32-57-2421191.jpg\",\"contentUrl\":\"https:\/\/portaltela.pt\/s.01k8rhncp4jt1\/2026\/02\/img_920x518uu2026-02-12-18-32-57-2421191.jpg\",\"width\":796,\"height\":448,\"caption\":\"Juan Bernat\"},{\"@type\":\"BreadcrumbList\",\"@id\":\"https:\/\/portaltela.pt\/noticias\/2026\/02\/12\/ex-lateral-do-benfica-reforca-o-eibar\/#breadcrumb\",\"itemListElement\":[{\"@type\":\"ListItem\",\"position\":1,\"name\":\"In\u00edcio\",\"item\":\"https:\/\/portaltela.pt\/\"},{\"@type\":\"ListItem\",\"position\":2,\"name\":\"Ex-lateral do Benfica refor\u00e7a o Eibar\"}]},{\"@type\":\"WebSite\",\"@id\":\"https:\/\/portaltela.pt\/#website\",\"url\":\"https:\/\/portaltela.pt\/\",\"name\":\"Portal Tela Portugal\",\"description\":\"\",\"potentialAction\":[{\"@type\":\"SearchAction\",\"target\":{\"@type\":\"EntryPoint\",\"urlTemplate\":\"https:\/\/portaltela.pt\/?s={search_term_string}\"},\"query-input\":{\"@type\":\"PropertyValueSpecification\",\"valueRequired\":true,\"valueName\":\"search_term_string\"}}],\"inLanguage\":\"pt-PT\"},{\"@type\":\"Person\",\"@id\":\"https:\/\/portaltela.pt\/#\/schema\/person\/c4278d4a6028830caff9ee44b42d32ed\",\"name\":\"Telinha\",\"image\":{\"@type\":\"ImageObject\",\"inLanguage\":\"pt-PT\",\"@id\":\"https:\/\/portaltela.pt\/s.01k8rhncp4jt1\/2025\/11\/talking-bot-125x125.png\",\"url\":\"https:\/\/portaltela.pt\/s.01k8rhncp4jt1\/2025\/11\/talking-bot-125x125.png\",\"contentUrl\":\"https:\/\/portaltela.pt\/s.01k8rhncp4jt1\/2025\/11\/talking-bot-125x125.png\",\"caption\":\"Telinha\"},\"sameAs\":[\"https:\/\/portaltela.pt\/\"],\"url\":\"https:\/\/portaltela.pt\/por\/367410592786\/\"}]}<\/script>\n<!-- \/ Yoast SEO plugin. -->","yoast_head_json":{"title":"Ex-lateral do Benfica refor\u00e7a o Eibar - Portal Tela Portugal","robots":{"index":"index","follow":"follow","max-snippet":"max-snippet:-1","max-image-preview":"max-image-preview:large","max-video-preview":"max-video-preview:-1"},"og_locale":"pt_PT","og_type":"article","og_title":"Ex-lateral do Benfica refor\u00e7a o Eibar - Portal Tela Portugal","og_description":"Juan Bernat \u00e9 refor\u00e7o do Eibar, 14.\u00ba classificado da Liga espanhola. O lateral-esquerdo espanhol tem 32 anos. Estava sem clube desde que terminou o contrato com o Getafe em junho de 2025. Em 2023\/24 vestiu a camisola do Benfica por empr\u00e9stimo do Paris Saint-Germain, tendo disputado apenas sete jogos. O an\u00fancio destaca a liga\u00e7\u00e3o recente ao Eibar como novo atleta do clube.","og_url":"https:\/\/portaltela.pt\/noticias\/2026\/02\/12\/ex-lateral-do-benfica-reforca-o-eibar\/","og_site_name":"Portal Tela Portugal","article_published_time":"2026-02-12T18:33:00+00:00","author":"Telinha","twitter_card":"summary_large_image","twitter_misc":{"Escrito por":"Telinha","Tempo estimado de leitura":"1 minuto"},"schema":{"@context":"https:\/\/schema.org","@graph":[{"@type":"Article","@id":"https:\/\/portaltela.pt\/noticias\/2026\/02\/12\/ex-lateral-do-benfica-reforca-o-eibar\/#article","isPartOf":{"@id":"https:\/\/portaltela.pt\/noticias\/2026\/02\/12\/ex-lateral-do-benfica-reforca-o-eibar\/"},"author":{"name":"Telinha","@id":"https:\/\/portaltela.pt\/#\/schema\/person\/c4278d4a6028830caff9ee44b42d32ed"},"headline":"Ex-lateral do Benfica refor\u00e7a o Eibar","datePublished":"2026-02-12T18:33:00+00:00","mainEntityOfPage":{"@id":"https:\/\/portaltela.pt\/noticias\/2026\/02\/12\/ex-lateral-do-benfica-reforca-o-eibar\/"},"wordCount":145,"image":{"@id":"https:\/\/portaltela.pt\/noticias\/2026\/02\/12\/ex-lateral-do-benfica-reforca-o-eibar\/#primaryimage"},"thumbnailUrl":"https:\/\/portaltela.pt\/s.01k8rhncp4jt1\/2026\/02\/img_920x518uu2026-02-12-18-32-57-2421191.jpg","keywords":["Benfica","Benfica SAD","Espanha","futebol","Getafe","La Liga"],"articleSection":["Desporto","Futebol"],"inLanguage":"pt-PT"},{"@type":"WebPage","@id":"https:\/\/portaltela.pt\/noticias\/2026\/02\/12\/ex-lateral-do-benfica-reforca-o-eibar\/","url":"https:\/\/portaltela.pt\/noticias\/2026\/02\/12\/ex-lateral-do-benfica-reforca-o-eibar\/","name":"Ex-lateral do Benfica refor\u00e7a o Eibar - Portal Tela Portugal","isPartOf":{"@id":"https:\/\/portaltela.pt\/#website"},"primaryImageOfPage":{"@id":"https:\/\/portaltela.pt\/noticias\/2026\/02\/12\/ex-lateral-do-benfica-reforca-o-eibar\/#primaryimage"},"image":{"@id":"https:\/\/portaltela.pt\/noticias\/2026\/02\/12\/ex-lateral-do-benfica-reforca-o-eibar\/#primaryimage"},"thumbnailUrl":"https:\/\/portaltela.pt\/s.01k8rhncp4jt1\/2026\/02\/img_920x518uu2026-02-12-18-32-57-2421191.jpg","datePublished":"2026-02-12T18:33:00+00:00","author":{"@id":"https:\/\/portaltela.pt\/#\/schema\/person\/c4278d4a6028830caff9ee44b42d32ed"},"breadcrumb":{"@id":"https:\/\/portaltela.pt\/noticias\/2026\/02\/12\/ex-lateral-do-benfica-reforca-o-eibar\/#breadcrumb"},"inLanguage":"pt-PT","potentialAction":[{"@type":"ReadAction","target":["https:\/\/portaltela.pt\/noticias\/2026\/02\/12\/ex-lateral-do-benfica-reforca-o-eibar\/"]}]},{"@type":"ImageObject","inLanguage":"pt-PT","@id":"https:\/\/portaltela.pt\/noticias\/2026\/02\/12\/ex-lateral-do-benfica-reforca-o-eibar\/#primaryimage","url":"https:\/\/portaltela.pt\/s.01k8rhncp4jt1\/2026\/02\/img_920x518uu2026-02-12-18-32-57-2421191.jpg","contentUrl":"https:\/\/portaltela.pt\/s.01k8rhncp4jt1\/2026\/02\/img_920x518uu2026-02-12-18-32-57-2421191.jpg","width":796,"height":448,"caption":"Juan Bernat"},{"@type":"BreadcrumbList","@id":"https:\/\/portaltela.pt\/noticias\/2026\/02\/12\/ex-lateral-do-benfica-reforca-o-eibar\/#breadcrumb","itemListElement":[{"@type":"ListItem","position":1,"name":"In\u00edcio","item":"https:\/\/portaltela.pt\/"},{"@type":"ListItem","position":2,"name":"Ex-lateral do Benfica refor\u00e7a o Eibar"}]},{"@type":"WebSite","@id":"https:\/\/portaltela.pt\/#website","url":"https:\/\/portaltela.pt\/","name":"Portal Tela Portugal","description":"","potentialAction":[{"@type":"SearchAction","target":{"@type":"EntryPoint","urlTemplate":"https:\/\/portaltela.pt\/?s={search_term_string}"},"query-input":{"@type":"PropertyValueSpecification","valueRequired":true,"valueName":"search_term_string"}}],"inLanguage":"pt-PT"},{"@type":"Person","@id":"https:\/\/portaltela.pt\/#\/schema\/person\/c4278d4a6028830caff9ee44b42d32ed","name":"Telinha","image":{"@type":"ImageObject","inLanguage":"pt-PT","@id":"https:\/\/portaltela.pt\/s.01k8rhncp4jt1\/2025\/11\/talking-bot-125x125.png","url":"https:\/\/portaltela.pt\/s.01k8rhncp4jt1\/2025\/11\/talking-bot-125x125.png","contentUrl":"https:\/\/portaltela.pt\/s.01k8rhncp4jt1\/2025\/11\/talking-bot-125x125.png","caption":"Telinha"},"sameAs":["https:\/\/portaltela.pt\/"],"url":"https:\/\/portaltela.pt\/por\/367410592786\/"}]}},"_links":{"self":[{"href":"https:\/\/portaltela.pt\/api\/wp\/v2\/posts\/209870","targetHints":{"allow":["GET"]}}],"collection":[{"href":"https:\/\/portaltela.pt\/api\/wp\/v2\/posts"}],"about":[{"href":"https:\/\/portaltela.pt\/api\/wp\/v2\/types\/post"}],"author":[{"embeddable":true,"href":"https:\/\/portaltela.pt\/api\/wp\/v2\/users\/2"}],"replies":[{"embeddable":true,"href":"https:\/\/portaltela.pt\/api\/wp\/v2\/comments?post=209870"}],"version-history":[{"count":0,"href":"https:\/\/portaltela.pt\/api\/wp\/v2\/posts\/209870\/revisions"}],"wp:featuredmedia":[{"embeddable":true,"href":"https:\/\/portaltela.pt\/api\/wp\/v2\/media\/209872"}],"wp:attachment":[{"href":"https:\/\/portaltela.pt\/api\/wp\/v2\/media?parent=209870"}],"wp:term":[{"taxonomy":"category","embeddable":true,"href":"https:\/\/portaltela.pt\/api\/wp\/v2\/categories?post=209870"},{"taxonomy":"post_tag","embeddable":true,"href":"https:\/\/portaltela.pt\/api\/wp\/v2\/tags?post=209870"}],"curies":[{"name":"wp","href":"https:\/\/api.w.org\/{rel}","templated":true}]}}