{"id":209844,"date":"2026-02-12T15:18:00","date_gmt":"2026-02-12T18:18:00","guid":{"rendered":"https:\/\/portaltela.pt\/noticias\/2026\/02\/12\/domingos-simoes-pereira-homenageado-em-lisboa-pela-promocao-da-paz\/"},"modified":"2026-02-12T15:18:00","modified_gmt":"2026-02-12T18:18:00","slug":"domingos-simoes-pereira-homenageado-em-lisboa-pela-promocao-da-paz","status":"publish","type":"post","link":"https:\/\/portaltela.pt\/noticias\/internacional\/2026\/02\/12\/domingos-simoes-pereira-homenageado-em-lisboa-pela-promocao-da-paz\/","title":{"rendered":"Domingos Sim\u00f5es Pereira homenageado em Lisboa pela promo\u00e7\u00e3o da paz"},"content":{"rendered":"<p>Domingos Sim\u00f5es Pereira, presidente do PAIGC, recebeu hoje em Lisboa um diploma de honra ao m\u00e9rito da comunidade da di\u00e1spora guineense. O galard\u00e3o reconhece a defesa do povo guineense e a promo\u00e7\u00e3o da paz, segundo representantes da di\u00e1spora.<\/p>\n<p>A entrega ocorreu na capital portuguesa, junto de membros da di\u00e1spora guineense que residem em Portugal. O ato de reconhecimento pretende, segundo os organizadores, valorizar o papel de lideran\u00e7a do pol\u00edtico na constru\u00e7\u00e3o de caminhos de di\u00e1logo.<\/p>\n<p>O evento decorre no \u00e2mbito de a\u00e7\u00f5es de complemento \u00e0 coopera\u00e7\u00e3o entre a Guin\u00e9-Bissau e a di\u00e1spora, com foco na promo\u00e7\u00e3o da estabilidade e do desenvolvimento institucional. Detalhes adicionais sobre o programa de homenagem ainda n\u00e3o foram tornados p\u00fablicos.<\/p>\n<h3>Reconhecimento e contexto<\/h3>\n<p>A iniciativa envolve representantes da comunidade guineense em Portugal, que destacaram a influ\u00eancia de Sim\u00f5es Pereira no processo pol\u00edtico do pa\u00eds. O premiado \u00e9 figura de longa atua\u00e7\u00e3o no panorama guineense, com hist\u00f3rico de cargos de responsabilidade no PAIGC.<\/p>\n","protected":false},"excerpt":{"rendered":"<ul>\n<li>Representantes da di\u00e1spora guineense, em Lisboa, atribu\u00edram hoje a Domingos Sim\u00f5es Pereira, presidente do PAIGC, um diploma de honra ao m\u00e9rito.<\/li>\n<li>O reconhecimento \u00e9 pela defesa do povo guineense e pela promo\u00e7\u00e3o da paz.<\/li>\n<li>Domingos Sim\u00f5es Pereira \u00e9 figura proeminente no panorama pol\u00edtico da Guin\u00e9-Bissau.<\/li>\n<li>A cerim\u00f3nia ocorreu na capital portuguesa, em contexto de distens\u00e3o entre comunidades da di\u00e1spora.<\/li>\n<\/ul>\n","protected":false},"author":2,"featured_media":209848,"comment_status":"closed","ping_status":"closed","sticky":false,"template":"","format":"standard","meta":{"footnotes":""},"categories":[4,1],"tags":[256,3728,4935,2832,1014,30],"class_list":["post-209844","post","type-post","status-publish","format-standard","has-post-thumbnail","hentry","category-internacional","category-noticias","tag-cooperacao-internacional","tag-liderancas","tag-paigc","tag-politica","tag-portugal","tag-presidente"],"yoast_head":"<!-- This site is optimized with the Yoast SEO plugin v27.2 - https:\/\/yoast.com\/product\/yoast-seo-wordpress\/ -->\n<title>Domingos Sim\u00f5es Pereira homenageado em Lisboa pela promo\u00e7\u00e3o da paz - Portal Tela Portugal<\/title>\n<meta name=\"robots\" content=\"index, follow, max-snippet:-1, max-image-preview:large, max-video-preview:-1\" \/>\n<meta property=\"og:locale\" content=\"pt_PT\" \/>\n<meta property=\"og:type\" content=\"article\" \/>\n<meta property=\"og:title\" content=\"Domingos Sim\u00f5es Pereira homenageado em Lisboa pela promo\u00e7\u00e3o da paz - Portal Tela Portugal\" \/>\n<meta property=\"og:description\" content=\"Representantes da di\u00e1spora guineense, em Lisboa, atribu\u00edram hoje a Domingos Sim\u00f5es Pereira, presidente do PAIGC, um diploma de honra ao m\u00e9rito. O reconhecimento \u00e9 pela defesa do povo guineense e pela promo\u00e7\u00e3o da paz. Domingos Sim\u00f5es Pereira \u00e9 figura proeminente no panorama pol\u00edtico da Guin\u00e9-Bissau. A cerim\u00f3nia ocorreu na capital portuguesa, em contexto de distens\u00e3o entre comunidades da di\u00e1spora.\" \/>\n<meta property=\"og:url\" content=\"https:\/\/portaltela.pt\/noticias\/2026\/02\/12\/domingos-simoes-pereira-homenageado-em-lisboa-pela-promocao-da-paz\/\" \/>\n<meta property=\"og:site_name\" content=\"Portal Tela Portugal\" \/>\n<meta property=\"article:published_time\" content=\"2026-02-12T18:18:00+00:00\" \/>\n<meta name=\"author\" content=\"Telinha\" \/>\n<meta name=\"twitter:card\" content=\"summary_large_image\" \/>\n<meta name=\"twitter:label1\" content=\"Escrito por\" \/>\n\t<meta name=\"twitter:data1\" content=\"Telinha\" \/>\n\t<meta name=\"twitter:label2\" content=\"Tempo estimado de leitura\" \/>\n\t<meta name=\"twitter:data2\" content=\"1 minuto\" \/>\n<script type=\"application\/ld+json\" class=\"yoast-schema-graph\">{\"@context\":\"https:\/\/schema.org\",\"@graph\":[{\"@type\":\"Article\",\"@id\":\"https:\/\/portaltela.pt\/noticias\/2026\/02\/12\/domingos-simoes-pereira-homenageado-em-lisboa-pela-promocao-da-paz\/#article\",\"isPartOf\":{\"@id\":\"https:\/\/portaltela.pt\/noticias\/2026\/02\/12\/domingos-simoes-pereira-homenageado-em-lisboa-pela-promocao-da-paz\/\"},\"author\":{\"name\":\"Telinha\",\"@id\":\"https:\/\/portaltela.pt\/#\/schema\/person\/c4278d4a6028830caff9ee44b42d32ed\"},\"headline\":\"Domingos Sim\u00f5es Pereira homenageado em Lisboa pela promo\u00e7\u00e3o da paz\",\"datePublished\":\"2026-02-12T18:18:00+00:00\",\"mainEntityOfPage\":{\"@id\":\"https:\/\/portaltela.pt\/noticias\/2026\/02\/12\/domingos-simoes-pereira-homenageado-em-lisboa-pela-promocao-da-paz\/\"},\"wordCount\":190,\"image\":{\"@id\":\"https:\/\/portaltela.pt\/noticias\/2026\/02\/12\/domingos-simoes-pereira-homenageado-em-lisboa-pela-promocao-da-paz\/#primaryimage\"},\"thumbnailUrl\":\"https:\/\/portaltela.pt\/s.01k8rhncp4jt1\/2026\/02\/CACHE_780X1200_ANALOG_WATERMARKED_39434939_2136313_16092022121822.jpg\",\"keywords\":[\"coopera\u00e7\u00e3o internacional\",\"lideran\u00e7as\",\"PAIGC\",\"pol\u00edtica\",\"Portugal\",\"presidente\"],\"articleSection\":[\"Internacional\",\"Not\u00edcias\"],\"inLanguage\":\"pt-PT\"},{\"@type\":\"WebPage\",\"@id\":\"https:\/\/portaltela.pt\/noticias\/2026\/02\/12\/domingos-simoes-pereira-homenageado-em-lisboa-pela-promocao-da-paz\/\",\"url\":\"https:\/\/portaltela.pt\/noticias\/2026\/02\/12\/domingos-simoes-pereira-homenageado-em-lisboa-pela-promocao-da-paz\/\",\"name\":\"Domingos Sim\u00f5es Pereira homenageado em Lisboa pela promo\u00e7\u00e3o da paz - Portal Tela Portugal\",\"isPartOf\":{\"@id\":\"https:\/\/portaltela.pt\/#website\"},\"primaryImageOfPage\":{\"@id\":\"https:\/\/portaltela.pt\/noticias\/2026\/02\/12\/domingos-simoes-pereira-homenageado-em-lisboa-pela-promocao-da-paz\/#primaryimage\"},\"image\":{\"@id\":\"https:\/\/portaltela.pt\/noticias\/2026\/02\/12\/domingos-simoes-pereira-homenageado-em-lisboa-pela-promocao-da-paz\/#primaryimage\"},\"thumbnailUrl\":\"https:\/\/portaltela.pt\/s.01k8rhncp4jt1\/2026\/02\/CACHE_780X1200_ANALOG_WATERMARKED_39434939_2136313_16092022121822.jpg\",\"datePublished\":\"2026-02-12T18:18:00+00:00\",\"author\":{\"@id\":\"https:\/\/portaltela.pt\/#\/schema\/person\/c4278d4a6028830caff9ee44b42d32ed\"},\"breadcrumb\":{\"@id\":\"https:\/\/portaltela.pt\/noticias\/2026\/02\/12\/domingos-simoes-pereira-homenageado-em-lisboa-pela-promocao-da-paz\/#breadcrumb\"},\"inLanguage\":\"pt-PT\",\"potentialAction\":[{\"@type\":\"ReadAction\",\"target\":[\"https:\/\/portaltela.pt\/noticias\/2026\/02\/12\/domingos-simoes-pereira-homenageado-em-lisboa-pela-promocao-da-paz\/\"]}]},{\"@type\":\"ImageObject\",\"inLanguage\":\"pt-PT\",\"@id\":\"https:\/\/portaltela.pt\/noticias\/2026\/02\/12\/domingos-simoes-pereira-homenageado-em-lisboa-pela-promocao-da-paz\/#primaryimage\",\"url\":\"https:\/\/portaltela.pt\/s.01k8rhncp4jt1\/2026\/02\/CACHE_780X1200_ANALOG_WATERMARKED_39434939_2136313_16092022121822.jpg\",\"contentUrl\":\"https:\/\/portaltela.pt\/s.01k8rhncp4jt1\/2026\/02\/CACHE_780X1200_ANALOG_WATERMARKED_39434939_2136313_16092022121822.jpg\",\"width\":796,\"height\":448,\"caption\":\"Guin\u00e9-Bissau: Domingos Sim\u00f5es Pereira homenageado em Lisboa pela promo\u00e7\u00e3o da paz\"},{\"@type\":\"BreadcrumbList\",\"@id\":\"https:\/\/portaltela.pt\/noticias\/2026\/02\/12\/domingos-simoes-pereira-homenageado-em-lisboa-pela-promocao-da-paz\/#breadcrumb\",\"itemListElement\":[{\"@type\":\"ListItem\",\"position\":1,\"name\":\"In\u00edcio\",\"item\":\"https:\/\/portaltela.pt\/\"},{\"@type\":\"ListItem\",\"position\":2,\"name\":\"Domingos Sim\u00f5es Pereira homenageado em Lisboa pela promo\u00e7\u00e3o da paz\"}]},{\"@type\":\"WebSite\",\"@id\":\"https:\/\/portaltela.pt\/#website\",\"url\":\"https:\/\/portaltela.pt\/\",\"name\":\"Portal Tela Portugal\",\"description\":\"\",\"potentialAction\":[{\"@type\":\"SearchAction\",\"target\":{\"@type\":\"EntryPoint\",\"urlTemplate\":\"https:\/\/portaltela.pt\/?s={search_term_string}\"},\"query-input\":{\"@type\":\"PropertyValueSpecification\",\"valueRequired\":true,\"valueName\":\"search_term_string\"}}],\"inLanguage\":\"pt-PT\"},{\"@type\":\"Person\",\"@id\":\"https:\/\/portaltela.pt\/#\/schema\/person\/c4278d4a6028830caff9ee44b42d32ed\",\"name\":\"Telinha\",\"image\":{\"@type\":\"ImageObject\",\"inLanguage\":\"pt-PT\",\"@id\":\"https:\/\/portaltela.pt\/s.01k8rhncp4jt1\/2025\/11\/talking-bot-125x125.png\",\"url\":\"https:\/\/portaltela.pt\/s.01k8rhncp4jt1\/2025\/11\/talking-bot-125x125.png\",\"contentUrl\":\"https:\/\/portaltela.pt\/s.01k8rhncp4jt1\/2025\/11\/talking-bot-125x125.png\",\"caption\":\"Telinha\"},\"sameAs\":[\"https:\/\/portaltela.pt\/\"],\"url\":\"https:\/\/portaltela.pt\/por\/367410592786\/\"}]}<\/script>\n<!-- \/ Yoast SEO plugin. -->","yoast_head_json":{"title":"Domingos Sim\u00f5es Pereira homenageado em Lisboa pela promo\u00e7\u00e3o da paz - Portal Tela Portugal","robots":{"index":"index","follow":"follow","max-snippet":"max-snippet:-1","max-image-preview":"max-image-preview:large","max-video-preview":"max-video-preview:-1"},"og_locale":"pt_PT","og_type":"article","og_title":"Domingos Sim\u00f5es Pereira homenageado em Lisboa pela promo\u00e7\u00e3o da paz - Portal Tela Portugal","og_description":"Representantes da di\u00e1spora guineense, em Lisboa, atribu\u00edram hoje a Domingos Sim\u00f5es Pereira, presidente do PAIGC, um diploma de honra ao m\u00e9rito. O reconhecimento \u00e9 pela defesa do povo guineense e pela promo\u00e7\u00e3o da paz. Domingos Sim\u00f5es Pereira \u00e9 figura proeminente no panorama pol\u00edtico da Guin\u00e9-Bissau. A cerim\u00f3nia ocorreu na capital portuguesa, em contexto de distens\u00e3o entre comunidades da di\u00e1spora.","og_url":"https:\/\/portaltela.pt\/noticias\/2026\/02\/12\/domingos-simoes-pereira-homenageado-em-lisboa-pela-promocao-da-paz\/","og_site_name":"Portal Tela Portugal","article_published_time":"2026-02-12T18:18:00+00:00","author":"Telinha","twitter_card":"summary_large_image","twitter_misc":{"Escrito por":"Telinha","Tempo estimado de leitura":"1 minuto"},"schema":{"@context":"https:\/\/schema.org","@graph":[{"@type":"Article","@id":"https:\/\/portaltela.pt\/noticias\/2026\/02\/12\/domingos-simoes-pereira-homenageado-em-lisboa-pela-promocao-da-paz\/#article","isPartOf":{"@id":"https:\/\/portaltela.pt\/noticias\/2026\/02\/12\/domingos-simoes-pereira-homenageado-em-lisboa-pela-promocao-da-paz\/"},"author":{"name":"Telinha","@id":"https:\/\/portaltela.pt\/#\/schema\/person\/c4278d4a6028830caff9ee44b42d32ed"},"headline":"Domingos Sim\u00f5es Pereira homenageado em Lisboa pela promo\u00e7\u00e3o da paz","datePublished":"2026-02-12T18:18:00+00:00","mainEntityOfPage":{"@id":"https:\/\/portaltela.pt\/noticias\/2026\/02\/12\/domingos-simoes-pereira-homenageado-em-lisboa-pela-promocao-da-paz\/"},"wordCount":190,"image":{"@id":"https:\/\/portaltela.pt\/noticias\/2026\/02\/12\/domingos-simoes-pereira-homenageado-em-lisboa-pela-promocao-da-paz\/#primaryimage"},"thumbnailUrl":"https:\/\/portaltela.pt\/s.01k8rhncp4jt1\/2026\/02\/CACHE_780X1200_ANALOG_WATERMARKED_39434939_2136313_16092022121822.jpg","keywords":["coopera\u00e7\u00e3o internacional","lideran\u00e7as","PAIGC","pol\u00edtica","Portugal","presidente"],"articleSection":["Internacional","Not\u00edcias"],"inLanguage":"pt-PT"},{"@type":"WebPage","@id":"https:\/\/portaltela.pt\/noticias\/2026\/02\/12\/domingos-simoes-pereira-homenageado-em-lisboa-pela-promocao-da-paz\/","url":"https:\/\/portaltela.pt\/noticias\/2026\/02\/12\/domingos-simoes-pereira-homenageado-em-lisboa-pela-promocao-da-paz\/","name":"Domingos Sim\u00f5es Pereira homenageado em Lisboa pela promo\u00e7\u00e3o da paz - Portal Tela Portugal","isPartOf":{"@id":"https:\/\/portaltela.pt\/#website"},"primaryImageOfPage":{"@id":"https:\/\/portaltela.pt\/noticias\/2026\/02\/12\/domingos-simoes-pereira-homenageado-em-lisboa-pela-promocao-da-paz\/#primaryimage"},"image":{"@id":"https:\/\/portaltela.pt\/noticias\/2026\/02\/12\/domingos-simoes-pereira-homenageado-em-lisboa-pela-promocao-da-paz\/#primaryimage"},"thumbnailUrl":"https:\/\/portaltela.pt\/s.01k8rhncp4jt1\/2026\/02\/CACHE_780X1200_ANALOG_WATERMARKED_39434939_2136313_16092022121822.jpg","datePublished":"2026-02-12T18:18:00+00:00","author":{"@id":"https:\/\/portaltela.pt\/#\/schema\/person\/c4278d4a6028830caff9ee44b42d32ed"},"breadcrumb":{"@id":"https:\/\/portaltela.pt\/noticias\/2026\/02\/12\/domingos-simoes-pereira-homenageado-em-lisboa-pela-promocao-da-paz\/#breadcrumb"},"inLanguage":"pt-PT","potentialAction":[{"@type":"ReadAction","target":["https:\/\/portaltela.pt\/noticias\/2026\/02\/12\/domingos-simoes-pereira-homenageado-em-lisboa-pela-promocao-da-paz\/"]}]},{"@type":"ImageObject","inLanguage":"pt-PT","@id":"https:\/\/portaltela.pt\/noticias\/2026\/02\/12\/domingos-simoes-pereira-homenageado-em-lisboa-pela-promocao-da-paz\/#primaryimage","url":"https:\/\/portaltela.pt\/s.01k8rhncp4jt1\/2026\/02\/CACHE_780X1200_ANALOG_WATERMARKED_39434939_2136313_16092022121822.jpg","contentUrl":"https:\/\/portaltela.pt\/s.01k8rhncp4jt1\/2026\/02\/CACHE_780X1200_ANALOG_WATERMARKED_39434939_2136313_16092022121822.jpg","width":796,"height":448,"caption":"Guin\u00e9-Bissau: Domingos Sim\u00f5es Pereira homenageado em Lisboa pela promo\u00e7\u00e3o da paz"},{"@type":"BreadcrumbList","@id":"https:\/\/portaltela.pt\/noticias\/2026\/02\/12\/domingos-simoes-pereira-homenageado-em-lisboa-pela-promocao-da-paz\/#breadcrumb","itemListElement":[{"@type":"ListItem","position":1,"name":"In\u00edcio","item":"https:\/\/portaltela.pt\/"},{"@type":"ListItem","position":2,"name":"Domingos Sim\u00f5es Pereira homenageado em Lisboa pela promo\u00e7\u00e3o da paz"}]},{"@type":"WebSite","@id":"https:\/\/portaltela.pt\/#website","url":"https:\/\/portaltela.pt\/","name":"Portal Tela Portugal","description":"","potentialAction":[{"@type":"SearchAction","target":{"@type":"EntryPoint","urlTemplate":"https:\/\/portaltela.pt\/?s={search_term_string}"},"query-input":{"@type":"PropertyValueSpecification","valueRequired":true,"valueName":"search_term_string"}}],"inLanguage":"pt-PT"},{"@type":"Person","@id":"https:\/\/portaltela.pt\/#\/schema\/person\/c4278d4a6028830caff9ee44b42d32ed","name":"Telinha","image":{"@type":"ImageObject","inLanguage":"pt-PT","@id":"https:\/\/portaltela.pt\/s.01k8rhncp4jt1\/2025\/11\/talking-bot-125x125.png","url":"https:\/\/portaltela.pt\/s.01k8rhncp4jt1\/2025\/11\/talking-bot-125x125.png","contentUrl":"https:\/\/portaltela.pt\/s.01k8rhncp4jt1\/2025\/11\/talking-bot-125x125.png","caption":"Telinha"},"sameAs":["https:\/\/portaltela.pt\/"],"url":"https:\/\/portaltela.pt\/por\/367410592786\/"}]}},"_links":{"self":[{"href":"https:\/\/portaltela.pt\/api\/wp\/v2\/posts\/209844","targetHints":{"allow":["GET"]}}],"collection":[{"href":"https:\/\/portaltela.pt\/api\/wp\/v2\/posts"}],"about":[{"href":"https:\/\/portaltela.pt\/api\/wp\/v2\/types\/post"}],"author":[{"embeddable":true,"href":"https:\/\/portaltela.pt\/api\/wp\/v2\/users\/2"}],"replies":[{"embeddable":true,"href":"https:\/\/portaltela.pt\/api\/wp\/v2\/comments?post=209844"}],"version-history":[{"count":0,"href":"https:\/\/portaltela.pt\/api\/wp\/v2\/posts\/209844\/revisions"}],"wp:featuredmedia":[{"embeddable":true,"href":"https:\/\/portaltela.pt\/api\/wp\/v2\/media\/209848"}],"wp:attachment":[{"href":"https:\/\/portaltela.pt\/api\/wp\/v2\/media?parent=209844"}],"wp:term":[{"taxonomy":"category","embeddable":true,"href":"https:\/\/portaltela.pt\/api\/wp\/v2\/categories?post=209844"},{"taxonomy":"post_tag","embeddable":true,"href":"https:\/\/portaltela.pt\/api\/wp\/v2\/tags?post=209844"}],"curies":[{"name":"wp","href":"https:\/\/api.w.org\/{rel}","templated":true}]}}