{"id":209821,"date":"2026-02-12T15:03:04","date_gmt":"2026-02-12T18:03:04","guid":{"rendered":"https:\/\/portaltela.pt\/noticias\/2026\/02\/12\/parlamento-aprova-limitacao-de-acesso-de-menores-de-16-anos-a-redes-sociais\/"},"modified":"2026-02-12T15:03:04","modified_gmt":"2026-02-12T18:03:04","slug":"parlamento-aprova-limitacao-de-acesso-de-menores-de-16-anos-a-redes-sociais","status":"publish","type":"post","link":"https:\/\/portaltela.pt\/noticias\/politica\/2026\/02\/12\/parlamento-aprova-limitacao-de-acesso-de-menores-de-16-anos-a-redes-sociais\/","title":{"rendered":"Parlamento aprova limita\u00e7\u00e3o de acesso de menores de 16 anos a redes sociais"},"content":{"rendered":"<p>O parlamento aprovou esta quinta-feira o projeto-lei do PSD que limita o acesso de menores de 16 anos a plataformas online e redes sociais. O diploma contou com o apoio das bancadas do PSD, PS, PAN e JPP.<\/p>\n<p>Durante cerca de duas horas, os deputados debateram a proposta, que dever\u00e1 seguir para a comiss\u00e3o para debate na especialidade, antes de avan\u00e7ar para vota\u00e7\u00e3o final.<\/p>\n<p>Votos e posi\u00e7\u00f5es<\/p>\n<p>O texto foi aprovado com as bancadas do PSD, PS, PAN e JPP a favor. Chagistas e Iniciativa Liberal votaram contra, enquanto CDS-PP, PCP, Livre, BE e o deputado socialista Miguel Costa Matos abstiveram-se.<\/p>\n","protected":false},"excerpt":{"rendered":"<ul>\n<li>O Parlamento aprovou o projeto-lei do PSD que limita o acesso de menores de 16 anos a plataformas online e redes sociais.<\/li>\n<li>Votaram a favor as bancadas do PSD, PS, PAN e JPP.<\/li>\n<li>Chega e Iniciativa Liberal votaram contra; abstiveram-se CDS-PP, PCP, Livre, Bloco de Esquerda e Miguel Costa Matos.<\/li>\n<li>O diploma vai descer \u00e0 comiss\u00e3o para debate na especialidade, ap\u00f3s cerca de duas horas de discuss\u00e3o.<\/li>\n<li>O PSD pretende regular o acesso a redes sociais por menores, com o texto a seguir para an\u00e1lise t\u00e9cnica na comiss\u00e3o.<\/li>\n<\/ul>\n","protected":false},"author":2,"featured_media":209825,"comment_status":"closed","ping_status":"closed","sticky":false,"template":"","format":"standard","meta":{"footnotes":""},"categories":[1,5],"tags":[1759,2832,3642,2144,3695,88],"class_list":["post-209821","post","type-post","status-publish","format-standard","has-post-thumbnail","hentry","category-noticias","category-politica","tag-infancia","tag-politica","tag-protecao-de-menores-dependente-ou-em-situacao-vulneravel","tag-ps","tag-psd","tag-redes-sociais"],"yoast_head":"<!-- This site is optimized with the Yoast SEO plugin v27.2 - https:\/\/yoast.com\/product\/yoast-seo-wordpress\/ -->\n<title>Parlamento aprova limita\u00e7\u00e3o de acesso de menores de 16 anos a redes sociais - Portal Tela Portugal<\/title>\n<meta name=\"robots\" content=\"index, follow, max-snippet:-1, max-image-preview:large, max-video-preview:-1\" \/>\n<meta property=\"og:locale\" content=\"pt_PT\" \/>\n<meta property=\"og:type\" content=\"article\" \/>\n<meta property=\"og:title\" content=\"Parlamento aprova limita\u00e7\u00e3o de acesso de menores de 16 anos a redes sociais - Portal Tela Portugal\" \/>\n<meta property=\"og:description\" content=\"O Parlamento aprovou o projeto-lei do PSD que limita o acesso de menores de 16 anos a plataformas online e redes sociais. Votaram a favor as bancadas do PSD, PS, PAN e JPP. Chega e Iniciativa Liberal votaram contra; abstiveram-se CDS-PP, PCP, Livre, Bloco de Esquerda e Miguel Costa Matos. O diploma vai descer \u00e0 comiss\u00e3o para debate na especialidade, ap\u00f3s cerca de duas horas de discuss\u00e3o. O PSD pretende regular o acesso a redes sociais por menores, com o texto a seguir para an\u00e1lise t\u00e9cnica na comiss\u00e3o.\" \/>\n<meta property=\"og:url\" content=\"https:\/\/portaltela.pt\/noticias\/2026\/02\/12\/parlamento-aprova-limitacao-de-acesso-de-menores-de-16-anos-a-redes-sociais\/\" \/>\n<meta property=\"og:site_name\" content=\"Portal Tela Portugal\" \/>\n<meta property=\"article:published_time\" content=\"2026-02-12T18:03:04+00:00\" \/>\n<meta name=\"author\" content=\"Telinha\" \/>\n<meta name=\"twitter:card\" content=\"summary_large_image\" \/>\n<meta name=\"twitter:label1\" content=\"Escrito por\" \/>\n\t<meta name=\"twitter:data1\" content=\"Telinha\" \/>\n\t<meta name=\"twitter:label2\" content=\"Tempo estimado de leitura\" \/>\n\t<meta name=\"twitter:data2\" content=\"1 minuto\" \/>\n<script type=\"application\/ld+json\" class=\"yoast-schema-graph\">{\"@context\":\"https:\/\/schema.org\",\"@graph\":[{\"@type\":\"Article\",\"@id\":\"https:\/\/portaltela.pt\/noticias\/2026\/02\/12\/parlamento-aprova-limitacao-de-acesso-de-menores-de-16-anos-a-redes-sociais\/#article\",\"isPartOf\":{\"@id\":\"https:\/\/portaltela.pt\/noticias\/2026\/02\/12\/parlamento-aprova-limitacao-de-acesso-de-menores-de-16-anos-a-redes-sociais\/\"},\"author\":{\"name\":\"Telinha\",\"@id\":\"https:\/\/portaltela.pt\/#\/schema\/person\/c4278d4a6028830caff9ee44b42d32ed\"},\"headline\":\"Parlamento aprova limita\u00e7\u00e3o de acesso de menores de 16 anos a redes sociais\",\"datePublished\":\"2026-02-12T18:03:04+00:00\",\"mainEntityOfPage\":{\"@id\":\"https:\/\/portaltela.pt\/noticias\/2026\/02\/12\/parlamento-aprova-limitacao-de-acesso-de-menores-de-16-anos-a-redes-sociais\/\"},\"wordCount\":117,\"image\":{\"@id\":\"https:\/\/portaltela.pt\/noticias\/2026\/02\/12\/parlamento-aprova-limitacao-de-acesso-de-menores-de-16-anos-a-redes-sociais\/#primaryimage\"},\"thumbnailUrl\":\"https:\/\/portaltela.pt\/s.01k8rhncp4jt1\/2026\/02\/img_1500x1000uu2026-02-02-17-18-06-2264264.jpg\",\"keywords\":[\"inf\u00e2ncia\",\"pol\u00edtica\",\"prote\u00e7\u00e3o de menores dependente ou em situa\u00e7\u00e3o vulner\u00e1vel\",\"PS\",\"PSD\",\"redes sociais\"],\"articleSection\":[\"Not\u00edcias\",\"Pol\u00edtica\"],\"inLanguage\":\"pt-PT\"},{\"@type\":\"WebPage\",\"@id\":\"https:\/\/portaltela.pt\/noticias\/2026\/02\/12\/parlamento-aprova-limitacao-de-acesso-de-menores-de-16-anos-a-redes-sociais\/\",\"url\":\"https:\/\/portaltela.pt\/noticias\/2026\/02\/12\/parlamento-aprova-limitacao-de-acesso-de-menores-de-16-anos-a-redes-sociais\/\",\"name\":\"Parlamento aprova limita\u00e7\u00e3o de acesso de menores de 16 anos a redes sociais - Portal Tela Portugal\",\"isPartOf\":{\"@id\":\"https:\/\/portaltela.pt\/#website\"},\"primaryImageOfPage\":{\"@id\":\"https:\/\/portaltela.pt\/noticias\/2026\/02\/12\/parlamento-aprova-limitacao-de-acesso-de-menores-de-16-anos-a-redes-sociais\/#primaryimage\"},\"image\":{\"@id\":\"https:\/\/portaltela.pt\/noticias\/2026\/02\/12\/parlamento-aprova-limitacao-de-acesso-de-menores-de-16-anos-a-redes-sociais\/#primaryimage\"},\"thumbnailUrl\":\"https:\/\/portaltela.pt\/s.01k8rhncp4jt1\/2026\/02\/img_1500x1000uu2026-02-02-17-18-06-2264264.jpg\",\"datePublished\":\"2026-02-12T18:03:04+00:00\",\"author\":{\"@id\":\"https:\/\/portaltela.pt\/#\/schema\/person\/c4278d4a6028830caff9ee44b42d32ed\"},\"breadcrumb\":{\"@id\":\"https:\/\/portaltela.pt\/noticias\/2026\/02\/12\/parlamento-aprova-limitacao-de-acesso-de-menores-de-16-anos-a-redes-sociais\/#breadcrumb\"},\"inLanguage\":\"pt-PT\",\"potentialAction\":[{\"@type\":\"ReadAction\",\"target\":[\"https:\/\/portaltela.pt\/noticias\/2026\/02\/12\/parlamento-aprova-limitacao-de-acesso-de-menores-de-16-anos-a-redes-sociais\/\"]}]},{\"@type\":\"ImageObject\",\"inLanguage\":\"pt-PT\",\"@id\":\"https:\/\/portaltela.pt\/noticias\/2026\/02\/12\/parlamento-aprova-limitacao-de-acesso-de-menores-de-16-anos-a-redes-sociais\/#primaryimage\",\"url\":\"https:\/\/portaltela.pt\/s.01k8rhncp4jt1\/2026\/02\/img_1500x1000uu2026-02-02-17-18-06-2264264.jpg\",\"contentUrl\":\"https:\/\/portaltela.pt\/s.01k8rhncp4jt1\/2026\/02\/img_1500x1000uu2026-02-02-17-18-06-2264264.jpg\",\"width\":796,\"height\":448,\"caption\":\"Menores podem ter acesso limitado \u00e0s redes sociais\"},{\"@type\":\"BreadcrumbList\",\"@id\":\"https:\/\/portaltela.pt\/noticias\/2026\/02\/12\/parlamento-aprova-limitacao-de-acesso-de-menores-de-16-anos-a-redes-sociais\/#breadcrumb\",\"itemListElement\":[{\"@type\":\"ListItem\",\"position\":1,\"name\":\"In\u00edcio\",\"item\":\"https:\/\/portaltela.pt\/\"},{\"@type\":\"ListItem\",\"position\":2,\"name\":\"Parlamento aprova limita\u00e7\u00e3o de acesso de menores de 16 anos a redes sociais\"}]},{\"@type\":\"WebSite\",\"@id\":\"https:\/\/portaltela.pt\/#website\",\"url\":\"https:\/\/portaltela.pt\/\",\"name\":\"Portal Tela Portugal\",\"description\":\"\",\"potentialAction\":[{\"@type\":\"SearchAction\",\"target\":{\"@type\":\"EntryPoint\",\"urlTemplate\":\"https:\/\/portaltela.pt\/?s={search_term_string}\"},\"query-input\":{\"@type\":\"PropertyValueSpecification\",\"valueRequired\":true,\"valueName\":\"search_term_string\"}}],\"inLanguage\":\"pt-PT\"},{\"@type\":\"Person\",\"@id\":\"https:\/\/portaltela.pt\/#\/schema\/person\/c4278d4a6028830caff9ee44b42d32ed\",\"name\":\"Telinha\",\"image\":{\"@type\":\"ImageObject\",\"inLanguage\":\"pt-PT\",\"@id\":\"https:\/\/portaltela.pt\/s.01k8rhncp4jt1\/2025\/11\/talking-bot-125x125.png\",\"url\":\"https:\/\/portaltela.pt\/s.01k8rhncp4jt1\/2025\/11\/talking-bot-125x125.png\",\"contentUrl\":\"https:\/\/portaltela.pt\/s.01k8rhncp4jt1\/2025\/11\/talking-bot-125x125.png\",\"caption\":\"Telinha\"},\"sameAs\":[\"https:\/\/portaltela.pt\/\"],\"url\":\"https:\/\/portaltela.pt\/por\/367410592786\/\"}]}<\/script>\n<!-- \/ Yoast SEO plugin. -->","yoast_head_json":{"title":"Parlamento aprova limita\u00e7\u00e3o de acesso de menores de 16 anos a redes sociais - Portal Tela Portugal","robots":{"index":"index","follow":"follow","max-snippet":"max-snippet:-1","max-image-preview":"max-image-preview:large","max-video-preview":"max-video-preview:-1"},"og_locale":"pt_PT","og_type":"article","og_title":"Parlamento aprova limita\u00e7\u00e3o de acesso de menores de 16 anos a redes sociais - Portal Tela Portugal","og_description":"O Parlamento aprovou o projeto-lei do PSD que limita o acesso de menores de 16 anos a plataformas online e redes sociais. Votaram a favor as bancadas do PSD, PS, PAN e JPP. Chega e Iniciativa Liberal votaram contra; abstiveram-se CDS-PP, PCP, Livre, Bloco de Esquerda e Miguel Costa Matos. O diploma vai descer \u00e0 comiss\u00e3o para debate na especialidade, ap\u00f3s cerca de duas horas de discuss\u00e3o. O PSD pretende regular o acesso a redes sociais por menores, com o texto a seguir para an\u00e1lise t\u00e9cnica na comiss\u00e3o.","og_url":"https:\/\/portaltela.pt\/noticias\/2026\/02\/12\/parlamento-aprova-limitacao-de-acesso-de-menores-de-16-anos-a-redes-sociais\/","og_site_name":"Portal Tela Portugal","article_published_time":"2026-02-12T18:03:04+00:00","author":"Telinha","twitter_card":"summary_large_image","twitter_misc":{"Escrito por":"Telinha","Tempo estimado de leitura":"1 minuto"},"schema":{"@context":"https:\/\/schema.org","@graph":[{"@type":"Article","@id":"https:\/\/portaltela.pt\/noticias\/2026\/02\/12\/parlamento-aprova-limitacao-de-acesso-de-menores-de-16-anos-a-redes-sociais\/#article","isPartOf":{"@id":"https:\/\/portaltela.pt\/noticias\/2026\/02\/12\/parlamento-aprova-limitacao-de-acesso-de-menores-de-16-anos-a-redes-sociais\/"},"author":{"name":"Telinha","@id":"https:\/\/portaltela.pt\/#\/schema\/person\/c4278d4a6028830caff9ee44b42d32ed"},"headline":"Parlamento aprova limita\u00e7\u00e3o de acesso de menores de 16 anos a redes sociais","datePublished":"2026-02-12T18:03:04+00:00","mainEntityOfPage":{"@id":"https:\/\/portaltela.pt\/noticias\/2026\/02\/12\/parlamento-aprova-limitacao-de-acesso-de-menores-de-16-anos-a-redes-sociais\/"},"wordCount":117,"image":{"@id":"https:\/\/portaltela.pt\/noticias\/2026\/02\/12\/parlamento-aprova-limitacao-de-acesso-de-menores-de-16-anos-a-redes-sociais\/#primaryimage"},"thumbnailUrl":"https:\/\/portaltela.pt\/s.01k8rhncp4jt1\/2026\/02\/img_1500x1000uu2026-02-02-17-18-06-2264264.jpg","keywords":["inf\u00e2ncia","pol\u00edtica","prote\u00e7\u00e3o de menores dependente ou em situa\u00e7\u00e3o vulner\u00e1vel","PS","PSD","redes sociais"],"articleSection":["Not\u00edcias","Pol\u00edtica"],"inLanguage":"pt-PT"},{"@type":"WebPage","@id":"https:\/\/portaltela.pt\/noticias\/2026\/02\/12\/parlamento-aprova-limitacao-de-acesso-de-menores-de-16-anos-a-redes-sociais\/","url":"https:\/\/portaltela.pt\/noticias\/2026\/02\/12\/parlamento-aprova-limitacao-de-acesso-de-menores-de-16-anos-a-redes-sociais\/","name":"Parlamento aprova limita\u00e7\u00e3o de acesso de menores de 16 anos a redes sociais - Portal Tela Portugal","isPartOf":{"@id":"https:\/\/portaltela.pt\/#website"},"primaryImageOfPage":{"@id":"https:\/\/portaltela.pt\/noticias\/2026\/02\/12\/parlamento-aprova-limitacao-de-acesso-de-menores-de-16-anos-a-redes-sociais\/#primaryimage"},"image":{"@id":"https:\/\/portaltela.pt\/noticias\/2026\/02\/12\/parlamento-aprova-limitacao-de-acesso-de-menores-de-16-anos-a-redes-sociais\/#primaryimage"},"thumbnailUrl":"https:\/\/portaltela.pt\/s.01k8rhncp4jt1\/2026\/02\/img_1500x1000uu2026-02-02-17-18-06-2264264.jpg","datePublished":"2026-02-12T18:03:04+00:00","author":{"@id":"https:\/\/portaltela.pt\/#\/schema\/person\/c4278d4a6028830caff9ee44b42d32ed"},"breadcrumb":{"@id":"https:\/\/portaltela.pt\/noticias\/2026\/02\/12\/parlamento-aprova-limitacao-de-acesso-de-menores-de-16-anos-a-redes-sociais\/#breadcrumb"},"inLanguage":"pt-PT","potentialAction":[{"@type":"ReadAction","target":["https:\/\/portaltela.pt\/noticias\/2026\/02\/12\/parlamento-aprova-limitacao-de-acesso-de-menores-de-16-anos-a-redes-sociais\/"]}]},{"@type":"ImageObject","inLanguage":"pt-PT","@id":"https:\/\/portaltela.pt\/noticias\/2026\/02\/12\/parlamento-aprova-limitacao-de-acesso-de-menores-de-16-anos-a-redes-sociais\/#primaryimage","url":"https:\/\/portaltela.pt\/s.01k8rhncp4jt1\/2026\/02\/img_1500x1000uu2026-02-02-17-18-06-2264264.jpg","contentUrl":"https:\/\/portaltela.pt\/s.01k8rhncp4jt1\/2026\/02\/img_1500x1000uu2026-02-02-17-18-06-2264264.jpg","width":796,"height":448,"caption":"Menores podem ter acesso limitado \u00e0s redes sociais"},{"@type":"BreadcrumbList","@id":"https:\/\/portaltela.pt\/noticias\/2026\/02\/12\/parlamento-aprova-limitacao-de-acesso-de-menores-de-16-anos-a-redes-sociais\/#breadcrumb","itemListElement":[{"@type":"ListItem","position":1,"name":"In\u00edcio","item":"https:\/\/portaltela.pt\/"},{"@type":"ListItem","position":2,"name":"Parlamento aprova limita\u00e7\u00e3o de acesso de menores de 16 anos a redes sociais"}]},{"@type":"WebSite","@id":"https:\/\/portaltela.pt\/#website","url":"https:\/\/portaltela.pt\/","name":"Portal Tela Portugal","description":"","potentialAction":[{"@type":"SearchAction","target":{"@type":"EntryPoint","urlTemplate":"https:\/\/portaltela.pt\/?s={search_term_string}"},"query-input":{"@type":"PropertyValueSpecification","valueRequired":true,"valueName":"search_term_string"}}],"inLanguage":"pt-PT"},{"@type":"Person","@id":"https:\/\/portaltela.pt\/#\/schema\/person\/c4278d4a6028830caff9ee44b42d32ed","name":"Telinha","image":{"@type":"ImageObject","inLanguage":"pt-PT","@id":"https:\/\/portaltela.pt\/s.01k8rhncp4jt1\/2025\/11\/talking-bot-125x125.png","url":"https:\/\/portaltela.pt\/s.01k8rhncp4jt1\/2025\/11\/talking-bot-125x125.png","contentUrl":"https:\/\/portaltela.pt\/s.01k8rhncp4jt1\/2025\/11\/talking-bot-125x125.png","caption":"Telinha"},"sameAs":["https:\/\/portaltela.pt\/"],"url":"https:\/\/portaltela.pt\/por\/367410592786\/"}]}},"_links":{"self":[{"href":"https:\/\/portaltela.pt\/api\/wp\/v2\/posts\/209821","targetHints":{"allow":["GET"]}}],"collection":[{"href":"https:\/\/portaltela.pt\/api\/wp\/v2\/posts"}],"about":[{"href":"https:\/\/portaltela.pt\/api\/wp\/v2\/types\/post"}],"author":[{"embeddable":true,"href":"https:\/\/portaltela.pt\/api\/wp\/v2\/users\/2"}],"replies":[{"embeddable":true,"href":"https:\/\/portaltela.pt\/api\/wp\/v2\/comments?post=209821"}],"version-history":[{"count":0,"href":"https:\/\/portaltela.pt\/api\/wp\/v2\/posts\/209821\/revisions"}],"wp:featuredmedia":[{"embeddable":true,"href":"https:\/\/portaltela.pt\/api\/wp\/v2\/media\/209825"}],"wp:attachment":[{"href":"https:\/\/portaltela.pt\/api\/wp\/v2\/media?parent=209821"}],"wp:term":[{"taxonomy":"category","embeddable":true,"href":"https:\/\/portaltela.pt\/api\/wp\/v2\/categories?post=209821"},{"taxonomy":"post_tag","embeddable":true,"href":"https:\/\/portaltela.pt\/api\/wp\/v2\/tags?post=209821"}],"curies":[{"name":"wp","href":"https:\/\/api.w.org\/{rel}","templated":true}]}}