{"id":209789,"date":"2026-02-12T14:43:00","date_gmt":"2026-02-12T17:43:00","guid":{"rendered":"https:\/\/portaltela.pt\/noticias\/2026\/02\/12\/dois-bebes-encontrados-mortos-no-congelador-de-familia-francesa-mae-detida\/"},"modified":"2026-02-12T14:43:00","modified_gmt":"2026-02-12T17:43:00","slug":"dois-bebes-encontrados-mortos-no-congelador-de-familia-francesa-mae-detida","status":"publish","type":"post","link":"https:\/\/portaltela.pt\/noticias\/2026\/02\/12\/dois-bebes-encontrados-mortos-no-congelador-de-familia-francesa-mae-detida\/","title":{"rendered":"Dois beb\u00e9s encontrados mortos no congelador de fam\u00edlia francesa; m\u00e3e detida"},"content":{"rendered":"<p>Dois beb\u00e9s foram encontrados mortos num congelador \u00e0 entrada de uma casa na cidade de Aillevillers-et-Lyaumont, no leste de Fran\u00e7a. A pol\u00edcia deteve uma mulher na casa dos 50 anos, suspeita de envolvimento no sucedido. O incidente ocorreu na \u00faltima ter\u00e7a-feira, com a deten\u00e7\u00e3o a ocorrer na quarta-feira.<\/p>\n<p>Segundo informa\u00e7\u00f5es recolhidas junto de fontes da investiga\u00e7\u00e3o, o corpo de um rec\u00e9m-nascido foi encontrado no congelador por um residente que chamou as autoridades. Ao chegarem ao local, os agentes localizaram tamb\u00e9m o corpo de um segundo beb\u00e9.<\/p>\n<p>A mulher, que j\u00e1 tinha sa\u00eddo de casa sem avisar, foi detida no sub\u00farbio de Boulogne-Billancourt, a oeste de Paris. Acredita-se que a suspeita seja m\u00e3e de nove filhos, de dois relacionamentos. O caso \u00e9 tratado como poss\u00edvel infantic\u00eddio pela justi\u00e7a.<\/p>\n<p>O presidente da C\u00e2mara de Aillevillers-et-Lyaumont, Jean-Claude Tramesel, disse estar em choque com a not\u00edcia, referindo que a vila tem apenas 1500 habitantes e que casos assim parecem distantes. O autarca mencionou ainda que o casal \u00e9 reservado e vive na cidade h\u00e1 cerca de 20 anos.<\/p>\n<p>Contexto<\/p>\n<p>Este \u00e9 o mais recente caso suspeito de infantic\u00eddio em Fran\u00e7a nos \u00faltimos anos. Em 2022, dois beb\u00e9s foram encontrados num congelador no sul do pa\u00eds, num caso considerado n\u00e3o natural pelas autoridades. Em 2015, tamb\u00e9m houve um caso em que cinco corpos foram encontrados, com a m\u00e3e condenada a oito anos de pris\u00e3o. Em 2009, Veronique Courjault recebeu a mesma pena por matar tr\u00eas crian\u00e7as rec\u00e9m-nascidas.<\/p>\n","protected":false},"excerpt":{"rendered":"<ul>\n<li>Dois beb\u00e9s rec\u00e9m-nascidos foram encontrados mortos num congelador da casa em Aillevillers-et-Lyaumont, no leste de Fran\u00e7a.<\/li>\n<li>A pol\u00edcia deteve uma mulher na casa dos cinquenta anos, suspeita de envolvimento, no sub\u00farbio de Boulogne-Billancourt, a oeste de Paris.<\/li>\n<li>O segundo corpo foi encontrado pela pol\u00edcia na ter\u00e7a-feira, depois de um homem ter alertado as autoridades.<\/li>\n<li>A mulher \u00e9 m\u00e3e de nove filhos, de dois relacionamentos.<\/li>\n<li>O caso inscreve-se numa sequ\u00eancia de situa\u00e7\u00f5es semelhantes em Fran\u00e7a, com refer\u00eancias a ocorr\u00eancias em 2022, 2015 e o caso de Veronique Courjault em 2009.<\/li>\n<\/ul>\n","protected":false},"author":2,"featured_media":209796,"comment_status":"closed","ping_status":"closed","sticky":false,"template":"","format":"standard","meta":{"footnotes":""},"categories":[1],"tags":[147,1856,1345,1759,3705,803],"class_list":["post-209789","post","type-post","status-publish","format-standard","has-post-thumbnail","hentry","category-noticias","tag-crime","tag-franca","tag-homicidio","tag-infancia","tag-infanticidio","tag-justica"],"yoast_head":"<!-- This site is optimized with the Yoast SEO plugin v27.2 - https:\/\/yoast.com\/product\/yoast-seo-wordpress\/ -->\n<title>Dois beb\u00e9s encontrados mortos no congelador de fam\u00edlia francesa; m\u00e3e detida - Portal Tela Portugal<\/title>\n<meta name=\"robots\" content=\"index, follow, max-snippet:-1, max-image-preview:large, max-video-preview:-1\" \/>\n<meta property=\"og:locale\" content=\"pt_PT\" \/>\n<meta property=\"og:type\" content=\"article\" \/>\n<meta property=\"og:title\" content=\"Dois beb\u00e9s encontrados mortos no congelador de fam\u00edlia francesa; m\u00e3e detida - Portal Tela Portugal\" \/>\n<meta property=\"og:description\" content=\"Dois beb\u00e9s rec\u00e9m-nascidos foram encontrados mortos num congelador da casa em Aillevillers-et-Lyaumont, no leste de Fran\u00e7a. A pol\u00edcia deteve uma mulher na casa dos cinquenta anos, suspeita de envolvimento, no sub\u00farbio de Boulogne-Billancourt, a oeste de Paris. O segundo corpo foi encontrado pela pol\u00edcia na ter\u00e7a-feira, depois de um homem ter alertado as autoridades. A mulher \u00e9 m\u00e3e de nove filhos, de dois relacionamentos. O caso inscreve-se numa sequ\u00eancia de situa\u00e7\u00f5es semelhantes em Fran\u00e7a, com refer\u00eancias a ocorr\u00eancias em 2022, 2015 e o caso de Veronique Courjault em 2009.\" \/>\n<meta property=\"og:url\" content=\"https:\/\/portaltela.pt\/noticias\/2026\/02\/12\/dois-bebes-encontrados-mortos-no-congelador-de-familia-francesa-mae-detida\/\" \/>\n<meta property=\"og:site_name\" content=\"Portal Tela Portugal\" \/>\n<meta property=\"article:published_time\" content=\"2026-02-12T17:43:00+00:00\" \/>\n<meta name=\"author\" content=\"Telinha\" \/>\n<meta name=\"twitter:card\" content=\"summary_large_image\" \/>\n<meta name=\"twitter:label1\" content=\"Escrito por\" \/>\n\t<meta name=\"twitter:data1\" content=\"Telinha\" \/>\n\t<meta name=\"twitter:label2\" content=\"Tempo estimado de leitura\" \/>\n\t<meta name=\"twitter:data2\" content=\"1 minuto\" \/>\n<script type=\"application\/ld+json\" class=\"yoast-schema-graph\">{\"@context\":\"https:\/\/schema.org\",\"@graph\":[{\"@type\":\"Article\",\"@id\":\"https:\/\/portaltela.pt\/noticias\/2026\/02\/12\/dois-bebes-encontrados-mortos-no-congelador-de-familia-francesa-mae-detida\/#article\",\"isPartOf\":{\"@id\":\"https:\/\/portaltela.pt\/noticias\/2026\/02\/12\/dois-bebes-encontrados-mortos-no-congelador-de-familia-francesa-mae-detida\/\"},\"author\":{\"name\":\"Telinha\",\"@id\":\"https:\/\/portaltela.pt\/#\/schema\/person\/c4278d4a6028830caff9ee44b42d32ed\"},\"headline\":\"Dois beb\u00e9s encontrados mortos no congelador de fam\u00edlia francesa; m\u00e3e detida\",\"datePublished\":\"2026-02-12T17:43:00+00:00\",\"mainEntityOfPage\":{\"@id\":\"https:\/\/portaltela.pt\/noticias\/2026\/02\/12\/dois-bebes-encontrados-mortos-no-congelador-de-familia-francesa-mae-detida\/\"},\"wordCount\":274,\"image\":{\"@id\":\"https:\/\/portaltela.pt\/noticias\/2026\/02\/12\/dois-bebes-encontrados-mortos-no-congelador-de-familia-francesa-mae-detida\/#primaryimage\"},\"thumbnailUrl\":\"https:\/\/portaltela.pt\/s.01k8rhncp4jt1\/2026\/02\/image-976.jpg\",\"keywords\":[\"crime\",\"Fran\u00e7a\",\"homic\u00eddio\",\"inf\u00e2ncia\",\"infantic\u00eddio\",\"justi\u00e7a\"],\"articleSection\":[\"Not\u00edcias\"],\"inLanguage\":\"pt-PT\"},{\"@type\":\"WebPage\",\"@id\":\"https:\/\/portaltela.pt\/noticias\/2026\/02\/12\/dois-bebes-encontrados-mortos-no-congelador-de-familia-francesa-mae-detida\/\",\"url\":\"https:\/\/portaltela.pt\/noticias\/2026\/02\/12\/dois-bebes-encontrados-mortos-no-congelador-de-familia-francesa-mae-detida\/\",\"name\":\"Dois beb\u00e9s encontrados mortos no congelador de fam\u00edlia francesa; m\u00e3e detida - Portal Tela Portugal\",\"isPartOf\":{\"@id\":\"https:\/\/portaltela.pt\/#website\"},\"primaryImageOfPage\":{\"@id\":\"https:\/\/portaltela.pt\/noticias\/2026\/02\/12\/dois-bebes-encontrados-mortos-no-congelador-de-familia-francesa-mae-detida\/#primaryimage\"},\"image\":{\"@id\":\"https:\/\/portaltela.pt\/noticias\/2026\/02\/12\/dois-bebes-encontrados-mortos-no-congelador-de-familia-francesa-mae-detida\/#primaryimage\"},\"thumbnailUrl\":\"https:\/\/portaltela.pt\/s.01k8rhncp4jt1\/2026\/02\/image-976.jpg\",\"datePublished\":\"2026-02-12T17:43:00+00:00\",\"author\":{\"@id\":\"https:\/\/portaltela.pt\/#\/schema\/person\/c4278d4a6028830caff9ee44b42d32ed\"},\"breadcrumb\":{\"@id\":\"https:\/\/portaltela.pt\/noticias\/2026\/02\/12\/dois-bebes-encontrados-mortos-no-congelador-de-familia-francesa-mae-detida\/#breadcrumb\"},\"inLanguage\":\"pt-PT\",\"potentialAction\":[{\"@type\":\"ReadAction\",\"target\":[\"https:\/\/portaltela.pt\/noticias\/2026\/02\/12\/dois-bebes-encontrados-mortos-no-congelador-de-familia-francesa-mae-detida\/\"]}]},{\"@type\":\"ImageObject\",\"inLanguage\":\"pt-PT\",\"@id\":\"https:\/\/portaltela.pt\/noticias\/2026\/02\/12\/dois-bebes-encontrados-mortos-no-congelador-de-familia-francesa-mae-detida\/#primaryimage\",\"url\":\"https:\/\/portaltela.pt\/s.01k8rhncp4jt1\/2026\/02\/image-976.jpg\",\"contentUrl\":\"https:\/\/portaltela.pt\/s.01k8rhncp4jt1\/2026\/02\/image-976.jpg\",\"width\":796,\"height\":448,\"caption\":\"Imagem de contexto do artigo Dois beb\u00e9s encontrados mortos no congelador de fam\u00edlia francesa. M\u00e3e foi detida\"},{\"@type\":\"BreadcrumbList\",\"@id\":\"https:\/\/portaltela.pt\/noticias\/2026\/02\/12\/dois-bebes-encontrados-mortos-no-congelador-de-familia-francesa-mae-detida\/#breadcrumb\",\"itemListElement\":[{\"@type\":\"ListItem\",\"position\":1,\"name\":\"In\u00edcio\",\"item\":\"https:\/\/portaltela.pt\/\"},{\"@type\":\"ListItem\",\"position\":2,\"name\":\"Dois beb\u00e9s encontrados mortos no congelador de fam\u00edlia francesa; m\u00e3e detida\"}]},{\"@type\":\"WebSite\",\"@id\":\"https:\/\/portaltela.pt\/#website\",\"url\":\"https:\/\/portaltela.pt\/\",\"name\":\"Portal Tela Portugal\",\"description\":\"\",\"potentialAction\":[{\"@type\":\"SearchAction\",\"target\":{\"@type\":\"EntryPoint\",\"urlTemplate\":\"https:\/\/portaltela.pt\/?s={search_term_string}\"},\"query-input\":{\"@type\":\"PropertyValueSpecification\",\"valueRequired\":true,\"valueName\":\"search_term_string\"}}],\"inLanguage\":\"pt-PT\"},{\"@type\":\"Person\",\"@id\":\"https:\/\/portaltela.pt\/#\/schema\/person\/c4278d4a6028830caff9ee44b42d32ed\",\"name\":\"Telinha\",\"image\":{\"@type\":\"ImageObject\",\"inLanguage\":\"pt-PT\",\"@id\":\"https:\/\/portaltela.pt\/s.01k8rhncp4jt1\/2025\/11\/talking-bot-125x125.png\",\"url\":\"https:\/\/portaltela.pt\/s.01k8rhncp4jt1\/2025\/11\/talking-bot-125x125.png\",\"contentUrl\":\"https:\/\/portaltela.pt\/s.01k8rhncp4jt1\/2025\/11\/talking-bot-125x125.png\",\"caption\":\"Telinha\"},\"sameAs\":[\"https:\/\/portaltela.pt\/\"],\"url\":\"https:\/\/portaltela.pt\/por\/367410592786\/\"}]}<\/script>\n<!-- \/ Yoast SEO plugin. -->","yoast_head_json":{"title":"Dois beb\u00e9s encontrados mortos no congelador de fam\u00edlia francesa; m\u00e3e detida - Portal Tela Portugal","robots":{"index":"index","follow":"follow","max-snippet":"max-snippet:-1","max-image-preview":"max-image-preview:large","max-video-preview":"max-video-preview:-1"},"og_locale":"pt_PT","og_type":"article","og_title":"Dois beb\u00e9s encontrados mortos no congelador de fam\u00edlia francesa; m\u00e3e detida - Portal Tela Portugal","og_description":"Dois beb\u00e9s rec\u00e9m-nascidos foram encontrados mortos num congelador da casa em Aillevillers-et-Lyaumont, no leste de Fran\u00e7a. A pol\u00edcia deteve uma mulher na casa dos cinquenta anos, suspeita de envolvimento, no sub\u00farbio de Boulogne-Billancourt, a oeste de Paris. O segundo corpo foi encontrado pela pol\u00edcia na ter\u00e7a-feira, depois de um homem ter alertado as autoridades. A mulher \u00e9 m\u00e3e de nove filhos, de dois relacionamentos. O caso inscreve-se numa sequ\u00eancia de situa\u00e7\u00f5es semelhantes em Fran\u00e7a, com refer\u00eancias a ocorr\u00eancias em 2022, 2015 e o caso de Veronique Courjault em 2009.","og_url":"https:\/\/portaltela.pt\/noticias\/2026\/02\/12\/dois-bebes-encontrados-mortos-no-congelador-de-familia-francesa-mae-detida\/","og_site_name":"Portal Tela Portugal","article_published_time":"2026-02-12T17:43:00+00:00","author":"Telinha","twitter_card":"summary_large_image","twitter_misc":{"Escrito por":"Telinha","Tempo estimado de leitura":"1 minuto"},"schema":{"@context":"https:\/\/schema.org","@graph":[{"@type":"Article","@id":"https:\/\/portaltela.pt\/noticias\/2026\/02\/12\/dois-bebes-encontrados-mortos-no-congelador-de-familia-francesa-mae-detida\/#article","isPartOf":{"@id":"https:\/\/portaltela.pt\/noticias\/2026\/02\/12\/dois-bebes-encontrados-mortos-no-congelador-de-familia-francesa-mae-detida\/"},"author":{"name":"Telinha","@id":"https:\/\/portaltela.pt\/#\/schema\/person\/c4278d4a6028830caff9ee44b42d32ed"},"headline":"Dois beb\u00e9s encontrados mortos no congelador de fam\u00edlia francesa; m\u00e3e detida","datePublished":"2026-02-12T17:43:00+00:00","mainEntityOfPage":{"@id":"https:\/\/portaltela.pt\/noticias\/2026\/02\/12\/dois-bebes-encontrados-mortos-no-congelador-de-familia-francesa-mae-detida\/"},"wordCount":274,"image":{"@id":"https:\/\/portaltela.pt\/noticias\/2026\/02\/12\/dois-bebes-encontrados-mortos-no-congelador-de-familia-francesa-mae-detida\/#primaryimage"},"thumbnailUrl":"https:\/\/portaltela.pt\/s.01k8rhncp4jt1\/2026\/02\/image-976.jpg","keywords":["crime","Fran\u00e7a","homic\u00eddio","inf\u00e2ncia","infantic\u00eddio","justi\u00e7a"],"articleSection":["Not\u00edcias"],"inLanguage":"pt-PT"},{"@type":"WebPage","@id":"https:\/\/portaltela.pt\/noticias\/2026\/02\/12\/dois-bebes-encontrados-mortos-no-congelador-de-familia-francesa-mae-detida\/","url":"https:\/\/portaltela.pt\/noticias\/2026\/02\/12\/dois-bebes-encontrados-mortos-no-congelador-de-familia-francesa-mae-detida\/","name":"Dois beb\u00e9s encontrados mortos no congelador de fam\u00edlia francesa; m\u00e3e detida - Portal Tela Portugal","isPartOf":{"@id":"https:\/\/portaltela.pt\/#website"},"primaryImageOfPage":{"@id":"https:\/\/portaltela.pt\/noticias\/2026\/02\/12\/dois-bebes-encontrados-mortos-no-congelador-de-familia-francesa-mae-detida\/#primaryimage"},"image":{"@id":"https:\/\/portaltela.pt\/noticias\/2026\/02\/12\/dois-bebes-encontrados-mortos-no-congelador-de-familia-francesa-mae-detida\/#primaryimage"},"thumbnailUrl":"https:\/\/portaltela.pt\/s.01k8rhncp4jt1\/2026\/02\/image-976.jpg","datePublished":"2026-02-12T17:43:00+00:00","author":{"@id":"https:\/\/portaltela.pt\/#\/schema\/person\/c4278d4a6028830caff9ee44b42d32ed"},"breadcrumb":{"@id":"https:\/\/portaltela.pt\/noticias\/2026\/02\/12\/dois-bebes-encontrados-mortos-no-congelador-de-familia-francesa-mae-detida\/#breadcrumb"},"inLanguage":"pt-PT","potentialAction":[{"@type":"ReadAction","target":["https:\/\/portaltela.pt\/noticias\/2026\/02\/12\/dois-bebes-encontrados-mortos-no-congelador-de-familia-francesa-mae-detida\/"]}]},{"@type":"ImageObject","inLanguage":"pt-PT","@id":"https:\/\/portaltela.pt\/noticias\/2026\/02\/12\/dois-bebes-encontrados-mortos-no-congelador-de-familia-francesa-mae-detida\/#primaryimage","url":"https:\/\/portaltela.pt\/s.01k8rhncp4jt1\/2026\/02\/image-976.jpg","contentUrl":"https:\/\/portaltela.pt\/s.01k8rhncp4jt1\/2026\/02\/image-976.jpg","width":796,"height":448,"caption":"Imagem de contexto do artigo Dois beb\u00e9s encontrados mortos no congelador de fam\u00edlia francesa. M\u00e3e foi detida"},{"@type":"BreadcrumbList","@id":"https:\/\/portaltela.pt\/noticias\/2026\/02\/12\/dois-bebes-encontrados-mortos-no-congelador-de-familia-francesa-mae-detida\/#breadcrumb","itemListElement":[{"@type":"ListItem","position":1,"name":"In\u00edcio","item":"https:\/\/portaltela.pt\/"},{"@type":"ListItem","position":2,"name":"Dois beb\u00e9s encontrados mortos no congelador de fam\u00edlia francesa; m\u00e3e detida"}]},{"@type":"WebSite","@id":"https:\/\/portaltela.pt\/#website","url":"https:\/\/portaltela.pt\/","name":"Portal Tela Portugal","description":"","potentialAction":[{"@type":"SearchAction","target":{"@type":"EntryPoint","urlTemplate":"https:\/\/portaltela.pt\/?s={search_term_string}"},"query-input":{"@type":"PropertyValueSpecification","valueRequired":true,"valueName":"search_term_string"}}],"inLanguage":"pt-PT"},{"@type":"Person","@id":"https:\/\/portaltela.pt\/#\/schema\/person\/c4278d4a6028830caff9ee44b42d32ed","name":"Telinha","image":{"@type":"ImageObject","inLanguage":"pt-PT","@id":"https:\/\/portaltela.pt\/s.01k8rhncp4jt1\/2025\/11\/talking-bot-125x125.png","url":"https:\/\/portaltela.pt\/s.01k8rhncp4jt1\/2025\/11\/talking-bot-125x125.png","contentUrl":"https:\/\/portaltela.pt\/s.01k8rhncp4jt1\/2025\/11\/talking-bot-125x125.png","caption":"Telinha"},"sameAs":["https:\/\/portaltela.pt\/"],"url":"https:\/\/portaltela.pt\/por\/367410592786\/"}]}},"_links":{"self":[{"href":"https:\/\/portaltela.pt\/api\/wp\/v2\/posts\/209789","targetHints":{"allow":["GET"]}}],"collection":[{"href":"https:\/\/portaltela.pt\/api\/wp\/v2\/posts"}],"about":[{"href":"https:\/\/portaltela.pt\/api\/wp\/v2\/types\/post"}],"author":[{"embeddable":true,"href":"https:\/\/portaltela.pt\/api\/wp\/v2\/users\/2"}],"replies":[{"embeddable":true,"href":"https:\/\/portaltela.pt\/api\/wp\/v2\/comments?post=209789"}],"version-history":[{"count":0,"href":"https:\/\/portaltela.pt\/api\/wp\/v2\/posts\/209789\/revisions"}],"wp:featuredmedia":[{"embeddable":true,"href":"https:\/\/portaltela.pt\/api\/wp\/v2\/media\/209796"}],"wp:attachment":[{"href":"https:\/\/portaltela.pt\/api\/wp\/v2\/media?parent=209789"}],"wp:term":[{"taxonomy":"category","embeddable":true,"href":"https:\/\/portaltela.pt\/api\/wp\/v2\/categories?post=209789"},{"taxonomy":"post_tag","embeddable":true,"href":"https:\/\/portaltela.pt\/api\/wp\/v2\/tags?post=209789"}],"curies":[{"name":"wp","href":"https:\/\/api.w.org\/{rel}","templated":true}]}}